{"id":30790,"date":"2017-05-06T16:00:20","date_gmt":"2017-05-06T14:00:20","guid":{"rendered":"http:\/\/sdk.mk\/?p=30790"},"modified":"2017-05-06T16:00:51","modified_gmt":"2017-05-06T14:00:51","slug":"s-ka-kompjuter","status":"publish","type":"post","link":"https:\/\/sdk.mk\/index.php\/dua-te-them\/s-ka-kompjuter\/","title":{"rendered":"S\u2019KA KOMPJUTER"},"content":{"rendered":"<div class=\"f52428582a4b906b2d2e2a7d733c7d27\" data-index=\"7\" style=\"float: none; margin:10px 0 10px 0; text-align:center;\">\n<!-- MSP Ads Asynchronous JS Tag - Generated with Revive Adserver v5.4.1 -->\r\n<ins data-revive-zoneid=\"167\" data-revive-id=\"060fdb01f6430ec164d3519234aa4967\"><\/ins>\r\n<script async src=\"\/\/panel.ads.com.mk\/www\/delivery\/asyncjs.php\"><\/script>\n<\/div>\n<p>&nbsp;<\/p>\n<p><span class=\"dropcap color firstcharacter\">1 <\/span> Po p\u00ebrpiqem ta kuptoj incidentin e Talat Xhaferit me flamurit shqiptar n\u00eb kabinetin e kryetarit t\u00eb Parlamentit. Kuptoj q\u00eb me shum\u00eb siguri b\u00ebhet fjal\u00eb p\u00ebr refleks. T\u00eb mos e harrojm\u00eb faktin q\u00eb deri dje Talati rrinte me VMRO-DPMNE-n\u00eb. E disi, me ligjin e inercis\u00eb, p\u00e0as marrjes p\u00ebr her\u00eb t\u00eb par\u00eb t\u00eb k\u00ebtij funksioni t\u00eb kryetarit t\u00eb Parlamentit, iu duk si gj\u00eb normale t\u00eb luaj\u00eb melodin\u00eb e nj\u00ebjtj\u00eb si VMRO-DPMNE. K\u00ebshtu, nxori nga xhepi dy flamuj shqiptar e i vendosi mbi biro si t\u00eb ishte koorperativ\u00eb fshati. Pasi deri dje, loj\u00ebn kryesore e kishin rreth asaj se kush sa shqiponja do t\u00eb var\u00eb e sa vergina do t\u00eb valoj\u00eb.<\/p>\n<p>Besa k\u00ebndonte himnin shqiptar. Sel\u00ebn e rrah\u00ebn pothuaj p\u00ebr vdekje, mezi shp\u00ebtoi kok\u00ebn, e tani duhej edhe Talati ta tregonte heroizmin e tij. Nga t\u00eb gjitha priotirtetet q\u00eb ka nj\u00eb kryetari i Parlamentit t\u00eb ri, Talati e zgjodhi prioritetin q\u00eb t\u2019i ndihmoj\u00eb VMRO-DPMNE-s\u00eb. Disa dit\u00eb m\u00eb par\u00eb, VMRO-DPMNE ishte gati t\u00eb b\u00ebnte luft\u00eb mu p\u00ebr at\u00eb flamur, kurse Talati ua dha mesazhin: Po, keni t\u00eb drejt\u00eb!<\/p>\n<p>\u00c7far\u00eb k\u00ebrkon Talati? T\u00eb vazhdojn\u00eb me retorik\u00ebn e p\u00ebrbashk\u00ebt nacionaliste me t\u00eb cil\u00ebn fuqizoheshin plot tet\u00eb vjet, q\u00eb t\u00eb harrojm\u00eb se BDI \u00ebsht\u00eb syri i dyt\u00eb n\u00eb koalicionin e korruptuar q\u00eb na solli deri te kjo kriz\u00eb.<\/p>\n<p><span class=\"dropcap color firstcharacter\">2<\/span> QKy Parlament ka detyra shum\u00eb m\u00eb t\u00eb v\u00ebshtira se sa vendosjen e flamujve n\u00ebp\u00ebr tavolina. I duhet t\u00eb kthej\u00eb integritetin dhe reputacionin e deputet\u00ebve dhe t\u00eb funksionit t\u00eb tyre. N\u00ebp\u00ebmjet k\u00ebtij Parlamenti duhet t\u00eb kalojn\u00eb t\u00eb gjitha ligjet q\u00eb duhet ta demontojn\u00eb shtetin e rob\u00ebruar, ta \u00e7lirojn\u00eb dhe t\u00eb b\u00ebjn\u00eb institucione t\u00eb reja q\u00eb do t\u00eb punojn\u00eb n\u00eb dobishm\u00ebri t\u00eb qytetar\u00ebve, q\u00eb t\u00eb mund ta restaturojn\u00eb besimin dhe sigurin\u00eb.<\/p>\n<p>Maqedonia nuk \u00ebsht\u00eb p\u00ebr m\u00eb se dy vjet n\u00eb kriz\u00eb ngaq\u00eb askush nuk i ka lejuarTalatit t\u00eb v\u00ebr\u00eb flamur n\u00eb kabinet. As Nikolla Gruevski nuk bie p\u00ebr m\u00eb tep\u00ebr se dy vjet sepse nuk ka lejuar flamuj shqiptar n\u00eb kabinetet e partner\u00ebve t\u00eb koalicionit. P\u00ebrkundrazi, nuk kishte asgj\u00eb kund\u00ebr, ashtu si\u00e7 nuk kishte asgj\u00eb kund\u00ebr amnestis\u00eb s\u00eb kriminel\u00ebve t\u00eb dyshuar n\u00eb Hag\u00eb p\u00ebr krimet m\u00eb t\u00eb r\u00ebnda t\u00eb luft\u00ebs. P\u00ebrfundimisht, as BDI nuk humbi 10 deputet\u00eb n\u00eb zgjedhjet e fundit p\u00ebr shkak se p\u00ebr elektoratin shqiptar paska qen\u00eb gj\u00eb jet\u00ebsore zbukurimi me an\u00eb t\u00eb flamujve.<\/p>\n<p>Ky nuk \u00ebsht\u00eb m\u00eb koalicioni mes Nikolla Gruevskit dhe Ali Ahmetit. K\u00ebt\u00eb shumic\u00eb parlamentare e zgjodh\u00ebn qytetar\u00ebt t\u00eb cil\u00ebve u erdhi n\u00eb maj\u00eb t\u00eb hund\u00ebs t\u00eb ken\u00eb frik\u00eb nga \u00e7do p\u00ebrleshje nd\u00ebretnike n\u00eb rrug\u00eb, p\u00ebrderisa n\u00ebp\u00ebr ministri ua vidhnin parat\u00eb. K\u00ebt\u00eb shumic\u00eb parlamentare e soll\u00ebn n\u00eb pushtet qytetar\u00ebt q\u00eb duan paqe n\u00eb nj\u00eb shtet t\u00eb organizuar, n\u00eb t\u00eb cilin cil\u00ebsia e jet\u00ebs nuk varet se nga cila parti apo nga cili komb vjen. Ata flamurin e mbajn\u00eb n\u00eb zem\u00ebr, por nuk duan q\u00eb flamujt t\u00eb vihen n\u00eb konflikt. Mjaft me marr\u00ebveshjet publike apo t\u00eb fshehta mes VMRO-DPMNE dhe BDI. Mjaft me p\u00ebrleshjet e tinejxhera\u00e0qqqve n\u00ebp\u00ebr autobus\u00eb, mjaft me kryqe n\u00eb unaza rrugore dhe kontraxhamija&#8230;Nuk ka m\u00eb koh\u00eb p\u00ebr budallall\u00ebqe t\u00eb tilla. Besa, nuk ka as para.<\/p>\n<p>Askush nuk dyshon q\u00eb Talati mban flamurin shqiptar n\u00eb zem\u00ebr. Dhe ky nuk \u00ebsht\u00eb problem. Por jan\u00eb t\u00eb m\u00ebdha dyshimet se ai ka problem me flamurin maqedonas. Dhe tani t\u00eb gjith\u00eb do t\u00eb merremi me problemin e tyre personal. Se shtetin e kemi para bankrotit. Dhe bankroti nuk \u00ebsht\u00eb vet\u00ebm financiar, por edhe moral.<\/p>\n<p>E pastaj, le t\u00eb kujtohet se \u00e7far\u00eb e porosit\u00ebn banor\u00ebt e Hara\u00e7in\u00ebs, kur vendos\u00ebn t\u00eb mos votojn\u00eb p\u00ebr BDI-n\u00eb \u2013 Nuk duam federalizim, duam kanalizim.<\/p>\n<p><span class=\"dropcap color firstcharacter\">3<\/span> Nd\u00ebrkoh\u00eb q\u00eb t\u00eb gjith\u00eb e analizonin fotografin\u00eb dhe num\u00ebronin se sa flamuj t\u00eb till\u00eb ka, askush nuk vuri re nj\u00eb detaj t\u00eb im\u00ebt. N\u00eb tavolin\u00ebn e pun\u00ebs s\u00eb kryetarit t\u00eb ri t\u00eb Parlmentit ka flamuj. Por nuk ka kompjuter.<\/p>\n<p>&nbsp;<\/p>\n<p><span class=\"dropcap color firstcharacter\">4<\/span>Pas sulmit t\u00eb organizuar t\u00eb Parlamentit m\u00eb 27 prill, nuk ka nevoj\u00eb t\u00eb d\u00ebgjojm\u00eb bisedat e p\u00ebrgjuara p\u00ebr t\u00eb kuptuar keqp\u00ebrdorimet e VMRO-DPMNE-s\u00eb. Ato ii shikonim drejt\u00ebp\u00ebrdrejt\u00eb nga televizioni.<\/p>\n<p>Mir\u00ebpo tani, \u00ebsht\u00eb pik\u00ebpytje se a do t\u2019i pranoj\u00eb gjyqi k\u00ebto filmime t\u00eb tmerrshme. Apo edhe ato do t\u2019i anashkaloj\u00eb, pasi jan\u00eb b\u00ebr\u00eb me filmim t\u00eb paautorizuar dhe pa urdh\u00ebr p\u00ebr masa t\u00eb ve\u00e7anta hetimore.<\/p>\n<p>M\u00eb 27 prill, n\u00eb sulmin e organizuar n\u00eb Parlament jan\u00eb b\u00ebr\u00eb 27 vepra penale nga m\u00eb t\u00eb ndryshmet. Kryesit e k\u00ebtyre veprave ndahen n\u00eb 4 grupe &#8211; organizator\u00eb, zbatues, polic\u00eb dhe shefat e tyre. Nga t\u00eb gjitha 27 vepra prenale, mes t\u00eb cilave edhe \u201ctentim p\u00ebr vrasje t\u00eb q\u00ebllimshme\u201d, prokuroria publike e Marko Zv\u00ebrlevskit i p\u00ebrndjek njer\u00ebzit p\u00ebr vepr\u00ebn m\u00eb t\u00eb leht\u00eb \u2013 \u201cpjes\u00ebmarrje n\u00eb turm\u00eb\u201d.<\/p>\n<p>Do t\u00eb jet\u00eb interesante edhe n\u00eb gjyq kur prokuror\u00ebt e Marko Zv\u00ebrlevskit do ta mbrojn\u00eb akuz\u00ebn p\u00ebr \u201cpjes\u00ebmarrje n\u00eb turm\u00eb q\u00eb do t\u00eb pengoj\u00eb person zyrtar nga kryerja e detyr\u00ebs zyrtare\u201d. Kur do t\u00eb b\u00ebhet rekonstruktim i ngjarjes, dikush do t\u00eb duhet ta godas\u00eb prokuroren me tripod n\u00eb kok\u00eb, q\u00eb ajo ta ndjej\u00eb personalisht se sa e leht\u00eb si vep\u00ebr \u00ebsht\u00eb kjo goditje. Kurse ai gjyshi, p\u00ebr t\u00eb cilin nj\u00eb profesoresh\u00eb gjimnazi shkroi \u201ct\u00eb lumt\u00eb dora\u201d dhe se \u201cedhe m\u00eb tep\u00ebr duhej\u201d ta shkulte p\u00ebr flok\u00eb Sheqerinsk\u00ebn, n\u00eb ngjarjen e rekonstruktuar do t\u00eb mund t\u2019ia shkul\u00eb flok\u00ebt gjykat\u00ebses q\u00eb t\u00eb demonstroj\u00eb se si mund t\u00eb shp\u00ebtoj\u00eb nj\u00eb i goditur me tripod n\u00eb pjes\u00ebmarrje n\u00eb turm\u00eb q\u00eb do t\u00eb pengoj\u00eb person zyrtar.<\/p>\n<p>Aktori Vllado Jovanovski do t\u2019i sjell\u00eb uj\u00eb gjykat\u00ebses dhe prokurores, operisti Igor Durllovski do ta k\u00ebndoj\u00eb himnin, ministresha e kultur\u00ebs dhe deputetja Beti do t\u00eb p\u00ebrqafohet me popullin e maskuar q\u00eb n\u00eb Parlament organizoi performans artistik t\u00eb financiuar nga buxheti, nd\u00ebrsa deputetja socialiste Vlladanka Aviroviq nuk do t\u00eb marr\u00eb pjes\u00eb n\u00eb rekonstruksionin gjyq\u00ebsor. Sepse ajo nuk ka par\u00eb se a ka pasur njer\u00ebz me maska. Vet\u00ebm i ka p\u00ebrqafuar.<\/p>\n<p>Kurse televizioni, pronari i t\u00eb cilit p\u00ebr dy muaj \u00ebsht\u00eb n\u00eb udh\u00ebtim zyrtar do t\u00eb lajm\u00ebroj\u00eb nga procesi gjyq\u00ebsor si \u201chyrja e dhunshme m\u00eb paqedash\u00ebse n\u00eb Parlament\u201d.<\/p>\n<p>Vet\u00ebm, m\u00eb intereson se kush do ta aktroj\u00eb Zijadin Sel\u00ebn n\u00eb k\u00ebt\u00eb rekonstruksion t\u00eb ngjarjes? Q\u00eb\u00eb t\u00eb mundet n\u00eb gjyq t\u00eb d\u00ebshmohet pjes\u00ebmarrja paqedash\u00ebse n\u00eb turm\u00eb, e cila do ta pengoj\u00eb personin zyrtar nga\u2026blla,blla blla\u2026<\/p>\n<p><span class=\"dropcap color firstcharacter\">5<\/span> Madje as deputet\u00ebt Vllatko Gjor\u00e7ev dhe Nikolla Todorov nuk do t\u00eb guxojn\u00eb t\u00eb paraqiten n\u00eb rekonstruksionin e ngjarjes n\u00eb gjyq pasi do t\u00eb duhet t\u00eb paraqiten n\u00eb drit\u00eb t\u00eb mir\u00eb. Nuk kaluan as 24 or\u00eb pasi lideri Zoran Zaev i lavd\u00ebroi dhe i falenderoi q\u00eb ua paskan shp\u00ebtuar jet\u00ebn dhe i kan\u00eb ndihmuar, nd\u00ebrkoh\u00eb q\u00eb pjes\u00ebmarr\u00ebsit n\u00eb turm\u00eb i kan\u00eb penguar nga ajo kryerja e detyr\u00ebs, Gjor\u00e7evi dhe Todorovi nxituan q\u00eb t\u00eb k\u00ebrkonin falje p\u00ebr veprimet e tyre. Gjor\u00e7evi u paraqit n\u00eb pres konferenc\u00eb, kurse Todorovi n\u00eb televizionin e gazet\u00ebs se \u00ebsht\u00eb n\u00eb udh\u00ebtim zyrtar, q\u00eb t\u00eb mbrohen nga vetja e tyre. Jo, jo\u2026nuk jemi ne aq t\u00eb mir\u00eb si\u00e7 tha Zaevi. Fakti q\u00eb ana njer\u00ebzore pa lejen e liderit doli prej nesh, nuk do t\u00eb thot\u00eb se kemi pushuar s\u00eb qeni VMRO-DPMNE.<\/p>\n<p><span class=\"dropcap color firstcharacter\">6<\/span> Gjat\u00eb t\u00ebr\u00eb jav\u00ebs pas 27 prillit dalin filmime dhe d\u00ebshmi gjithmon\u00eb e m\u00eb brutale dhe t\u00eb neveritshme nga ajo q\u00eb pam\u00eb drejt\u00ebp\u00ebrdrejt\u00eb nga televizioni. T\u00eb gjith\u00eb e pam\u00eb sulmin gjakatar n\u00eb Parlament, policia q\u00eb nuk b\u00ebn asgj\u00eb p\u00ebr ta penguar grupin e njer\u00ebzve t\u00eb rob\u00ebrurar n\u00eb nd\u00ebrtes\u00eb, deputet\u00eb q\u00eb e udh\u00ebheqin turm\u00ebn\u2026 D\u00ebgjuam edhe deklarat\u00eb zyrtare, duke filluar nga lideri i VMRO-DPMNE-s\u00eb e m\u00eb posht\u00eb, q\u00eb Zaevi dhe Sela dhe t\u00eb gjith\u00eb me kokat e\u00a0 thyera, vet\u00eb e kan\u00eb k\u00ebrkuar. Dhe e kan\u00eb merituar q\u00eb t\u00eb vriten.<\/p>\n<p>N\u00eb filmimet i shohim pjes\u00ebmarr\u00ebsit n\u00eb sulmin e deputet\u00ebve t\u00eb opozit\u00ebs s\u00eb re dhe i d\u00ebgjojm\u00eb deklaratat e tyre kur paturp\u00ebsisht thon\u00eb se asgj\u00eb nuk kan\u00eb par\u00eb. Mir\u00eb q\u00eb nuk kan\u00eb par\u00eb, por edhe u kan\u00eb ndihmuar t\u00eb sulmuarve.<\/p>\n<p>Nga aq shum\u00eb sa kan\u00eb ndihmuar, fat q\u00eb vet\u00ebm Zijadin Sela \u00ebsht\u00eb n\u00eb spital. T\u00eb kishin ndihmuar edhe m\u00eb tep\u00ebr, deri m\u00eb tani do t\u2019i b\u00ebnim edhe p\u00ebrkujtimet e para mortore.<\/p>\n<p><em><strong>P\u00ebrktheu: Fjolla Zllatku<\/strong><\/em><\/p>\n<p>&nbsp;<\/p>\n<p>&nbsp;<\/p>\n\n<div style=\"font-size: 0px; height: 0px; line-height: 0px; margin: 0; padding: 0; clear: both;\"><\/div>","protected":false},"excerpt":{"rendered":"<p>&nbsp; Po p\u00ebrpiqem ta kuptoj incidentin e Talat Xhaferit me flamurit shqiptar n\u00eb kabinetin e kryetarit t\u00eb Parlamentit. Kuptoj q\u00eb [&hellip;]<\/p>\n","protected":false},"author":1,"featured_media":184,"comment_status":"closed","ping_status":"closed","sticky":false,"template":"","format":"standard","meta":{"_mo_disable_npp":"","inline_featured_image":false},"categories":[1825],"tags":[13752,13754,13750,13756,13758,13760],"imageURL":"https:\/\/sdk.mk\/wp-content\/uploads\/2015\/12\/goran-mihailovski2.jpg","thumbURL":"https:\/\/sdk.mk\/wp-content\/uploads\/2015\/12\/goran-mihailovski2-250x196.jpg","categoryNames":["DUA T\u00cb THEM"],"feature_caption":"","subtitle":"Nga aq shum\u00eb sa kan\u00eb ndihmuar, \u00ebsht\u00eb fat q\u00eb vet\u00ebm Zijadin Sela \u00ebsht\u00eb n\u00eb spital. T\u00eb kishin ndihmuar edhe m\u00eb tep\u00ebr, tani do t\u00eb ishim duke b\u00ebre edhe p\u00ebrkujtimet e para mortore.","views":"5395","source":"","yoast_head":"<!-- This site is optimized with the Yoast SEO Premium plugin v15.0 - https:\/\/yoast.com\/wordpress\/plugins\/seo\/ -->\n<title>S\u2019KA KOMPJUTER - \u0421\u0430\u043a\u0430\u043c \u0414\u0430 \u041a\u0430\u0436\u0430\u043c<\/title>\n<meta name=\"robots\" content=\"index, follow, max-snippet:-1, max-image-preview:large, max-video-preview:-1\" \/>\n<link rel=\"canonical\" href=\"https:\/\/sdk.mk\/index.php\/dua-te-them\/s-ka-kompjuter\/\" \/>\n<meta property=\"og:locale\" content=\"mk_MK\" \/>\n<meta property=\"og:type\" content=\"article\" \/>\n<meta property=\"og:title\" content=\"S\u2019KA KOMPJUTER - \u0421\u0430\u043a\u0430\u043c \u0414\u0430 \u041a\u0430\u0436\u0430\u043c\" \/>\n<meta property=\"og:description\" content=\"&nbsp; Po p\u00ebrpiqem ta kuptoj incidentin e Talat Xhaferit me flamurit shqiptar n\u00eb kabinetin e kryetarit t\u00eb Parlamentit. Kuptoj q\u00eb [&hellip;]\" \/>\n<meta property=\"og:url\" content=\"https:\/\/sdk.mk\/index.php\/dua-te-them\/s-ka-kompjuter\/\" \/>\n<meta property=\"og:site_name\" content=\"\u0421\u0430\u043a\u0430\u043c \u0414\u0430 \u041a\u0430\u0436\u0430\u043c\" \/>\n<meta property=\"article:published_time\" content=\"2017-05-06T14:00:20+00:00\" \/>\n<meta property=\"article:modified_time\" content=\"2017-05-06T14:00:51+00:00\" \/>\n<meta property=\"og:image\" content=\"https:\/\/sdk.mk\/wp-content\/uploads\/2015\/12\/goran-mihailovski2.jpg\" \/>\n\t<meta property=\"og:image:width\" content=\"400\" \/>\n\t<meta property=\"og:image:height\" content=\"313\" \/>\n<meta property=\"fb:app_id\" content=\"2407985809428537\" \/>\n<meta name=\"twitter:card\" content=\"summary\" \/>\n<script type=\"application\/ld+json\" class=\"yoast-schema-graph\">{\"@context\":\"https:\/\/schema.org\",\"@graph\":[{\"@type\":\"WebSite\",\"@id\":\"https:\/\/sdk.mk\/#website\",\"url\":\"https:\/\/sdk.mk\/\",\"name\":\"\\u0421\\u0430\\u043a\\u0430\\u043c \\u0414\\u0430 \\u041a\\u0430\\u0436\\u0430\\u043c\",\"description\":\"\\u0417\\u0430 \\u0441\\u043b\\u043e\\u0431\\u043e\\u0434\\u043e\\u0443\\u043c\\u043d\\u0438\",\"potentialAction\":[{\"@type\":\"SearchAction\",\"target\":\"https:\/\/sdk.mk\/?s={search_term_string}\",\"query-input\":\"required name=search_term_string\"}],\"inLanguage\":\"mk-MK\"},{\"@type\":\"ImageObject\",\"@id\":\"https:\/\/sdk.mk\/index.php\/dua-te-them\/s-ka-kompjuter\/#primaryimage\",\"inLanguage\":\"mk-MK\",\"url\":\"https:\/\/sdk.mk\/wp-content\/uploads\/2015\/12\/goran-mihailovski2.jpg\",\"width\":400,\"height\":313},{\"@type\":\"WebPage\",\"@id\":\"https:\/\/sdk.mk\/index.php\/dua-te-them\/s-ka-kompjuter\/#webpage\",\"url\":\"https:\/\/sdk.mk\/index.php\/dua-te-them\/s-ka-kompjuter\/\",\"name\":\"S\\u2019KA KOMPJUTER - \\u0421\\u0430\\u043a\\u0430\\u043c \\u0414\\u0430 \\u041a\\u0430\\u0436\\u0430\\u043c\",\"isPartOf\":{\"@id\":\"https:\/\/sdk.mk\/#website\"},\"primaryImageOfPage\":{\"@id\":\"https:\/\/sdk.mk\/index.php\/dua-te-them\/s-ka-kompjuter\/#primaryimage\"},\"datePublished\":\"2017-05-06T14:00:20+00:00\",\"dateModified\":\"2017-05-06T14:00:51+00:00\",\"author\":{\"@id\":\"https:\/\/sdk.mk\/#\/schema\/person\/be7cfa6655c47f7195bfdd0ba8144aa2\"},\"inLanguage\":\"mk-MK\",\"potentialAction\":[{\"@type\":\"ReadAction\",\"target\":[\"https:\/\/sdk.mk\/index.php\/dua-te-them\/s-ka-kompjuter\/\"]}]},{\"@type\":\"Person\",\"@id\":\"https:\/\/sdk.mk\/#\/schema\/person\/be7cfa6655c47f7195bfdd0ba8144aa2\",\"name\":\"\\u0413\\u043e\\u0440\\u0430\\u043d \\u041c\\u0438\\u0445\\u0430\\u0458\\u043b\\u043e\\u0432\\u0441\\u043a\\u0438\"}]}<\/script>\n<!-- \/ Yoast SEO Premium plugin. -->","_links":{"self":[{"href":"https:\/\/sdk.mk\/index.php\/wp-json\/wp\/v2\/posts\/30790"}],"collection":[{"href":"https:\/\/sdk.mk\/index.php\/wp-json\/wp\/v2\/posts"}],"about":[{"href":"https:\/\/sdk.mk\/index.php\/wp-json\/wp\/v2\/types\/post"}],"author":[{"embeddable":true,"href":"https:\/\/sdk.mk\/index.php\/wp-json\/wp\/v2\/users\/1"}],"replies":[{"embeddable":true,"href":"https:\/\/sdk.mk\/index.php\/wp-json\/wp\/v2\/comments?post=30790"}],"version-history":[{"count":0,"href":"https:\/\/sdk.mk\/index.php\/wp-json\/wp\/v2\/posts\/30790\/revisions"}],"wp:featuredmedia":[{"embeddable":true,"href":"https:\/\/sdk.mk\/index.php\/wp-json\/wp\/v2\/media\/184"}],"wp:attachment":[{"href":"https:\/\/sdk.mk\/index.php\/wp-json\/wp\/v2\/media?parent=30790"}],"wp:term":[{"taxonomy":"category","embeddable":true,"href":"https:\/\/sdk.mk\/index.php\/wp-json\/wp\/v2\/categories?post=30790"},{"taxonomy":"post_tag","embeddable":true,"href":"https:\/\/sdk.mk\/index.php\/wp-json\/wp\/v2\/tags?post=30790"}],"curies":[{"name":"wp","href":"https:\/\/api.w.org\/{rel}","templated":true}]}}