{"id":30900,"date":"2017-04-28T12:32:09","date_gmt":"2017-04-28T10:32:09","guid":{"rendered":"http:\/\/sdk.mk\/?p=30900"},"modified":"2017-05-09T12:33:57","modified_gmt":"2017-05-09T10:33:57","slug":"edhe-sheqerinska-koke-te-thyer-nga-sulmi-parlamentit","status":"publish","type":"post","link":"https:\/\/sdk.mk\/index.php\/maqedonia\/edhe-sheqerinska-koke-te-thyer-nga-sulmi-parlamentit\/","title":{"rendered":"EDHE SHEQERINSKA ME KOK\u00cb T\u00cb THYER NGA SULMI I PARLAMENTIT"},"content":{"rendered":"<div class=\"f52428582a4b906b2d2e2a7d733c7d27\" data-index=\"7\" style=\"float: none; margin:10px 0 10px 0; text-align:center;\">\n<!-- MSP Ads Asynchronous JS Tag - Generated with Revive Adserver v5.4.1 -->\r\n<ins data-revive-zoneid=\"167\" data-revive-id=\"060fdb01f6430ec164d3519234aa4967\"><\/ins>\r\n<script async src=\"\/\/panel.ads.com.mk\/www\/delivery\/asyncjs.php\"><\/script>\n<\/div>\n<p>Deputetja dhe z\u00ebvend\u00ebs kryetarja e LSDM-s\u00eb Radmilla Sheqerinska sonte ka pasur intervenim kirurgjik n\u00eb kok\u00eb p\u00ebr shkak t\u00eb l\u00ebndimeve t\u00eb marra n\u00eb sulmin e Parlamentit Nga ajo q\u00eb kuptuam nga burimet e spitalit, Sheqerinska sonte \u00ebsht\u00eb d\u00ebrguar n\u00eb Qendr\u00ebn e urgjencave t\u00eb klinikave t\u00eb Shkupit nd\u00ebrsa plag\u00ebt n\u00eb kok\u00eb \u00ebsht\u00eb dashur t\u00eb qepen.<\/p>\n<p>Si\u00e7 mund t\u00eb duket n\u00eb videot e sulmit, Sheqerinska n\u00eb Parlament n\u00eb fillim u godit nga k\u00ebmb\u00ebt e stativit, kurse m\u00eb pas ishte e sulmuar nga nj\u00eb njeri i moshuar, i cili ia t\u00ebrhoqi flok\u00ebt n\u00eb m\u00ebnyr\u00eb brutale. N\u00eb filmimet duket edhe sulmuesi.<\/p>\n<p>Edhe Sheqerinska, ashtu si deputet\u00ebt e tjer\u00eb, mes t\u00eb cil\u00ebve edhe lideri i LSDM-s\u00eb Zoran Zaev dhe lideri i Aleanc\u00ebs p\u00ebr Shqiptar\u00ebt Zijadin Sela, t\u00eb cil\u00ebt jan\u00eb t\u00eb l\u00ebnduar m\u00eb r\u00ebnd\u00eb nga t\u00eb gjith\u00eb, jan\u00eb larg rrezikut t\u00eb jet\u00ebs.<\/p>\n\n<div style=\"font-size: 0px; height: 0px; line-height: 0px; margin: 0; padding: 0; clear: both;\"><\/div>","protected":false},"excerpt":{"rendered":"<p>Deputetja dhe z\u00ebvend\u00ebs kryetarja e LSDM-s\u00eb Radmilla Sheqerinska sonte ka pasur intervenim kirurgjik n\u00eb kok\u00eb p\u00ebr shkak t\u00eb l\u00ebndimeve t\u00eb [&hellip;]<\/p>\n","protected":false},"author":9,"featured_media":30227,"comment_status":"closed","ping_status":"closed","sticky":false,"template":"","format":"standard","meta":{"_mo_disable_npp":"","inline_featured_image":false},"categories":[3087],"tags":[],"imageURL":"https:\/\/sdk.mk\/wp-content\/uploads\/2017\/04\/rada-sobranie-2389328932-650x341.jpg","thumbURL":"https:\/\/sdk.mk\/wp-content\/uploads\/2017\/04\/rada-sobranie-2389328932-250x131.jpg","categoryNames":["Maqedonia"],"feature_caption":"Sheqerinska nuk arriti t\u2019iu ik\u00eb dhunuesve n\u00eb pres-qendr\u00ebn, nd\u00ebrsa n\u00eb videot duket edhe sulmuesi. (Foto: Radio Slobodna Evropa\/printskrin)","subtitle":"","views":"7434","source":"Shkup, (SAKAMDAKAZAM.MK)","yoast_head":"<!-- This site is optimized with the Yoast SEO Premium plugin v15.0 - https:\/\/yoast.com\/wordpress\/plugins\/seo\/ -->\n<title>EDHE SHEQERINSKA ME KOK\u00cb T\u00cb THYER NGA SULMI I PARLAMENTIT - \u0421\u0430\u043a\u0430\u043c \u0414\u0430 \u041a\u0430\u0436\u0430\u043c<\/title>\n<meta name=\"robots\" content=\"index, follow, max-snippet:-1, max-image-preview:large, max-video-preview:-1\" \/>\n<link rel=\"canonical\" href=\"https:\/\/sdk.mk\/index.php\/maqedonia\/edhe-sheqerinska-koke-te-thyer-nga-sulmi-parlamentit\/\" \/>\n<meta property=\"og:locale\" content=\"mk_MK\" \/>\n<meta property=\"og:type\" content=\"article\" \/>\n<meta property=\"og:title\" content=\"EDHE SHEQERINSKA ME KOK\u00cb T\u00cb THYER NGA SULMI I PARLAMENTIT - \u0421\u0430\u043a\u0430\u043c \u0414\u0430 \u041a\u0430\u0436\u0430\u043c\" \/>\n<meta property=\"og:description\" content=\"Deputetja dhe z\u00ebvend\u00ebs kryetarja e LSDM-s\u00eb Radmilla Sheqerinska sonte ka pasur intervenim kirurgjik n\u00eb kok\u00eb p\u00ebr shkak t\u00eb l\u00ebndimeve t\u00eb [&hellip;]\" \/>\n<meta property=\"og:url\" content=\"https:\/\/sdk.mk\/index.php\/maqedonia\/edhe-sheqerinska-koke-te-thyer-nga-sulmi-parlamentit\/\" \/>\n<meta property=\"og:site_name\" content=\"\u0421\u0430\u043a\u0430\u043c \u0414\u0430 \u041a\u0430\u0436\u0430\u043c\" \/>\n<meta property=\"article:published_time\" content=\"2017-04-28T10:32:09+00:00\" \/>\n<meta property=\"article:modified_time\" content=\"2017-05-09T10:33:57+00:00\" \/>\n<meta property=\"og:image\" content=\"https:\/\/sdk.mk\/wp-content\/uploads\/2017\/04\/rada-sobranie-2389328932.jpg\" \/>\n\t<meta property=\"og:image:width\" content=\"800\" \/>\n\t<meta property=\"og:image:height\" content=\"420\" \/>\n<meta property=\"fb:app_id\" content=\"2407985809428537\" \/>\n<meta name=\"twitter:card\" content=\"summary\" \/>\n<script type=\"application\/ld+json\" class=\"yoast-schema-graph\">{\"@context\":\"https:\/\/schema.org\",\"@graph\":[{\"@type\":\"WebSite\",\"@id\":\"https:\/\/sdk.mk\/#website\",\"url\":\"https:\/\/sdk.mk\/\",\"name\":\"\\u0421\\u0430\\u043a\\u0430\\u043c \\u0414\\u0430 \\u041a\\u0430\\u0436\\u0430\\u043c\",\"description\":\"\\u0417\\u0430 \\u0441\\u043b\\u043e\\u0431\\u043e\\u0434\\u043e\\u0443\\u043c\\u043d\\u0438\",\"potentialAction\":[{\"@type\":\"SearchAction\",\"target\":\"https:\/\/sdk.mk\/?s={search_term_string}\",\"query-input\":\"required name=search_term_string\"}],\"inLanguage\":\"mk-MK\"},{\"@type\":\"ImageObject\",\"@id\":\"https:\/\/sdk.mk\/index.php\/maqedonia\/edhe-sheqerinska-koke-te-thyer-nga-sulmi-parlamentit\/#primaryimage\",\"inLanguage\":\"mk-MK\",\"url\":\"https:\/\/sdk.mk\/wp-content\/uploads\/2017\/04\/rada-sobranie-2389328932.jpg\",\"width\":800,\"height\":420,\"caption\":\"\\u041f\\u0440\\u0430\\u0442\\u0435\\u043d\\u0438\\u0447\\u043a\\u0430\\u0442\\u0430 \\u0438 \\u0437\\u0430\\u043c\\u0435\\u043d\\u0438\\u043a \\u043f\\u0440\\u0435\\u0442\\u0441\\u0435\\u0434\\u0430\\u0442\\u0435\\u043b\\u043a\\u0430 \\u043d\\u0430 \\u0421\\u0414\\u0421\\u041c \\u0420\\u0430\\u0434\\u043c\\u0438\\u043b\\u0430 \\u0428\\u0435\\u045c\\u0435\\u0440\\u0438\\u043d\\u0441\\u043a\\u0430 \\u0438\\u043c\\u0430\\u0448\\u0435 \\u0445\\u0438\\u0440\\u0443\\u0440\\u0448\\u043a\\u0430 \\u0438\\u043d\\u0442\\u0435\\u0440\\u0432\\u0435\\u043d\\u0446\\u0438\\u0458\\u0430 \\u043d\\u0430 \\u0433\\u043b\\u0430\\u0432\\u0430\\u0442\\u0430 \\u043f\\u043e\\u0440\\u0430\\u0434\\u0438 \\u043f\\u043e\\u0432\\u0440\\u0435\\u0434\\u0438\\u0442\\u0435 \\u0448\\u0442\\u043e \\u0433\\u0438 \\u0434\\u043e\\u0431\\u0438 \\u043a\\u043e\\u0433\\u0430 \\u0431\\u0435\\u0448\\u0435 \\u043d\\u0430\\u043f\\u0430\\u0434\\u043d\\u0430\\u0442\\u0430 \\u0432\\u043e \\u0421\\u043e\\u0431\\u0440\\u0430\\u043d\\u0438\\u0435\\u0442\\u043e \\u043f\\u0440\\u0438 \\u0443\\u043f\\u0430\\u0434\\u043e\\u0442 \\u043d\\u0430 \\u0442\\u043e\\u043b\\u043f\\u0430\\u0442\\u0430. (\\u0424\\u043e\\u0442\\u043e: \\u0420\\u0430\\u0434\\u0438\\u043e \\u0421\\u043b\\u043e\\u0431\\u043e\\u0434\\u043d\\u0430 \\u0415\\u0432\\u0440\\u043e\\u043f\\u0430\/\\u043f\\u0440\\u0438\\u043d\\u0442\\u0441\\u043a\\u0440\\u0438\\u043d)\"},{\"@type\":\"WebPage\",\"@id\":\"https:\/\/sdk.mk\/index.php\/maqedonia\/edhe-sheqerinska-koke-te-thyer-nga-sulmi-parlamentit\/#webpage\",\"url\":\"https:\/\/sdk.mk\/index.php\/maqedonia\/edhe-sheqerinska-koke-te-thyer-nga-sulmi-parlamentit\/\",\"name\":\"EDHE SHEQERINSKA ME KOK\\u00cb T\\u00cb THYER NGA SULMI I PARLAMENTIT - \\u0421\\u0430\\u043a\\u0430\\u043c \\u0414\\u0430 \\u041a\\u0430\\u0436\\u0430\\u043c\",\"isPartOf\":{\"@id\":\"https:\/\/sdk.mk\/#website\"},\"primaryImageOfPage\":{\"@id\":\"https:\/\/sdk.mk\/index.php\/maqedonia\/edhe-sheqerinska-koke-te-thyer-nga-sulmi-parlamentit\/#primaryimage\"},\"datePublished\":\"2017-04-28T10:32:09+00:00\",\"dateModified\":\"2017-05-09T10:33:57+00:00\",\"author\":{\"@id\":\"https:\/\/sdk.mk\/#\/schema\/person\/3e8217f71bc38bd7c592f30c69e10e5a\"},\"inLanguage\":\"mk-MK\",\"potentialAction\":[{\"@type\":\"ReadAction\",\"target\":[\"https:\/\/sdk.mk\/index.php\/maqedonia\/edhe-sheqerinska-koke-te-thyer-nga-sulmi-parlamentit\/\"]}]},{\"@type\":\"Person\",\"@id\":\"https:\/\/sdk.mk\/#\/schema\/person\/3e8217f71bc38bd7c592f30c69e10e5a\",\"name\":\"\\u041c\\u0438\\u0440\\u043e\\u0441\\u043b\\u0430\\u0432 \\u0418\\u043b\\u0438\\u043e\\u0441\\u043a\\u0438\"}]}<\/script>\n<!-- \/ Yoast SEO Premium plugin. -->","_links":{"self":[{"href":"https:\/\/sdk.mk\/index.php\/wp-json\/wp\/v2\/posts\/30900"}],"collection":[{"href":"https:\/\/sdk.mk\/index.php\/wp-json\/wp\/v2\/posts"}],"about":[{"href":"https:\/\/sdk.mk\/index.php\/wp-json\/wp\/v2\/types\/post"}],"author":[{"embeddable":true,"href":"https:\/\/sdk.mk\/index.php\/wp-json\/wp\/v2\/users\/9"}],"replies":[{"embeddable":true,"href":"https:\/\/sdk.mk\/index.php\/wp-json\/wp\/v2\/comments?post=30900"}],"version-history":[{"count":0,"href":"https:\/\/sdk.mk\/index.php\/wp-json\/wp\/v2\/posts\/30900\/revisions"}],"wp:featuredmedia":[{"embeddable":true,"href":"https:\/\/sdk.mk\/index.php\/wp-json\/wp\/v2\/media\/30227"}],"wp:attachment":[{"href":"https:\/\/sdk.mk\/index.php\/wp-json\/wp\/v2\/media?parent=30900"}],"wp:term":[{"taxonomy":"category","embeddable":true,"href":"https:\/\/sdk.mk\/index.php\/wp-json\/wp\/v2\/categories?post=30900"},{"taxonomy":"post_tag","embeddable":true,"href":"https:\/\/sdk.mk\/index.php\/wp-json\/wp\/v2\/tags?post=30900"}],"curies":[{"name":"wp","href":"https:\/\/api.w.org\/{rel}","templated":true}]}}