{"id":30902,"date":"2017-04-30T12:34:44","date_gmt":"2017-04-30T10:34:44","guid":{"rendered":"http:\/\/sdk.mk\/?p=30902"},"modified":"2017-05-09T12:36:27","modified_gmt":"2017-05-09T10:36:27","slug":"njeri-nga-sulmuesit-puth-doren-ministreshes-beti-gjate-sulmit-ne-parlament","status":"publish","type":"post","link":"https:\/\/sdk.mk\/index.php\/maqedonia\/njeri-nga-sulmuesit-puth-doren-ministreshes-beti-gjate-sulmit-ne-parlament\/","title":{"rendered":"NJ\u00cbRI NGA SULMUESIT I PUTH DOR\u00cbN MINISTRESH\u00cbS BETI GJAT\u00cb SULMIT N\u00cb PARLAMENT"},"content":{"rendered":"<div class=\"f52428582a4b906b2d2e2a7d733c7d27\" data-index=\"7\" style=\"float: none; margin:10px 0 10px 0; text-align:center;\">\n<!-- MSP Ads Asynchronous JS Tag - Generated with Revive Adserver v5.4.1 -->\r\n<ins data-revive-zoneid=\"167\" data-revive-id=\"060fdb01f6430ec164d3519234aa4967\"><\/ins>\r\n<script async src=\"\/\/panel.ads.com.mk\/www\/delivery\/asyncjs.php\"><\/script>\n<\/div>\n<p>Deputeti nga koalicioni i VMRO-DPMNE-s\u00eb Ljup\u00e7o Dimovski publikoi nj\u00eb video t\u00eb re nga sulmi n\u00eb Parlament, n\u00eb t\u00eb cil\u00ebn duket ministresha e kultur\u00ebs dhe deputetja Elizabeta Kan\u00e7eska-Milevska se si p\u00ebrsh\u00ebndetet dhe i p\u00ebrqafon me sulmuesit n\u00eb sall\u00ebn plenare, nd\u00ebrsa nj\u00ebri ia puthi dhe dor\u00ebn.<\/p>\n<p>Shumica e protestuesve, si dhe organizator\u00ebt e \u201cZa zaednicka Makedonija\u201d, t\u00eb cil\u00ebn sulmuan Parlamentin t\u00eb enjten jan\u00eb pun\u00ebtor\u00eb kulturor\u00eb, t\u00eb pun\u00ebsuar dhe ata t\u00eb cil\u00ebt marrin honorar n\u00eb institucione n\u00ebn kompetencat e Ministris\u00eb s\u00eb kultur\u00ebs. Aktor\u00ebt Vllado Jovsnovski dhe Vasill Zafir\u00e7ev, kryesuesi i MOB Igor Durllovski dhe artistja nacionale Elena Misirkova jan\u00eb pjes\u00eb e tyre.<\/p>\n\n<div style=\"font-size: 0px; height: 0px; line-height: 0px; margin: 0; padding: 0; clear: both;\"><\/div>","protected":false},"excerpt":{"rendered":"<p>Deputeti nga koalicioni i VMRO-DPMNE-s\u00eb Ljup\u00e7o Dimovski publikoi nj\u00eb video t\u00eb re nga sulmi n\u00eb Parlament, n\u00eb t\u00eb cil\u00ebn duket [&hellip;]<\/p>\n","protected":false},"author":9,"featured_media":30390,"comment_status":"closed","ping_status":"closed","sticky":false,"template":"","format":"standard","meta":{"_mo_disable_npp":"","inline_featured_image":false},"categories":[3087],"tags":[],"imageURL":"https:\/\/sdk.mk\/wp-content\/uploads\/2017\/04\/beti-kanceska-32882389-650x341.jpg","thumbURL":"https:\/\/sdk.mk\/wp-content\/uploads\/2017\/04\/beti-kanceska-32882389-250x131.jpg","categoryNames":["Maqedonia"],"feature_caption":"N\u00eb video duket se si ministresha dhe deputetja Elizabeta Kan\u00e7eska Mileska p\u00ebrsh\u00ebndetet dhe p\u00ebrqafon nj\u00ebrin nga sulmuesit n\u00eb sall\u00ebn plenare gjat\u00eb sulmit t\u00eb deputet\u00ebve dhe gazetar\u00ebve n\u00eb Parlament. (Foto: Fejsbuk\/printskrin)","subtitle":"","views":"15077","source":"Shkup, (SAKAMDAKAZAM.MK)","yoast_head":"<!-- This site is optimized with the Yoast SEO Premium plugin v15.0 - https:\/\/yoast.com\/wordpress\/plugins\/seo\/ -->\n<title>NJ\u00cbRI NGA SULMUESIT I PUTH DOR\u00cbN MINISTRESH\u00cbS BETI GJAT\u00cb SULMIT N\u00cb PARLAMENT - \u0421\u0430\u043a\u0430\u043c \u0414\u0430 \u041a\u0430\u0436\u0430\u043c<\/title>\n<meta name=\"robots\" content=\"index, follow, max-snippet:-1, max-image-preview:large, max-video-preview:-1\" \/>\n<link rel=\"canonical\" href=\"https:\/\/sdk.mk\/index.php\/maqedonia\/njeri-nga-sulmuesit-puth-doren-ministreshes-beti-gjate-sulmit-ne-parlament\/\" \/>\n<meta property=\"og:locale\" content=\"mk_MK\" \/>\n<meta property=\"og:type\" content=\"article\" \/>\n<meta property=\"og:title\" content=\"NJ\u00cbRI NGA SULMUESIT I PUTH DOR\u00cbN MINISTRESH\u00cbS BETI GJAT\u00cb SULMIT N\u00cb PARLAMENT - \u0421\u0430\u043a\u0430\u043c \u0414\u0430 \u041a\u0430\u0436\u0430\u043c\" \/>\n<meta property=\"og:description\" content=\"Deputeti nga koalicioni i VMRO-DPMNE-s\u00eb Ljup\u00e7o Dimovski publikoi nj\u00eb video t\u00eb re nga sulmi n\u00eb Parlament, n\u00eb t\u00eb cil\u00ebn duket [&hellip;]\" \/>\n<meta property=\"og:url\" content=\"https:\/\/sdk.mk\/index.php\/maqedonia\/njeri-nga-sulmuesit-puth-doren-ministreshes-beti-gjate-sulmit-ne-parlament\/\" \/>\n<meta property=\"og:site_name\" content=\"\u0421\u0430\u043a\u0430\u043c \u0414\u0430 \u041a\u0430\u0436\u0430\u043c\" \/>\n<meta property=\"article:published_time\" content=\"2017-04-30T10:34:44+00:00\" \/>\n<meta property=\"article:modified_time\" content=\"2017-05-09T10:36:27+00:00\" \/>\n<meta property=\"og:image\" content=\"https:\/\/sdk.mk\/wp-content\/uploads\/2017\/04\/beti-kanceska-32882389.jpg\" \/>\n\t<meta property=\"og:image:width\" content=\"1062\" \/>\n\t<meta property=\"og:image:height\" content=\"557\" \/>\n<meta property=\"fb:app_id\" content=\"2407985809428537\" \/>\n<meta name=\"twitter:card\" content=\"summary\" \/>\n<script type=\"application\/ld+json\" class=\"yoast-schema-graph\">{\"@context\":\"https:\/\/schema.org\",\"@graph\":[{\"@type\":\"WebSite\",\"@id\":\"https:\/\/sdk.mk\/#website\",\"url\":\"https:\/\/sdk.mk\/\",\"name\":\"\\u0421\\u0430\\u043a\\u0430\\u043c \\u0414\\u0430 \\u041a\\u0430\\u0436\\u0430\\u043c\",\"description\":\"\\u0417\\u0430 \\u0441\\u043b\\u043e\\u0431\\u043e\\u0434\\u043e\\u0443\\u043c\\u043d\\u0438\",\"potentialAction\":[{\"@type\":\"SearchAction\",\"target\":\"https:\/\/sdk.mk\/?s={search_term_string}\",\"query-input\":\"required name=search_term_string\"}],\"inLanguage\":\"mk-MK\"},{\"@type\":\"ImageObject\",\"@id\":\"https:\/\/sdk.mk\/index.php\/maqedonia\/njeri-nga-sulmuesit-puth-doren-ministreshes-beti-gjate-sulmit-ne-parlament\/#primaryimage\",\"inLanguage\":\"mk-MK\",\"url\":\"https:\/\/sdk.mk\/wp-content\/uploads\/2017\/04\/beti-kanceska-32882389.jpg\",\"width\":1062,\"height\":557,\"caption\":\"\\u041d\\u0430 \\u0432\\u0438\\u0434\\u0435\\u043e\\u0442\\u043e \\u0441\\u0435 \\u0433\\u043b\\u0435\\u0434\\u0430 \\u043a\\u0430\\u043a\\u043e \\u043c\\u0438\\u043d\\u0438\\u0441\\u0442\\u0435\\u0440\\u043a\\u0430\\u0442\\u0430 \\u0438 \\u043f\\u0440\\u0430\\u0442\\u0435\\u043d\\u0438\\u0447\\u043a\\u0430 \\u0415\\u043b\\u0438\\u0437\\u0430\\u0431\\u0435\\u0442\\u0430 \\u041a\\u0430\\u043d\\u0447\\u0435\\u0441\\u043a\\u0430-\\u041c\\u0438\\u043b\\u0435\\u0432\\u0441\\u043a\\u0430 \\u0441\\u0435 \\u043f\\u043e\\u0437\\u0434\\u0440\\u0430\\u0432\\u0443\\u0432\\u0430\\u0448\\u0435 \\u0438 \\u043f\\u0440\\u0435\\u0433\\u0440\\u043d\\u0443\\u0432\\u0430\\u0448\\u0435 \\u0441\\u043e \\u043d\\u0430\\u043f\\u0430\\u0453\\u0430\\u0447\\u0438\\u0442\\u0435 \\u0432\\u043e \\u043f\\u043b\\u0435\\u043d\\u0430\\u0440\\u043d\\u0430\\u0442\\u0430 \\u0441\\u0430\\u043b\\u0430 \\u0434\\u043e\\u0434\\u0435\\u043a\\u0430 \\u0442\\u0440\\u0430\\u0435\\u0448\\u0435 \\u043d\\u0430\\u043f\\u0430\\u0434\\u043e\\u0442 \\u043d\\u0430 \\u043f\\u0440\\u0430\\u0442\\u0435\\u043d\\u0438\\u0446\\u0438 \\u0438 \\u043d\\u043e\\u0432\\u0438\\u043d\\u0430\\u0440\\u0438 \\u0432\\u043e \\u0421\\u041e\\u0431\\u0440\\u0430\\u043d\\u0438\\u0435\\u0442\\u043e. (\\u0424\\u043e\\u0442\\u043e: \\u0424\\u0435\\u0458\\u0441\\u0431\\u0443\\u043a\/\\u043f\\u0440\\u0438\\u043d\\u0442\\u0441\\u043a\\u0440\\u0438\\u043d)\"},{\"@type\":\"WebPage\",\"@id\":\"https:\/\/sdk.mk\/index.php\/maqedonia\/njeri-nga-sulmuesit-puth-doren-ministreshes-beti-gjate-sulmit-ne-parlament\/#webpage\",\"url\":\"https:\/\/sdk.mk\/index.php\/maqedonia\/njeri-nga-sulmuesit-puth-doren-ministreshes-beti-gjate-sulmit-ne-parlament\/\",\"name\":\"NJ\\u00cbRI NGA SULMUESIT I PUTH DOR\\u00cbN MINISTRESH\\u00cbS BETI GJAT\\u00cb SULMIT N\\u00cb PARLAMENT - \\u0421\\u0430\\u043a\\u0430\\u043c \\u0414\\u0430 \\u041a\\u0430\\u0436\\u0430\\u043c\",\"isPartOf\":{\"@id\":\"https:\/\/sdk.mk\/#website\"},\"primaryImageOfPage\":{\"@id\":\"https:\/\/sdk.mk\/index.php\/maqedonia\/njeri-nga-sulmuesit-puth-doren-ministreshes-beti-gjate-sulmit-ne-parlament\/#primaryimage\"},\"datePublished\":\"2017-04-30T10:34:44+00:00\",\"dateModified\":\"2017-05-09T10:36:27+00:00\",\"author\":{\"@id\":\"https:\/\/sdk.mk\/#\/schema\/person\/3e8217f71bc38bd7c592f30c69e10e5a\"},\"inLanguage\":\"mk-MK\",\"potentialAction\":[{\"@type\":\"ReadAction\",\"target\":[\"https:\/\/sdk.mk\/index.php\/maqedonia\/njeri-nga-sulmuesit-puth-doren-ministreshes-beti-gjate-sulmit-ne-parlament\/\"]}]},{\"@type\":\"Person\",\"@id\":\"https:\/\/sdk.mk\/#\/schema\/person\/3e8217f71bc38bd7c592f30c69e10e5a\",\"name\":\"\\u041c\\u0438\\u0440\\u043e\\u0441\\u043b\\u0430\\u0432 \\u0418\\u043b\\u0438\\u043e\\u0441\\u043a\\u0438\"}]}<\/script>\n<!-- \/ Yoast SEO Premium plugin. -->","_links":{"self":[{"href":"https:\/\/sdk.mk\/index.php\/wp-json\/wp\/v2\/posts\/30902"}],"collection":[{"href":"https:\/\/sdk.mk\/index.php\/wp-json\/wp\/v2\/posts"}],"about":[{"href":"https:\/\/sdk.mk\/index.php\/wp-json\/wp\/v2\/types\/post"}],"author":[{"embeddable":true,"href":"https:\/\/sdk.mk\/index.php\/wp-json\/wp\/v2\/users\/9"}],"replies":[{"embeddable":true,"href":"https:\/\/sdk.mk\/index.php\/wp-json\/wp\/v2\/comments?post=30902"}],"version-history":[{"count":0,"href":"https:\/\/sdk.mk\/index.php\/wp-json\/wp\/v2\/posts\/30902\/revisions"}],"wp:featuredmedia":[{"embeddable":true,"href":"https:\/\/sdk.mk\/index.php\/wp-json\/wp\/v2\/media\/30390"}],"wp:attachment":[{"href":"https:\/\/sdk.mk\/index.php\/wp-json\/wp\/v2\/media?parent=30902"}],"wp:term":[{"taxonomy":"category","embeddable":true,"href":"https:\/\/sdk.mk\/index.php\/wp-json\/wp\/v2\/categories?post=30902"},{"taxonomy":"post_tag","embeddable":true,"href":"https:\/\/sdk.mk\/index.php\/wp-json\/wp\/v2\/tags?post=30902"}],"curies":[{"name":"wp","href":"https:\/\/api.w.org\/{rel}","templated":true}]}}