{"id":30904,"date":"2017-04-27T23:37:37","date_gmt":"2017-04-27T21:37:37","guid":{"rendered":"http:\/\/sdk.mk\/?p=30904"},"modified":"2017-05-09T12:40:34","modified_gmt":"2017-05-09T10:40:34","slug":"vllatko-gjorcev-mbron-zaevin-dhe-shilegovin-nga-lincimi","status":"publish","type":"post","link":"https:\/\/sdk.mk\/index.php\/maqedonia\/vllatko-gjorcev-mbron-zaevin-dhe-shilegovin-nga-lincimi\/","title":{"rendered":"VLLATKO GJOR\u00c7EV I MBRON ZAEVIN DHE SHILEGOVIN NGA LIN\u00c7IMI"},"content":{"rendered":"<div class=\"f52428582a4b906b2d2e2a7d733c7d27\" data-index=\"7\" style=\"float: none; margin:10px 0 10px 0; text-align:center;\">\n<!-- MSP Ads Asynchronous JS Tag - Generated with Revive Adserver v5.4.1 -->\r\n<ins data-revive-zoneid=\"167\" data-revive-id=\"060fdb01f6430ec164d3519234aa4967\"><\/ins>\r\n<script async src=\"\/\/panel.ads.com.mk\/www\/delivery\/asyncjs.php\"><\/script>\n<\/div>\n<p>Deputeti i VMRO-DPMNE-s\u00eb i mbron koleg\u00ebt e plagosur t\u00eb LSDM-s\u00eb, Zoran Zaev dhe Petre Shilegov, thon\u00eb gazetar\u00ebt t\u00eb cil\u00ebt si deputet\u00ebt, jan\u00eb t\u00eb rob\u00ebruar n\u00eb nj\u00eb zyr\u00eb dhe apelojn\u00eb p\u00ebr ndihm\u00eb nga policia.<\/p>\n<p>\u201cN\u00eb \u00e7do an\u00eb ka gjak dhe cop\u00eb t\u00eb thyera pajisjesh dhe mobiliesh\u201d, lajm\u00ebrojn\u00eb gazetar\u00ebt. Disave prej tyre ua kan\u00eb marr\u00eb telefonat dhe ua kan\u00eb ndaluar komunikimin.<\/p>\n<p>Me gazetar\u00ebt e rob\u00ebruar gjenden edhe disa deputet\u00eb t\u00eb VMRO-DPMNE-s\u00eb q\u00eb po mundohen ta qet\u00ebsojn\u00eb turm\u00ebn.<\/p>\n<p>M\u00eb r\u00ebnd\u00eb nga t\u00eb gjith\u00eb \u00ebsht\u00eb l\u00ebnduar Zijadin Sela.<\/p>\n\n<div style=\"font-size: 0px; height: 0px; line-height: 0px; margin: 0; padding: 0; clear: both;\"><\/div>","protected":false},"excerpt":{"rendered":"<p>Deputeti i VMRO-DPMNE-s\u00eb i mbron koleg\u00ebt e plagosur t\u00eb LSDM-s\u00eb, Zoran Zaev dhe Petre Shilegov, thon\u00eb gazetar\u00ebt t\u00eb cil\u00ebt si [&hellip;]<\/p>\n","protected":false},"author":9,"featured_media":30178,"comment_status":"closed","ping_status":"closed","sticky":false,"template":"","format":"standard","meta":{"_mo_disable_npp":"","inline_featured_image":false},"categories":[3087],"tags":[],"imageURL":"https:\/\/sdk.mk\/wp-content\/uploads\/2017\/04\/pres-centar-32889239832-650x341.jpg","thumbURL":"https:\/\/sdk.mk\/wp-content\/uploads\/2017\/04\/pres-centar-32889239832-250x131.jpg","categoryNames":["Maqedonia"],"feature_caption":"N\u00eb pres-sall\u00ebn e Parlamentit ishin t\u00eb bllokuar deputet\u00ebt e shumic\u00ebs dhe gazetar\u00ebt. (Foto: G. Trpenoski)","subtitle":"","views":"8651","source":"Shkup, (SAKAMDAKAZM.MK)","yoast_head":"<!-- This site is optimized with the Yoast SEO Premium plugin v15.0 - https:\/\/yoast.com\/wordpress\/plugins\/seo\/ -->\n<title>VLLATKO GJOR\u00c7EV I MBRON ZAEVIN DHE SHILEGOVIN NGA LIN\u00c7IMI - \u0421\u0430\u043a\u0430\u043c \u0414\u0430 \u041a\u0430\u0436\u0430\u043c<\/title>\n<meta name=\"robots\" content=\"index, follow, max-snippet:-1, max-image-preview:large, max-video-preview:-1\" \/>\n<link rel=\"canonical\" href=\"https:\/\/sdk.mk\/index.php\/maqedonia\/vllatko-gjorcev-mbron-zaevin-dhe-shilegovin-nga-lincimi\/\" \/>\n<meta property=\"og:locale\" content=\"mk_MK\" \/>\n<meta property=\"og:type\" content=\"article\" \/>\n<meta property=\"og:title\" content=\"VLLATKO GJOR\u00c7EV I MBRON ZAEVIN DHE SHILEGOVIN NGA LIN\u00c7IMI - \u0421\u0430\u043a\u0430\u043c \u0414\u0430 \u041a\u0430\u0436\u0430\u043c\" \/>\n<meta property=\"og:description\" content=\"Deputeti i VMRO-DPMNE-s\u00eb i mbron koleg\u00ebt e plagosur t\u00eb LSDM-s\u00eb, Zoran Zaev dhe Petre Shilegov, thon\u00eb gazetar\u00ebt t\u00eb cil\u00ebt si [&hellip;]\" \/>\n<meta property=\"og:url\" content=\"https:\/\/sdk.mk\/index.php\/maqedonia\/vllatko-gjorcev-mbron-zaevin-dhe-shilegovin-nga-lincimi\/\" \/>\n<meta property=\"og:site_name\" content=\"\u0421\u0430\u043a\u0430\u043c \u0414\u0430 \u041a\u0430\u0436\u0430\u043c\" \/>\n<meta property=\"article:published_time\" content=\"2017-04-27T21:37:37+00:00\" \/>\n<meta property=\"article:modified_time\" content=\"2017-05-09T10:40:34+00:00\" \/>\n<meta property=\"og:image\" content=\"https:\/\/sdk.mk\/wp-content\/uploads\/2017\/04\/pres-centar-32889239832.jpg\" \/>\n\t<meta property=\"og:image:width\" content=\"1280\" \/>\n\t<meta property=\"og:image:height\" content=\"672\" \/>\n<meta property=\"fb:app_id\" content=\"2407985809428537\" \/>\n<meta name=\"twitter:card\" content=\"summary\" \/>\n<script type=\"application\/ld+json\" class=\"yoast-schema-graph\">{\"@context\":\"https:\/\/schema.org\",\"@graph\":[{\"@type\":\"WebSite\",\"@id\":\"https:\/\/sdk.mk\/#website\",\"url\":\"https:\/\/sdk.mk\/\",\"name\":\"\\u0421\\u0430\\u043a\\u0430\\u043c \\u0414\\u0430 \\u041a\\u0430\\u0436\\u0430\\u043c\",\"description\":\"\\u0417\\u0430 \\u0441\\u043b\\u043e\\u0431\\u043e\\u0434\\u043e\\u0443\\u043c\\u043d\\u0438\",\"potentialAction\":[{\"@type\":\"SearchAction\",\"target\":\"https:\/\/sdk.mk\/?s={search_term_string}\",\"query-input\":\"required name=search_term_string\"}],\"inLanguage\":\"mk-MK\"},{\"@type\":\"ImageObject\",\"@id\":\"https:\/\/sdk.mk\/index.php\/maqedonia\/vllatko-gjorcev-mbron-zaevin-dhe-shilegovin-nga-lincimi\/#primaryimage\",\"inLanguage\":\"mk-MK\",\"url\":\"https:\/\/sdk.mk\/wp-content\/uploads\/2017\/04\/pres-centar-32889239832.jpg\",\"width\":1280,\"height\":672},{\"@type\":\"WebPage\",\"@id\":\"https:\/\/sdk.mk\/index.php\/maqedonia\/vllatko-gjorcev-mbron-zaevin-dhe-shilegovin-nga-lincimi\/#webpage\",\"url\":\"https:\/\/sdk.mk\/index.php\/maqedonia\/vllatko-gjorcev-mbron-zaevin-dhe-shilegovin-nga-lincimi\/\",\"name\":\"VLLATKO GJOR\\u00c7EV I MBRON ZAEVIN DHE SHILEGOVIN NGA LIN\\u00c7IMI - \\u0421\\u0430\\u043a\\u0430\\u043c \\u0414\\u0430 \\u041a\\u0430\\u0436\\u0430\\u043c\",\"isPartOf\":{\"@id\":\"https:\/\/sdk.mk\/#website\"},\"primaryImageOfPage\":{\"@id\":\"https:\/\/sdk.mk\/index.php\/maqedonia\/vllatko-gjorcev-mbron-zaevin-dhe-shilegovin-nga-lincimi\/#primaryimage\"},\"datePublished\":\"2017-04-27T21:37:37+00:00\",\"dateModified\":\"2017-05-09T10:40:34+00:00\",\"author\":{\"@id\":\"https:\/\/sdk.mk\/#\/schema\/person\/3e8217f71bc38bd7c592f30c69e10e5a\"},\"inLanguage\":\"mk-MK\",\"potentialAction\":[{\"@type\":\"ReadAction\",\"target\":[\"https:\/\/sdk.mk\/index.php\/maqedonia\/vllatko-gjorcev-mbron-zaevin-dhe-shilegovin-nga-lincimi\/\"]}]},{\"@type\":\"Person\",\"@id\":\"https:\/\/sdk.mk\/#\/schema\/person\/3e8217f71bc38bd7c592f30c69e10e5a\",\"name\":\"\\u041c\\u0438\\u0440\\u043e\\u0441\\u043b\\u0430\\u0432 \\u0418\\u043b\\u0438\\u043e\\u0441\\u043a\\u0438\"}]}<\/script>\n<!-- \/ Yoast SEO Premium plugin. -->","_links":{"self":[{"href":"https:\/\/sdk.mk\/index.php\/wp-json\/wp\/v2\/posts\/30904"}],"collection":[{"href":"https:\/\/sdk.mk\/index.php\/wp-json\/wp\/v2\/posts"}],"about":[{"href":"https:\/\/sdk.mk\/index.php\/wp-json\/wp\/v2\/types\/post"}],"author":[{"embeddable":true,"href":"https:\/\/sdk.mk\/index.php\/wp-json\/wp\/v2\/users\/9"}],"replies":[{"embeddable":true,"href":"https:\/\/sdk.mk\/index.php\/wp-json\/wp\/v2\/comments?post=30904"}],"version-history":[{"count":0,"href":"https:\/\/sdk.mk\/index.php\/wp-json\/wp\/v2\/posts\/30904\/revisions"}],"wp:featuredmedia":[{"embeddable":true,"href":"https:\/\/sdk.mk\/index.php\/wp-json\/wp\/v2\/media\/30178"}],"wp:attachment":[{"href":"https:\/\/sdk.mk\/index.php\/wp-json\/wp\/v2\/media?parent=30904"}],"wp:term":[{"taxonomy":"category","embeddable":true,"href":"https:\/\/sdk.mk\/index.php\/wp-json\/wp\/v2\/categories?post=30904"},{"taxonomy":"post_tag","embeddable":true,"href":"https:\/\/sdk.mk\/index.php\/wp-json\/wp\/v2\/tags?post=30904"}],"curies":[{"name":"wp","href":"https:\/\/api.w.org\/{rel}","templated":true}]}}