{"id":30906,"date":"2017-04-28T12:41:45","date_gmt":"2017-04-28T10:41:45","guid":{"rendered":"http:\/\/sdk.mk\/?p=30906"},"modified":"2017-05-09T12:43:01","modified_gmt":"2017-05-09T10:43:01","slug":"nate-e-pergjakur-ne-parlament-dhe-shba-e-pranojne-talatin","status":"publish","type":"post","link":"https:\/\/sdk.mk\/index.php\/maqedonia\/nate-e-pergjakur-ne-parlament-dhe-shba-e-pranojne-talatin\/","title":{"rendered":"NAT\u00cb E P\u00cbRGJAKUR N\u00cb PARLAMENT, BE DHE SHBA E PRANOJN\u00cb TALATIN"},"content":{"rendered":"<div class=\"f52428582a4b906b2d2e2a7d733c7d27\" data-index=\"7\" style=\"float: none; margin:10px 0 10px 0; text-align:center;\">\n<!-- MSP Ads Asynchronous JS Tag - Generated with Revive Adserver v5.4.1 -->\r\n<ins data-revive-zoneid=\"167\" data-revive-id=\"060fdb01f6430ec164d3519234aa4967\"><\/ins>\r\n<script async src=\"\/\/panel.ads.com.mk\/www\/delivery\/asyncjs.php\"><\/script>\n<\/div>\n<p>Lideri i LSDM-s\u00eb Zoran Zaev, z\u00ebvend\u00ebsja e tij Radmilla Sheqerinska, lideri i ASH Zijadin Sela dhe disa deputet\u00eb t\u00eb tjer\u00eb u rrah\u00ebn gjat\u00eb sulmit t\u00eb mbr\u00ebmsh\u00ebm n\u00eb Parlament nga protestuesit e \u201c Za zaednicka Makedonija\u201d. T\u00eb l\u00ebnduar ishin rreth 100 deputet\u00eb, polic\u00eb dhe qytetar\u00eb n\u00eb sulmin q\u00eb filloi pas p\u00ebrzgjedhjes s\u00eb Talat Xhaferit nga BDI p\u00ebr kryetar t\u00eb ri t\u00eb Parlamentit diku pas or\u00ebs 18.<\/p>\n<p>Gjat\u00eb koh\u00ebs s\u00eb sulmit n\u00eb Parlament, BE dhe SHBA e p\u00ebrsh\u00ebndet\u00ebn p\u00ebrzgjedhjen e Xhaferit dhe lajm\u00ebruan se do t\u00eb bashk\u00ebpunojn\u00eb me t\u00eb dhe e gjykuan ashp\u00ebrsisht sulmin n\u00eb Parlament. Sekretari gjeneral i NATO-s, Jens Stoltenberg tuitoi se \u00ebsht\u00eb i shokuar nga sulmet dhe i th\u00ebrriti t\u00eb gjitha partit\u00eb q\u00eb ta respektojn\u00eb procesin demokratik.<\/p>\n<p>N\u00eb Parlament, nj\u00ebsit\u00eb speciale n\u00eb fillim i nxor\u00ebn deput\u00ebt\u00ebt e LSDM-s\u00eb dhe kryetarin e ri t\u00eb Parlamentit Talat Xhaferi, t\u00eb cil\u00ebt ishin t\u00eb bllokuar n\u00eb pres-qendr\u00ebn, kurse m\u00eb von\u00eb me automjetet e tyre i larguan nga nd\u00ebrtesa parlementare.<\/p>\n<p>Lideri i VMRO-DPMNE, Nikolla Gruevski, i cili gjat\u00eb k\u00ebsaj kohe ndodhej n\u00eb Vjen\u00eb, n\u00eb Fejsbuk shkroi se nuk \u00ebsht\u00eb koh\u00eb p\u00ebr dhun\u00eb. Presidenti Gjorge Ivanov rreth or\u00ebs 10.30 u b\u00ebri thirrje lider\u00ebve t\u00eb partive parlamentare p\u00ebr takim, edhe pse dy prej tyre, Zijadin Sela dhe Zoran Zaev kishin marr\u00eb l\u00ebndime vet\u00ebm tre or\u00eb m\u00eb par\u00eb.<\/p>\n<p>Polici pothuajse nuk kishte fare n\u00eb fillim, k\u00ebshtu turma shum\u00eb leht\u00eb e mposhti sigurimin e Parlamentit dhe lirisht i rrihte dhe i gjuante me pajisje deputet\u00ebt e shumic\u00ebs parlamentare. Deputeti i VMRO-DPMNE-s\u00eb Vllatko Gjor\u00e7ev i mbronte kolegun e plagosur t\u00eb SDSM-s\u00eb Zoran Zaev dhe Petre Shilegov, kurse m\u00eb pas bashk\u00ebpartiaku Nikolla Todorov dhe nj\u00eb ekip mjek\u00ebsor n\u00eb zyr\u00ebn e VMRO-DPMNE-s\u00eb u ndihmonin koleg\u00ebve t\u00eb plagosur. Bashk\u00eb me deputet\u00ebt, t\u00eb bllokuar n\u00eb Parlament ishin edhe gazetar\u00ebt t\u00eb cil\u00ebt u larguan n\u00eb fund.<\/p>\n<p>Plot tre or\u00eb pas fillimit t\u00eb sulmit, periudh\u00eb kjo gjat\u00eb s\u00eb cil\u00ebt u rrah\u00ebn deputet\u00ebt dhe u demolua parlamenti, policia filloi ta zbraz\u00eb Parlementin dhe ta pastroj\u00eb turm\u00ebn para objektit. Nj\u00eb pjes\u00eb e vog\u00ebl e protestuesve mbet\u00ebn n\u00eb parkun karshi Parlamentit p\u00ebr kampim.<\/p>\n<p><em><strong>S.K.Delevska\/G.Trpenoski<\/strong><\/em><\/p>\n\n<div style=\"font-size: 0px; height: 0px; line-height: 0px; margin: 0; padding: 0; clear: both;\"><\/div>","protected":false},"excerpt":{"rendered":"<p>Lideri i LSDM-s\u00eb Zoran Zaev, z\u00ebvend\u00ebsja e tij Radmilla Sheqerinska, lideri i ASH Zijadin Sela dhe disa deputet\u00eb t\u00eb tjer\u00eb [&hellip;]<\/p>\n","protected":false},"author":9,"featured_media":30244,"comment_status":"closed","ping_status":"closed","sticky":false,"template":"","format":"standard","meta":{"_mo_disable_npp":"","inline_featured_image":false},"categories":[3087],"tags":[],"imageURL":"https:\/\/sdk.mk\/wp-content\/uploads\/2017\/04\/zoran-zaev-sobranie-438409349043-1.jpg","thumbURL":"https:\/\/sdk.mk\/wp-content\/uploads\/2017\/04\/zoran-zaev-sobranie-438409349043-1-250x131.jpg","categoryNames":["Maqedonia"],"feature_caption":"Kryetari i LSDM-s\u00eb Zoran Zaev, me kok\u00eb t\u00eb gjakosur u transferua nga Parlamenti deri te selia e partis\u00eb n\u00eb Bihaqka. (Foto; O. Teofillovski p\u00ebr Rojters)","subtitle":"","views":"6388","source":"Shkup, (SAKAMDAKAZAM.MK)","yoast_head":"<!-- This site is optimized with the Yoast SEO Premium plugin v15.0 - https:\/\/yoast.com\/wordpress\/plugins\/seo\/ -->\n<title>NAT\u00cb E P\u00cbRGJAKUR N\u00cb PARLAMENT, BE DHE SHBA E PRANOJN\u00cb TALATIN - \u0421\u0430\u043a\u0430\u043c \u0414\u0430 \u041a\u0430\u0436\u0430\u043c<\/title>\n<meta name=\"robots\" content=\"index, follow, max-snippet:-1, max-image-preview:large, max-video-preview:-1\" \/>\n<link rel=\"canonical\" href=\"https:\/\/sdk.mk\/index.php\/maqedonia\/nate-e-pergjakur-ne-parlament-dhe-shba-e-pranojne-talatin\/\" \/>\n<meta property=\"og:locale\" content=\"mk_MK\" \/>\n<meta property=\"og:type\" content=\"article\" \/>\n<meta property=\"og:title\" content=\"NAT\u00cb E P\u00cbRGJAKUR N\u00cb PARLAMENT, BE DHE SHBA E PRANOJN\u00cb TALATIN - \u0421\u0430\u043a\u0430\u043c \u0414\u0430 \u041a\u0430\u0436\u0430\u043c\" \/>\n<meta property=\"og:description\" content=\"Lideri i LSDM-s\u00eb Zoran Zaev, z\u00ebvend\u00ebsja e tij Radmilla Sheqerinska, lideri i ASH Zijadin Sela dhe disa deputet\u00eb t\u00eb tjer\u00eb [&hellip;]\" \/>\n<meta property=\"og:url\" content=\"https:\/\/sdk.mk\/index.php\/maqedonia\/nate-e-pergjakur-ne-parlament-dhe-shba-e-pranojne-talatin\/\" \/>\n<meta property=\"og:site_name\" content=\"\u0421\u0430\u043a\u0430\u043c \u0414\u0430 \u041a\u0430\u0436\u0430\u043c\" \/>\n<meta property=\"article:published_time\" content=\"2017-04-28T10:41:45+00:00\" \/>\n<meta property=\"article:modified_time\" content=\"2017-05-09T10:43:01+00:00\" \/>\n<meta property=\"og:image\" content=\"https:\/\/sdk.mk\/wp-content\/uploads\/2017\/04\/zoran-zaev-sobranie-438409349043-1.jpg\" \/>\n\t<meta property=\"og:image:width\" content=\"638\" \/>\n\t<meta property=\"og:image:height\" content=\"335\" \/>\n<meta property=\"fb:app_id\" content=\"2407985809428537\" \/>\n<meta name=\"twitter:card\" content=\"summary\" \/>\n<script type=\"application\/ld+json\" class=\"yoast-schema-graph\">{\"@context\":\"https:\/\/schema.org\",\"@graph\":[{\"@type\":\"WebSite\",\"@id\":\"https:\/\/sdk.mk\/#website\",\"url\":\"https:\/\/sdk.mk\/\",\"name\":\"\\u0421\\u0430\\u043a\\u0430\\u043c \\u0414\\u0430 \\u041a\\u0430\\u0436\\u0430\\u043c\",\"description\":\"\\u0417\\u0430 \\u0441\\u043b\\u043e\\u0431\\u043e\\u0434\\u043e\\u0443\\u043c\\u043d\\u0438\",\"potentialAction\":[{\"@type\":\"SearchAction\",\"target\":\"https:\/\/sdk.mk\/?s={search_term_string}\",\"query-input\":\"required name=search_term_string\"}],\"inLanguage\":\"mk-MK\"},{\"@type\":\"ImageObject\",\"@id\":\"https:\/\/sdk.mk\/index.php\/maqedonia\/nate-e-pergjakur-ne-parlament-dhe-shba-e-pranojne-talatin\/#primaryimage\",\"inLanguage\":\"mk-MK\",\"url\":\"https:\/\/sdk.mk\/wp-content\/uploads\/2017\/04\/zoran-zaev-sobranie-438409349043-1.jpg\",\"width\":638,\"height\":335},{\"@type\":\"WebPage\",\"@id\":\"https:\/\/sdk.mk\/index.php\/maqedonia\/nate-e-pergjakur-ne-parlament-dhe-shba-e-pranojne-talatin\/#webpage\",\"url\":\"https:\/\/sdk.mk\/index.php\/maqedonia\/nate-e-pergjakur-ne-parlament-dhe-shba-e-pranojne-talatin\/\",\"name\":\"NAT\\u00cb E P\\u00cbRGJAKUR N\\u00cb PARLAMENT, BE DHE SHBA E PRANOJN\\u00cb TALATIN - \\u0421\\u0430\\u043a\\u0430\\u043c \\u0414\\u0430 \\u041a\\u0430\\u0436\\u0430\\u043c\",\"isPartOf\":{\"@id\":\"https:\/\/sdk.mk\/#website\"},\"primaryImageOfPage\":{\"@id\":\"https:\/\/sdk.mk\/index.php\/maqedonia\/nate-e-pergjakur-ne-parlament-dhe-shba-e-pranojne-talatin\/#primaryimage\"},\"datePublished\":\"2017-04-28T10:41:45+00:00\",\"dateModified\":\"2017-05-09T10:43:01+00:00\",\"author\":{\"@id\":\"https:\/\/sdk.mk\/#\/schema\/person\/3e8217f71bc38bd7c592f30c69e10e5a\"},\"inLanguage\":\"mk-MK\",\"potentialAction\":[{\"@type\":\"ReadAction\",\"target\":[\"https:\/\/sdk.mk\/index.php\/maqedonia\/nate-e-pergjakur-ne-parlament-dhe-shba-e-pranojne-talatin\/\"]}]},{\"@type\":\"Person\",\"@id\":\"https:\/\/sdk.mk\/#\/schema\/person\/3e8217f71bc38bd7c592f30c69e10e5a\",\"name\":\"\\u041c\\u0438\\u0440\\u043e\\u0441\\u043b\\u0430\\u0432 \\u0418\\u043b\\u0438\\u043e\\u0441\\u043a\\u0438\"}]}<\/script>\n<!-- \/ Yoast SEO Premium plugin. -->","_links":{"self":[{"href":"https:\/\/sdk.mk\/index.php\/wp-json\/wp\/v2\/posts\/30906"}],"collection":[{"href":"https:\/\/sdk.mk\/index.php\/wp-json\/wp\/v2\/posts"}],"about":[{"href":"https:\/\/sdk.mk\/index.php\/wp-json\/wp\/v2\/types\/post"}],"author":[{"embeddable":true,"href":"https:\/\/sdk.mk\/index.php\/wp-json\/wp\/v2\/users\/9"}],"replies":[{"embeddable":true,"href":"https:\/\/sdk.mk\/index.php\/wp-json\/wp\/v2\/comments?post=30906"}],"version-history":[{"count":0,"href":"https:\/\/sdk.mk\/index.php\/wp-json\/wp\/v2\/posts\/30906\/revisions"}],"wp:featuredmedia":[{"embeddable":true,"href":"https:\/\/sdk.mk\/index.php\/wp-json\/wp\/v2\/media\/30244"}],"wp:attachment":[{"href":"https:\/\/sdk.mk\/index.php\/wp-json\/wp\/v2\/media?parent=30906"}],"wp:term":[{"taxonomy":"category","embeddable":true,"href":"https:\/\/sdk.mk\/index.php\/wp-json\/wp\/v2\/categories?post=30906"},{"taxonomy":"post_tag","embeddable":true,"href":"https:\/\/sdk.mk\/index.php\/wp-json\/wp\/v2\/tags?post=30906"}],"curies":[{"name":"wp","href":"https:\/\/api.w.org\/{rel}","templated":true}]}}