{"id":30910,"date":"2017-04-27T21:46:10","date_gmt":"2017-04-27T19:46:10","guid":{"rendered":"http:\/\/sdk.mk\/?p=30910"},"modified":"2017-05-09T12:47:31","modified_gmt":"2017-05-09T10:47:31","slug":"te-maskuarit-flisnin-policet-nderkohe-protestuesit-hynin-ne-parlament","status":"publish","type":"post","link":"https:\/\/sdk.mk\/index.php\/maqedonia\/te-maskuarit-flisnin-policet-nderkohe-protestuesit-hynin-ne-parlament\/","title":{"rendered":"T\u00cb MASKUARIT FLISNIN ME POLIC\u00cbT ND\u00cbRKOH\u00cb PROTESTUESIT HYNIN N\u00cb PARLAMENT"},"content":{"rendered":"<div class=\"f52428582a4b906b2d2e2a7d733c7d27\" data-index=\"7\" style=\"float: none; margin:10px 0 10px 0; text-align:center;\">\n<!-- MSP Ads Asynchronous JS Tag - Generated with Revive Adserver v5.4.1 -->\r\n<ins data-revive-zoneid=\"167\" data-revive-id=\"060fdb01f6430ec164d3519234aa4967\"><\/ins>\r\n<script async src=\"\/\/panel.ads.com.mk\/www\/delivery\/asyncjs.php\"><\/script>\n<\/div>\n<p>Disa t\u00eb maskuar kan\u00eb qen\u00eb duke folur me policin\u00eb, nd\u00ebrkoh\u00eb q\u00eb protestuesit e tjer\u00ebt me dhun\u00eb hynin n\u00eb Parlament.<\/p>\n<p>Sipas gazetar\u00ebve t\u00eb cil\u00ebt jan\u00eb t\u00eb rob\u00ebruar n\u00eb sall\u00ebn e konferencave, n\u00eb Palament \u00ebsht\u00eb nj\u00eb kaos i v\u00ebrtet\u00eb. T\u00eb plagosur jan\u00eb deputet\u00ebt Zoran Zaev, Zijadin Sela dhe Damjan Man\u00e7evski. Dy gazetar\u00eb jan\u00eb plagosur prej nj\u00eb goditje n\u00eb kok\u00eb.<\/p>\n<p>Raportuesit e Parlamentit t\u00eb SAKAMDAKAZAM.MK lajm\u00ebrojn\u00eb se vet\u00ebm deputet\u00ebt Vllatko Gjor\u00e7ev dhe Nikolla Todorov jan\u00eb ndalur mes protestuesve dhe koleg\u00ebve t\u00eb tyre nga shumica parlamentare.<\/p>\n<p>Polici pothuajse nuk ka fare, nd\u00ebrsa gazetar\u00ebt k\u00ebrkojn\u00eb ndihm\u00eb duke u frik\u00ebsuar p\u00ebr jet\u00ebt e tyre.<\/p>\n\n<div style=\"font-size: 0px; height: 0px; line-height: 0px; margin: 0; padding: 0; clear: both;\"><\/div>","protected":false},"excerpt":{"rendered":"<p>Disa t\u00eb maskuar kan\u00eb qen\u00eb duke folur me policin\u00eb, nd\u00ebrkoh\u00eb q\u00eb protestuesit e tjer\u00ebt me dhun\u00eb hynin n\u00eb Parlament. Sipas [&hellip;]<\/p>\n","protected":false},"author":9,"featured_media":30178,"comment_status":"closed","ping_status":"closed","sticky":false,"template":"","format":"standard","meta":{"_mo_disable_npp":"","inline_featured_image":false},"categories":[3087],"tags":[],"imageURL":"https:\/\/sdk.mk\/wp-content\/uploads\/2017\/04\/pres-centar-32889239832-650x341.jpg","thumbURL":"https:\/\/sdk.mk\/wp-content\/uploads\/2017\/04\/pres-centar-32889239832-250x131.jpg","categoryNames":["Maqedonia"],"feature_caption":"Deputet\u00ebt Vllatko Gjor\u00e7ev dhe Nikolla Todorov nga VMRO-DPMNE erdh\u00ebn n\u00eb pres-qendr\u00ebn duke u p\u00ebrpjekur ta qet\u00ebsoj\u00eb situat\u00ebn. (Foto: SDK.MK)","subtitle":"","views":"6801","source":"Shkup, (SAKAMDAKAZAM.MK)","yoast_head":"<!-- This site is optimized with the Yoast SEO Premium plugin v15.0 - https:\/\/yoast.com\/wordpress\/plugins\/seo\/ -->\n<title>T\u00cb MASKUARIT FLISNIN ME POLIC\u00cbT ND\u00cbRKOH\u00cb PROTESTUESIT HYNIN N\u00cb PARLAMENT - \u0421\u0430\u043a\u0430\u043c \u0414\u0430 \u041a\u0430\u0436\u0430\u043c<\/title>\n<meta name=\"robots\" content=\"index, follow, max-snippet:-1, max-image-preview:large, max-video-preview:-1\" \/>\n<link rel=\"canonical\" href=\"https:\/\/sdk.mk\/index.php\/maqedonia\/te-maskuarit-flisnin-policet-nderkohe-protestuesit-hynin-ne-parlament\/\" \/>\n<meta property=\"og:locale\" content=\"mk_MK\" \/>\n<meta property=\"og:type\" content=\"article\" \/>\n<meta property=\"og:title\" content=\"T\u00cb MASKUARIT FLISNIN ME POLIC\u00cbT ND\u00cbRKOH\u00cb PROTESTUESIT HYNIN N\u00cb PARLAMENT - \u0421\u0430\u043a\u0430\u043c \u0414\u0430 \u041a\u0430\u0436\u0430\u043c\" \/>\n<meta property=\"og:description\" content=\"Disa t\u00eb maskuar kan\u00eb qen\u00eb duke folur me policin\u00eb, nd\u00ebrkoh\u00eb q\u00eb protestuesit e tjer\u00ebt me dhun\u00eb hynin n\u00eb Parlament. Sipas [&hellip;]\" \/>\n<meta property=\"og:url\" content=\"https:\/\/sdk.mk\/index.php\/maqedonia\/te-maskuarit-flisnin-policet-nderkohe-protestuesit-hynin-ne-parlament\/\" \/>\n<meta property=\"og:site_name\" content=\"\u0421\u0430\u043a\u0430\u043c \u0414\u0430 \u041a\u0430\u0436\u0430\u043c\" \/>\n<meta property=\"article:published_time\" content=\"2017-04-27T19:46:10+00:00\" \/>\n<meta property=\"article:modified_time\" content=\"2017-05-09T10:47:31+00:00\" \/>\n<meta property=\"og:image\" content=\"https:\/\/sdk.mk\/wp-content\/uploads\/2017\/04\/pres-centar-32889239832.jpg\" \/>\n\t<meta property=\"og:image:width\" content=\"1280\" \/>\n\t<meta property=\"og:image:height\" content=\"672\" \/>\n<meta property=\"fb:app_id\" content=\"2407985809428537\" \/>\n<meta name=\"twitter:card\" content=\"summary\" \/>\n<script type=\"application\/ld+json\" class=\"yoast-schema-graph\">{\"@context\":\"https:\/\/schema.org\",\"@graph\":[{\"@type\":\"WebSite\",\"@id\":\"https:\/\/sdk.mk\/#website\",\"url\":\"https:\/\/sdk.mk\/\",\"name\":\"\\u0421\\u0430\\u043a\\u0430\\u043c \\u0414\\u0430 \\u041a\\u0430\\u0436\\u0430\\u043c\",\"description\":\"\\u0417\\u0430 \\u0441\\u043b\\u043e\\u0431\\u043e\\u0434\\u043e\\u0443\\u043c\\u043d\\u0438\",\"potentialAction\":[{\"@type\":\"SearchAction\",\"target\":\"https:\/\/sdk.mk\/?s={search_term_string}\",\"query-input\":\"required name=search_term_string\"}],\"inLanguage\":\"mk-MK\"},{\"@type\":\"ImageObject\",\"@id\":\"https:\/\/sdk.mk\/index.php\/maqedonia\/te-maskuarit-flisnin-policet-nderkohe-protestuesit-hynin-ne-parlament\/#primaryimage\",\"inLanguage\":\"mk-MK\",\"url\":\"https:\/\/sdk.mk\/wp-content\/uploads\/2017\/04\/pres-centar-32889239832.jpg\",\"width\":1280,\"height\":672},{\"@type\":\"WebPage\",\"@id\":\"https:\/\/sdk.mk\/index.php\/maqedonia\/te-maskuarit-flisnin-policet-nderkohe-protestuesit-hynin-ne-parlament\/#webpage\",\"url\":\"https:\/\/sdk.mk\/index.php\/maqedonia\/te-maskuarit-flisnin-policet-nderkohe-protestuesit-hynin-ne-parlament\/\",\"name\":\"T\\u00cb MASKUARIT FLISNIN ME POLIC\\u00cbT ND\\u00cbRKOH\\u00cb PROTESTUESIT HYNIN N\\u00cb PARLAMENT - \\u0421\\u0430\\u043a\\u0430\\u043c \\u0414\\u0430 \\u041a\\u0430\\u0436\\u0430\\u043c\",\"isPartOf\":{\"@id\":\"https:\/\/sdk.mk\/#website\"},\"primaryImageOfPage\":{\"@id\":\"https:\/\/sdk.mk\/index.php\/maqedonia\/te-maskuarit-flisnin-policet-nderkohe-protestuesit-hynin-ne-parlament\/#primaryimage\"},\"datePublished\":\"2017-04-27T19:46:10+00:00\",\"dateModified\":\"2017-05-09T10:47:31+00:00\",\"author\":{\"@id\":\"https:\/\/sdk.mk\/#\/schema\/person\/3e8217f71bc38bd7c592f30c69e10e5a\"},\"inLanguage\":\"mk-MK\",\"potentialAction\":[{\"@type\":\"ReadAction\",\"target\":[\"https:\/\/sdk.mk\/index.php\/maqedonia\/te-maskuarit-flisnin-policet-nderkohe-protestuesit-hynin-ne-parlament\/\"]}]},{\"@type\":\"Person\",\"@id\":\"https:\/\/sdk.mk\/#\/schema\/person\/3e8217f71bc38bd7c592f30c69e10e5a\",\"name\":\"\\u041c\\u0438\\u0440\\u043e\\u0441\\u043b\\u0430\\u0432 \\u0418\\u043b\\u0438\\u043e\\u0441\\u043a\\u0438\"}]}<\/script>\n<!-- \/ Yoast SEO Premium plugin. -->","_links":{"self":[{"href":"https:\/\/sdk.mk\/index.php\/wp-json\/wp\/v2\/posts\/30910"}],"collection":[{"href":"https:\/\/sdk.mk\/index.php\/wp-json\/wp\/v2\/posts"}],"about":[{"href":"https:\/\/sdk.mk\/index.php\/wp-json\/wp\/v2\/types\/post"}],"author":[{"embeddable":true,"href":"https:\/\/sdk.mk\/index.php\/wp-json\/wp\/v2\/users\/9"}],"replies":[{"embeddable":true,"href":"https:\/\/sdk.mk\/index.php\/wp-json\/wp\/v2\/comments?post=30910"}],"version-history":[{"count":0,"href":"https:\/\/sdk.mk\/index.php\/wp-json\/wp\/v2\/posts\/30910\/revisions"}],"wp:featuredmedia":[{"embeddable":true,"href":"https:\/\/sdk.mk\/index.php\/wp-json\/wp\/v2\/media\/30178"}],"wp:attachment":[{"href":"https:\/\/sdk.mk\/index.php\/wp-json\/wp\/v2\/media?parent=30910"}],"wp:term":[{"taxonomy":"category","embeddable":true,"href":"https:\/\/sdk.mk\/index.php\/wp-json\/wp\/v2\/categories?post=30910"},{"taxonomy":"post_tag","embeddable":true,"href":"https:\/\/sdk.mk\/index.php\/wp-json\/wp\/v2\/tags?post=30910"}],"curies":[{"name":"wp","href":"https:\/\/api.w.org\/{rel}","templated":true}]}}