{"id":33108,"date":"2017-06-10T14:53:06","date_gmt":"2017-06-10T12:53:06","guid":{"rendered":"http:\/\/sdk.mk\/?p=33108"},"modified":"2017-06-10T14:53:06","modified_gmt":"2017-06-10T12:53:06","slug":"mercedes-i-koleksionit","status":"publish","type":"post","link":"https:\/\/sdk.mk\/index.php\/dua-te-them\/mercedes-i-koleksionit\/","title":{"rendered":"MERCEDES I KOLEKSIONIT"},"content":{"rendered":"<div class=\"f52428582a4b906b2d2e2a7d733c7d27\" data-index=\"7\" style=\"float: none; margin:10px 0 10px 0; text-align:center;\">\n<!-- MSP Ads Asynchronous JS Tag - Generated with Revive Adserver v5.4.1 -->\r\n<ins data-revive-zoneid=\"167\" data-revive-id=\"060fdb01f6430ec164d3519234aa4967\"><\/ins>\r\n<script async src=\"\/\/panel.ads.com.mk\/www\/delivery\/asyncjs.php\"><\/script>\n<\/div>\n<p><span class=\"dropcap color firstcharacter\">1<\/span> Hej, disi shum\u00eb jeni rehatuar. Dhe sikur her\u00ebt po g\u00ebzoheni&#8230;<\/p>\n<p>P\u00ebr pes\u00eb muaj jo t\u00eb plot\u00eb do t\u00eb ket\u00eb zgjedhje lokale. Nd\u00ebrkoh\u00eb Nikolla Gruevski deklaron q\u00eb e ka vendosur se do t\u00eb fitoj\u00eb. Nuk e kuptoj se \u00e7far\u00eb ka k\u00ebtu p\u00ebr t\u2019u g\u00ebzuar.<\/p>\n<p>Sa mir\u00eb, kjo qeveria e re, ministra t\u00eb rinj, drejtor\u00eb t\u00eb rinj, BE, NATO, p\u00ebrsh\u00ebndetje dhe urime&#8230;Sa mir\u00eb \u00ebsht\u00eb q\u00eb Gruevski madje edhe n\u00eb Bruksel ka th\u00ebn\u00eb se do t\u00eb b\u00ebhet opozit\u00eb konstruktive. Nd\u00ebrkoh\u00eb VMRO-DPMNE n\u00eb Parlament nuk po formon grup deputet\u00ebsh. Q\u00eb do t\u00eb thot\u00eb se aq konstruktive do t\u00eb jet\u00eb opozita, saq\u00eb do t\u00eb bllokoj\u00eb gjith\u00e7ka, me secil\u00ebn nga 51 votat e deputet\u00ebve t\u00eb saj. Do t\u00eb b\u00ebj\u00eb gjith\u00e7ka q\u00eb Parlamenti t\u00eb mos filloj\u00eb t\u00eb funksionoj\u00eb. Pribe vjen me detyra p\u00ebr reforma t\u00eb r\u00ebnda, kurse vmro-vcat duan t\u00eb b\u00ebjn\u00eb \u00e7\u00ebshtje nga pushimi i lindjes. Ne akoma nuk e dim\u00eb n\u00ebse DSK na p\u00ebrgjon n\u00eb m\u00ebnyr\u00eb t\u00eb paligjshme, kurse deputet\u00ebt e Gruevskit do t\u00eb na shitkan demokraci dhe konstruktiviz\u00ebm me replika, kund\u00ebr-replika dhe sh\u00ebnime procedurale.<\/p>\n<p>Prandaj, hajde mbushni defter\u00ebt me d\u00ebshirat p\u00ebr z\u00ebnie t\u00eb funksioneve n\u00ebp\u00ebr kabinete. Rrethoni emra, b\u00ebni at\u00eb q\u00eb keni nd\u00ebrmend t\u00eb b\u00ebni dhe futjuni pun\u00ebs. Sepse Gruevski premtoi se do t\u00eb kthehet. Ju k\u00ebrkoj ndjes\u00eb, juve q\u00eb qeshni, por p\u00ebr mua kjo nuk \u00ebsht\u00eb p\u00ebr t\u00eb qeshur. Besoj se ai punon n\u00eb m\u00ebnyr\u00eb t\u00eb p\u00ebrkushtuar q\u00eb t\u00eb kthehet n\u00eb pushtet. P\u00ebr m\u00eb tep\u00ebr shohim q\u00eb VMRO-DPMNE ka edhe fuqin\u00eb edhe parat\u00eb q\u00eb ta realizoj\u00eb at\u00eb q\u00eb mendon.<\/p>\n<p>N\u00eb fakt, Gruevski gjithmon\u00eb ka lajm\u00ebruar se \u00e7far\u00eb do t\u00eb b\u00ebj\u00eb. Dhe punon sipas planit. Prandaj edhe pas t\u00eb gjitha zullumeve q\u00eb i d\u00ebgjuam n\u00ebp\u00ebr bomba, duhej t\u00eb kalonin pothuajse tre vjet q\u00eb t\u00eb binte nga qeveria. Dhe prandaj 450.000 njer\u00ebz, edhe pas gjith\u00eb asaj q\u00eb d\u00ebgjuan, p\u00ebrs\u00ebri e votuan at\u00eb.<\/p>\n<p>Por, ju q\u00eb qeshni me t\u00eb, a keni ndonj\u00eb plan se si ta pengoni nga kthimi i tij n\u00eb qeveri?<\/p>\n<p>\u00cbsht\u00eb shum\u00eb her\u00ebt p\u00ebr t\u2019u frik\u00ebsuar se zaevizmi do t\u00eb z\u00ebr\u00eb vendin e gruevizmit. Por, pes\u00eb muaj para zgjedhjeve lokale, ka rrezik q\u00eb \u00e7\u2019ke me t\u00eb q\u00eb t\u00eb kthehet gruevizmi dhe at\u00eb me Gruevskin n\u00eb krye.<\/p>\n<p><span class=\"dropcap color firstcharacter\">2<\/span> U hap debat rreth asaj se \u00e7far\u00eb duhet b\u00ebr\u00eb me p\u00ebrmendoret e Shkupit 2014 dhe me gardhin rreth Qeveris\u00eb. Personalisht, mendoj q\u00eb p\u00ebrderisa f\u00ebmij\u00ebt i sh\u00ebrojm\u00eb me sms, m\u00eb e pakta q\u00eb mund t\u00eb themi \u00ebsht\u00eb se \u00ebsht\u00eb joadekuate q\u00eb t\u00eb vendosim a t\u00eb harxhojm\u00eb p\u00ebr \u00e7okollat\u00eb apo p\u00ebr buk\u00eb.<\/p>\n<p>Por, meq\u00eb hapet muhabeti se \u00e7far\u00eb duhet b\u00ebr\u00eb me p\u00ebrmendoret, besoj q\u00eb ka edhe ide kreative, ku do t\u00eb bjer\u00eb n\u00eb pah p\u00ebrgjegj\u00ebsia e shoq\u00ebris\u00eb p\u00ebr artist\u00ebt, arkitekt\u00ebt dhe kompanit\u00eb nd\u00ebrtimore q\u00eb i harxhonin parat\u00eb e popullit p\u00ebr nd\u00ebrtimin e Shkupi 2014.<\/p>\n<p>Si, nuk ka para? Po le t\u00eb paguajn\u00eb skulptor\u00ebt. Apo nga parat\u00eb e honorar\u00ebve p\u00ebr p\u00ebrmendoret\u00a0 e tyre dononin p\u00ebrmendore t\u00eb tjera? Q\u00eb kur kan\u00eb donuar p\u00ebr vendosje, mund t\u00eb donojn\u00eb edhe p\u00ebr zhvendosje. Si l\u00ebvdoheshin kompanit\u00eb nd\u00ebrtuese se donokan? Si\u00e7 dononin p\u00ebr krane t\u00eb ndryshme, makina p\u00ebr nd\u00ebrtim, autobus\u00eb, furgon\u00eb, avion\u00eb p\u00ebr transportimin e votuesve n\u00eb zgjedhje, tani le t\u00eb donojn\u00eb edhe p\u00ebr zhvendosjen e p\u00ebrmendoreve. Mbase nuk kan\u00eb mundur t\u2019i thon\u00eb \u201cJo\u201d Gruevskit, por ja ku kan\u00eb mund\u00ebsi tani t\u00eb tregojn\u00eb me donacion t\u00eb ri se mund ta \u00e7lirojn\u00eb Shkupin nga \u201cShkupi 2014\u201d. Pasi, apo, at\u00ebher\u00eb kan\u00eb mundur ta b\u00ebjn\u00eb. Ja tani, le t\u00eb duan ta b\u00ebjn\u00eb.<\/p>\n<p>E pastaj, a nuk premtoi kryeministri Zoran Zaev se Port\u00ebs Triumfale do t\u2019i vendos\u00eb num\u00ebratore q\u00eb do t\u00eb tregoj\u00eb se si kthehen parat\u00eb e vjedhura? \u2013 \u201cHajt me sh\u00ebndet\u201d, si\u00e7 do t\u00eb thoshte Gordana Jankulloska. Por ama \u2013 jo me parat\u00eb tona.<\/p>\n<p><span class=\"dropcap color firstcharacter\">3<\/span> Edhe pse kryeministri tha se tha q\u00eb nuk ka leverdi q\u00eb t\u00eb shitet mercedesi p\u00ebr 585.000 euro, besoj se edhe p\u00ebr k\u00ebt\u00eb gj\u00eb ekzistojn\u00eb shum\u00eb zgjidhje kreative, madje edhe q\u00eb kan\u00eb leverdi.<\/p>\n<p>Zaevi tha se ajo vetur\u00eb nuk mund t\u00eb arrij\u00eb \u00e7mimin m\u00eb t\u00eb lart\u00eb se 400.000 euro. Nuk mundet, jo, por kur mercedesi shitet si vetur\u00eb. Mir\u00ebpo, n\u00ebse shitet si artefakt \u2013 at\u00ebher\u00eb ky \u00ebsht\u00eb ve\u00e7m\u00eb nj\u00eb muhabet tjet\u00ebr.<\/p>\n<p>Pse, p\u00ebr shembull, qeveria nuk e jep mercedesin n\u00eb ankand. Me gjith\u00eb g\u00ebrvishjet e macave. E atje, Zaevi ta ftoj\u00eb edhe adhururesit e Gruevskit dhe kompanit\u00eb q\u00eb kan\u00eb fituar m\u00eb s\u00eb shumti nga parat\u00eb tona p\u00ebr Shkupin 2014. Dhe \u00e7mimi fillestar p\u00ebr ankandin t\u00eb jet\u00eb 600.000 euro. Mbase mercedesi \u00ebsht\u00eb m\u00eb pak i amortizuar n\u00eb dukje, ndoshta ndonj\u00eb televizion \u00ebsht\u00eb prishur, por kjo gj\u00eb akoma m\u00eb shum\u00eb ia rrit vler\u00ebn. Ajo vetur\u00eb nuk \u00ebsht\u00eb vet\u00ebm unikat, si\u00e7 d\u00ebgjuam n\u00eb bisedat e p\u00ebrgjuara \u2013 q\u00eb di\u00e7ka t\u00eb till\u00eb nuk \u00ebsht\u00eb shitur ndonj\u00ebher\u00eb n\u00eb Evrop\u00ebn juglindore. Ajo vetur\u00eb \u00ebsht\u00eb m\u00eb tep\u00ebr se sa thjesht nj\u00eb vetur\u00eb. Biznesmen\u00ebt me parat\u00eb tona nuk blejn\u00eb vetur\u00eb t\u00eb thjesht\u00eb me \u00e7mim fillestar prej 600.000 eurove. Ajo vetur\u00eb ka vler\u00eb historike. N\u00eb t\u00eb ka udh\u00ebtuar Gurevski i tyre. Prandaj kushton m\u00eb shum\u00eb se sa \u00e7mimi p\u00ebr t\u00eb cilin e kemi bler\u00eb ne. Ajo vetur\u00eb \u00ebsht\u00eb artefakt. Simbol i nj\u00eb pjese shum\u00eb t\u00eb r\u00ebnd\u00ebsishme t\u00eb historis\u00eb s\u00eb Maqedonis\u00eb ( p\u00ebr t\u00eb cil\u00ebn shumica e votuesve shpresojn\u00eb se nuk do t\u00eb p\u00ebrs\u00ebritet.)<\/p>\n<p>Por, le t\u00eb mos i harrojm\u00eb edhe syzat \u201cmajbah\u201d q\u00eb kushtojn\u00eb disa mij\u00ebra euro. Duhet q\u00eb ta lusin Gruevskin edhe ato t\u2019ua jap\u00eb n\u00eb ankand biznesmen\u00ebve t\u00eb nj\u00ebjt\u00eb dhe adhuruesve q\u00eb do ta blejn\u00eb mercedesin. Edhe ato syza kan\u00eb vler\u00eb koleksionere. P\u00ebr to ka ADN nga djersa e ish kryeministrit. Ka dhe fotografi t\u00eb liderit se si i ka mbajtur n\u00eb plazh n\u00eb pushimet jasht\u00eb shtetit. Edhe syzat pra, jan\u00eb pjes\u00eb e t\u00ebr\u00eb historis\u00eb ( p\u00ebr t\u00eb cil\u00ebn shumica e votuesve shpresojn\u00eb se nuk do t\u00eb p\u00ebrs\u00ebritet.)<\/p>\n<p><span class=\"dropcap color firstcharacter\">4<\/span> Kryetari i K\u00ebshillit t\u00eb prokuror\u00ebve publik\u00eb, Petar Anvski tha q\u00eb Marko Zv\u00ebrlevski \u00ebsht\u00eb nj\u00eb prokuror publik i p\u00ebrkryer.<\/p>\n<p>E pam\u00eb Zv\u00ebrlevskin se si n\u00eb m\u00ebnyr\u00eb t\u00eb p\u00ebrkryer ikte nga gazetar\u00ebt n\u00eb parking. Kolegu nga \u201cMakfaks\u201d e pyet se a do t\u00eb jap\u00eb dor\u00ebheqje, nd\u00ebrsa ai vrapon me syze t\u00eb zeza n\u00ebp\u00ebr garazh\u00eb, e madje edhe do t\u00eb rr\u00ebzohej apo do t\u00eb mund t\u00eb ishte p\u00ebrplasur me der\u00ebn.<\/p>\n<p>N\u00eb qoft\u00eb se nj\u00eb prokuror publik q\u00eb duhet t\u2019i p\u00ebrndjek\u00eb kriminel\u00ebt m\u00eb t\u00eb m\u00ebdhenj, n\u00eb k\u00ebt\u00eb m\u00ebnyr\u00eb largohet nga nj\u00eb gazetar fillestar, mund t\u00eb paramendoni se si do t\u00eb ishte sjell\u00eb n\u00ebse do t\u2019i ishte telefonuar Gruevski. Me siguri q\u00eb do t\u00eb ngrihej nga karrigia. Por, ama, nga Gruevski nuk iket leht\u00eb.<\/p>\n<p><span class=\"dropcap color firstcharacter\">5<\/span> N\u00eb djall t\u00eb ven\u00eb analizat, debatet, iniciativat, historit\u00eb hetimore&#8230;Fotografit\u00eb ku duket nj\u00eb kamion i NP \u201cRrug\u00eb dhe rrugica\u201d shfaqin se si ka r\u00ebn\u00eb n\u00eb nj\u00eb grop\u00eb n\u00eb sheshin Maqedonia n\u00eb Shkup, para festimit t\u00eb fitores s\u00eb Vardarit n\u00eb gar\u00ebn p\u00ebr kampion\u00eb t\u00eb hendbollit. Nd\u00ebrsa, \u00a0kontekstin e r\u00ebnies s\u00eb kamionit nuk mund ta imagjinosh as n\u00eb nj\u00eb skenar filmi.<\/p>\n<p>Kamioni i cili ishte dhurat\u00eb i Shkupit pas t\u00ebrmetit t\u00eb vitit 1963 bie n\u00eb fontan\u00ebn me vler\u00eb prej 2.5 milion\u00eb eurosh. Fontan\u00ebn e ka b\u00ebr\u00eb kompania nd\u00ebrtuese \u201cTransmet\u201d, shefi i s\u00eb cil\u00ebs me 900.000 euro kaucion e bleu lirin\u00eb e vet. E tani nuk ka nevoj\u00eb t\u2019i jap\u00eb ato 900,000 euro.<\/p>\n<p>Ja se si Shkupi 1963 ra n\u00eb Shkupi 2014.<\/p>\n<p>&nbsp;<\/p>\n\n<div style=\"font-size: 0px; height: 0px; line-height: 0px; margin: 0; padding: 0; clear: both;\"><\/div>","protected":false},"excerpt":{"rendered":"<p>Hej, disi shum\u00eb jeni rehatuar. Dhe sikur her\u00ebt po g\u00ebzoheni&#8230; P\u00ebr pes\u00eb muaj jo t\u00eb plot\u00eb do t\u00eb ket\u00eb zgjedhje [&hellip;]<\/p>\n","protected":false},"author":1,"featured_media":184,"comment_status":"closed","ping_status":"closed","sticky":false,"template":"","format":"standard","meta":{"_mo_disable_npp":"","inline_featured_image":false},"categories":[1825],"tags":[],"imageURL":"https:\/\/sdk.mk\/wp-content\/uploads\/2015\/12\/goran-mihailovski2.jpg","thumbURL":"https:\/\/sdk.mk\/wp-content\/uploads\/2015\/12\/goran-mihailovski2-250x196.jpg","categoryNames":["DUA T\u00cb THEM"],"feature_caption":"","subtitle":"Shkupi 1963 ra n\u00eb Shkupi\u00a0","views":"5094","source":"","yoast_head":"<!-- This site is optimized with the Yoast SEO Premium plugin v15.0 - https:\/\/yoast.com\/wordpress\/plugins\/seo\/ -->\n<title>MERCEDES I KOLEKSIONIT - \u0421\u0430\u043a\u0430\u043c \u0414\u0430 \u041a\u0430\u0436\u0430\u043c<\/title>\n<meta name=\"robots\" content=\"index, follow, max-snippet:-1, max-image-preview:large, max-video-preview:-1\" \/>\n<link rel=\"canonical\" href=\"https:\/\/sdk.mk\/index.php\/dua-te-them\/mercedes-i-koleksionit\/\" \/>\n<meta property=\"og:locale\" content=\"mk_MK\" \/>\n<meta property=\"og:type\" content=\"article\" \/>\n<meta property=\"og:title\" content=\"MERCEDES I KOLEKSIONIT - \u0421\u0430\u043a\u0430\u043c \u0414\u0430 \u041a\u0430\u0436\u0430\u043c\" \/>\n<meta property=\"og:description\" content=\"Hej, disi shum\u00eb jeni rehatuar. Dhe sikur her\u00ebt po g\u00ebzoheni&#8230; P\u00ebr pes\u00eb muaj jo t\u00eb plot\u00eb do t\u00eb ket\u00eb zgjedhje [&hellip;]\" \/>\n<meta property=\"og:url\" content=\"https:\/\/sdk.mk\/index.php\/dua-te-them\/mercedes-i-koleksionit\/\" \/>\n<meta property=\"og:site_name\" content=\"\u0421\u0430\u043a\u0430\u043c \u0414\u0430 \u041a\u0430\u0436\u0430\u043c\" \/>\n<meta property=\"article:published_time\" content=\"2017-06-10T12:53:06+00:00\" \/>\n<meta property=\"og:image\" content=\"https:\/\/sdk.mk\/wp-content\/uploads\/2015\/12\/goran-mihailovski2.jpg\" \/>\n\t<meta property=\"og:image:width\" content=\"400\" \/>\n\t<meta property=\"og:image:height\" content=\"313\" \/>\n<meta property=\"fb:app_id\" content=\"2407985809428537\" \/>\n<meta name=\"twitter:card\" content=\"summary\" \/>\n<script type=\"application\/ld+json\" class=\"yoast-schema-graph\">{\"@context\":\"https:\/\/schema.org\",\"@graph\":[{\"@type\":\"WebSite\",\"@id\":\"https:\/\/sdk.mk\/#website\",\"url\":\"https:\/\/sdk.mk\/\",\"name\":\"\\u0421\\u0430\\u043a\\u0430\\u043c \\u0414\\u0430 \\u041a\\u0430\\u0436\\u0430\\u043c\",\"description\":\"\\u0417\\u0430 \\u0441\\u043b\\u043e\\u0431\\u043e\\u0434\\u043e\\u0443\\u043c\\u043d\\u0438\",\"potentialAction\":[{\"@type\":\"SearchAction\",\"target\":\"https:\/\/sdk.mk\/?s={search_term_string}\",\"query-input\":\"required name=search_term_string\"}],\"inLanguage\":\"mk-MK\"},{\"@type\":\"ImageObject\",\"@id\":\"https:\/\/sdk.mk\/index.php\/dua-te-them\/mercedes-i-koleksionit\/#primaryimage\",\"inLanguage\":\"mk-MK\",\"url\":\"https:\/\/sdk.mk\/wp-content\/uploads\/2015\/12\/goran-mihailovski2.jpg\",\"width\":400,\"height\":313},{\"@type\":\"WebPage\",\"@id\":\"https:\/\/sdk.mk\/index.php\/dua-te-them\/mercedes-i-koleksionit\/#webpage\",\"url\":\"https:\/\/sdk.mk\/index.php\/dua-te-them\/mercedes-i-koleksionit\/\",\"name\":\"MERCEDES I KOLEKSIONIT - \\u0421\\u0430\\u043a\\u0430\\u043c \\u0414\\u0430 \\u041a\\u0430\\u0436\\u0430\\u043c\",\"isPartOf\":{\"@id\":\"https:\/\/sdk.mk\/#website\"},\"primaryImageOfPage\":{\"@id\":\"https:\/\/sdk.mk\/index.php\/dua-te-them\/mercedes-i-koleksionit\/#primaryimage\"},\"datePublished\":\"2017-06-10T12:53:06+00:00\",\"dateModified\":\"2017-06-10T12:53:06+00:00\",\"author\":{\"@id\":\"https:\/\/sdk.mk\/#\/schema\/person\/be7cfa6655c47f7195bfdd0ba8144aa2\"},\"inLanguage\":\"mk-MK\",\"potentialAction\":[{\"@type\":\"ReadAction\",\"target\":[\"https:\/\/sdk.mk\/index.php\/dua-te-them\/mercedes-i-koleksionit\/\"]}]},{\"@type\":\"Person\",\"@id\":\"https:\/\/sdk.mk\/#\/schema\/person\/be7cfa6655c47f7195bfdd0ba8144aa2\",\"name\":\"\\u0413\\u043e\\u0440\\u0430\\u043d \\u041c\\u0438\\u0445\\u0430\\u0458\\u043b\\u043e\\u0432\\u0441\\u043a\\u0438\"}]}<\/script>\n<!-- \/ Yoast SEO Premium plugin. -->","_links":{"self":[{"href":"https:\/\/sdk.mk\/index.php\/wp-json\/wp\/v2\/posts\/33108"}],"collection":[{"href":"https:\/\/sdk.mk\/index.php\/wp-json\/wp\/v2\/posts"}],"about":[{"href":"https:\/\/sdk.mk\/index.php\/wp-json\/wp\/v2\/types\/post"}],"author":[{"embeddable":true,"href":"https:\/\/sdk.mk\/index.php\/wp-json\/wp\/v2\/users\/1"}],"replies":[{"embeddable":true,"href":"https:\/\/sdk.mk\/index.php\/wp-json\/wp\/v2\/comments?post=33108"}],"version-history":[{"count":0,"href":"https:\/\/sdk.mk\/index.php\/wp-json\/wp\/v2\/posts\/33108\/revisions"}],"wp:featuredmedia":[{"embeddable":true,"href":"https:\/\/sdk.mk\/index.php\/wp-json\/wp\/v2\/media\/184"}],"wp:attachment":[{"href":"https:\/\/sdk.mk\/index.php\/wp-json\/wp\/v2\/media?parent=33108"}],"wp:term":[{"taxonomy":"category","embeddable":true,"href":"https:\/\/sdk.mk\/index.php\/wp-json\/wp\/v2\/categories?post=33108"},{"taxonomy":"post_tag","embeddable":true,"href":"https:\/\/sdk.mk\/index.php\/wp-json\/wp\/v2\/tags?post=33108"}],"curies":[{"name":"wp","href":"https:\/\/api.w.org\/{rel}","templated":true}]}}