{"id":34105,"date":"2017-06-24T16:49:42","date_gmt":"2017-06-24T14:49:42","guid":{"rendered":"http:\/\/sdk.mk\/?p=34105"},"modified":"2017-06-24T16:49:42","modified_gmt":"2017-06-24T14:49:42","slug":"ali-ekspres-2","status":"publish","type":"post","link":"https:\/\/sdk.mk\/index.php\/dua-te-them\/ali-ekspres-2\/","title":{"rendered":"ALI EKSPRES"},"content":{"rendered":"<div class=\"f52428582a4b906b2d2e2a7d733c7d27\" data-index=\"7\" style=\"float: none; margin:10px 0 10px 0; text-align:center;\">\n<!-- MSP Ads Asynchronous JS Tag - Generated with Revive Adserver v5.4.1 -->\r\n<ins data-revive-zoneid=\"167\" data-revive-id=\"060fdb01f6430ec164d3519234aa4967\"><\/ins>\r\n<script async src=\"\/\/panel.ads.com.mk\/www\/delivery\/asyncjs.php\"><\/script>\n<\/div>\n<p><span class=\"dropcap color firstcharacter\">1<\/span>Zaevin e zuri mallkimi i Brankos. Ju kujtohet kur n\u00eb mesin e t\u00eb 90-ave na frik\u00ebsonte duke th\u00ebn\u00eb \u201cMos doni t\u00eb jemi si Bullgaria?\u201d. Epo ja, Bullgaria nga 1 janari i vitit t\u00eb ardh\u00ebm do t\u00eb jet\u00eb kryesues i BE. Nd\u00ebrsa kryeministri Zaev n\u00eb Sofje fliste p\u00ebr nj\u00eb far\u00eb \u201cp\u00ebrdorimi joadekuat fjal\u00ebsh n\u00eb librat shkollore q\u00eb paskan krijuar pak\u00ebnaq\u00ebsi\u201d. Dhe zbuloi se n\u00eb pllak\u00ebn p\u00ebrkujtimore n\u00eb Strumic\u00eb \u00ebsht\u00eb hequr \u201cfjala e vock\u00ebl\u201d -fashiste.<br \/>\nEpo, kryeminist\u00ebr Zaev, ajo fjal\u00eb nuk \u00ebsht\u00eb fjal\u00eb do si do. Dhe p\u00ebr t\u00eb hyr\u00eb n\u00eb BE ne mund t\u00eb fshijm\u00eb fjal\u00eb sa t\u00eb duam, por historia nuk fshihet dot. Nuk e di se sa ndjenja pak\u00ebnaq\u00ebsie jan\u00eb ato t\u00eb bullgar\u00ebve kur i vizitojn\u00eb p\u00ebrmendoret nga lufta antifashiste n\u00eb Maqedoni. Por e di q\u00eb tezen time, Mare (le t\u00eb prehet n\u00eb paqe) e kan\u00eb keqtrajtuar okupator\u00ebt bullgar\u00eb n\u00eb burgun e Manastirit sepse ajo ka qen\u00eb me forcat antifashiste. N\u00eb an\u00ebn e v\u00ebrtet\u00eb n\u00eb Luft\u00ebn e dyt\u00eb bot\u00ebrore. Me siguri bullgar\u00ebt nuk do ta kishin mbajtur n\u00eb burg deri n\u00eb vitin 1944 n\u00ebse kan\u00eb qen\u00eb t\u00eb an\u00ebs s\u00eb nj\u00ebjt\u00eb. Kurse xhaxhai im Llambe e ka \u00e7liruar Ohrin e pastaj i ka ndjekur fashist\u00ebt deri n\u00eb Srem.<\/p>\n<p>Mir\u00ebpo di edhe di\u00e7ka tjet\u00ebr. Q\u00eb k\u00ebta t\u00eb VMRO-s\u00eb q\u00eb tani i mbrojn\u00eb partizan\u00ebt nga bullgar\u00ebt, para disa vjet\u00ebsh i p\u00ebrzun\u00eb n\u00eb rrug\u00eb edhe ata pak q\u00eb ishin t\u00eb gjall\u00eb n\u00eb organizatat e tyre luft\u00ebtare. E di edhe se k\u00ebta t\u00eb VMRO-s\u00eb, q\u00eb tani shqet\u00ebsohen nga deklaratat e Zaevit, nd\u00ebrtonin kuazipallate dhe i em\u00ebronin me emra t\u00eb personave q\u00eb kan\u00eb bashk\u00ebpunuar me qeverin\u00eb e at\u00ebhershme dhe q\u00eb i kan\u00eb spiunuar ata q\u00eb b\u00ebnin rezistenc\u00eb kund\u00ebr okupatorit. Nd\u00ebrsa okupatori nuk ka qen\u00eb populli bullgar. Okupator ka qen\u00eb qeveria e at\u00ebhershme bullgare e cila ishte fashiste. Dhe nuk mund tani t\u00eb pim\u00eb nga nj\u00eb hap amnezie sepse komshinjt\u00eb at\u00ebher\u00eb kan\u00eb pasur qeveri fashiste, e cila n\u00eb vitin 1944 ka kapitulluar. Dhe ja tani, aq shum\u00eb kan\u00eb p\u00ebrparuar sa q\u00eb jan\u00eb edhe an\u00ebtar\u00eb n\u00eb BE.<br \/>\n\u00cbsht\u00eb mir\u00eb q\u00eb pajtohemi. Por f\u00ebmij\u00ebt nuk mund t\u2019i g\u00ebnjejm\u00eb.<\/p>\n<p><span class=\"dropcap color firstcharacter\">2<\/span>P\u00ebr m\u00eb tep\u00ebr, me siguri edhe gjerman\u00ebve t\u00eb sot\u00ebm u zgjohen ndjenja pak\u00ebnaq\u00ebsie kur i kujtojn\u00eb llogoret e vdekjes dhe p\u00ebrmendoret e luft\u00ebs antifashiste n\u00eb t\u00ebr\u00eb Evrop\u00ebn. Por nuk kam d\u00ebgjuar t\u00eb ken\u00eb v\u00ebn\u00eb veto p\u00ebr hyrje n\u00eb BE ndonj\u00eb shteti, sepse ai nuk ka dashur t\u2019i ndryshoj\u00eb faktet historike. Pasi, nj\u00eb Gjermani moderne e cila si nj\u00eb lokomotiv\u00eb e t\u00ebrheq t\u00ebr\u00eb Evrop\u00ebn, nuk e ka problem t\u00eb p\u00ebrballet me t\u00eb kaluar\u00ebn e hidhur, nd\u00ebrsa politikania m\u00eb e fuqishme n\u00eb bot\u00eb, Angela Merkel nuk harron q\u00eb n\u00eb raste t\u00eb ndryshme t\u00eb k\u00ebrkoj\u00eb falje p\u00ebr t\u00eb gjitha keqb\u00ebrjet e Gjermanis\u00eb s\u00eb Hitlerit n\u00eb t\u00eb kaluar\u00ebn.<\/p>\n<p>Kurse sa i p\u00ebrket festimit t\u00eb festave t\u00eb p\u00ebrbashk\u00ebta, ne mundemi edhe 11 Tetorin ta festojm\u00eb s\u00eb bashku. Ve\u00e7 kam frik\u00eb se do t\u00eb zihemi. Pasi VMRO-DPMNE do t\u00eb festoj\u00eb n\u00eb Prilep, kurse LSDM n\u00eb Kumanov\u00eb. E Bojko Borisov nuk do t\u00eb dij\u00eb ku t\u00eb vij\u00eb.<br \/>\n<span class=\"dropcap color firstcharacter\">3<\/span>Hajde tani \u2013 mjaft me histori. Meq\u00eb, prej kaq shum\u00eb historie t\u00eb Ballkanit qe 26 vjet, kok\u00eb nuk mund t\u00eb ngrem\u00eb. Por ama, mjaft edhe me futjen e gj\u00ebrave t\u00eb pista n\u00ebn qilim. Se kur do t\u00eb duhet t\u00eb pastrohet ai qilim, do t\u00eb fluturojn\u00eb mbeturinat nga t\u00eb gjitha an\u00ebt.<br \/>\nP\u00ebr k\u00ebt\u00eb, n\u00ebse tashm\u00eb SHBA dhe BE i kan\u00eb dh\u00ebn\u00eb detyr\u00eb qeveris\u00eb s\u00eb Zaevit q\u00eb p\u00ebrfundimisht t\u00eb mos i fus\u00eb gj\u00ebrat e pista n\u00ebn qilim, \u00ebsht\u00eb e rendit q\u00eb t\u00eb ndihmojn\u00eb n\u00eb pastrimin gjeneral. Sepse e kan\u00eb par\u00eb. Q\u00eb kur kemi filluar vet\u00eb t\u00eb zihemi mes vete \u2013 bllokohemi n\u00eb histori.<\/p>\n<p>Le t\u00eb mos na l\u00ebn\u00eb t\u2019i zgjidhim detyrat vet\u00eb. E le t\u00eb mos ia l\u00ebn\u00eb vet\u00ebm Borisovit dhe Ciprasit t\u00eb na e zgjidhin fatin. Le t\u2019iu b\u00ebjn\u00eb presion edhe atyre. Pasi 26 vjet ata i b\u00ebjn\u00eb presion Maqedonis\u00eb dhe ja ku kemi ngecur. N\u00eb d\u00ebmin ton\u00eb, por edhe n\u00eb d\u00ebmin e tyre.<\/p>\n<p><span class=\"dropcap color firstcharacter\">4<\/span>Para disa dit\u00ebsh publikuam nj\u00eb hulumtim se 445.000 njer\u00ebz n\u00eb Maqedoni mund t\u2019ia lejojn\u00eb vetes nj\u00eb porcion ditor. Nj\u00eb lexuese e rregullt e shp\u00ebrndau tekstin n\u00eb FB duke shtuar komentin: \u201cA be Mile, mos jan\u00eb shum\u00eb?\u201d<br \/>\nDhe k\u00ebshtu disi, p\u00ebrfundon diskutimi mbi historin\u00eb dhe patriotizmin. K\u00ebtu p\u00ebrfundon edhe historia p\u00ebr pasaportat bullgare t\u00eb cilat bashk\u00ebqytetar\u00ebt tan\u00eb i mor\u00ebn, jo sepse ndjehen Bullgar\u00eb, por q\u00eb t\u00eb mund t\u00eb sigurojn\u00eb nj\u00eb jet\u00eb t\u00eb denj\u00eb si gjerman\u00ebt, zviceran\u00ebt e holandez\u00ebt. T\u00eb mund t\u00eb sigurojn\u00eb, jo vet\u00ebm ushqim, por jetes\u00eb t\u00eb v\u00ebrtet\u00eb.<\/p>\n<p>K\u00ebshtu disi fillon edhe historia q\u00eb n\u00eb vitin 2017 nga Shkupi deri n\u00eb Sofje, 200 kilometra kalohen p\u00ebr plot 5 or\u00eb, nd\u00ebrsa rruga ngjan me rrug\u00ebt q\u00eb ka kaluar Goce Dell\u00e7evi me karroc\u00eb para m\u00eb shum\u00eb se nj\u00eb shekulli. K\u00ebtu rikthehen fotografit\u00eb e trishtueshme t\u00eb kufirit m\u00eb t\u00eb mjeruesh\u00ebm n\u00eb Evrop\u00eb, Deve Bair, ku ndjehesh i n\u00ebn\u00e7muar nga t\u00eb dyja an\u00ebt e ramp\u00ebs. Hekurudh\u00eb mes Shkupit dhe Selanikut ka pasur q\u00eb nga viti 1873, dhe 150 vjet m\u00eb von\u00eb n\u00ebp\u00ebr po at\u00eb hekurudh\u00eb nuk kalojn\u00eb as edhe dy trena n\u00eb dit\u00eb\u2026<br \/>\nMos duhet akoma t\u00eb num\u00ebrojm\u00eb se \u00e7far\u00eb na mungon n\u00eb t\u00eb tashmen kur flasim p\u00ebr t\u00eb kaluar\u00ebn? E n\u00ebse ve\u00e7m\u00eb i kthehemi historis\u00eb, le t\u00eb kthehemi vet\u00ebm disa muaj pas. T\u00eb p\u00ebrkujtohemi se nj\u00eb pjes\u00eb e patriot\u00ebve maqedonas q\u00eb nuk e japin emrin, e q\u00eb me pasaporta bullgare blen\u00eb prona n\u00eb Halkidiki, n\u00eb fillim na frik\u00ebsonin me platform\u00ebn tiranase, e tani me platform\u00eb t\u00eb Sofjes. Nd\u00ebrsa nj\u00ebkoh\u00ebsisht, n\u00eb 27 prill, na p\u00ebrgatisnin platform\u00eb t\u00eb Beogradit sipas skenarit t\u00eb Mosk\u00ebs. E m\u00eb pas ik\u00ebn n\u00eb pushim parasezonal n\u00eb Greqi, pasi iu kishin v\u00ebn\u00eb let\u00ebr ngjit\u00ebse mbi xhipa. E, teksa d\u00ebgjojn\u00eb Cec\u00ebn duke iu afruar fush\u00ebs s\u00eb Selanikut, me ngjit\u00ebse mbi regjistrimin e Maqedonis\u00eb, sa shum\u00eb nervozohen se pse \u201cky Zaevi e shet dhe e shkat\u00ebrron Maqedonin\u00eb.\u201d<\/p>\n<p><span class=\"dropcap color firstcharacter\">5<\/span>Dhe k\u00ebshtu, t\u00eb st\u00ebremocionuar nga temat historike, patriot\u00ebt harruan t\u00eb shqet\u00ebsohen se edhe pse i kan\u00eb l\u00ebshuar nga llogaria 500 milion\u00eb dollar p\u00ebr nd\u00ebrtim t\u00eb dy autostradave, pun\u00ebt nd\u00ebrtimore jan\u00eb ndaluar pasi kompania kineze te pjesa e Ohrit e ka gabuar tras\u00ebn, nd\u00ebrsa tek pjesa q\u00eb \u00e7on drejt Shtipit qeveria e Maqedonis\u00eb nuk u ka zgjidhur \u00e7\u00ebshtjet pron\u00ebsore dhe ligjore.<\/p>\n<p>Mos \u00ebsht\u00eb shum\u00eb?<br \/>\nE pastaj, shko dhe besoju q\u00eb koncesionar\u00ebt q\u00eb hetojn\u00eb e hapin miniera n\u00ebp\u00ebr Maqedonin\u00eb lindore paskan pasur elaborate p\u00ebr standardet ekologjike. Dhe i bindin edhe qytetar\u00ebt q\u00eb organizojn\u00eb referendum kund\u00ebr minierave se k\u00ebt\u00eb e b\u00ebjn\u00eb prej nga kaprici. Qeveria e Gruevskit ka dh\u00ebn\u00eb koncesione p\u00ebr hetimin e minierave n\u00eb 22 komuna t\u00eb Maqedonis\u00eb lindore. Epo, n\u00ebse p\u00ebrkujdesjen e premtuar ndaj eko standardeve t\u00eb investitor\u00ebve e kan\u00eb t\u00eb nj\u00ebjt\u00eb si p\u00ebrkujdesjen e treguar ndaj trasave t\u00eb autosrad\u00ebs, Gruevski dhe e gjith\u00eb klika rreth tij duhet t\u00eb jetojn\u00eb me d\u00ebnim n\u00eb Maqedonin\u00eb lindore dhe t\u00eb mos l\u00ebvizin q\u00eb aty as p\u00ebr t\u00eb kaluar kufirin p\u00ebr n\u00eb Bullgari.<br \/>\nPo ne paskemi pasur fat q\u00eb nuk e kan\u00eb zhvilluar edhe at\u00eb program nuklear me kuadrot e tyre patriotike, t\u00eb cilat i d\u00ebgjuam n\u00eb telefonatat. Apo, ndoshta e kan\u00eb zhvilluar?<\/p>\n<p><span class=\"dropcap color firstcharacter\">6<\/span>Dhe k\u00ebshtu pra, t\u00eb st\u00ebremocionuar prej temave historike, nuk vum\u00eb re q\u00eb, nd\u00ebrkoh\u00eb q\u00eb VMRO-DPMNE b\u00ebnte ujdi p\u00ebr transfer t\u00eb qet\u00eb t\u00eb qeveris\u00eb, ata b\u00ebnin sabotazhe se ku do t\u00eb arrijn\u00eb dhe \u00e7far\u00eb. Dhe dy muaj para superkup\u00ebs n\u00eb Shkup mes Realit dhe Man\u00e7esterit, UEFA i dha Qeveris\u00eb raport me 18 v\u00ebrejtje. Mes tyre q\u00ebndron se nuk ka nj\u00eb plan t\u00eb plot\u00eb dhe t\u00eb detajuar p\u00ebr evakuimin e stadionit.<br \/>\nA nuk ju duket sabotazh\u00eb?<\/p>\n<p><span class=\"dropcap color firstcharacter\">7<\/span>K\u00ebshtu pra, t\u00eb st\u00ebremocionuar nga temat historike, nuk u shqet\u00ebsuam se sh\u00ebndet\u00ebsia m\u00eb e mir\u00eb n\u00eb bot\u00eb nuk ka paguar ujin. Faturat e ujit n\u00eb Qendr\u00ebn klinike n\u00eb Shkup nuk jan\u00eb paguar tre vjet\u00ebt e fundit.<br \/>\nVet\u00ebm disa dit\u00eb para p\u00ebrzgjedhjes s\u00eb qeveris\u00eb s\u00eb re, ish ministri i sh\u00ebndet\u00ebsis\u00eb Nikolla Todorovi n\u00eb prani t\u00eb liderit t\u00eb VMRO-DPMNE-s\u00eb, Nikolla Gruevski, n\u00ebnshkroi marr\u00ebveshje p\u00ebr nd\u00ebrtimin e Qendr\u00ebs s\u00eb re klinike me vler\u00eb prej 72 milion\u00eb eurove.<\/p>\n<p>Po ajo qend\u00ebr klinike, po ai minist\u00ebr Todorov, bashk\u00eb me Nikolla Gruevskin, i cili at\u00ebher\u00eb ishte kryeminist\u00ebr, e lajm\u00ebroi dhe me demek i filloi aktivitetet nd\u00ebrtimore q\u00eb nga 2 janari, 2014.<br \/>\nDo t\u00eb thot\u00eb q\u00eb Todorovi ka pushuar s\u00eb paguari faturat p\u00ebraf\u00ebrsisht n\u00eb koh\u00ebn kur bashk\u00eb me Gruevskin e lajm\u00ebruan Qendr\u00ebn e re klinike. P\u00ebr shkak t\u00eb hyrjes n\u00eb ciklin investitor, Todorovi ka vendosur t\u00eb shkurtoj\u00eb shpenzimet joproduktive. Si\u00e7 \u00ebsht\u00eb uji i spitalit.<\/p>\n<p><span class=\"dropcap color firstcharacter\">8<\/span>Dhe k\u00ebshtu, t\u00eb st\u00ebremocionuar nga temat historike, kuptuam edhe q\u00eb nga testimi ekstern m\u00eb s\u00eb shumti qar ka pasur firma kompjuterike. Kan\u00eb pasur qar prej 800.000 eurosh p\u00ebr mir\u00ebmbajtjen e softuerit. Me siguri ato rroga i kan\u00eb siguruar nga d\u00ebnimet e arsimtar\u00ebve. Pasi lot\u00ebt e f\u00ebmij\u00ebve t\u00eb malltretuar nuk kan\u00eb \u00e7mim.<br \/>\nMir\u00eb q\u00eb firmat i pagonim nga buxheti, por qeveria e Gruevskit edhe i d\u00ebnonte arsimtar\u00ebt nga rrogat e tyre t\u00eb mjerueshme, i malltroronte nx\u00ebn\u00ebsit kurse prind\u00ebrit i mbante n\u00eb stres. Pse? P\u00ebr shkak se qeveria e VMRO-DPMNE-s\u00eb shpikte projekte q\u00eb firmat e tyre t\u00eb marrin tender\u00eb shtet\u00ebror\u00eb. E aktronin se gjoja do ta kontrollojn\u00eb cil\u00ebsnin\u00eb e arsimit.<\/p>\n<p>Dhe t\u00eb nj\u00ebjt\u00ebt drejtor\u00eb q\u00eb e ndalonin grev\u00ebn e arsimtar\u00ebve dhe i mbyllnin gjimnazist\u00ebt, le t\u00eb votojn\u00eb p\u00ebrs\u00ebri p\u00ebr VMRO-DPMNE-\u00eb. E le t\u2019i num\u00ebrojn\u00eb n\u00ebp\u00ebr tubime. E le t\u00eb jen\u00eb tv\u00ebrdokorni e ta zaptojn\u00eb Parlamentin. E le t\u00eb frik\u00ebsohen q\u00eb Zaevi do t\u2019i ndryshoj\u00eb librat shkollor\u00eb dhe se do t\u00eb paguajn\u00eb nga 5.000 euro n\u00eb qoft\u00eb se nuk din\u00eb shqip.<\/p>\n<p><em>P\u00ebrktheu: Fjolla Zllatku<\/em><\/p>\n\n<div style=\"font-size: 0px; height: 0px; line-height: 0px; margin: 0; padding: 0; clear: both;\"><\/div>","protected":false},"excerpt":{"rendered":"<p>Zaevin e zuri mallkimi i Brankos. Ju kujtohet kur n\u00eb mesin e t\u00eb 90-ave na frik\u00ebsonte duke th\u00ebn\u00eb \u201cMos doni [&hellip;]<\/p>\n","protected":false},"author":9,"featured_media":184,"comment_status":"closed","ping_status":"closed","sticky":false,"template":"","format":"standard","meta":{"_mo_disable_npp":"","inline_featured_image":false},"categories":[1825],"tags":[],"imageURL":"https:\/\/sdk.mk\/wp-content\/uploads\/2015\/12\/goran-mihailovski2.jpg","thumbURL":"https:\/\/sdk.mk\/wp-content\/uploads\/2015\/12\/goran-mihailovski2-250x196.jpg","categoryNames":["DUA T\u00cb THEM"],"feature_caption":"","subtitle":" Fest\u00ebn do ta festojm\u00eb s\u00eb bashku. Dhe fashizmin, le t\u00eb mos e harrojm\u00eb.","views":"6816","source":"","yoast_head":"<!-- This site is optimized with the Yoast SEO Premium plugin v15.0 - https:\/\/yoast.com\/wordpress\/plugins\/seo\/ -->\n<title>ALI EKSPRES - \u0421\u0430\u043a\u0430\u043c \u0414\u0430 \u041a\u0430\u0436\u0430\u043c<\/title>\n<meta name=\"robots\" content=\"index, follow, max-snippet:-1, max-image-preview:large, max-video-preview:-1\" \/>\n<link rel=\"canonical\" href=\"https:\/\/sdk.mk\/index.php\/dua-te-them\/ali-ekspres-2\/\" \/>\n<meta property=\"og:locale\" content=\"mk_MK\" \/>\n<meta property=\"og:type\" content=\"article\" \/>\n<meta property=\"og:title\" content=\"ALI EKSPRES - \u0421\u0430\u043a\u0430\u043c \u0414\u0430 \u041a\u0430\u0436\u0430\u043c\" \/>\n<meta property=\"og:description\" content=\"Zaevin e zuri mallkimi i Brankos. Ju kujtohet kur n\u00eb mesin e t\u00eb 90-ave na frik\u00ebsonte duke th\u00ebn\u00eb \u201cMos doni [&hellip;]\" \/>\n<meta property=\"og:url\" content=\"https:\/\/sdk.mk\/index.php\/dua-te-them\/ali-ekspres-2\/\" \/>\n<meta property=\"og:site_name\" content=\"\u0421\u0430\u043a\u0430\u043c \u0414\u0430 \u041a\u0430\u0436\u0430\u043c\" \/>\n<meta property=\"article:published_time\" content=\"2017-06-24T14:49:42+00:00\" \/>\n<meta property=\"og:image\" content=\"https:\/\/sdk.mk\/wp-content\/uploads\/2015\/12\/goran-mihailovski2.jpg\" \/>\n\t<meta property=\"og:image:width\" content=\"400\" \/>\n\t<meta property=\"og:image:height\" content=\"313\" \/>\n<meta property=\"fb:app_id\" content=\"2407985809428537\" \/>\n<meta name=\"twitter:card\" content=\"summary\" \/>\n<script type=\"application\/ld+json\" class=\"yoast-schema-graph\">{\"@context\":\"https:\/\/schema.org\",\"@graph\":[{\"@type\":\"WebSite\",\"@id\":\"https:\/\/sdk.mk\/#website\",\"url\":\"https:\/\/sdk.mk\/\",\"name\":\"\\u0421\\u0430\\u043a\\u0430\\u043c \\u0414\\u0430 \\u041a\\u0430\\u0436\\u0430\\u043c\",\"description\":\"\\u0417\\u0430 \\u0441\\u043b\\u043e\\u0431\\u043e\\u0434\\u043e\\u0443\\u043c\\u043d\\u0438\",\"potentialAction\":[{\"@type\":\"SearchAction\",\"target\":\"https:\/\/sdk.mk\/?s={search_term_string}\",\"query-input\":\"required name=search_term_string\"}],\"inLanguage\":\"mk-MK\"},{\"@type\":\"ImageObject\",\"@id\":\"https:\/\/sdk.mk\/index.php\/dua-te-them\/ali-ekspres-2\/#primaryimage\",\"inLanguage\":\"mk-MK\",\"url\":\"https:\/\/sdk.mk\/wp-content\/uploads\/2015\/12\/goran-mihailovski2.jpg\",\"width\":400,\"height\":313},{\"@type\":\"WebPage\",\"@id\":\"https:\/\/sdk.mk\/index.php\/dua-te-them\/ali-ekspres-2\/#webpage\",\"url\":\"https:\/\/sdk.mk\/index.php\/dua-te-them\/ali-ekspres-2\/\",\"name\":\"ALI EKSPRES - \\u0421\\u0430\\u043a\\u0430\\u043c \\u0414\\u0430 \\u041a\\u0430\\u0436\\u0430\\u043c\",\"isPartOf\":{\"@id\":\"https:\/\/sdk.mk\/#website\"},\"primaryImageOfPage\":{\"@id\":\"https:\/\/sdk.mk\/index.php\/dua-te-them\/ali-ekspres-2\/#primaryimage\"},\"datePublished\":\"2017-06-24T14:49:42+00:00\",\"dateModified\":\"2017-06-24T14:49:42+00:00\",\"author\":{\"@id\":\"https:\/\/sdk.mk\/#\/schema\/person\/3e8217f71bc38bd7c592f30c69e10e5a\"},\"inLanguage\":\"mk-MK\",\"potentialAction\":[{\"@type\":\"ReadAction\",\"target\":[\"https:\/\/sdk.mk\/index.php\/dua-te-them\/ali-ekspres-2\/\"]}]},{\"@type\":\"Person\",\"@id\":\"https:\/\/sdk.mk\/#\/schema\/person\/3e8217f71bc38bd7c592f30c69e10e5a\",\"name\":\"\\u041c\\u0438\\u0440\\u043e\\u0441\\u043b\\u0430\\u0432 \\u0418\\u043b\\u0438\\u043e\\u0441\\u043a\\u0438\"}]}<\/script>\n<!-- \/ Yoast SEO Premium plugin. -->","_links":{"self":[{"href":"https:\/\/sdk.mk\/index.php\/wp-json\/wp\/v2\/posts\/34105"}],"collection":[{"href":"https:\/\/sdk.mk\/index.php\/wp-json\/wp\/v2\/posts"}],"about":[{"href":"https:\/\/sdk.mk\/index.php\/wp-json\/wp\/v2\/types\/post"}],"author":[{"embeddable":true,"href":"https:\/\/sdk.mk\/index.php\/wp-json\/wp\/v2\/users\/9"}],"replies":[{"embeddable":true,"href":"https:\/\/sdk.mk\/index.php\/wp-json\/wp\/v2\/comments?post=34105"}],"version-history":[{"count":0,"href":"https:\/\/sdk.mk\/index.php\/wp-json\/wp\/v2\/posts\/34105\/revisions"}],"wp:featuredmedia":[{"embeddable":true,"href":"https:\/\/sdk.mk\/index.php\/wp-json\/wp\/v2\/media\/184"}],"wp:attachment":[{"href":"https:\/\/sdk.mk\/index.php\/wp-json\/wp\/v2\/media?parent=34105"}],"wp:term":[{"taxonomy":"category","embeddable":true,"href":"https:\/\/sdk.mk\/index.php\/wp-json\/wp\/v2\/categories?post=34105"},{"taxonomy":"post_tag","embeddable":true,"href":"https:\/\/sdk.mk\/index.php\/wp-json\/wp\/v2\/tags?post=34105"}],"curies":[{"name":"wp","href":"https:\/\/api.w.org\/{rel}","templated":true}]}}