{"id":35053,"date":"2017-07-08T19:10:30","date_gmt":"2017-07-08T17:10:30","guid":{"rendered":"http:\/\/sdk.mk\/?p=35053"},"modified":"2017-07-08T19:10:30","modified_gmt":"2017-07-08T17:10:30","slug":"para-dhe-pas","status":"publish","type":"post","link":"https:\/\/sdk.mk\/index.php\/dua-te-them\/para-dhe-pas\/","title":{"rendered":"PARA DHE PAS"},"content":{"rendered":"<div class=\"f52428582a4b906b2d2e2a7d733c7d27\" data-index=\"7\" style=\"float: none; margin:10px 0 10px 0; text-align:center;\">\n<!-- MSP Ads Asynchronous JS Tag - Generated with Revive Adserver v5.4.1 -->\r\n<ins data-revive-zoneid=\"167\" data-revive-id=\"060fdb01f6430ec164d3519234aa4967\"><\/ins>\r\n<script async src=\"\/\/panel.ads.com.mk\/www\/delivery\/asyncjs.php\"><\/script>\n<\/div>\n<p><span class=\"dropcap color firstcharacter\">1<\/span>Si\u00e7 kan\u00eb filluar ta mbrojn\u00eb prokurorin shtet\u00ebror Marko Zv\u00ebrlevski nga shkarkimi, deputet\u00ebt e VMRO-DPMNE-s\u00eb as emrin aq shum\u00eb nuk do ta mbrojn\u00eb. Ore, l\u00ebre emrin. Por, me formimin e dhjet\u00eb grupeve paralmentare p\u00ebr bllokimin e Parlamentit, ata edhe Talat Xhaferin e pranuan si kryetar.<br \/>\nAt\u00eb q\u00eb kurr\u00eb nuk keni mundur as ta imagjinoni, mu at\u00eb do ta shpik\u00eb kreu i VMRO-DPMNE-s\u00eb. E v\u00ebrtetuar. Nga veshja e t\u00ebr\u00eb qendr\u00ebs s\u00eb nj\u00eb qyteti me barok stiropori, n\u00ebp\u00ebrmjet palmave dhe plazhe mediterane n\u00eb nj\u00eb shtet pa det, e m\u00eb pas deri tek dhjet\u00eb grupet parlamentare p\u00ebr \u201cp\u00ebrparim t\u00eb demokracis\u00eb\u201d. Gj\u00eb q\u00eb \u00ebsht\u00eb vet\u00ebm vazhdim i sistemit \u201cp\u00ebr\u201d dhe \u201ckund\u00ebr\u201d. E tani n\u00eb Parlament do t\u00eb kemi disa grupe parlamentare t\u00eb VMRO-s\u00eb dhe disa kund\u00ebrgrupe parlamentare t\u00eb VMRO-s\u00eb. N\u00eb pafund varianta dhe kombinime, n\u00eb var\u00ebsi nga tema e bised\u00ebs.<br \/>\nP\u00ebr shembull, do t\u00eb kishte qen\u00eb shum\u00eb interesant t\u00eb ndiqet z\u00ebnka at\u00ebher\u00eb kur K\u00ebrste Mukoski nga nj\u00eb grup parlamentar do t\u2019i b\u00ebj\u00eb replik\u00eb Sasho Vasilevskit nga grupi tjet\u00ebr parlamentar. E do t\u00eb hidh\u00ebrohen se kush m\u00eb shum\u00eb e ka hapur der\u00ebn e Parlamentit apo i ka rrahur deputet\u00ebt m\u00eb 27 prill. Dhe kush \u00ebsht\u00eb fajtor q\u00eb Zaevi dhe Sela nuk u vran\u00eb.<br \/>\n<span class=\"dropcap color firstcharacter\">2<\/span>At\u00eb q\u00eb b\u00ebn VMRO-DPMNE me 10 grupet parlamentare p\u00ebr ta zvarritur bised\u00ebn n\u00ebp\u00ebr t\u00eb gjitha temat deri n\u00eb pafund\u00ebsi \u00ebsht\u00eb gj\u00eb legale. Por, tani po flasim p\u00ebr nd\u00ebrrimin e prokurorit publik, i cili aq shum\u00eb nuk e kryente pun\u00ebn e vet, saq\u00eb duheshin t\u00eb huajt t\u2019i ndihmojn\u00eb q\u00eb t\u00eb zgjedh\u00eb prokurori speciale e cila do t\u2019i hetoj\u00eb krimet nga bisedat e p\u00ebrgjuara. Atp biseda, t\u00eb cilat t\u00eb gjith\u00eb i d\u00ebgjuam, nd\u00ebrsa Zv\u00ebrlevski nuk kishte d\u00ebshir\u00eb t\u2019i d\u00ebgjoj\u00eb.<br \/>\nKjo, t\u00eb jet\u00eb vall\u00eb rruga drejt BE-s\u00eb dhe NATO-s, p\u00ebr t\u00eb cil\u00ebn akoma po na p\u00ebrrallos partia me num\u00ebr m\u00eb t\u00eb madh deputet\u00ebsh n\u00eb Parlament? Epo, bashk\u00ebsin\u00eb nd\u00ebrkomb\u00ebtare lideri Nikolla Gruevski akoma e konsideron si faktor p\u00ebr demokratizim. Dhe ia b\u00ebjn\u00eb qejfin. Shkojn\u00eb te kabineti i tij dhe pastaj lajm\u00ebrojn\u00eb se ai do t\u00eb jet\u00eb opozit\u00eb konstruktive. Kurse ai vet\u00eb tha q\u00eb VMRO-DPMNE ka p\u00ebrfunduar me konstruktivitetin. \u00c7far\u00eb k\u00ebrkojn\u00eb nga ai? Vall\u00eb, i japin force q\u00eb ta mbrojn\u00eb q\u00eb t\u00eb mos shkoj\u00eb n\u00eb burg?<br \/>\n<span class=\"dropcap color firstcharacter\">3<\/span>Gjermania ka dhuruar dy bilborda ekologjik\u00eb n\u00eb Shkup dhe Tetov\u00eb. Me gjith\u00eb sistemin e ujitjes dhe bim\u00ebt e ve\u00e7anta q\u00eb e pastrojn\u00eb ajrin. Tatimpaguesit gjerman\u00eb kan\u00eb ndar\u00eb nga xhepi i tyre 50.000 euro p\u00ebr Maqedonin\u00eb. Nd\u00ebrsa pushteti lokal n\u00eb Shkup dhe Tetov\u00eb \u00ebsht\u00eb dashur bilbordin ta ujis\u00eb vet\u00ebm nj\u00eb her\u00eb n\u00eb jav\u00eb. E ata nuk e kan\u00eb ujitur. K\u00ebshtu bilbordi \u00ebsht\u00eb thar\u00eb.<\/p>\n<p>Kjo \u00ebsht\u00eb nj\u00ebsoj si shum\u00eb pun\u00eb t\u00eb tjera n\u00eb shtet. Suedez\u00ebt e pastronin tok\u00ebn rreth Vardarit prej mbeturinave n\u00eb Shkup, holandez\u00ebt pastronin n\u00eb Mavrov\u00eb, japonez\u00ebt po na nd\u00ebrtojn\u00eb uj\u00ebvara n\u00eb \u00e7do fshat, Amerikan\u00ebt na e mbrojn\u00eb pasurin\u00eb kulturore, britanez\u00ebt po na i rregullojn\u00eb shkollat, nd\u00ebrsa zviceran\u00ebt na nd\u00ebrtojn\u00eb kanalizime\u2026<br \/>\nMe siguri e nj\u00ebjta gj\u00eb ka ndodhur edhe me sistemin p\u00ebr shp\u00ebrndarje elektornite t\u00eb l\u00ebnd\u00ebve gjyq\u00ebsore t\u00eb gjykat\u00ebsit. Amerikan\u00ebt na e kan\u00eb paguar sistemin, nd\u00ebrsa autoritetet gjyq\u00ebsore na kan\u00eb paguar p\u00ebr mir\u00ebmbajtjen e tij. E p\u00ebr k\u00ebt\u00eb, u \u00ebsht\u00eb dashur t\u00eb punojn\u00eb n\u00eb sistemim e defter\u00ebve t\u00eb Goces.<br \/>\nTe ne m\u00eb s\u00eb miri funksionon sistemi p\u00ebr shkat\u00ebrrimin e sistemeve. Ata m\u00eb s\u00eb miri do t\u00eb t\u00eb ndihmojn\u00eb q\u00eb t\u00eb b\u00ebsh di\u00e7ka, nd\u00ebrsa ti do ta shemb\u00ebsh. Do t\u00eb t\u00eb japin para q\u00eb ta rregullosh shtetin, nd\u00ebrsa ti do ta vjedh\u00ebsh, si t\u00eb ishte p\u00ebr nj\u00eb p\u00ebrdorim.<br \/>\nNd\u00ebrsa VMRO-DPMNE e akuzoi LSDM-n\u00eb se nuk po nd\u00ebrmerr asgj\u00eb q\u00eb t\u2019i menaxhoj\u00eb termetet n\u00eb Oh\u00ebr. Dhe q\u00eb nuk mund t\u00eb lejoj\u00eb q\u00eb shteti t\u00eb partizohet dhe t\u00eb kriminalizohet.<br \/>\nSi p\u00ebrfundim: Vet\u00ebm VMRO-DPMNE guxon ta partizoj\u00eb dhe kriminalizoj\u00eb shtetin.<br \/>\nDhe pas VMRO-DPMNE-s\u00eb kan\u00eb b\u00ebr\u00eb 10 grupe deputet\u00ebsh. Epo \u2013 10! Mile, mos jan\u00eb shum\u00eb?<br \/>\n<span class=\"dropcap color firstcharacter\">4<\/span>Si duket, kur qeveria e re ka hyr\u00eb n\u00eb Qeveri ka k\u00ebrkuar n\u00ebp\u00ebr sirtar\u00ebt e Martin Protogjerit dhe Ilija Dimovskit, dhe disave prej tyre shum\u00eb u kan\u00eb p\u00eblqyer udh\u00ebzimet p\u00ebr propaganda. E, krahas faktit q\u00eb drejtor\u00ebt e VMRO-DPMNE-s\u00eb vazhdojn\u00eb ta realizojn\u00eb shumic\u00ebn qeveris\u00ebse, akoma nuk e kan\u00eb marr\u00eb pushtetin n\u00eb dor\u00eb t\u00eb tyre. Qeveria e Zoran Zaevit gj\u00ebja e par\u00eb q\u00eb vendosi t\u00eb b\u00ebnte ishte q\u00eb propagand\u00ebs s\u00eb VMRO-DPMNE-s\u00eb t\u2019ia kthej\u00eb me kund\u00ebrpropagand\u00eb. \u00c7far\u00eb \u00ebsht\u00eb kjo \u201cMir\u00ebdita Taravari\u201d? Z\u00ebvend\u00ebsim p\u00ebr \u201cAlo doktor\u201d? Me gjith\u00eb respekt p\u00ebr vullnetin e ministrit p\u00ebr t\u00eb qen\u00eb i disponuesh\u00ebm, un\u00eb nuk dua t\u2019i lajm\u00ebrohem ministrit n\u00ebse nuk ka insulin\u00eb. Un\u00eb pres nga ministri q\u00eb t\u00eb nd\u00ebrtoj\u00eb nj\u00eb sistem n\u00eb t\u00eb cilin zgjidhja e nevojave t\u00eb mia si qytetar nuk do t\u00eb varet nga fjala e nj\u00eb njeriu. Pasi, e pam\u00eb edhe Gruevskin se si i siguroi ila\u00e7 kund\u00ebr kancerit nj\u00eb banori t\u00eb Ohrit n\u00eb nj\u00eb sh\u00ebtitja parazgjedhore.<br \/>\n\u00c7\u2019\u00ebsht\u00eb ai videospot si reklam\u00eb p\u00ebr t\u2019u dob\u00ebsuar. \u201cPara dhe pas\u201d e sekretarit general t\u00eb Qeveris\u00eb s\u00eb Dragi Rashovskit? Ku ai paraqitet si t\u00eb ishte Anxhelina Xholi, q\u00eb t\u00eb tregoj\u00eb se si e ka pastruar garazh\u00ebn e nd\u00ebrtes\u00ebs s\u00eb qeveris\u00eb. Nga dikush me dy doktorate dhe tre magjistratura nuk prita q\u00eb t\u00eb m\u00eb lav\u00ebdrohet se di t\u00eb rregulloj\u00eb garazhe. N\u00ebse e mbaron pun\u00ebn p\u00ebr t\u00eb cil\u00ebn je paguar, nuk t\u00eb duhet video q\u00eb t\u00eb lavd\u00ebrohesh.<\/p>\n<p>Apo, cili \u00ebsht\u00eb ai tentim i shoq\u00ebruesve t\u00eb Zaevit n\u00eb Od\u00ebn ekonomike, q\u00eb gazetar\u00ebve t\u00eb cil\u00ebt paraprakisht i kan\u00eb thirr\u00eb q\u00eb ta fotografojn\u00eb ngjarjen, t\u2019ua ndalojn\u00eb t\u00eb pyesin, pasi \u201ckryeministri nuk do t\u2019u p\u00ebrgjigjet pyetjeve\u201d? Fatmir\u00ebsisht Zaevi ndryshoi mendje n\u00eb koh\u00eb, e vendosi t\u2019iu p\u00ebrgjigjet pyetjeve edhe jasht\u00eb tem\u00ebs.<br \/>\nNuk e di p\u00ebr ju, por un\u00eb t\u00ebr\u00eb koh\u00ebs do t\u00eb mbaj mend q\u00eb Zaevi p\u00ebr gjysm\u00eb viti n\u00eb \u00e7do konferenc\u00eb shtypi p\u00ebr bombat, p\u00ebrfundonte me k\u00ebt\u00eb fjali: \u201cKjo lig\u00ebsi nuk do t\u00eb p\u00ebrs\u00ebritet\u201d.<\/p>\n<p>Epo, p\u00ebrgjegj\u00ebsia \u00ebsht\u00eb e madhe q\u00eb mos t\u00eb p\u00ebrs\u00ebritet. Pasi kund\u00ebrpropaganda \u00ebsht\u00eb prap\u00eb se prap\u00eb \u2013 propagand\u00eb. Nd\u00ebrsa propaganda nuk \u00ebsht\u00eb m\u00ebnyr\u00eb p\u00ebr nd\u00ebrtimin e qeveris\u00eb s\u00eb p\u00ebrgjegjshme dhe transparente. Si\u00e7 shpresojm\u00eb se do t\u00eb jet\u00eb kjo qeveri.<br \/>\nHarroni konferencat tematike t\u00eb shtypit. Harroni fjalin\u00eb: \u201cNuk do t\u2019iu p\u00ebrgjigjet pyetjeve!\u201d Dhe harroni praktik\u00ebn e t\u00eb p\u00ebrgjigjurit vet\u00ebm pyetjeve t\u00eb porositura. Kemi nevoj\u00eb p\u00ebr informacione p\u00ebr arritje reale. Jo spine.<br \/>\nBesoj q\u00eb eksperienca p\u00ebr qeverin\u00eb \u00ebsht\u00eb e madhe. Sidomos q\u00eb gazetar\u00ebt k\u00ebto 11 vjet kan\u00eb harruar t\u00eb parashtrojn\u00eb pyetje. Por, n\u00ebse kryeministri Zaev dhe ministrat e tij nuk arrijn\u00eb t\u2019i rezistojn\u00eb k\u00ebtij p\u00ebrjetimi, kjo lig\u00ebsi shum\u00eb shpjet\u00eb do t\u00eb p\u00ebrs\u00ebritet.<br \/>\n<span class=\"dropcap color firstcharacter\">5<\/span>Aq shum\u00eb jemi m\u00ebsuar ne si qytetar\u00eb q\u00eb t\u2019i sh\u00ebrbejm\u00eb administrat\u00ebs n\u00eb vend q\u00eb ajo t\u00eb na sh\u00ebrbej\u00eb neve, q\u00eb thjesht\u00eb nuk m\u00eb besohet q\u00eb edhe pas 26 vjet\u00ebsh, dikujt iu kujtua t\u00eb shtoj\u00eb oraret fleksibile pune dhe dy turne, q\u00eb t\u00eb mos duhet t\u00eb marr\u00ebsh pushim apo dit\u00eb t\u00eb lira n\u00ebse d\u00ebshiron t\u00eb p\u00ebrfundosh ndonj\u00eb pun\u00eb me shtetin.<br \/>\nE, n\u00eb rast se kjo q\u00eb ka sukses me Zaevim (kurse un\u00eb shum\u00eb dua q\u00eb t\u00eb ket\u00eb), ai do t\u00eb jet\u00eb nj\u00eb vendim revolucionar q\u00eb do ta p\u00ebrmir\u00ebsoj\u00eb cil\u00ebsin\u00eb e jet\u00ebs. Shpresoj q\u00eb aty do t\u00eb mund t\u00eb v\u00ebn\u00eb shum\u00eb m\u00eb shum\u00eb energji se sa n\u00eb pastrimin e garazhave.<\/p>\n<p><em>P\u00ebrktheu: Fjolla Zllatku<\/em><\/p>\n\n<div style=\"font-size: 0px; height: 0px; line-height: 0px; margin: 0; padding: 0; clear: both;\"><\/div>","protected":false},"excerpt":{"rendered":"<p>Si\u00e7 kan\u00eb filluar ta mbrojn\u00eb prokurorin shtet\u00ebror Marko Zv\u00ebrlevski nga shkarkimi, deputet\u00ebt e VMRO-DPMNE-s\u00eb as emrin aq shum\u00eb nuk do [&hellip;]<\/p>\n","protected":false},"author":9,"featured_media":184,"comment_status":"closed","ping_status":"closed","sticky":false,"template":"","format":"standard","meta":{"_mo_disable_npp":"","inline_featured_image":false},"categories":[1825],"tags":[],"imageURL":"https:\/\/sdk.mk\/wp-content\/uploads\/2015\/12\/goran-mihailovski2.jpg","thumbURL":"https:\/\/sdk.mk\/wp-content\/uploads\/2015\/12\/goran-mihailovski2-250x196.jpg","categoryNames":["DUA T\u00cb THEM"],"feature_caption":"","subtitle":"Edhe pas VMRO-DPMNE-s\u00eb, kan\u00eb b\u00ebr\u00eb 10 grupe deputet\u00ebsh. Epo \u2013 10! Mile, mos jan\u00eb shum\u00eb?","views":"5561","source":"","yoast_head":"<!-- This site is optimized with the Yoast SEO Premium plugin v15.0 - https:\/\/yoast.com\/wordpress\/plugins\/seo\/ -->\n<title>PARA DHE PAS - \u0421\u0430\u043a\u0430\u043c \u0414\u0430 \u041a\u0430\u0436\u0430\u043c<\/title>\n<meta name=\"robots\" content=\"index, follow, max-snippet:-1, max-image-preview:large, max-video-preview:-1\" \/>\n<link rel=\"canonical\" href=\"https:\/\/sdk.mk\/index.php\/dua-te-them\/para-dhe-pas\/\" \/>\n<meta property=\"og:locale\" content=\"mk_MK\" \/>\n<meta property=\"og:type\" content=\"article\" \/>\n<meta property=\"og:title\" content=\"PARA DHE PAS - \u0421\u0430\u043a\u0430\u043c \u0414\u0430 \u041a\u0430\u0436\u0430\u043c\" \/>\n<meta property=\"og:description\" content=\"Si\u00e7 kan\u00eb filluar ta mbrojn\u00eb prokurorin shtet\u00ebror Marko Zv\u00ebrlevski nga shkarkimi, deputet\u00ebt e VMRO-DPMNE-s\u00eb as emrin aq shum\u00eb nuk do [&hellip;]\" \/>\n<meta property=\"og:url\" content=\"https:\/\/sdk.mk\/index.php\/dua-te-them\/para-dhe-pas\/\" \/>\n<meta property=\"og:site_name\" content=\"\u0421\u0430\u043a\u0430\u043c \u0414\u0430 \u041a\u0430\u0436\u0430\u043c\" \/>\n<meta property=\"article:published_time\" content=\"2017-07-08T17:10:30+00:00\" \/>\n<meta property=\"og:image\" content=\"https:\/\/sdk.mk\/wp-content\/uploads\/2015\/12\/goran-mihailovski2.jpg\" \/>\n\t<meta property=\"og:image:width\" content=\"400\" \/>\n\t<meta property=\"og:image:height\" content=\"313\" \/>\n<meta property=\"fb:app_id\" content=\"2407985809428537\" \/>\n<meta name=\"twitter:card\" content=\"summary\" \/>\n<script type=\"application\/ld+json\" class=\"yoast-schema-graph\">{\"@context\":\"https:\/\/schema.org\",\"@graph\":[{\"@type\":\"WebSite\",\"@id\":\"https:\/\/sdk.mk\/#website\",\"url\":\"https:\/\/sdk.mk\/\",\"name\":\"\\u0421\\u0430\\u043a\\u0430\\u043c \\u0414\\u0430 \\u041a\\u0430\\u0436\\u0430\\u043c\",\"description\":\"\\u0417\\u0430 \\u0441\\u043b\\u043e\\u0431\\u043e\\u0434\\u043e\\u0443\\u043c\\u043d\\u0438\",\"potentialAction\":[{\"@type\":\"SearchAction\",\"target\":\"https:\/\/sdk.mk\/?s={search_term_string}\",\"query-input\":\"required name=search_term_string\"}],\"inLanguage\":\"mk-MK\"},{\"@type\":\"ImageObject\",\"@id\":\"https:\/\/sdk.mk\/index.php\/dua-te-them\/para-dhe-pas\/#primaryimage\",\"inLanguage\":\"mk-MK\",\"url\":\"https:\/\/sdk.mk\/wp-content\/uploads\/2015\/12\/goran-mihailovski2.jpg\",\"width\":400,\"height\":313},{\"@type\":\"WebPage\",\"@id\":\"https:\/\/sdk.mk\/index.php\/dua-te-them\/para-dhe-pas\/#webpage\",\"url\":\"https:\/\/sdk.mk\/index.php\/dua-te-them\/para-dhe-pas\/\",\"name\":\"PARA DHE PAS - \\u0421\\u0430\\u043a\\u0430\\u043c \\u0414\\u0430 \\u041a\\u0430\\u0436\\u0430\\u043c\",\"isPartOf\":{\"@id\":\"https:\/\/sdk.mk\/#website\"},\"primaryImageOfPage\":{\"@id\":\"https:\/\/sdk.mk\/index.php\/dua-te-them\/para-dhe-pas\/#primaryimage\"},\"datePublished\":\"2017-07-08T17:10:30+00:00\",\"dateModified\":\"2017-07-08T17:10:30+00:00\",\"author\":{\"@id\":\"https:\/\/sdk.mk\/#\/schema\/person\/3e8217f71bc38bd7c592f30c69e10e5a\"},\"inLanguage\":\"mk-MK\",\"potentialAction\":[{\"@type\":\"ReadAction\",\"target\":[\"https:\/\/sdk.mk\/index.php\/dua-te-them\/para-dhe-pas\/\"]}]},{\"@type\":\"Person\",\"@id\":\"https:\/\/sdk.mk\/#\/schema\/person\/3e8217f71bc38bd7c592f30c69e10e5a\",\"name\":\"\\u041c\\u0438\\u0440\\u043e\\u0441\\u043b\\u0430\\u0432 \\u0418\\u043b\\u0438\\u043e\\u0441\\u043a\\u0438\"}]}<\/script>\n<!-- \/ Yoast SEO Premium plugin. -->","_links":{"self":[{"href":"https:\/\/sdk.mk\/index.php\/wp-json\/wp\/v2\/posts\/35053"}],"collection":[{"href":"https:\/\/sdk.mk\/index.php\/wp-json\/wp\/v2\/posts"}],"about":[{"href":"https:\/\/sdk.mk\/index.php\/wp-json\/wp\/v2\/types\/post"}],"author":[{"embeddable":true,"href":"https:\/\/sdk.mk\/index.php\/wp-json\/wp\/v2\/users\/9"}],"replies":[{"embeddable":true,"href":"https:\/\/sdk.mk\/index.php\/wp-json\/wp\/v2\/comments?post=35053"}],"version-history":[{"count":0,"href":"https:\/\/sdk.mk\/index.php\/wp-json\/wp\/v2\/posts\/35053\/revisions"}],"wp:featuredmedia":[{"embeddable":true,"href":"https:\/\/sdk.mk\/index.php\/wp-json\/wp\/v2\/media\/184"}],"wp:attachment":[{"href":"https:\/\/sdk.mk\/index.php\/wp-json\/wp\/v2\/media?parent=35053"}],"wp:term":[{"taxonomy":"category","embeddable":true,"href":"https:\/\/sdk.mk\/index.php\/wp-json\/wp\/v2\/categories?post=35053"},{"taxonomy":"post_tag","embeddable":true,"href":"https:\/\/sdk.mk\/index.php\/wp-json\/wp\/v2\/tags?post=35053"}],"curies":[{"name":"wp","href":"https:\/\/api.w.org\/{rel}","templated":true}]}}