{"id":35466,"date":"2017-07-15T19:58:44","date_gmt":"2017-07-15T17:58:44","guid":{"rendered":"http:\/\/sdk.mk\/?p=35466"},"modified":"2017-07-15T19:58:44","modified_gmt":"2017-07-15T17:58:44","slug":"marko-mukoski-2","status":"publish","type":"post","link":"https:\/\/sdk.mk\/index.php\/dua-te-them\/marko-mukoski-2\/","title":{"rendered":"MARKO MUKOSKI"},"content":{"rendered":"<div class=\"f52428582a4b906b2d2e2a7d733c7d27\" data-index=\"7\" style=\"float: none; margin:10px 0 10px 0; text-align:center;\">\n<!-- MSP Ads Asynchronous JS Tag - Generated with Revive Adserver v5.4.1 -->\r\n<ins data-revive-zoneid=\"167\" data-revive-id=\"060fdb01f6430ec164d3519234aa4967\"><\/ins>\r\n<script async src=\"\/\/panel.ads.com.mk\/www\/delivery\/asyncjs.php\"><\/script>\n<\/div>\n<p><span class=\"dropcap color firstcharacter\">1<\/span>Ja q\u00eb shum\u00eb shpejt do vij\u00eb koha ta vajtojm\u00eb deputetin Krsto Mukoski. Na shitet si viktim\u00eb e represionit politik. Heeeej! Oree Krsto Mukoski flet n\u00eb seanc\u00ebn e Parlamentit. Heeej! Krsto Mukoski nga foltorja e Parlamentit na flet p\u00ebr persekutimin politik, p\u00ebr do tradhti\u2026 Heeej! Njeriu i cili m\u00eb 27 prill ua hapi der\u00ebn dhunuesve n\u00eb sulmin e organizuar t\u00eb Kuvendit. Me syt\u00eb tona e pam\u00eb. Nuk e d\u00ebgjuam n\u00eb telefonata t\u00eb p\u00ebrgjuara. Heeeej! I nj\u00ebjti Krsto na ankohet se shkarkimi i Marko Zvrlevskit na qenka nj\u00eb fushat\u00eb shpif\u00ebse politike. Kuptohet se do t\u00eb ankohet. Dhe pik\u00ebrisht Prokuroria q\u00eb e drejton Marko Zvrlevski ka bllokuar hetimin p\u00ebr Mukoskin.\u00a0 Mir\u00eb pra, vall\u00eb nuk e keni kuptuar edhe pas 11 vitesh se at\u00eb q\u00eb VMRO-DPMNE e p\u00ebrs\u00ebrit 100 her\u00eb b\u00ebhet e v\u00ebrtet\u00eb? Madje pyesni se si nuk kan\u00eb turp? \u00c7uditeni se sa t\u00eb paturpsh\u00ebm jan\u00eb.<\/p>\n<p>Jo, jo\u2026. nuk na \u00e7udit guximi i paskrupullt i tyre. Tani pyesim veten se sa koh\u00eb pushteti do t\u2019ua lejoj\u00eb q\u00eb ata ta b\u00ebjn\u00eb k\u00ebt\u00eb.<\/p>\n<p>Ndodhi 27 prilli! Heeej! Nis\u00ebn t\u00eb vrasin deputet\u00eb. T\u2019ia kishin dal\u00eb me planin e tyre, do na rrihnin e do na vrisnin rrug\u00ebve. Vall\u00eb me \u00e7do \u00e7uditjen tuaj harroni 27 prillin? Pyetja m\u00eb nuk \u00ebsht\u00eb \u2013 si nuk kan\u00eb turp? Pyetja \u00ebsht\u00eb se pse e toleroni k\u00ebt\u00eb? Dhe pyetja \u00ebsht\u00eb vall\u00eb \u00e7far\u00eb do t\u00eb b\u00ebj\u00eb pushteti q\u00eb VMRO-DPMNE-s\u00eb t\u2019i vij\u00eb turp. Dhe \u00e7far\u00eb do t\u00eb b\u00ebj\u00eb pushteti q\u00eb asnj\u00ebher\u00eb mos t\u00eb p\u00ebrs\u00ebritet kjo sjellje.<\/p>\n<p><span class=\"dropcap color firstcharacter\">2<\/span>Nuk e di si e keni ju, un\u00eb p\u00ebr vete as n\u00eb rrug\u00eb nuk dua t\u2019i shoh ata q\u00eb planifikuan 27 prillin dhe ata q\u00eb mor\u00ebn pjes\u00eb n\u00eb zbatimin. Nuk mund t\u00eb harroj t\u00eb keqen q\u00eb na e kan\u00eb d\u00ebshiruar ata q\u00eb tani vajtojn\u00eb se kinse na qenkan viktima t\u00eb persekutimit politik. Si mund t\u00eb relativizohet krimi q\u00eb kishin nisur ta kryenin? E pam\u00eb me syt\u00eb tona n\u00eb transmetim t\u00eb drejtp\u00ebrdrejt\u00eb. Nuk ishte e prer\u00eb, e ngjitur dhe\u00a0 montuar.<\/p>\n<p>Si t\u00eb sillet njeri me drejtor\u00ebt e kopshteve, t\u00eb shkollave, t\u00eb institucioneve publike t\u00eb kultur\u00ebs, t\u00eb an\u00ebtar\u00ebve t\u00eb k\u00ebshillave drejtues dhe varg komisionesh t\u00eb tjera q\u00eb muaj t\u00eb t\u00ebr\u00eb k\u00ebrkonin arsyetim p\u00ebr dhun\u00ebn q\u00eb paralajm\u00ebronte Nikolla Gruevski? Pse? Vet\u00ebm me q\u00ebllim q\u00eb t\u00eb fshihnin krimet e tyre q\u00eb iu kishin dh\u00ebn\u00eb privilegje.<\/p>\n<p>Le t\u00eb mos na shiten si shok\u00eb t\u00eb f\u00ebmij\u00ebris\u00eb p\u00ebr t\u00eb cil\u00ebt duhet t\u00eb harrojm\u00eb se sa ishin t\u00eb k\u00ebqij. Ata bre donin t\u00eb na zhduknin. Ata k\u00ebrkonin lin\u00e7. Dhe ne pasiq\u00eb jemi t\u00eb mire, duhet t\u00eb kuptojm\u00eb se \u201cnjeriu na paska miq nd\u00ebrsa q\u00ebndrimet politike duhet l\u00ebn\u00eb anash\u201d. Madje edhe na filozofojn\u00eb lidhur me tem\u00ebn e miq\u00ebsis\u00eb dhe vlerave njer\u00ebzore. Politika na qenka nj\u00eb gj\u00eb, miq\u00ebsia tjet\u00ebr.<\/p>\n<p>More shporruni!<\/p>\n<p><span class=\"dropcap color firstcharacter\">3<\/span>Dhe tani, \u00e7far\u00eb b\u00ebjm\u00eb ne? \u00c7uditemi se sa vmrovcat paskan ngr\u00ebn\u00eb n\u00eb kurrizin tone.<\/p>\n<p>Ne me vite vazhdojm\u00eb t\u00eb jetojm\u00eb n\u00eb zon\u00ebn e rahatis\u00eb duke u \u00e7uditur dhe duke par\u00eb sehir. \u00c7uditemi se si Gruevski dhe ata t\u00eb rrethit t\u00eb tij t\u00eb ngusht\u00eb n\u00eb pushtet kan\u00eb mundur t\u00eb pla\u00e7kitin shtetin, t\u00eb merren vesh p\u00ebr komisione, t\u00eb p\u00ebrgjojn\u00eb, t\u00eb vjedhin zgjedhjet\u2026. \u00c7uditemi se si gjyqtar\u00ebt dhe prokuror\u00ebt t\u00eb punojn\u00eb sipas sh\u00ebnimeve n\u00eb defterin e Goc\u00ebs\u2026 Dhe tani \u00e7uditemi se ata paskan ngr\u00ebn\u00eb n\u00eb kurrizin ton\u00eb.<\/p>\n<p>Mir\u00eb pra. Kan\u00eb ngr\u00ebn\u00eb, kan\u00eb pir\u00eb\u2026. Por, le t\u00eb shohim se \u00e7far\u00eb do t\u00eb haj\u00eb qeveria e re. \u00c7far\u00eb do t\u00eb nd\u00ebrmarr\u00eb? Do paraqes\u00eb padi penale p\u00ebr shp\u00ebrdorime, do t\u00eb ndryshoj\u00eb politik\u00ebn p\u00ebr shpenzimet p\u00ebr reprezentacion, do t\u00eb sjell\u00eb rregullore t\u00eb reja, do t\u2019i b\u00ebj\u00eb publike informacionet nga ministrit\u00eb, do t\u2019i ngrij\u00eb p\u00ebrkoh\u00ebsisht kartelat zyrtare\u2026? Sjellja ndryshon vet\u00ebm me masa konkrete. Krijoni nj\u00eb shtet ku nuk do \u00e7uditemi kur s\u00ebrish do t\u00eb ndodhin gj\u00ebra t\u00eb k\u00ebtilla, por automatikisht do t\u00eb k\u00ebrkojm\u00eb p\u00ebrgjegj\u00ebsi dhe nd\u00ebshkim. K\u00ebshtu, vet\u00ebm p\u00ebrmes publikimit t\u00eb menyve, Qeveria nuk b\u00ebn gj\u00eb tjet\u00ebr ve\u00e7se na nxit\u00a0 t\u00eb mbetemi n\u00eb zon\u00ebn e rahatis\u00eb duke par\u00eb sehir nd\u00ebrsa debatet publik do t\u00eb shnd\u00ebrrohet n\u00eb nj\u00eb \u00e7uditje tezesh q\u00eb kan\u00eb shkuar p\u00ebr uj\u00eb n\u00eb shat\u00ebrvanin e fshatit. Gruevski do thoshte: \u201cT\u00eb donin t\u00eb han\u00eb m\u00eb shum\u00eb do t\u00eb hanin\u201d<\/p>\n<p>Dhe do ta p\u00ebrs\u00ebris. Pyetja nuk \u00ebsht\u00eb se \u00e7far\u00eb ka b\u00ebr\u00eb Qeveria e VMRO-DPMNE-s\u00eb dhe BDI-s\u00eb. Por \u00e7far\u00eb do t\u00eb b\u00ebj\u00eb Qeveria e LSDM-s\u00eb dhe BDI-s\u00eb p\u00ebr t\u00eb nd\u00ebshkuar k\u00ebto krime, q\u00eb mos t\u00eb p\u00ebrs\u00ebriten m\u00eb.<\/p>\n<p><span class=\"dropcap color firstcharacter\">4<\/span>Marko Zvrlevski thot\u00eb se na qenka nj\u00eb menaxher i mire i Prokuroris\u00eb. Paska bler\u00eb telefon celular. Nuk e dim\u00eb n\u00ebse kan\u00eb qen\u00eb n\u00eb pako me pajisje p\u00ebrgjimi. Sepse nuk arriti t\u00eb niste hetimin. Megjith\u00ebse, nuk ka dyshim n\u00ebse telefonat kan\u00eb qen\u00eb t\u00eb mire, q\u00eb qeveria t\u00eb mundet t\u2019i kontrolloj\u00eb m\u00eb mire edhe prokuror\u00ebt.<\/p>\n<p>Zvrlesvski menaxhoi shum\u00eb mire hetimin p\u00ebr p\u00ebrgjimet e paligjshme nga t\u00eb cilat m\u00ebsuam p\u00ebr shum\u00eb zullume t\u00eb tjera t\u00eb pushtetit. Nj\u00eb Prokurori t\u00ebr\u00ebsisht e re u formua q\u00eb t\u00eb shp\u00ebtonim nga menaxhimi i tij. Dhe ende nuk kemi shp\u00ebtuar.<\/p>\n<p><span class=\"dropcap color firstcharacter\">5<\/span>I shihni vall\u00eb se si mbrohen t\u00eb paditurit para PSP-s\u00eb? Sikur mos t\u00eb ishin t\u00eb akuzuar p\u00ebr krime t\u00eb r\u00ebnda. Sikur t\u00eb k\u00ebrkohej paraburgim p\u00ebr ta sepse i urrente zyshja. Jo do t\u2019u vuaka biznesi, jo nuk e paskan n\u00eb natyr\u00ebn e tyre mos t\u00eb udh\u00ebtojn\u00eb, jo duheshka t\u00eb shkojn\u00eb n\u00eb pushim, jo na qenkan t\u00eb paz\u00ebvend\u00ebsuesh\u00ebm p\u00ebr kompanin\u00eb, jo na qenkan t\u00eb detyruar t\u00eb blejn\u00eb personalisht bar\u00ebra jasht\u00eb shtetit\u2026.<\/p>\n<p>S\u2019iu plas\u00eb fare. N\u00eb fakt, mbrojtjen e kan\u00eb nj\u00ebsoj si veten. Jan\u00eb t\u00eb bindur se at\u00eb q\u00eb e kan\u00eb b\u00ebr\u00eb e kan\u00eb pasur me t\u00eb drejt\u00eb.<\/p>\n<p><span class=\"dropcap color firstcharacter\">6<\/span>Deputet\u00ebt e VMRO-DPMNE-s\u00eb jan\u00eb t\u00eb detyruar t\u00eb shkojn\u00eb n\u00eb festa sht\u00ebpie. Shn. Sav\u00ebn dhe Shn. Pavlen i thirr\u00ebn t\u00eb shp\u00ebtonin Zvrlevskin nga shkarkimi.<\/p>\n<p>Sipas cil\u00ebs Rregullore vall\u00eb Talat Xhaferi lejoi q\u00eb ata t\u00eb festonin k\u00ebto festa? Kushtetuta ende thot\u00eb se jemi shtet sekular. Vall\u00eb kujt ti kujtohen gjepura t\u00eb tilla, si\u00e7 \u00ebsht\u00eb krahasimi i festave t\u00eb tilla me iftarin, ku as Xhaferi nuk arrin t\u00eb gjendet?<\/p>\n<p>Po pun\u00ebtor\u00ebt n\u00eb investimet e huaja dhe ato t\u00eb vendit, efektiv\u00ebt e policis\u00eb, ushtar\u00ebt, doganier\u00ebt, shofer\u00ebt e kamion\u00ebve dhe autobus\u00ebve\u2026..Vall\u00eb kan\u00eb shkuar ata t\u00eb festojn\u00eb dit\u00ebn e emrit?<\/p>\n<p><span class=\"dropcap color firstcharacter\">7<\/span>Ja nj\u00eb matematik\u00eb e thjesht\u00eb n\u00eb rrug\u00ebn drejt Evrop\u00ebs. BE do na jap\u00eb nj\u00eb dhurat\u00eb prej 70 milion euro t\u00eb pakthyeshme p\u00ebr nd\u00ebrtimin e hekurudh\u00ebs drejt Bullgaris\u00eb. Nd\u00ebrsa Maqedonia duhet t\u00eb paguaj 120 milion euro vet\u00ebm p\u00ebr t\u00eb korrigjuar autostradat kineze t\u00eb shkaktuara nga patriotizmi i Peshevskit \u201cdeal oriented\u201d dhe llogarit\u00ebsve t\u00eb komisionit Gruevski dhe Janakievski.<\/p>\n<p>Mos \u00ebsht\u00eb shum\u00eb?<\/p>\n<p><em>\u00a0<\/em><\/p>\n<p><strong><em>P\u00ebrktheu<\/em><\/strong><em>: Fjolla Zllatku<\/em><\/p>\n\n<div style=\"font-size: 0px; height: 0px; line-height: 0px; margin: 0; padding: 0; clear: both;\"><\/div>","protected":false},"excerpt":{"rendered":"<p>Ja q\u00eb shum\u00eb shpejt do vij\u00eb koha ta vajtojm\u00eb deputetin Krsto Mukoski. Na shitet si viktim\u00eb e represionit politik. Heeeej! [&hellip;]<\/p>\n","protected":false},"author":1,"featured_media":184,"comment_status":"closed","ping_status":"closed","sticky":false,"template":"","format":"standard","meta":{"_mo_disable_npp":"","inline_featured_image":false},"categories":[1825],"tags":[],"imageURL":"https:\/\/sdk.mk\/wp-content\/uploads\/2015\/12\/goran-mihailovski2.jpg","thumbURL":"https:\/\/sdk.mk\/wp-content\/uploads\/2015\/12\/goran-mihailovski2-250x196.jpg","categoryNames":["DUA T\u00cb THEM"],"feature_caption":"","subtitle":"T\u00eb donin t\u00eb han\u00eb m\u00eb tep\u00ebr do t\u00eb hanin. Por pyetja nuk \u00ebsht\u00eb se \u00e7far\u00eb ka b\u00ebr\u00eb VMRO-DPMNE. Por \u00e7far\u00eb do t\u00eb b\u00ebj\u00eb LSDM q\u00eb t\u00eb nd\u00ebshkoj\u00eb t\u00eb gjitha shp\u00ebrdorimet, q\u00eb kjo mos t\u00eb p\u00ebrs\u00ebritet m\u00eb","views":"5846","source":"","yoast_head":"<!-- This site is optimized with the Yoast SEO Premium plugin v15.0 - https:\/\/yoast.com\/wordpress\/plugins\/seo\/ -->\n<title>MARKO MUKOSKI - \u0421\u0430\u043a\u0430\u043c \u0414\u0430 \u041a\u0430\u0436\u0430\u043c<\/title>\n<meta name=\"robots\" content=\"index, follow, max-snippet:-1, max-image-preview:large, max-video-preview:-1\" \/>\n<link rel=\"canonical\" href=\"https:\/\/sdk.mk\/index.php\/dua-te-them\/marko-mukoski-2\/\" \/>\n<meta property=\"og:locale\" content=\"mk_MK\" \/>\n<meta property=\"og:type\" content=\"article\" \/>\n<meta property=\"og:title\" content=\"MARKO MUKOSKI - \u0421\u0430\u043a\u0430\u043c \u0414\u0430 \u041a\u0430\u0436\u0430\u043c\" \/>\n<meta property=\"og:description\" content=\"Ja q\u00eb shum\u00eb shpejt do vij\u00eb koha ta vajtojm\u00eb deputetin Krsto Mukoski. Na shitet si viktim\u00eb e represionit politik. Heeeej! [&hellip;]\" \/>\n<meta property=\"og:url\" content=\"https:\/\/sdk.mk\/index.php\/dua-te-them\/marko-mukoski-2\/\" \/>\n<meta property=\"og:site_name\" content=\"\u0421\u0430\u043a\u0430\u043c \u0414\u0430 \u041a\u0430\u0436\u0430\u043c\" \/>\n<meta property=\"article:published_time\" content=\"2017-07-15T17:58:44+00:00\" \/>\n<meta property=\"og:image\" content=\"https:\/\/sdk.mk\/wp-content\/uploads\/2015\/12\/goran-mihailovski2.jpg\" \/>\n\t<meta property=\"og:image:width\" content=\"400\" \/>\n\t<meta property=\"og:image:height\" content=\"313\" \/>\n<meta property=\"fb:app_id\" content=\"2407985809428537\" \/>\n<meta name=\"twitter:card\" content=\"summary\" \/>\n<script type=\"application\/ld+json\" class=\"yoast-schema-graph\">{\"@context\":\"https:\/\/schema.org\",\"@graph\":[{\"@type\":\"WebSite\",\"@id\":\"https:\/\/sdk.mk\/#website\",\"url\":\"https:\/\/sdk.mk\/\",\"name\":\"\\u0421\\u0430\\u043a\\u0430\\u043c \\u0414\\u0430 \\u041a\\u0430\\u0436\\u0430\\u043c\",\"description\":\"\\u0417\\u0430 \\u0441\\u043b\\u043e\\u0431\\u043e\\u0434\\u043e\\u0443\\u043c\\u043d\\u0438\",\"potentialAction\":[{\"@type\":\"SearchAction\",\"target\":\"https:\/\/sdk.mk\/?s={search_term_string}\",\"query-input\":\"required name=search_term_string\"}],\"inLanguage\":\"mk-MK\"},{\"@type\":\"ImageObject\",\"@id\":\"https:\/\/sdk.mk\/index.php\/dua-te-them\/marko-mukoski-2\/#primaryimage\",\"inLanguage\":\"mk-MK\",\"url\":\"https:\/\/sdk.mk\/wp-content\/uploads\/2015\/12\/goran-mihailovski2.jpg\",\"width\":400,\"height\":313},{\"@type\":\"WebPage\",\"@id\":\"https:\/\/sdk.mk\/index.php\/dua-te-them\/marko-mukoski-2\/#webpage\",\"url\":\"https:\/\/sdk.mk\/index.php\/dua-te-them\/marko-mukoski-2\/\",\"name\":\"MARKO MUKOSKI - \\u0421\\u0430\\u043a\\u0430\\u043c \\u0414\\u0430 \\u041a\\u0430\\u0436\\u0430\\u043c\",\"isPartOf\":{\"@id\":\"https:\/\/sdk.mk\/#website\"},\"primaryImageOfPage\":{\"@id\":\"https:\/\/sdk.mk\/index.php\/dua-te-them\/marko-mukoski-2\/#primaryimage\"},\"datePublished\":\"2017-07-15T17:58:44+00:00\",\"dateModified\":\"2017-07-15T17:58:44+00:00\",\"author\":{\"@id\":\"https:\/\/sdk.mk\/#\/schema\/person\/be7cfa6655c47f7195bfdd0ba8144aa2\"},\"inLanguage\":\"mk-MK\",\"potentialAction\":[{\"@type\":\"ReadAction\",\"target\":[\"https:\/\/sdk.mk\/index.php\/dua-te-them\/marko-mukoski-2\/\"]}]},{\"@type\":\"Person\",\"@id\":\"https:\/\/sdk.mk\/#\/schema\/person\/be7cfa6655c47f7195bfdd0ba8144aa2\",\"name\":\"\\u0413\\u043e\\u0440\\u0430\\u043d \\u041c\\u0438\\u0445\\u0430\\u0458\\u043b\\u043e\\u0432\\u0441\\u043a\\u0438\"}]}<\/script>\n<!-- \/ Yoast SEO Premium plugin. -->","_links":{"self":[{"href":"https:\/\/sdk.mk\/index.php\/wp-json\/wp\/v2\/posts\/35466"}],"collection":[{"href":"https:\/\/sdk.mk\/index.php\/wp-json\/wp\/v2\/posts"}],"about":[{"href":"https:\/\/sdk.mk\/index.php\/wp-json\/wp\/v2\/types\/post"}],"author":[{"embeddable":true,"href":"https:\/\/sdk.mk\/index.php\/wp-json\/wp\/v2\/users\/1"}],"replies":[{"embeddable":true,"href":"https:\/\/sdk.mk\/index.php\/wp-json\/wp\/v2\/comments?post=35466"}],"version-history":[{"count":0,"href":"https:\/\/sdk.mk\/index.php\/wp-json\/wp\/v2\/posts\/35466\/revisions"}],"wp:featuredmedia":[{"embeddable":true,"href":"https:\/\/sdk.mk\/index.php\/wp-json\/wp\/v2\/media\/184"}],"wp:attachment":[{"href":"https:\/\/sdk.mk\/index.php\/wp-json\/wp\/v2\/media?parent=35466"}],"wp:term":[{"taxonomy":"category","embeddable":true,"href":"https:\/\/sdk.mk\/index.php\/wp-json\/wp\/v2\/categories?post=35466"},{"taxonomy":"post_tag","embeddable":true,"href":"https:\/\/sdk.mk\/index.php\/wp-json\/wp\/v2\/tags?post=35466"}],"curies":[{"name":"wp","href":"https:\/\/api.w.org\/{rel}","templated":true}]}}