{"id":35880,"date":"2017-07-22T15:59:24","date_gmt":"2017-07-22T13:59:24","guid":{"rendered":"http:\/\/sdk.mk\/?p=35880"},"modified":"2017-07-22T15:59:24","modified_gmt":"2017-07-22T13:59:24","slug":"po-pribe-pi-cigare","status":"publish","type":"post","link":"https:\/\/sdk.mk\/index.php\/dua-te-them\/po-pribe-pi-cigare\/","title":{"rendered":"PO PRIBE, PI CIGARE?"},"content":{"rendered":"<div class=\"f52428582a4b906b2d2e2a7d733c7d27\" data-index=\"7\" style=\"float: none; margin:10px 0 10px 0; text-align:center;\">\n<!-- MSP Ads Asynchronous JS Tag - Generated with Revive Adserver v5.4.1 -->\r\n<ins data-revive-zoneid=\"167\" data-revive-id=\"060fdb01f6430ec164d3519234aa4967\"><\/ins>\r\n<script async src=\"\/\/panel.ads.com.mk\/www\/delivery\/asyncjs.php\"><\/script>\n<\/div>\n<p><span class=\"dropcap color firstcharacter\">1<\/span>M\u00eb vjen shum\u00eb keq q\u00eb gjykat\u00ebsja e ndryshoi sall\u00ebn e gjykimit n\u00eb Gjykat\u00ebn e apelit n\u00eb Shkup, ku gjat\u00eb k\u00ebtyre dit\u00ebve po radhiten pothuajse t\u00eb gjitha bishat m\u00eb t\u00eb m\u00ebdha t\u00eb qeveris\u00eb s\u00eb kaluar, n\u00eb krye me ish kryeministrin, Nikolla Gruevski. M\u00eb mungon disi prapavija e murit t\u00eb \u00e7ar\u00eb, para t\u00eb cilit fytyrat e r\u00ebnd\u00ebsishme mbrohen q\u00eb t\u00eb mos shkojn\u00eb n\u00eb paraburgim dhe luten q\u00eb t\u2019ua kthejn\u00eb pasaportat, duke u betuar se nuk do t\u00eb largohen nga shteti.<br \/>\nEh, \u00e7far\u00eb imazh i bukur q\u00eb ishte ai. Nuk mund t\u00eb ndash mendjen, se a ta th\u00ebrras\u00ebsh \u201cmuri i vajit\u201d, pasi normalisht Maqedonia \u00ebsht\u00eb toka biblike dhe vet\u00ebm nj\u00eb shprehje e till\u00eb i p\u00ebrshtatet profet\u00ebve popullor\u00eb, t\u00eb cil\u00ebt PSP-ja i akuzoi se p\u00ebr 11 vjet na kan\u00eb vjedhur, na jan\u00eb mashtruar e na kan\u00eb maltretuar. Apo ta quash \u201cmuri i gruevizmit\u201d, pasi shfaq realitetin e trash\u00ebgimis\u00eb q\u00eb na la qeveria e tij. Mur i \u00e7ar\u00eb i gjyqit, por k\u00ebshtjell\u00eb e forte p\u00ebr mbrojtje t\u00eb qeveris\u00eb s\u00eb tij. U b\u00eb nj\u00eb vit e gjys\u00ebm q\u00eb ai nuk \u00ebsht\u00eb kryeminist\u00ebr, por akoma qeverit.<\/p>\n<p>Mir\u00eb q\u00eb qeverit, por edhe e bind gjyqin q\u00eb jo vet\u00ebm qe nuk ka q\u00ebllim t\u00eb largohet, por ka p\u00ebr q\u00ebllim t\u00eb kthehet n\u00eb qeveri. M\u00eb tragjikja \u00ebsht\u00eb q\u00eb k\u00ebrc\u00ebnimi i tij duhet t\u00eb merret seriozisht. Rreziku i Greuvskit q\u00eb t\u00eb kthehet n\u00eb qeveri akoma nuk \u00ebsht\u00eb tejkaluar.<\/p>\n<p><span class=\"dropcap color firstcharacter\">2<\/span>Nd\u00ebrkoh\u00eb q\u00eb i shoh zbatuesit e hidh\u00ebruar t\u00eb krimeve t\u00eb tij t\u00eb shpikura, se si radhiten para murit t\u00eb \u00e7ar\u00eb q\u00eb u b\u00eb simbol i qeverisjes s\u00eb tyre, pyes veten \u00e7\u2019mendojn\u00eb vall\u00eb tani, q\u00eb kur u realizuan parashikoimet? Pasi, nuk \u00ebsht\u00eb se nuk e dinin se \u00e7far\u00eb ishin duke b\u00ebr\u00eb. N\u00eb fakt, ata e dine m\u00eb s\u00eb miri.<br \/>\nE d\u00ebgjuam Gordana Jankullosk\u00ebn n\u00eb nj\u00eb nga bisedat e p\u00ebrgjuara se si ankohet Zoran Stavreskit: \u201cA<\/p>\n<p>Ato ishin bisedat m\u00eb t\u00eb sinqerta q\u00eb kemi d\u00ebgjuar. Por burgjet mbet\u00ebn t\u00eb parenovuara.<\/p>\n<p><span class=\"dropcap color firstcharacter\">3<\/span>Cilat jan\u00eb shenjat q\u00eb tregojn\u00eb se gjyqi nuk punon ashtu si\u00e7 do t\u00eb punonte po t\u00eb ishte VMRO-DPMNE n\u00eb pushtet? Asnj\u00eb. Gjyqi akoma vazhdon t\u00eb punoj\u00eb sipas defterit t\u00eb Goc\u00ebs. Dy dit\u00eb udh\u00ebtonte vendimi p\u00ebr paraburgimet e bashk\u00ebpunuesve t\u00eb Sasho Mijallkovit nga Gjykata e apelit \u00a0tek Gjykata penale. 10 metra n\u00eb dit\u00eb, pasi mes dy nd\u00ebrtesave ka 20 metra.<\/p>\n<p>Kur e sh\u00ebtisnin Zaevin me pranga p\u00ebr \u201cGlloball\u201d-in, nuk e \u00e7onin n\u00eb sht\u00ebpi t\u00eb pres\u00eb q\u00eb Gjyqi Suprem t\u2019ia vleft\u00ebsoj\u00eb ankes\u00ebn. Kur e arrestonin Tom\u00e7e Kezharovskin, akoma edhe televizioneve ua ndanin filmimet, q\u00eb t\u00eb l\u00ebvdohen se si e t\u00ebrheqin nga sht\u00ebpia e tij. P\u00ebr Ljube Boshkoskin, m\u00eb mir\u00eb t\u00eb mos flasim fare. D\u00ebgjuam p\u00ebr t\u00eb, se si e kan\u00eb arrestuar. Dhe se si donin ta fshehin faktin se i kan\u00eb v\u00ebn\u00eb pistolet\u00eb n\u00eb goj\u00eb. E se di merreshin vesh p\u00ebr promovim n\u00eb media p\u00ebr shtrirjen mbi pllaka dhe vendosjen e prangave pran\u00eb tualetit. Ata t\u00eb patarinave t\u00eb \u201cZimsko oko\u201d, q\u00eb m\u00eb tep\u00ebr se nj\u00eb vit q\u00ebndruan\u00a0 n\u00eb paraburgim, vet\u00ebm vendimin e Gjyqit Suprem prisnin. Dhe doktrorat e \u201cMetastaz\u00ebs\u201d. Edhe ata me artefaktet nga \u201cFalanga 1 dhe 2\u201d. Gjykata e nj\u00ebjt\u00eb ishte edhe at\u00ebher\u00eb. Nuk ka ndryshuar.<\/p>\n<p>Apo,\u00a0 a mund ta paramendoni se ku deri m\u00eb tani do t\u00eb ishim duke k\u00ebrkuar ata t\u00eb Lagjes s\u00eb Trimave, n\u00ebse p\u00ebr t\u00eb hyr\u00eb n\u00eb baraburgim, do t\u00eb duhej t\u00eb prisnin vendim t\u00eb Gjyqit Suprem.<\/p>\n<p>Nd\u00ebrsa tani, lideri i VMRO-DPMNE-s\u00eb, Nikolla Greuvski ankohet q\u00eb fakti se ai \u00ebsht\u00eb dashur t\u00eb n\u00ebnshkruhet \u00e7do jav\u00eb n\u00eb gjyq se nuk ka ikur nga shteti, paska qen\u00eb degradim politik.<\/p>\n<p>Nd\u00ebrsa rahja e Radmilla Sheqerinsk\u00ebs dhe tentimi p\u00ebr vrasje t\u00eb Zoran Zaevit dhe Zijadin Sel\u00ebs n\u00eb Paralment m\u00eb 7 prill nuk qen\u00eb degradim politik. Apo t\u00ebrhqeja dhe largimi i dhunsh\u00ebm i deputeteve t\u00eb l\u00ebnduara dhe shtatz\u00ebna m\u00eb 24 dhjetor t\u00eb viti 2012. As ajo nuk qe degradim politik.<\/p>\n<p>E dhunimet fizike? Po burgimet e atyre q\u00eb nuk mendonin nj\u00eblloj? Po sulmet e porositura p\u00ebr gazetar\u00ebt? Po mediat? Po inspeksionet p\u00ebr britmat e pisk\u00ebllimat? Po helmimi i pubikut p\u00ebr 11 vjet, nuk \u00ebsht\u00eb degradim politik, apo? Shkat\u00ebrruan familje t\u00eb t\u00ebra, shkat\u00ebrruan biznese\u2026<\/p>\n<p>Ore, shkat\u00ebrruan kapital njer\u00ebzor. Ata q\u00eb vlenin ik\u00ebn, e ata q\u00eb kan\u00eb mbetur k\u00ebrkojn\u00eb pun\u00eb shteti. Njer\u00ebzit vet\u00eb mor\u00ebn pasaporta bullgare p\u00ebr jet\u00eb m\u00eb t\u00eb mir\u00eb. Me urrejtjen q\u00eb u lindi ndaj \u00e7dolloj profesionalizmi, shkaktuan gjenocid intelektual. E as kjo nuk na qenk\u00ebsh degradim politik. Ai \u00ebsht\u00eb degradim njer\u00ebzor.<\/p>\n<p>E pastaj, n\u00ebse me t\u00eb v\u00ebrtet\u00eb do t\u00eb kishin dashur ta degradonin Gruevskin, do ta kishin degraduar.<\/p>\n<p><span class=\"dropcap color firstcharacter\">4<\/span>Shum\u00eb m\u00eb intereson n\u00ebse kryministri Zoran Zaev p\u00ebr m\u00eb shum\u00eb se dy vjet e mbante kok\u00ebn n\u00eb torb\u00eb, edhe t\u00eb vet\u00ebn dhe t\u00eb gjith\u00eb familjes s\u00eb vet, n\u00eb m\u00ebnyr\u00eb q\u00eb ligji i par\u00eb p\u00ebr t\u00eb cilin k\u00ebrkohet q\u00eb t\u00eb sillet me procedure urgjente t\u00eb nd\u00ebrrohet me ligjin p\u00ebr cigare? Ku iu kujtuan k\u00ebto hapa reformues? Kjo me siguri duhet t\u00eb jet\u00eb \u201ctreshja\u201d e planit reformues \u201c3-6-9\u201d.<\/p>\n<p>Ndryshimi i Zv\u00ebrlevskit nuk \u00ebsht\u00eb aq urgjent, si\u00e7 \u00ebsht\u00eb tymosja. Mundet, eventulisht, ministria e Robert Popovskit t\u00eb jet\u00eb m\u00eb urgjente p\u00ebr ekipimin nga tymosja.<\/p>\n<p>Grupi i deputet\u00ebve q\u00eb k\u00ebrkon ndryshim t\u00eb ligjit shpjegon q\u00eb arsyeja p\u00ebr k\u00ebt\u00eb gj\u00eb \u00ebsht\u00eb se qeveria e m\u00ebparshme ka d\u00ebnuar disa mysfarit\u00eb p\u00ebr pirje t\u00eb cigars n\u00eb tarrac\u00eb, nd\u00ebse t\u00eb tjer\u00eb nuk i ka d\u00ebnuar as p\u00ebr pirjen e cigares brenda lokalit dhe se nuk ka pasur inspektor\u00eb t\u00eb nd\u00ebrgjegjsh\u00ebm.<\/p>\n<p>Ja si \u00ebsht\u00eb edhe logjika e VMRO-s\u00eb. N\u00ebse nuk mund ta zbatosh ligjin, nuk i d\u00ebnon inspetkor\u00ebt, por e ndryshon ligjin. E nj\u00ebjta gj\u00eb vlen edhe p\u00ebr kafexhinjt\u00eb. N\u00ebse nuk mund ta pengosh uzurpimin e hap\u00ebsirave publike me najllona, e legalizon uzurpimin e tyre me mure.<\/p>\n<p>Me po \u00a0t\u00eb nj\u00ebjt\u00ebn logjike t\u00eb VMRO-s\u00eb, jepet edhe nj\u00eb statistik\u00eb T\u00eb krijuar p\u00ebr rastin n\u00eb fjal\u00eb, E mbani mend se si p\u00ebrgjigjej Koce Trajanovski kur l\u00ebvdohej se n\u00eb Shkup \u00ebsht\u00eb rritur numri i turist\u00ebve. N\u00eb pyetjen \u201cSa?\u201d, p\u00ebrgjigjej me: \u201cPo, shum\u00eb.\u201d Po k\u00ebshtu b\u00ebjn\u00eb edhe deputet\u00eb reformues p\u00ebr pirjen e cigares. Statistikat thon\u00eb q\u00eb ka num\u00ebr t\u00eb zmadhuar t\u00eb pir\u00ebsve t\u00eb cigares dhe t\u00eb ardhura t\u00eb zvolg\u00ebluara t\u00eb kafeve por nuk thon\u00eb as se cila statistik\u00eb, as ku, as se kush e ka matur\u2026<\/p>\n<p>E mandje e zgjerojn\u00eb debatin p\u00ebr reforma, Rregullimi i pirjes s\u00eb cigars nuk do t\u00eb ndaloka k\u00ebtu. Por n\u00eb tarracat me najlon\u00eb q\u00eb do t\u00eb murosen, do t\u00eb ket\u00eb edhe standard p\u00ebr vetilim . Ha, ha, haaa\u2026Kush ventilon tarrac\u00eb?<\/p>\n<p>A bre, \u00e7far\u00eb standardesh? K\u00ebta reformuesit e cigares si t\u00eb mos jetojn\u00eb n\u00eb Maqedoni. Madje vet\u00eb thon\u00eb se inspektor\u00ebt nuk kan\u00eb qen\u00eb t\u00eb nd\u00ebrgjegjsh\u00ebm, Nuk mund t\u2019i zbulojn\u00eb ndot\u00ebsit, e do ta kontrollokan aj\u00ebrosjen e tarracave.<\/p>\n<p>Mir\u00eb, po Pribe, pi cigare?<\/p>\n<p><strong><em>P\u00ebrktheu: Fjolla Zllatku<\/em><\/strong><\/p>\n<p>&nbsp;<\/p>\n\n<div style=\"font-size: 0px; height: 0px; line-height: 0px; margin: 0; padding: 0; clear: both;\"><\/div>","protected":false},"excerpt":{"rendered":"<p>M\u00eb vjen shum\u00eb keq q\u00eb gjykat\u00ebsja e ndryshoi sall\u00ebn e gjykimit n\u00eb Gjykat\u00ebn e apelit n\u00eb Shkup, ku gjat\u00eb k\u00ebtyre [&hellip;]<\/p>\n","protected":false},"author":1,"featured_media":184,"comment_status":"closed","ping_status":"closed","sticky":false,"template":"","format":"standard","meta":{"_mo_disable_npp":"","inline_featured_image":false},"categories":[1825],"tags":[],"imageURL":"https:\/\/sdk.mk\/wp-content\/uploads\/2015\/12\/goran-mihailovski2.jpg","thumbURL":"https:\/\/sdk.mk\/wp-content\/uploads\/2015\/12\/goran-mihailovski2-250x196.jpg","categoryNames":["DUA T\u00cb THEM"],"feature_caption":"","subtitle":"Zaevi p\u00ebr dy vjet e mbante kok\u00ebn n\u00eb torb\u00eb, n\u00eb m\u00ebnyr\u00eb q\u00eb ligji i par\u00eb q\u00eb do t\u00eb sillej pas procedur\u00ebs urgjente t\u00eb ishte reform\u00eb e ventilimit t\u00eb tarracave n\u00eb dim\u00ebr.","views":"5576","source":"","yoast_head":"<!-- This site is optimized with the Yoast SEO Premium plugin v15.0 - https:\/\/yoast.com\/wordpress\/plugins\/seo\/ -->\n<title>PO PRIBE, PI CIGARE? - \u0421\u0430\u043a\u0430\u043c \u0414\u0430 \u041a\u0430\u0436\u0430\u043c<\/title>\n<meta name=\"robots\" content=\"index, follow, max-snippet:-1, max-image-preview:large, max-video-preview:-1\" \/>\n<link rel=\"canonical\" href=\"https:\/\/sdk.mk\/index.php\/dua-te-them\/po-pribe-pi-cigare\/\" \/>\n<meta property=\"og:locale\" content=\"mk_MK\" \/>\n<meta property=\"og:type\" content=\"article\" \/>\n<meta property=\"og:title\" content=\"PO PRIBE, PI CIGARE? - \u0421\u0430\u043a\u0430\u043c \u0414\u0430 \u041a\u0430\u0436\u0430\u043c\" \/>\n<meta property=\"og:description\" content=\"M\u00eb vjen shum\u00eb keq q\u00eb gjykat\u00ebsja e ndryshoi sall\u00ebn e gjykimit n\u00eb Gjykat\u00ebn e apelit n\u00eb Shkup, ku gjat\u00eb k\u00ebtyre [&hellip;]\" \/>\n<meta property=\"og:url\" content=\"https:\/\/sdk.mk\/index.php\/dua-te-them\/po-pribe-pi-cigare\/\" \/>\n<meta property=\"og:site_name\" content=\"\u0421\u0430\u043a\u0430\u043c \u0414\u0430 \u041a\u0430\u0436\u0430\u043c\" \/>\n<meta property=\"article:published_time\" content=\"2017-07-22T13:59:24+00:00\" \/>\n<meta property=\"og:image\" content=\"https:\/\/sdk.mk\/wp-content\/uploads\/2015\/12\/goran-mihailovski2.jpg\" \/>\n\t<meta property=\"og:image:width\" content=\"400\" \/>\n\t<meta property=\"og:image:height\" content=\"313\" \/>\n<meta property=\"fb:app_id\" content=\"2407985809428537\" \/>\n<meta name=\"twitter:card\" content=\"summary\" \/>\n<script type=\"application\/ld+json\" class=\"yoast-schema-graph\">{\"@context\":\"https:\/\/schema.org\",\"@graph\":[{\"@type\":\"WebSite\",\"@id\":\"https:\/\/sdk.mk\/#website\",\"url\":\"https:\/\/sdk.mk\/\",\"name\":\"\\u0421\\u0430\\u043a\\u0430\\u043c \\u0414\\u0430 \\u041a\\u0430\\u0436\\u0430\\u043c\",\"description\":\"\\u0417\\u0430 \\u0441\\u043b\\u043e\\u0431\\u043e\\u0434\\u043e\\u0443\\u043c\\u043d\\u0438\",\"potentialAction\":[{\"@type\":\"SearchAction\",\"target\":\"https:\/\/sdk.mk\/?s={search_term_string}\",\"query-input\":\"required name=search_term_string\"}],\"inLanguage\":\"mk-MK\"},{\"@type\":\"ImageObject\",\"@id\":\"https:\/\/sdk.mk\/index.php\/dua-te-them\/po-pribe-pi-cigare\/#primaryimage\",\"inLanguage\":\"mk-MK\",\"url\":\"https:\/\/sdk.mk\/wp-content\/uploads\/2015\/12\/goran-mihailovski2.jpg\",\"width\":400,\"height\":313},{\"@type\":\"WebPage\",\"@id\":\"https:\/\/sdk.mk\/index.php\/dua-te-them\/po-pribe-pi-cigare\/#webpage\",\"url\":\"https:\/\/sdk.mk\/index.php\/dua-te-them\/po-pribe-pi-cigare\/\",\"name\":\"PO PRIBE, PI CIGARE? - \\u0421\\u0430\\u043a\\u0430\\u043c \\u0414\\u0430 \\u041a\\u0430\\u0436\\u0430\\u043c\",\"isPartOf\":{\"@id\":\"https:\/\/sdk.mk\/#website\"},\"primaryImageOfPage\":{\"@id\":\"https:\/\/sdk.mk\/index.php\/dua-te-them\/po-pribe-pi-cigare\/#primaryimage\"},\"datePublished\":\"2017-07-22T13:59:24+00:00\",\"dateModified\":\"2017-07-22T13:59:24+00:00\",\"author\":{\"@id\":\"https:\/\/sdk.mk\/#\/schema\/person\/be7cfa6655c47f7195bfdd0ba8144aa2\"},\"inLanguage\":\"mk-MK\",\"potentialAction\":[{\"@type\":\"ReadAction\",\"target\":[\"https:\/\/sdk.mk\/index.php\/dua-te-them\/po-pribe-pi-cigare\/\"]}]},{\"@type\":\"Person\",\"@id\":\"https:\/\/sdk.mk\/#\/schema\/person\/be7cfa6655c47f7195bfdd0ba8144aa2\",\"name\":\"\\u0413\\u043e\\u0440\\u0430\\u043d \\u041c\\u0438\\u0445\\u0430\\u0458\\u043b\\u043e\\u0432\\u0441\\u043a\\u0438\"}]}<\/script>\n<!-- \/ Yoast SEO Premium plugin. -->","_links":{"self":[{"href":"https:\/\/sdk.mk\/index.php\/wp-json\/wp\/v2\/posts\/35880"}],"collection":[{"href":"https:\/\/sdk.mk\/index.php\/wp-json\/wp\/v2\/posts"}],"about":[{"href":"https:\/\/sdk.mk\/index.php\/wp-json\/wp\/v2\/types\/post"}],"author":[{"embeddable":true,"href":"https:\/\/sdk.mk\/index.php\/wp-json\/wp\/v2\/users\/1"}],"replies":[{"embeddable":true,"href":"https:\/\/sdk.mk\/index.php\/wp-json\/wp\/v2\/comments?post=35880"}],"version-history":[{"count":0,"href":"https:\/\/sdk.mk\/index.php\/wp-json\/wp\/v2\/posts\/35880\/revisions"}],"wp:featuredmedia":[{"embeddable":true,"href":"https:\/\/sdk.mk\/index.php\/wp-json\/wp\/v2\/media\/184"}],"wp:attachment":[{"href":"https:\/\/sdk.mk\/index.php\/wp-json\/wp\/v2\/media?parent=35880"}],"wp:term":[{"taxonomy":"category","embeddable":true,"href":"https:\/\/sdk.mk\/index.php\/wp-json\/wp\/v2\/categories?post=35880"},{"taxonomy":"post_tag","embeddable":true,"href":"https:\/\/sdk.mk\/index.php\/wp-json\/wp\/v2\/tags?post=35880"}],"curies":[{"name":"wp","href":"https:\/\/api.w.org\/{rel}","templated":true}]}}