{"id":35912,"date":"2017-05-23T13:18:49","date_gmt":"2017-05-23T11:18:49","guid":{"rendered":"http:\/\/sdk.mk\/?p=35912"},"modified":"2017-07-23T13:20:33","modified_gmt":"2017-07-23T11:20:33","slug":"imuniteti-nuk-mbron-shtate-deputetet-nga-thirrja-per-te-zverlevski-ne-lidhje-sulmin-ne-parlament","status":"publish","type":"post","link":"https:\/\/sdk.mk\/index.php\/maqedonia\/imuniteti-nuk-mbron-shtate-deputetet-nga-thirrja-per-te-zverlevski-ne-lidhje-sulmin-ne-parlament\/","title":{"rendered":"IMUNITETI NUK I MBRON SHTAT\u00cb DEPUTET\u00cbT NGA THIRRJA P\u00cbR TE ZV\u00cbRLEVSKI N\u00cb LIDHJE ME SULMIN N\u00cb PARLAMENT"},"content":{"rendered":"<div class=\"f52428582a4b906b2d2e2a7d733c7d27\" data-index=\"7\" style=\"float: none; margin:10px 0 10px 0; text-align:center;\">\n<!-- MSP Ads Asynchronous JS Tag - Generated with Revive Adserver v5.4.1 -->\r\n<ins data-revive-zoneid=\"167\" data-revive-id=\"060fdb01f6430ec164d3519234aa4967\"><\/ins>\r\n<script async src=\"\/\/panel.ads.com.mk\/www\/delivery\/asyncjs.php\"><\/script>\n<\/div>\n<p>Deri m\u00eb tani nga shtat\u00eb deputet\u00ebt e opozit\u00ebs t\u00eb cil\u00ebt ishin t\u00eb z\u00ebn\u00eb nga kamerat e sigurimit se si e hapin der\u00ebn e Parlamentit dhe i l\u00ebn\u00eb demonstruesit q\u00eb hyn\u00eb n\u00eb nd\u00ebrtes\u00ebn e Parlamentit m\u00eb 27 prill, asnj\u00ebheri nuk ka qen\u00eb i thirrur p\u00ebr t\u00eb dh\u00ebn\u00eb deklarat\u00eb. In\u00e7izimet nga kamerat e sigurimit, si material d\u00ebshmues, i mban Prokuroria publike e udh\u00ebhequr nga prokurori shtet\u00ebror Marko Zv\u00ebrlevski, por deri m\u00eb tani asnj\u00eb nga deput\u00ebt nuk ka qen\u00eb i thirrur n\u00eb d\u00ebgjim.<\/p>\n<p>Profesor\u00ebt e s\u00eb drejt\u00ebs penale t\u00eb cil\u00ebt i kontaktuam deklaruan q\u00eb askush nuk e pengon prokurorin publik q\u00eb t\u00eb th\u00ebrras\u00eb n\u00eb d\u00ebgjim deputet\u00ebt, edhe n\u00eb rast se ata kan\u00eb imunitet. Kufizimi vlen vet\u00ebm n\u00ebse k\u00ebrkohet paraburgim p\u00ebr ndonj\u00eb deputet n\u00eb rastin kur ai \u00ebsht\u00eb i p\u00ebrfshir\u00eb n\u00eb kryerjen e nj\u00eb vepre penale, p\u00ebr t\u00eb cil\u00ebn parashikohet d\u00ebnim me burg me koh\u00ebzgjatje prej s\u00eb paku pes\u00eb vjet\u00ebsh.<\/p>\n<p>Televizionet Telma dhe AlsatM publikuan incizime t\u00eb reja nga kamerat e sigurimit n\u00eb hollin e Parlamentit, n\u00eb t\u00eb cilat duket se deputet\u00ebt e VMRO-DPMNE-s\u00eb K\u00ebrsto Mukoski, Sasho Vasilevski hapin dyert e hyrjes, nd\u00ebrsa n\u00eb drejtimin e turm\u00ebs ndihmojn\u00eb Johan Tar\u00e7ullovski, Zhaklina Peshevska, Ilija Dimovski, Ljuben Arnaudov, dhe deputeti i partis\u00eb socialiste Ljup\u00e7o Dimovski. N\u00eb in\u00e7izimet mes an\u00ebtar\u00ebve n\u00eb sulmin e organizuar n\u00eb Parlement jan\u00eb edhe funksioner\u00eb dhe t\u00eb pun\u00ebsuar n\u00eb MPB, ARM dhe DSK.<\/p>\n<p>Sipas kushtetut\u00ebs, deputeti ka imunitet dhe nuk mund t\u00eb d\u00ebrgohet n\u00eb parabugrim pa miratimin e Parlamentit, p\u00ebrve\u00e7 se n\u00ebse \u00ebsht\u00eb i p\u00ebrfshir\u00eb n\u00eb kryrjen e ndonje vepre penale, p\u00ebr t\u00eb cil\u00ebn i \u00ebsht\u00eb shkruar d\u00ebnim me burg n\u00eb koh\u00ebzgjatje prej t\u00eb pakt\u00ebn pes\u00eb vjet\u00ebsh. Parlamenti mund t\u00eb vendos\u00eb t\u00eb zbatoj\u00eb imunitet mbi deputetin dhe kur ai vet\u00eb nuk e ka k\u00ebrkuar at\u00eb, n\u00ebse ajo \u00ebsht\u00eb e r\u00ebnd\u00ebsishme p\u00ebr shkak t\u00eb kryerjes s\u00eb funksionit si deputet\u201d, shkruan n\u00eb Kushtetut\u00eb.<\/p>\n<p>N\u00eb Rregullores s\u00eb Parlamentit shkruan q\u00eb k\u00ebrkes\u00ebn p\u00ebr miratim p\u00ebr paraburgim t\u00eb deputetit, si dhe lajm\u00ebrimin q\u00eb deputeti \u00ebsht\u00eb i paraburgosur, organi kompetent e dor\u00ebzon deri tek kryetari i Parlamentit. Organi kompetent e lajm\u00ebron kryetarin e Parlamentit p\u00ebr paraburgimin dhe deputetin edhe kur ai nuk ka k\u00ebrkuar q\u00eb t\u00eb ket\u00eb imunitet.<br \/>\nKryetari i Parlamentit, k\u00ebrkes\u00ebn p\u00ebr miratim p\u00ebr paraburgim, gjeg\u00ebsisht lajm\u00ebrimin q\u00eb deputeti \u00ebsht\u00eb i paraburgosur menjher\u00eb e dor\u00ebzon n\u00eb Komisionin p\u00ebr Rregulloren, Mandatin dhe Imunitetin. Komisioni \u00ebsht\u00eb i detyruar ta shikoj\u00eb k\u00ebrkes\u00ebn, gjegj\u00ebsisht lajm\u00ebrimin dhe n\u00eb afat prej dy dit\u00ebsh t\u00eb dor\u00ebzoj\u00eb raport deri tek kryetari i Parlamentit.<br \/>\nN\u00eb rastin specifik t\u00eb Maqedonis\u00eb, edhe kur ka k\u00ebrkes\u00eb p\u00ebr paraburgim, nuk ka se kush ta shikoj\u00eb, pasi akoma nuk \u00ebsht\u00eb formuar ]Komisioni p\u00ebr Rregulloren, Mandatin dhe Imunitetin.<\/p>\n<p>Komisioni i Helsinkit p\u00ebr t\u00eb drejtat e njeriut n\u00eb Republik\u00ebn e Maqedonis\u00eb ka p\u00ebrgatitur raport t\u00eb ve\u00e7ant\u00eb p\u00ebr sulmin e organizuar dhe brutalitetin dhe dhun\u00ebn n\u00eb Parlamentin e Maqedonis\u00eb n\u00eb 27 prill, nd\u00ebrsa mes veprave t\u00eb shaktuara penale jan\u00eb edhe tentimet p\u00ebr vrasje. Raporti i referohet edhe c\u00ebnimit t\u00eb t\u00eb drejtave dhe lirive t\u00eb garantuara me Kushtetut\u00eb dhe t\u00eb sanksionuara me Rregulloren penale. P\u00ebrmban gjithsej 28 vepra penale, nga t\u00eb cilat 18 tashm\u00eb kan\u00eb nj\u00eb num\u00ebr t\u00eb ndjesh\u00ebm d\u00ebshmish dhe 10 vepra penale p\u00ebr t\u00eb cilat ekziston dyshim se nuk jan\u00eb kryer. Shkaktar\u00ebt e mundsh\u00ebm jan\u00eb t\u00eb ndar\u00eb n\u00eb kat\u00ebr grupe: organizator\u00ebt, zbatuesit, sh\u00ebrbimi policor, dhe epror\u00ebt e tyre.<br \/>\nVeprat penale dalin nga 8 kapituj t\u00eb Rregullores penale, nd\u00ebrsa ishin t\u00eb drejtuara kund\u00ebr: 1)jet\u00ebs dhe trupit 2) lirive dhe t\u00eb drejtave t\u00eb qytetar\u00ebve, 3) pron\u00ebs, 4) siguris\u00eb, 5) shtetit, 6) detyrimit zyrtar, 7) drejt\u00ebsis\u00eb 8) rregullit publik, thot\u00eb raporti.<\/p>\n<p>Nj\u00ebkoh\u00ebsht, Komisioni i Helsinikit me raportin nga MPB dhe Prokuroria themelore publike ka k\u00ebrkuar q\u00eb t\u00eb filloj\u00eb procedur\u00eb parahetimore p\u00ebr v\u00ebrtetimin e p\u00ebrgjegj\u00ebsis\u00eb penale p\u00ebr veprat penale t\u00eb p\u00ebrfshira n\u00eb raport. Ky raport i ve\u00e7ant\u00eb i referohet veprave penale t\u00eb identifikuara n\u00ebp\u00ebrmjet fotografive, materialeve audio dhe video dhe d\u00ebshmive, si dhe veprave penale p\u00ebr t\u00eb cilat ekzistojn\u00eb dyshime, por akoma nuk \u00ebsht\u00eb hetuar n\u00ebse kan\u00eb ndodhur dhe nga kush.<\/p>\n<p><em><strong>G. T\u00cbRPENOSKI<\/strong><\/em><\/p>\n\n<div style=\"font-size: 0px; height: 0px; line-height: 0px; margin: 0; padding: 0; clear: both;\"><\/div>","protected":false},"excerpt":{"rendered":"<p>Deri m\u00eb tani nga shtat\u00eb deputet\u00ebt e opozit\u00ebs t\u00eb cil\u00ebt ishin t\u00eb z\u00ebn\u00eb nga kamerat e sigurimit se si e [&hellip;]<\/p>\n","protected":false},"author":9,"featured_media":31731,"comment_status":"closed","ping_status":"closed","sticky":false,"template":"","format":"standard","meta":{"_mo_disable_npp":"","inline_featured_image":false},"categories":[3087],"tags":[],"imageURL":"https:\/\/sdk.mk\/wp-content\/uploads\/2017\/05\/sobranie-pratenici-89329328-650x341.jpg","thumbURL":"https:\/\/sdk.mk\/wp-content\/uploads\/2017\/05\/sobranie-pratenici-89329328-250x131.jpg","categoryNames":["Maqedonia"],"feature_caption":"N\u00eb in\u00e7izimet e kamer\u00ebs s\u00eb sigurimit duken deputeti K\u00ebrsto Mukoski pas hapjes s\u00eb der\u00ebs dhe Johan Tar\u00e7ullovski, i cili i drejton demonstruesit kah vendi ku duhet t\u00eb shkojn\u00eb gjat\u00eb sulmit t\u00eb Parlamentit m\u00eb 27 prill (Foto: Skrinshot nga AlsatM)","subtitle":"","views":"9028","source":"Shkup, (SAKAMDAKAZAM.MK)","yoast_head":"<!-- This site is optimized with the Yoast SEO Premium plugin v15.0 - https:\/\/yoast.com\/wordpress\/plugins\/seo\/ -->\n<title>IMUNITETI NUK I MBRON SHTAT\u00cb DEPUTET\u00cbT NGA THIRRJA P\u00cbR TE ZV\u00cbRLEVSKI N\u00cb LIDHJE ME SULMIN N\u00cb PARLAMENT - \u0421\u0430\u043a\u0430\u043c \u0414\u0430 \u041a\u0430\u0436\u0430\u043c<\/title>\n<meta name=\"robots\" content=\"index, follow, max-snippet:-1, max-image-preview:large, max-video-preview:-1\" \/>\n<link rel=\"canonical\" href=\"https:\/\/sdk.mk\/index.php\/maqedonia\/imuniteti-nuk-mbron-shtate-deputetet-nga-thirrja-per-te-zverlevski-ne-lidhje-sulmin-ne-parlament\/\" \/>\n<meta property=\"og:locale\" content=\"mk_MK\" \/>\n<meta property=\"og:type\" content=\"article\" \/>\n<meta property=\"og:title\" content=\"IMUNITETI NUK I MBRON SHTAT\u00cb DEPUTET\u00cbT NGA THIRRJA P\u00cbR TE ZV\u00cbRLEVSKI N\u00cb LIDHJE ME SULMIN N\u00cb PARLAMENT - \u0421\u0430\u043a\u0430\u043c \u0414\u0430 \u041a\u0430\u0436\u0430\u043c\" \/>\n<meta property=\"og:description\" content=\"Deri m\u00eb tani nga shtat\u00eb deputet\u00ebt e opozit\u00ebs t\u00eb cil\u00ebt ishin t\u00eb z\u00ebn\u00eb nga kamerat e sigurimit se si e [&hellip;]\" \/>\n<meta property=\"og:url\" content=\"https:\/\/sdk.mk\/index.php\/maqedonia\/imuniteti-nuk-mbron-shtate-deputetet-nga-thirrja-per-te-zverlevski-ne-lidhje-sulmin-ne-parlament\/\" \/>\n<meta property=\"og:site_name\" content=\"\u0421\u0430\u043a\u0430\u043c \u0414\u0430 \u041a\u0430\u0436\u0430\u043c\" \/>\n<meta property=\"article:published_time\" content=\"2017-05-23T11:18:49+00:00\" \/>\n<meta property=\"article:modified_time\" content=\"2017-07-23T11:20:33+00:00\" \/>\n<meta property=\"og:image\" content=\"https:\/\/sdk.mk\/wp-content\/uploads\/2017\/05\/sobranie-pratenici-89329328.jpg\" \/>\n\t<meta property=\"og:image:width\" content=\"800\" \/>\n\t<meta property=\"og:image:height\" content=\"420\" \/>\n<meta property=\"fb:app_id\" content=\"2407985809428537\" \/>\n<meta name=\"twitter:card\" content=\"summary\" \/>\n<script type=\"application\/ld+json\" class=\"yoast-schema-graph\">{\"@context\":\"https:\/\/schema.org\",\"@graph\":[{\"@type\":\"WebSite\",\"@id\":\"https:\/\/sdk.mk\/#website\",\"url\":\"https:\/\/sdk.mk\/\",\"name\":\"\\u0421\\u0430\\u043a\\u0430\\u043c \\u0414\\u0430 \\u041a\\u0430\\u0436\\u0430\\u043c\",\"description\":\"\\u0417\\u0430 \\u0441\\u043b\\u043e\\u0431\\u043e\\u0434\\u043e\\u0443\\u043c\\u043d\\u0438\",\"potentialAction\":[{\"@type\":\"SearchAction\",\"target\":\"https:\/\/sdk.mk\/?s={search_term_string}\",\"query-input\":\"required name=search_term_string\"}],\"inLanguage\":\"mk-MK\"},{\"@type\":\"ImageObject\",\"@id\":\"https:\/\/sdk.mk\/index.php\/maqedonia\/imuniteti-nuk-mbron-shtate-deputetet-nga-thirrja-per-te-zverlevski-ne-lidhje-sulmin-ne-parlament\/#primaryimage\",\"inLanguage\":\"mk-MK\",\"url\":\"https:\/\/sdk.mk\/wp-content\/uploads\/2017\/05\/sobranie-pratenici-89329328.jpg\",\"width\":800,\"height\":420,\"caption\":\"\\u041d\\u0430 \\u0441\\u043d\\u0438\\u043c\\u043a\\u0438\\u0442\\u0435 \\u043e\\u0434 \\u0441\\u043e\\u0431\\u0440\\u0430\\u043d\\u0438\\u0441\\u043a\\u0438\\u0442\\u0435 \\u0431\\u0435\\u0437\\u0431\\u0435\\u0434\\u043d\\u043e\\u0441\\u043d\\u0438 \\u043a\\u0430\\u043c\\u0435\\u0440\\u0438, \\u043e\\u0431\\u0458\\u0430\\u0432\\u0435\\u043d\\u0438 \\u043e\\u0434 \\u0442\\u0435\\u043b\\u0435\\u0432\\u0438\\u0437\\u0438\\u0438\\u0442\\u0435 \\u201e\\u0422\\u0435\\u043b\\u043c\\u0430\\u201c \\u0438 \\u201e\\u0410\\u043b\\u0441\\u0430\\u0442-\\u041c\\u201c \\u0441\\u0435 \\u0433\\u043b\\u0435\\u0434\\u0430 \\u0434\\u0435\\u043a\\u0430 \\u041a\\u0440\\u0441\\u0442\\u043e \\u041c\\u0443\\u043a\\u043e\\u0441\\u043a\\u0438 \\u0458\\u0430 \\u043e\\u0442\\u0432\\u0430\\u0440\\u0430 \\u0432\\u0440\\u0430\\u0442\\u0430\\u0442\\u0430, \\u0430 \\u0448\\u0435\\u0441\\u0442\\u043c\\u0438\\u043d\\u0430 \\u043f\\u0440\\u0430\\u0442\\u0435\\u043d\\u0438\\u0446\\u0438 \\u043d\\u0430 \\u0412\\u041c\\u0420\\u041e-\\u0414\\u041f\\u041c\\u041d\\u0415 \\u043c\\u0435\\u0453\\u0443 \\u043a\\u043e\\u0438 \\u0438 \\u0408\\u043e\\u0445\\u0430\\u043d \\u0422\\u0430\\u0440\\u0447\\u0443\\u043b\\u043e\\u0432\\u0441\\u043a\\u0438 \\u0458\\u0430 \\u043a\\u043e\\u043e\\u0440\\u0434\\u0438\\u043d\\u0438\\u0440\\u0430\\u043b\\u0435 \\u0430\\u043a\\u0446\\u0438\\u0458\\u0430\\u0442\\u0430 \\u0437\\u0430 \\u043d\\u0430\\u043f\\u0430\\u0434\\u043e\\u0442 \\u043d\\u0430 \\u043f\\u0440\\u0430\\u0442\\u0435\\u043d\\u0438\\u0446\\u0438\\u0442\\u0435 \\u043e\\u0434 \\u043c\\u043d\\u043e\\u0437\\u0438\\u043d\\u0441\\u0442\\u0432\\u043e\\u0442\\u043e \\u043d\\u0430 27 \\u0430\\u043f\\u0440\\u0438\\u043b.\"},{\"@type\":\"WebPage\",\"@id\":\"https:\/\/sdk.mk\/index.php\/maqedonia\/imuniteti-nuk-mbron-shtate-deputetet-nga-thirrja-per-te-zverlevski-ne-lidhje-sulmin-ne-parlament\/#webpage\",\"url\":\"https:\/\/sdk.mk\/index.php\/maqedonia\/imuniteti-nuk-mbron-shtate-deputetet-nga-thirrja-per-te-zverlevski-ne-lidhje-sulmin-ne-parlament\/\",\"name\":\"IMUNITETI NUK I MBRON SHTAT\\u00cb DEPUTET\\u00cbT NGA THIRRJA P\\u00cbR TE ZV\\u00cbRLEVSKI N\\u00cb LIDHJE ME SULMIN N\\u00cb PARLAMENT - \\u0421\\u0430\\u043a\\u0430\\u043c \\u0414\\u0430 \\u041a\\u0430\\u0436\\u0430\\u043c\",\"isPartOf\":{\"@id\":\"https:\/\/sdk.mk\/#website\"},\"primaryImageOfPage\":{\"@id\":\"https:\/\/sdk.mk\/index.php\/maqedonia\/imuniteti-nuk-mbron-shtate-deputetet-nga-thirrja-per-te-zverlevski-ne-lidhje-sulmin-ne-parlament\/#primaryimage\"},\"datePublished\":\"2017-05-23T11:18:49+00:00\",\"dateModified\":\"2017-07-23T11:20:33+00:00\",\"author\":{\"@id\":\"https:\/\/sdk.mk\/#\/schema\/person\/3e8217f71bc38bd7c592f30c69e10e5a\"},\"inLanguage\":\"mk-MK\",\"potentialAction\":[{\"@type\":\"ReadAction\",\"target\":[\"https:\/\/sdk.mk\/index.php\/maqedonia\/imuniteti-nuk-mbron-shtate-deputetet-nga-thirrja-per-te-zverlevski-ne-lidhje-sulmin-ne-parlament\/\"]}]},{\"@type\":\"Person\",\"@id\":\"https:\/\/sdk.mk\/#\/schema\/person\/3e8217f71bc38bd7c592f30c69e10e5a\",\"name\":\"\\u041c\\u0438\\u0440\\u043e\\u0441\\u043b\\u0430\\u0432 \\u0418\\u043b\\u0438\\u043e\\u0441\\u043a\\u0438\"}]}<\/script>\n<!-- \/ Yoast SEO Premium plugin. -->","_links":{"self":[{"href":"https:\/\/sdk.mk\/index.php\/wp-json\/wp\/v2\/posts\/35912"}],"collection":[{"href":"https:\/\/sdk.mk\/index.php\/wp-json\/wp\/v2\/posts"}],"about":[{"href":"https:\/\/sdk.mk\/index.php\/wp-json\/wp\/v2\/types\/post"}],"author":[{"embeddable":true,"href":"https:\/\/sdk.mk\/index.php\/wp-json\/wp\/v2\/users\/9"}],"replies":[{"embeddable":true,"href":"https:\/\/sdk.mk\/index.php\/wp-json\/wp\/v2\/comments?post=35912"}],"version-history":[{"count":0,"href":"https:\/\/sdk.mk\/index.php\/wp-json\/wp\/v2\/posts\/35912\/revisions"}],"wp:featuredmedia":[{"embeddable":true,"href":"https:\/\/sdk.mk\/index.php\/wp-json\/wp\/v2\/media\/31731"}],"wp:attachment":[{"href":"https:\/\/sdk.mk\/index.php\/wp-json\/wp\/v2\/media?parent=35912"}],"wp:term":[{"taxonomy":"category","embeddable":true,"href":"https:\/\/sdk.mk\/index.php\/wp-json\/wp\/v2\/categories?post=35912"},{"taxonomy":"post_tag","embeddable":true,"href":"https:\/\/sdk.mk\/index.php\/wp-json\/wp\/v2\/tags?post=35912"}],"curies":[{"name":"wp","href":"https:\/\/api.w.org\/{rel}","templated":true}]}}