{"id":35916,"date":"2017-05-03T13:24:38","date_gmt":"2017-05-03T11:24:38","guid":{"rendered":"http:\/\/sdk.mk\/?p=35916"},"modified":"2017-07-23T13:26:04","modified_gmt":"2017-07-23T11:26:04","slug":"talati-hyri-ne-kabinetin-e-kryetarit-te-parlamentit-zhbogarin-e-se","status":"publish","type":"post","link":"https:\/\/sdk.mk\/index.php\/maqedonia\/talati-hyri-ne-kabinetin-e-kryetarit-te-parlamentit-zhbogarin-e-se\/","title":{"rendered":"TALATI HYRI N\u00cb KABINETIN E KRYETARIT T\u00cb PARLAMENTIT ME ZHBOGARIN E BE-S\u00cb"},"content":{"rendered":"<div class=\"f52428582a4b906b2d2e2a7d733c7d27\" data-index=\"7\" style=\"float: none; margin:10px 0 10px 0; text-align:center;\">\n<!-- MSP Ads Asynchronous JS Tag - Generated with Revive Adserver v5.4.1 -->\r\n<ins data-revive-zoneid=\"167\" data-revive-id=\"060fdb01f6430ec164d3519234aa4967\"><\/ins>\r\n<script async src=\"\/\/panel.ads.com.mk\/www\/delivery\/asyncjs.php\"><\/script>\n<\/div>\n<p>Kryetari i Parlametnit, Talat Xhaferi k\u00ebt\u00eb m\u00ebngjes ka hyr\u00eb n\u00eb kabinetin e tij n\u00eb Parlament pas takimit t\u00eb par\u00eb me ambasadorin e BE-s\u00eb n\u00eb Shkup, Samuel Zhbogar, kan\u00eb konfirmuar deputet\u00ebt e shumic\u00ebs parlamentare, Pavle Bogoevski dhe Muhamed Zeqiri. Televizioni \u201cTV21\u201d publikoi nj\u00eb video t\u00eb ngjarjes.<\/p>\n<p>Para set\u00eb fotografohet n\u00eb vendin e tij t\u00eb ri t\u00eb pun\u00ebs, Xhaferi n\u00eb tavolin\u00ebn e tij t\u00eb pun\u00ebs ka vendosur flamujt e vegj\u00eb t\u00eb Maqedonis\u00eb, Shqip\u00ebris\u00eb dhe BE-s\u00eb.<br \/>\nJozyrtarisht zbulojm\u00eb q\u00eb procedura p\u00ebr marrjen e vendit t\u00eb spikerit shkon si\u00e7 duhet. Vulat nuk jan\u00eb te ish kryetari Trajko Veljanoski, por tek sh\u00ebrbimet profesionale.<\/p>\n<p>Deputet\u00ebt e VMRO-DPMNE-s\u00eb bashk\u00eb me ish kryetarin e Parlamentit, Trajko Veljanoski dje ishin n\u00eb mbledhje n\u00eb kabinetin e kryetarit, pik\u00ebrisht kur aty duhej t\u00eb hynte spikeri Talat Xhaferi. Se p\u00ebrse mbledhja u mbajt n\u00eb kabinetin e Xhaferit, askush nga deputet\u00ebt e VMRO-DPMNE-s\u00eb nuk d\u00ebshironte t\u00eb jap\u00eb deklarat\u00eb.<\/p>\n\n<div style=\"font-size: 0px; height: 0px; line-height: 0px; margin: 0; padding: 0; clear: both;\"><\/div>","protected":false},"excerpt":{"rendered":"<p>Kryetari i Parlametnit, Talat Xhaferi k\u00ebt\u00eb m\u00ebngjes ka hyr\u00eb n\u00eb kabinetin e tij n\u00eb Parlament pas takimit t\u00eb par\u00eb me [&hellip;]<\/p>\n","protected":false},"author":9,"featured_media":30584,"comment_status":"closed","ping_status":"closed","sticky":false,"template":"","format":"standard","meta":{"_mo_disable_npp":"","inline_featured_image":false},"categories":[3087],"tags":[],"imageURL":"https:\/\/sdk.mk\/wp-content\/uploads\/2017\/05\/Talat-vo-Kabinet-650x488.jpeg","thumbURL":"https:\/\/sdk.mk\/wp-content\/uploads\/2017\/05\/Talat-vo-Kabinet-250x188.jpeg","categoryNames":["Maqedonia"],"feature_caption":"Spikeri i Parlementit Talat Xhaferi k\u00ebt\u00eb m\u00ebngjes do t\u00eb mbaj\u00eb takimin e par\u00eb t\u00eb pun\u00ebs n\u00eb kabinetin e tij. Para se t\u00eb fotografohet n\u00eb vendin e tij t\u00eb ri t\u00eb pun\u00ebs, Xhaferi n\u00eb tavolin\u00ebn e pun\u00ebs i ka vendosur flamujt e vegj\u00ebl t\u00eb Maqedonis\u00eb, Shqip\u00ebris\u00eb dhe t\u00eb BE-s\u00eb. (Foto: SDK.MK)","subtitle":"","views":"6460","source":"Shkup, (SAKAMDAKAZAM.MK)","yoast_head":"<!-- This site is optimized with the Yoast SEO Premium plugin v15.0 - https:\/\/yoast.com\/wordpress\/plugins\/seo\/ -->\n<title>TALATI HYRI N\u00cb KABINETIN E KRYETARIT T\u00cb PARLAMENTIT ME ZHBOGARIN E BE-S\u00cb - \u0421\u0430\u043a\u0430\u043c \u0414\u0430 \u041a\u0430\u0436\u0430\u043c<\/title>\n<meta name=\"robots\" content=\"index, follow, max-snippet:-1, max-image-preview:large, max-video-preview:-1\" \/>\n<link rel=\"canonical\" href=\"https:\/\/sdk.mk\/index.php\/maqedonia\/talati-hyri-ne-kabinetin-e-kryetarit-te-parlamentit-zhbogarin-e-se\/\" \/>\n<meta property=\"og:locale\" content=\"mk_MK\" \/>\n<meta property=\"og:type\" content=\"article\" \/>\n<meta property=\"og:title\" content=\"TALATI HYRI N\u00cb KABINETIN E KRYETARIT T\u00cb PARLAMENTIT ME ZHBOGARIN E BE-S\u00cb - \u0421\u0430\u043a\u0430\u043c \u0414\u0430 \u041a\u0430\u0436\u0430\u043c\" \/>\n<meta property=\"og:description\" content=\"Kryetari i Parlametnit, Talat Xhaferi k\u00ebt\u00eb m\u00ebngjes ka hyr\u00eb n\u00eb kabinetin e tij n\u00eb Parlament pas takimit t\u00eb par\u00eb me [&hellip;]\" \/>\n<meta property=\"og:url\" content=\"https:\/\/sdk.mk\/index.php\/maqedonia\/talati-hyri-ne-kabinetin-e-kryetarit-te-parlamentit-zhbogarin-e-se\/\" \/>\n<meta property=\"og:site_name\" content=\"\u0421\u0430\u043a\u0430\u043c \u0414\u0430 \u041a\u0430\u0436\u0430\u043c\" \/>\n<meta property=\"article:published_time\" content=\"2017-05-03T11:24:38+00:00\" \/>\n<meta property=\"article:modified_time\" content=\"2017-07-23T11:26:04+00:00\" \/>\n<meta property=\"og:image\" content=\"https:\/\/sdk.mk\/wp-content\/uploads\/2017\/05\/Talat-vo-Kabinet.jpeg\" \/>\n\t<meta property=\"og:image:width\" content=\"1280\" \/>\n\t<meta property=\"og:image:height\" content=\"960\" \/>\n<meta property=\"fb:app_id\" content=\"2407985809428537\" \/>\n<meta name=\"twitter:card\" content=\"summary\" \/>\n<script type=\"application\/ld+json\" class=\"yoast-schema-graph\">{\"@context\":\"https:\/\/schema.org\",\"@graph\":[{\"@type\":\"WebSite\",\"@id\":\"https:\/\/sdk.mk\/#website\",\"url\":\"https:\/\/sdk.mk\/\",\"name\":\"\\u0421\\u0430\\u043a\\u0430\\u043c \\u0414\\u0430 \\u041a\\u0430\\u0436\\u0430\\u043c\",\"description\":\"\\u0417\\u0430 \\u0441\\u043b\\u043e\\u0431\\u043e\\u0434\\u043e\\u0443\\u043c\\u043d\\u0438\",\"potentialAction\":[{\"@type\":\"SearchAction\",\"target\":\"https:\/\/sdk.mk\/?s={search_term_string}\",\"query-input\":\"required name=search_term_string\"}],\"inLanguage\":\"mk-MK\"},{\"@type\":\"ImageObject\",\"@id\":\"https:\/\/sdk.mk\/index.php\/maqedonia\/talati-hyri-ne-kabinetin-e-kryetarit-te-parlamentit-zhbogarin-e-se\/#primaryimage\",\"inLanguage\":\"mk-MK\",\"url\":\"https:\/\/sdk.mk\/wp-content\/uploads\/2017\/05\/Talat-vo-Kabinet.jpeg\",\"width\":1280,\"height\":960},{\"@type\":\"WebPage\",\"@id\":\"https:\/\/sdk.mk\/index.php\/maqedonia\/talati-hyri-ne-kabinetin-e-kryetarit-te-parlamentit-zhbogarin-e-se\/#webpage\",\"url\":\"https:\/\/sdk.mk\/index.php\/maqedonia\/talati-hyri-ne-kabinetin-e-kryetarit-te-parlamentit-zhbogarin-e-se\/\",\"name\":\"TALATI HYRI N\\u00cb KABINETIN E KRYETARIT T\\u00cb PARLAMENTIT ME ZHBOGARIN E BE-S\\u00cb - \\u0421\\u0430\\u043a\\u0430\\u043c \\u0414\\u0430 \\u041a\\u0430\\u0436\\u0430\\u043c\",\"isPartOf\":{\"@id\":\"https:\/\/sdk.mk\/#website\"},\"primaryImageOfPage\":{\"@id\":\"https:\/\/sdk.mk\/index.php\/maqedonia\/talati-hyri-ne-kabinetin-e-kryetarit-te-parlamentit-zhbogarin-e-se\/#primaryimage\"},\"datePublished\":\"2017-05-03T11:24:38+00:00\",\"dateModified\":\"2017-07-23T11:26:04+00:00\",\"author\":{\"@id\":\"https:\/\/sdk.mk\/#\/schema\/person\/3e8217f71bc38bd7c592f30c69e10e5a\"},\"inLanguage\":\"mk-MK\",\"potentialAction\":[{\"@type\":\"ReadAction\",\"target\":[\"https:\/\/sdk.mk\/index.php\/maqedonia\/talati-hyri-ne-kabinetin-e-kryetarit-te-parlamentit-zhbogarin-e-se\/\"]}]},{\"@type\":\"Person\",\"@id\":\"https:\/\/sdk.mk\/#\/schema\/person\/3e8217f71bc38bd7c592f30c69e10e5a\",\"name\":\"\\u041c\\u0438\\u0440\\u043e\\u0441\\u043b\\u0430\\u0432 \\u0418\\u043b\\u0438\\u043e\\u0441\\u043a\\u0438\"}]}<\/script>\n<!-- \/ Yoast SEO Premium plugin. -->","_links":{"self":[{"href":"https:\/\/sdk.mk\/index.php\/wp-json\/wp\/v2\/posts\/35916"}],"collection":[{"href":"https:\/\/sdk.mk\/index.php\/wp-json\/wp\/v2\/posts"}],"about":[{"href":"https:\/\/sdk.mk\/index.php\/wp-json\/wp\/v2\/types\/post"}],"author":[{"embeddable":true,"href":"https:\/\/sdk.mk\/index.php\/wp-json\/wp\/v2\/users\/9"}],"replies":[{"embeddable":true,"href":"https:\/\/sdk.mk\/index.php\/wp-json\/wp\/v2\/comments?post=35916"}],"version-history":[{"count":0,"href":"https:\/\/sdk.mk\/index.php\/wp-json\/wp\/v2\/posts\/35916\/revisions"}],"wp:featuredmedia":[{"embeddable":true,"href":"https:\/\/sdk.mk\/index.php\/wp-json\/wp\/v2\/media\/30584"}],"wp:attachment":[{"href":"https:\/\/sdk.mk\/index.php\/wp-json\/wp\/v2\/media?parent=35916"}],"wp:term":[{"taxonomy":"category","embeddable":true,"href":"https:\/\/sdk.mk\/index.php\/wp-json\/wp\/v2\/categories?post=35916"},{"taxonomy":"post_tag","embeddable":true,"href":"https:\/\/sdk.mk\/index.php\/wp-json\/wp\/v2\/tags?post=35916"}],"curies":[{"name":"wp","href":"https:\/\/api.w.org\/{rel}","templated":true}]}}