{"id":35918,"date":"2017-05-03T13:27:00","date_gmt":"2017-05-03T11:27:00","guid":{"rendered":"http:\/\/sdk.mk\/?p=35918"},"modified":"2017-07-23T13:28:04","modified_gmt":"2017-07-23T11:28:04","slug":"sekretaria-e-parlamentit-tallet-talatin","status":"publish","type":"post","link":"https:\/\/sdk.mk\/index.php\/maqedonia\/sekretaria-e-parlamentit-tallet-talatin\/","title":{"rendered":"SEKRETARIA E PARLAMENTIT TALLET ME TALATIN"},"content":{"rendered":"<div class=\"f52428582a4b906b2d2e2a7d733c7d27\" data-index=\"7\" style=\"float: none; margin:10px 0 10px 0; text-align:center;\">\n<!-- MSP Ads Asynchronous JS Tag - Generated with Revive Adserver v5.4.1 -->\r\n<ins data-revive-zoneid=\"167\" data-revive-id=\"060fdb01f6430ec164d3519234aa4967\"><\/ins>\r\n<script async src=\"\/\/panel.ads.com.mk\/www\/delivery\/asyncjs.php\"><\/script>\n<\/div>\n<p>Nuk ka p\u00ebrgjigje nga sekretari gjeneral i Parlamentit Zharko Denkovski n\u00eb lidhje me k\u00ebrks\u00ebn e kryetarit t\u00eb Parlamentit Talat Xhaferi q\u00eb t\u2019i mund\u00ebsoj\u00eb kushte pun\u00eb, p\u00ebr t\u00eb mundur t\u2019i kryej\u00eb detyrimet administrative dhe t\u00eb pun\u00ebs.<\/p>\n<p>Burimet partiake p\u00ebr SAKAMDAKAZAM.MK deklaruan se sekretari gjeneral Denkovski dje t\u00ebr\u00eb dit\u00ebn ka gjetur justifikime vet\u00ebm q\u00eb t\u00eb mos p\u00ebrgjigjet ndaj k\u00ebrkes\u00ebs s\u00eb spikerit Xhaferi p\u00ebr t\u2019iu mund\u00ebsuar kushtet e pun\u00ebs.<br \/>\nZbulojm\u00eb se z\u00ebvend\u00ebs sekretari i Parlamentit nuk ka dashur ta n\u00ebnshkruaj\u00eb k\u00ebrkes\u00ebn, me justifikimin se ai nuk ka pasur kompetenca. I \u00ebsht\u00eb rreferuar Rregullores se at\u00eb lloj kompetence e ka vet\u00ebm sekretari gjeneral. Ai ka mundur vet\u00ebm t\u00eb n\u00ebnshkruaj\u00eb, vet\u00ebm n\u00ebse sekretari gjeneral ka munguar apo ka qen\u00eb i penguar nga kryerja e funksionit.<\/p>\n<p>N\u00eb Rregulloren e Parlamentit thuhet q\u00eb \u201cp\u00ebr pun\u00ebn e tij dhe dhe p\u00ebr pun\u00ebn e Sh\u00ebrbimit t\u00eb Parlamentit, sekretari gjeneral i Parlamentit dhe z\u00ebvend\u00ebs sekretari gjeneral, i p\u00ebrgjigjen kryetarit t\u00eb Parlamentit\u201d<br \/>\nKryetari i Parlamentit, Xhaferi, pun\u00ebn do ta kryej\u00eb nga zyra e tij, deri sa t\u00eb vij\u00eb kalimi zyrtar i funksionit nga spikeri i m\u00ebparsh\u00ebm i Parlamentit Trajko Veljanoski.<\/p>\n<p>Deputet\u00ebt e VMRO-DPMNE-s\u00eb bashk\u00eb me ish kryetarin e Parlamentit, Trajko Veljanoski dje ishin n\u00eb mbledhje n\u00eb kabinetin e kryetarit, pik\u00ebrisht kur aty duhej t\u00eb hynte spikeri Talat Xhaferi. Se p\u00ebrse mbledhja u mbajt n\u00eb kabinetin e Xhaferit, askush nga deputet\u00ebt e VMRO-DPMNE-s\u00eb nuk d\u00ebshironte t\u00eb jap\u00eb deklarat\u00eb.<br \/>\nDeputeti Antonio Milloshoski e p\u00ebrs\u00ebriti deklarat\u00ebn p\u00ebr VMRO-DPMNE-n\u00eb se Xhaferi \u00ebsht\u00eb zgjedhur n\u00eb m\u00ebnyr\u00eb jokushtetuese, jolegale dhe t\u00eb paligjshme dhe se zgjedhja e tij \u00ebsht\u00eb p\u00ebrjshtim i madh n\u00eb Maqedonin\u00eb e pavarur.<\/p>\n<p>Deputeti i BDI-s\u00eb, Artan Grubi nga BDI dje tha q\u00eb kryetari i ri i Parlamentit, Talat Xhaferi do t\u00eb mund vet\u00ebm t\u00eb d\u00ebrgoj\u00eb nj\u00eb let\u00ebr drejt kryetarit t\u00eb shtetit Gjorge Ivanov, me t\u00eb cil\u00ebn do t\u00eb k\u00ebrkoj\u00eb q\u00eb mandatin t\u2019ia jap\u00eb Zoran Zaevit, madje pasi Gazeta zyrtare t\u00eb ket\u00eb publikuar q\u00eb Xhaferi \u00ebsht\u00eb kryetari i ri i Parlamentit.<\/p>\n\n<div style=\"font-size: 0px; height: 0px; line-height: 0px; margin: 0; padding: 0; clear: both;\"><\/div>","protected":false},"excerpt":{"rendered":"<p>Nuk ka p\u00ebrgjigje nga sekretari gjeneral i Parlamentit Zharko Denkovski n\u00eb lidhje me k\u00ebrks\u00ebn e kryetarit t\u00eb Parlamentit Talat Xhaferi [&hellip;]<\/p>\n","protected":false},"author":9,"featured_media":30565,"comment_status":"closed","ping_status":"closed","sticky":false,"template":"","format":"standard","meta":{"_mo_disable_npp":"","inline_featured_image":false},"categories":[3087],"tags":[],"imageURL":"https:\/\/sdk.mk\/wp-content\/uploads\/2017\/05\/talat-sekretar-43843894389-650x341.jpg","thumbURL":"https:\/\/sdk.mk\/wp-content\/uploads\/2017\/05\/talat-sekretar-43843894389-250x131.jpg","categoryNames":["Maqedonia"],"feature_caption":"N\u00eb Rregulloren e Parlamentit thuhet q\u00eb \u201cp\u00ebr pun\u00ebn e tij dhe p\u00ebr pun\u00ebn e Sh\u00ebrbimit t\u00eb Parlamentit, sekretari gjeneral i Parlamentit dhe z\u00ebvend\u00ebs sekretari gjeneral, i p\u00ebrgjigjen kryetarit t\u00eb Parlamentit\u201d, - kryetari i Parlamentit, Talat Xhaferi dhe sekretari gjeneral Zharko Denkovski (Foto: SDK.MK)","subtitle":"","views":"8618","source":"Shkup, (SAKAMDAKAZAM.MK)","yoast_head":"<!-- This site is optimized with the Yoast SEO Premium plugin v15.0 - https:\/\/yoast.com\/wordpress\/plugins\/seo\/ -->\n<title>SEKRETARIA E PARLAMENTIT TALLET ME TALATIN - \u0421\u0430\u043a\u0430\u043c \u0414\u0430 \u041a\u0430\u0436\u0430\u043c<\/title>\n<meta name=\"robots\" content=\"index, follow, max-snippet:-1, max-image-preview:large, max-video-preview:-1\" \/>\n<link rel=\"canonical\" href=\"https:\/\/sdk.mk\/index.php\/maqedonia\/sekretaria-e-parlamentit-tallet-talatin\/\" \/>\n<meta property=\"og:locale\" content=\"mk_MK\" \/>\n<meta property=\"og:type\" content=\"article\" \/>\n<meta property=\"og:title\" content=\"SEKRETARIA E PARLAMENTIT TALLET ME TALATIN - \u0421\u0430\u043a\u0430\u043c \u0414\u0430 \u041a\u0430\u0436\u0430\u043c\" \/>\n<meta property=\"og:description\" content=\"Nuk ka p\u00ebrgjigje nga sekretari gjeneral i Parlamentit Zharko Denkovski n\u00eb lidhje me k\u00ebrks\u00ebn e kryetarit t\u00eb Parlamentit Talat Xhaferi [&hellip;]\" \/>\n<meta property=\"og:url\" content=\"https:\/\/sdk.mk\/index.php\/maqedonia\/sekretaria-e-parlamentit-tallet-talatin\/\" \/>\n<meta property=\"og:site_name\" content=\"\u0421\u0430\u043a\u0430\u043c \u0414\u0430 \u041a\u0430\u0436\u0430\u043c\" \/>\n<meta property=\"article:published_time\" content=\"2017-05-03T11:27:00+00:00\" \/>\n<meta property=\"article:modified_time\" content=\"2017-07-23T11:28:04+00:00\" \/>\n<meta property=\"og:image\" content=\"https:\/\/sdk.mk\/wp-content\/uploads\/2017\/05\/talat-sekretar-43843894389.jpg\" \/>\n\t<meta property=\"og:image:width\" content=\"800\" \/>\n\t<meta property=\"og:image:height\" content=\"420\" \/>\n<meta property=\"fb:app_id\" content=\"2407985809428537\" \/>\n<meta name=\"twitter:card\" content=\"summary\" \/>\n<script type=\"application\/ld+json\" class=\"yoast-schema-graph\">{\"@context\":\"https:\/\/schema.org\",\"@graph\":[{\"@type\":\"WebSite\",\"@id\":\"https:\/\/sdk.mk\/#website\",\"url\":\"https:\/\/sdk.mk\/\",\"name\":\"\\u0421\\u0430\\u043a\\u0430\\u043c \\u0414\\u0430 \\u041a\\u0430\\u0436\\u0430\\u043c\",\"description\":\"\\u0417\\u0430 \\u0441\\u043b\\u043e\\u0431\\u043e\\u0434\\u043e\\u0443\\u043c\\u043d\\u0438\",\"potentialAction\":[{\"@type\":\"SearchAction\",\"target\":\"https:\/\/sdk.mk\/?s={search_term_string}\",\"query-input\":\"required name=search_term_string\"}],\"inLanguage\":\"mk-MK\"},{\"@type\":\"ImageObject\",\"@id\":\"https:\/\/sdk.mk\/index.php\/maqedonia\/sekretaria-e-parlamentit-tallet-talatin\/#primaryimage\",\"inLanguage\":\"mk-MK\",\"url\":\"https:\/\/sdk.mk\/wp-content\/uploads\/2017\/05\/talat-sekretar-43843894389.jpg\",\"width\":800,\"height\":420},{\"@type\":\"WebPage\",\"@id\":\"https:\/\/sdk.mk\/index.php\/maqedonia\/sekretaria-e-parlamentit-tallet-talatin\/#webpage\",\"url\":\"https:\/\/sdk.mk\/index.php\/maqedonia\/sekretaria-e-parlamentit-tallet-talatin\/\",\"name\":\"SEKRETARIA E PARLAMENTIT TALLET ME TALATIN - \\u0421\\u0430\\u043a\\u0430\\u043c \\u0414\\u0430 \\u041a\\u0430\\u0436\\u0430\\u043c\",\"isPartOf\":{\"@id\":\"https:\/\/sdk.mk\/#website\"},\"primaryImageOfPage\":{\"@id\":\"https:\/\/sdk.mk\/index.php\/maqedonia\/sekretaria-e-parlamentit-tallet-talatin\/#primaryimage\"},\"datePublished\":\"2017-05-03T11:27:00+00:00\",\"dateModified\":\"2017-07-23T11:28:04+00:00\",\"author\":{\"@id\":\"https:\/\/sdk.mk\/#\/schema\/person\/3e8217f71bc38bd7c592f30c69e10e5a\"},\"inLanguage\":\"mk-MK\",\"potentialAction\":[{\"@type\":\"ReadAction\",\"target\":[\"https:\/\/sdk.mk\/index.php\/maqedonia\/sekretaria-e-parlamentit-tallet-talatin\/\"]}]},{\"@type\":\"Person\",\"@id\":\"https:\/\/sdk.mk\/#\/schema\/person\/3e8217f71bc38bd7c592f30c69e10e5a\",\"name\":\"\\u041c\\u0438\\u0440\\u043e\\u0441\\u043b\\u0430\\u0432 \\u0418\\u043b\\u0438\\u043e\\u0441\\u043a\\u0438\"}]}<\/script>\n<!-- \/ Yoast SEO Premium plugin. -->","_links":{"self":[{"href":"https:\/\/sdk.mk\/index.php\/wp-json\/wp\/v2\/posts\/35918"}],"collection":[{"href":"https:\/\/sdk.mk\/index.php\/wp-json\/wp\/v2\/posts"}],"about":[{"href":"https:\/\/sdk.mk\/index.php\/wp-json\/wp\/v2\/types\/post"}],"author":[{"embeddable":true,"href":"https:\/\/sdk.mk\/index.php\/wp-json\/wp\/v2\/users\/9"}],"replies":[{"embeddable":true,"href":"https:\/\/sdk.mk\/index.php\/wp-json\/wp\/v2\/comments?post=35918"}],"version-history":[{"count":0,"href":"https:\/\/sdk.mk\/index.php\/wp-json\/wp\/v2\/posts\/35918\/revisions"}],"wp:featuredmedia":[{"embeddable":true,"href":"https:\/\/sdk.mk\/index.php\/wp-json\/wp\/v2\/media\/30565"}],"wp:attachment":[{"href":"https:\/\/sdk.mk\/index.php\/wp-json\/wp\/v2\/media?parent=35918"}],"wp:term":[{"taxonomy":"category","embeddable":true,"href":"https:\/\/sdk.mk\/index.php\/wp-json\/wp\/v2\/categories?post=35918"},{"taxonomy":"post_tag","embeddable":true,"href":"https:\/\/sdk.mk\/index.php\/wp-json\/wp\/v2\/tags?post=35918"}],"curies":[{"name":"wp","href":"https:\/\/api.w.org\/{rel}","templated":true}]}}