{"id":35920,"date":"2017-04-27T18:29:26","date_gmt":"2017-04-27T16:29:26","guid":{"rendered":"http:\/\/sdk.mk\/?p=35920"},"modified":"2017-07-23T13:30:44","modified_gmt":"2017-07-23T11:30:44","slug":"deputetet-e-vmro-dpmne-se-mbajne-kujdestari-ne-parlament-derisa-te-largohet-shumica","status":"publish","type":"post","link":"https:\/\/sdk.mk\/index.php\/maqedonia\/deputetet-e-vmro-dpmne-se-mbajne-kujdestari-ne-parlament-derisa-te-largohet-shumica\/","title":{"rendered":"DEPUTET\u00cbT E VMRO-DPMNE-S\u00cb MBAJN\u00cb KUJDESTARI N\u00cb PARLAMENT DERISA T\u00cb LARGOHET SHUMICA"},"content":{"rendered":"<div class=\"f52428582a4b906b2d2e2a7d733c7d27\" data-index=\"7\" style=\"float: none; margin:10px 0 10px 0; text-align:center;\">\n<!-- MSP Ads Asynchronous JS Tag - Generated with Revive Adserver v5.4.1 -->\r\n<ins data-revive-zoneid=\"167\" data-revive-id=\"060fdb01f6430ec164d3519234aa4967\"><\/ins>\r\n<script async src=\"\/\/panel.ads.com.mk\/www\/delivery\/asyncjs.php\"><\/script>\n<\/div>\n<p>Deputet\u00ebt e VMRO-DPMNE-s\u00eb k\u00ebt\u00eb jav\u00eb do t\u00eb mbajn\u00eb kujdestari n\u00eb m\u00ebnyr\u00eb q\u00eb shumica parlamentare e udh\u00ebhequr nga LSDM t\u00eb mos mund t\u00eb hyj\u00eb papritur n\u00eb ndonj\u00ebr\u00ebn nga sallat m\u00eb t\u00eb vogla t\u00eb parlamentit dhe n\u00ebn udh\u00ebheqjen e m\u00eb t\u00eb moshuarit nga p\u00ebrb\u00ebrja e deputet\u00ebve, Branko Manojllovski nga BDI, si kryesues, t\u00eb zgjedh\u00eb kryetar t\u00eb Parlamentit.<\/p>\n<p>Disa deputet\u00eb nga shumica paralementare thon\u00eb se kan\u00eb v\u00ebn\u00eb re se kan\u00eb qen\u00eb vazhdimisht t\u00eb p\u00ebrndjekur, nd\u00ebrsa syt\u00eb e deputet\u00ebve t\u00eb VMRO-DPMNE-s\u00eb kan\u00eb qen\u00eb gjat\u00eb t\u00ebr\u00eb koh\u00ebs t\u00eb drejtuar kah salla \u201cBoris Trajkovski\u201d, e cila, p\u00ebrve\u00e7se \u00ebsht\u00eb e madhe, ka edhe foltore dhe pult p\u00ebr kryetar dhe sh\u00ebrbim paralementar, mund t\u2019i mbledh\u00eb t\u00eb gjith\u00eb 67 deputet\u00ebt t\u00eb shumic\u00ebs parlamentare dhe \u00ebsht\u00eb salla e vetme q\u00eb \u00ebsht\u00eb gjithnj\u00eb e hapur.<br \/>\nP\u00ebr dallim nga sallat e tjera t\u00eb parlamentit, t\u00eb cilat sipas protokollit t\u00eb sigurimit jan\u00eb t\u00eb mbyllura p\u00ebr arsye sigurie, \u201cBoris Trajkovski\u201d mbetet e hapur gjat\u00eb seancave plenare, nd\u00ebrsa pas or\u00ebs 18 edhe ajo mbyllet. Gjendet mu pran\u00eb sall\u00ebs s\u00eb madhe plenare.<\/p>\n<p>\u201cP\u00ebrve\u00e7se na ndjekin kur shkojm\u00eb p\u00ebr kafe apo p\u00ebr konsultime partiake, ata na ndjekin edhe kur shkojm\u00eb n\u00eb sht\u00ebpi \u00e7do dit\u00eb gjat\u00eb jav\u00ebs s\u00eb fundit. N\u00eb ora 18, nd\u00ebrkoh\u00eb q\u00eb ne, BDI, Aleanca e Shqiptar\u00ebve, Besa dhe PDSH, nuk shkojm\u00eb n\u00eb sht\u00ebpi pas or\u00ebs 18, koleg\u00ebt e VMRO-DPMNE-s\u00eb nuk shkojn\u00eb para nesh. Kan\u00eb frik\u00eb se do t\u00eb mbesim dhe do t\u00eb zgjedhim kryetar pa dijenin\u00eb e tyre.\u201d, thon\u00eb deputet\u00ebt e LSDM.<br \/>\nLideri i LSDM Zoran Zaev, sot, fillimisht n\u00eb foltoren e parlamentit nd\u00ebrsa pas k\u00ebsaj edhe n\u00eb pres konferenc\u00eb tha q\u00eb \u201ckryetari i Parlamentit do t\u00eb zgjidhet ose n\u00eb sall\u00ebn e parlamentit, ose n\u00eb nj\u00eb sall\u00eb tjet\u00ebr, n\u00eb shkall\u00eb, n\u00eb amfiteatrin e Fakultetit t\u00eb Drejt\u00ebsis\u00eb, n\u00eb MANU, n\u00eb Pelinc\u00eb, n\u00eb Krushev\u00eb apo n\u00eb Stumic\u00ebn time\u201d.<\/p>\n<p><em><strong>S.K.DELEVSKA <\/strong><\/em><\/p>\n\n<div style=\"font-size: 0px; height: 0px; line-height: 0px; margin: 0; padding: 0; clear: both;\"><\/div>","protected":false},"excerpt":{"rendered":"<p>Deputet\u00ebt e VMRO-DPMNE-s\u00eb k\u00ebt\u00eb jav\u00eb do t\u00eb mbajn\u00eb kujdestari n\u00eb m\u00ebnyr\u00eb q\u00eb shumica parlamentare e udh\u00ebhequr nga LSDM t\u00eb mos [&hellip;]<\/p>\n","protected":false},"author":9,"featured_media":30142,"comment_status":"closed","ping_status":"closed","sticky":false,"template":"","format":"standard","meta":{"_mo_disable_npp":"","inline_featured_image":false},"categories":[3087],"tags":[],"imageURL":"https:\/\/sdk.mk\/wp-content\/uploads\/2017\/04\/ilija-dimovski-i-antonijo-miloshoski-1-650x488.jpeg","thumbURL":"https:\/\/sdk.mk\/wp-content\/uploads\/2017\/04\/ilija-dimovski-i-antonijo-miloshoski-1-250x188.jpeg","categoryNames":["Maqedonia"],"feature_caption":"Ilija Dimovski dhe Antonio Milloshoski gjat\u00eb pauz\u00ebs s\u00eb seanc\u00ebs konstitutive n\u00eb Parlament (Foto: Gj. Li\u00e7ovski)","subtitle":"","views":"7893","source":"Shkup, (SAKAMDAKAZAM.MK)","yoast_head":"<!-- This site is optimized with the Yoast SEO Premium plugin v15.0 - https:\/\/yoast.com\/wordpress\/plugins\/seo\/ -->\n<title>DEPUTET\u00cbT E VMRO-DPMNE-S\u00cb MBAJN\u00cb KUJDESTARI N\u00cb PARLAMENT DERISA T\u00cb LARGOHET SHUMICA - \u0421\u0430\u043a\u0430\u043c \u0414\u0430 \u041a\u0430\u0436\u0430\u043c<\/title>\n<meta name=\"robots\" content=\"index, follow, max-snippet:-1, max-image-preview:large, max-video-preview:-1\" \/>\n<link rel=\"canonical\" href=\"https:\/\/sdk.mk\/index.php\/maqedonia\/deputetet-e-vmro-dpmne-se-mbajne-kujdestari-ne-parlament-derisa-te-largohet-shumica\/\" \/>\n<meta property=\"og:locale\" content=\"mk_MK\" \/>\n<meta property=\"og:type\" content=\"article\" \/>\n<meta property=\"og:title\" content=\"DEPUTET\u00cbT E VMRO-DPMNE-S\u00cb MBAJN\u00cb KUJDESTARI N\u00cb PARLAMENT DERISA T\u00cb LARGOHET SHUMICA - \u0421\u0430\u043a\u0430\u043c \u0414\u0430 \u041a\u0430\u0436\u0430\u043c\" \/>\n<meta property=\"og:description\" content=\"Deputet\u00ebt e VMRO-DPMNE-s\u00eb k\u00ebt\u00eb jav\u00eb do t\u00eb mbajn\u00eb kujdestari n\u00eb m\u00ebnyr\u00eb q\u00eb shumica parlamentare e udh\u00ebhequr nga LSDM t\u00eb mos [&hellip;]\" \/>\n<meta property=\"og:url\" content=\"https:\/\/sdk.mk\/index.php\/maqedonia\/deputetet-e-vmro-dpmne-se-mbajne-kujdestari-ne-parlament-derisa-te-largohet-shumica\/\" \/>\n<meta property=\"og:site_name\" content=\"\u0421\u0430\u043a\u0430\u043c \u0414\u0430 \u041a\u0430\u0436\u0430\u043c\" \/>\n<meta property=\"article:published_time\" content=\"2017-04-27T16:29:26+00:00\" \/>\n<meta property=\"article:modified_time\" content=\"2017-07-23T11:30:44+00:00\" \/>\n<meta property=\"og:image\" content=\"https:\/\/sdk.mk\/wp-content\/uploads\/2017\/04\/ilija-dimovski-i-antonijo-miloshoski-1.jpeg\" \/>\n\t<meta property=\"og:image:width\" content=\"1280\" \/>\n\t<meta property=\"og:image:height\" content=\"960\" \/>\n<meta property=\"fb:app_id\" content=\"2407985809428537\" \/>\n<meta name=\"twitter:card\" content=\"summary\" \/>\n<script type=\"application\/ld+json\" class=\"yoast-schema-graph\">{\"@context\":\"https:\/\/schema.org\",\"@graph\":[{\"@type\":\"WebSite\",\"@id\":\"https:\/\/sdk.mk\/#website\",\"url\":\"https:\/\/sdk.mk\/\",\"name\":\"\\u0421\\u0430\\u043a\\u0430\\u043c \\u0414\\u0430 \\u041a\\u0430\\u0436\\u0430\\u043c\",\"description\":\"\\u0417\\u0430 \\u0441\\u043b\\u043e\\u0431\\u043e\\u0434\\u043e\\u0443\\u043c\\u043d\\u0438\",\"potentialAction\":[{\"@type\":\"SearchAction\",\"target\":\"https:\/\/sdk.mk\/?s={search_term_string}\",\"query-input\":\"required name=search_term_string\"}],\"inLanguage\":\"mk-MK\"},{\"@type\":\"ImageObject\",\"@id\":\"https:\/\/sdk.mk\/index.php\/maqedonia\/deputetet-e-vmro-dpmne-se-mbajne-kujdestari-ne-parlament-derisa-te-largohet-shumica\/#primaryimage\",\"inLanguage\":\"mk-MK\",\"url\":\"https:\/\/sdk.mk\/wp-content\/uploads\/2017\/04\/ilija-dimovski-i-antonijo-miloshoski-1.jpeg\",\"width\":1280,\"height\":960},{\"@type\":\"WebPage\",\"@id\":\"https:\/\/sdk.mk\/index.php\/maqedonia\/deputetet-e-vmro-dpmne-se-mbajne-kujdestari-ne-parlament-derisa-te-largohet-shumica\/#webpage\",\"url\":\"https:\/\/sdk.mk\/index.php\/maqedonia\/deputetet-e-vmro-dpmne-se-mbajne-kujdestari-ne-parlament-derisa-te-largohet-shumica\/\",\"name\":\"DEPUTET\\u00cbT E VMRO-DPMNE-S\\u00cb MBAJN\\u00cb KUJDESTARI N\\u00cb PARLAMENT DERISA T\\u00cb LARGOHET SHUMICA - \\u0421\\u0430\\u043a\\u0430\\u043c \\u0414\\u0430 \\u041a\\u0430\\u0436\\u0430\\u043c\",\"isPartOf\":{\"@id\":\"https:\/\/sdk.mk\/#website\"},\"primaryImageOfPage\":{\"@id\":\"https:\/\/sdk.mk\/index.php\/maqedonia\/deputetet-e-vmro-dpmne-se-mbajne-kujdestari-ne-parlament-derisa-te-largohet-shumica\/#primaryimage\"},\"datePublished\":\"2017-04-27T16:29:26+00:00\",\"dateModified\":\"2017-07-23T11:30:44+00:00\",\"author\":{\"@id\":\"https:\/\/sdk.mk\/#\/schema\/person\/3e8217f71bc38bd7c592f30c69e10e5a\"},\"inLanguage\":\"mk-MK\",\"potentialAction\":[{\"@type\":\"ReadAction\",\"target\":[\"https:\/\/sdk.mk\/index.php\/maqedonia\/deputetet-e-vmro-dpmne-se-mbajne-kujdestari-ne-parlament-derisa-te-largohet-shumica\/\"]}]},{\"@type\":\"Person\",\"@id\":\"https:\/\/sdk.mk\/#\/schema\/person\/3e8217f71bc38bd7c592f30c69e10e5a\",\"name\":\"\\u041c\\u0438\\u0440\\u043e\\u0441\\u043b\\u0430\\u0432 \\u0418\\u043b\\u0438\\u043e\\u0441\\u043a\\u0438\"}]}<\/script>\n<!-- \/ Yoast SEO Premium plugin. -->","_links":{"self":[{"href":"https:\/\/sdk.mk\/index.php\/wp-json\/wp\/v2\/posts\/35920"}],"collection":[{"href":"https:\/\/sdk.mk\/index.php\/wp-json\/wp\/v2\/posts"}],"about":[{"href":"https:\/\/sdk.mk\/index.php\/wp-json\/wp\/v2\/types\/post"}],"author":[{"embeddable":true,"href":"https:\/\/sdk.mk\/index.php\/wp-json\/wp\/v2\/users\/9"}],"replies":[{"embeddable":true,"href":"https:\/\/sdk.mk\/index.php\/wp-json\/wp\/v2\/comments?post=35920"}],"version-history":[{"count":0,"href":"https:\/\/sdk.mk\/index.php\/wp-json\/wp\/v2\/posts\/35920\/revisions"}],"wp:featuredmedia":[{"embeddable":true,"href":"https:\/\/sdk.mk\/index.php\/wp-json\/wp\/v2\/media\/30142"}],"wp:attachment":[{"href":"https:\/\/sdk.mk\/index.php\/wp-json\/wp\/v2\/media?parent=35920"}],"wp:term":[{"taxonomy":"category","embeddable":true,"href":"https:\/\/sdk.mk\/index.php\/wp-json\/wp\/v2\/categories?post=35920"},{"taxonomy":"post_tag","embeddable":true,"href":"https:\/\/sdk.mk\/index.php\/wp-json\/wp\/v2\/tags?post=35920"}],"curies":[{"name":"wp","href":"https:\/\/api.w.org\/{rel}","templated":true}]}}