{"id":35922,"date":"2017-04-27T20:31:54","date_gmt":"2017-04-27T18:31:54","guid":{"rendered":"http:\/\/sdk.mk\/?p=35922"},"modified":"2017-07-23T13:32:44","modified_gmt":"2017-07-23T11:32:44","slug":"gazetare-dhe-deputete-rrihen-ne-parlament-polici-nuk-ka","status":"publish","type":"post","link":"https:\/\/sdk.mk\/index.php\/maqedonia\/gazetare-dhe-deputete-rrihen-ne-parlament-polici-nuk-ka\/","title":{"rendered":"GAZETAR\u00cb DHE DEPUTET\u00cb RRIHEN N\u00cb PARLAMENT, POLICI NUK KA"},"content":{"rendered":"<div class=\"f52428582a4b906b2d2e2a7d733c7d27\" data-index=\"7\" style=\"float: none; margin:10px 0 10px 0; text-align:center;\">\n<!-- MSP Ads Asynchronous JS Tag - Generated with Revive Adserver v5.4.1 -->\r\n<ins data-revive-zoneid=\"167\" data-revive-id=\"060fdb01f6430ec164d3519234aa4967\"><\/ins>\r\n<script async src=\"\/\/panel.ads.com.mk\/www\/delivery\/asyncjs.php\"><\/script>\n<\/div>\n<p>Gazetar\u00ebt dhe deputet\u00ebt t\u00eb bllokuar n\u00eb pres-konferenc\u00ebn e Parlamentit jan\u00eb t\u00eb sulmuar nga demonsturesit e maskur t\u00eb \u201cZa zaednicka Makedonija\u201d<\/p>\n<p>Lideri i LSDM-s\u00eb Zoran Zaev \u00ebsht\u00eb me fytyr\u00eb t\u00eb gjakosur, nd\u00ebrsa jan\u00eb l\u00ebnduar edhe deputet\u00ebt e tjer\u00eb, si dhe gazetar\u00eb, m\u00eb s\u00eb shumti me an\u00eb t\u00eb objekteve t\u00eb forta me t\u00eb cilat i gjuajn\u00eb. N\u00eb pres-qendr\u00ebn nuk gjendet policia, por vet\u00ebm sigurimi i parlamentit.<\/p>\n\n<div style=\"font-size: 0px; height: 0px; line-height: 0px; margin: 0; padding: 0; clear: both;\"><\/div>","protected":false},"excerpt":{"rendered":"<p>Gazetar\u00ebt dhe deputet\u00ebt t\u00eb bllokuar n\u00eb pres-konferenc\u00ebn e Parlamentit jan\u00eb t\u00eb sulmuar nga demonsturesit e maskur t\u00eb \u201cZa zaednicka Makedonija\u201d [&hellip;]<\/p>\n","protected":false},"author":9,"featured_media":30174,"comment_status":"closed","ping_status":"closed","sticky":false,"template":"","format":"standard","meta":{"_mo_disable_npp":"","inline_featured_image":false},"categories":[3087],"tags":[],"imageURL":"https:\/\/sdk.mk\/wp-content\/uploads\/2017\/04\/media-share-0-02-05-d778fff658971fff15be32af096b830de5b74dde00ef62c8215e00d3128dde72-891bbf01-e584-4ad3-8e93-14d9e1dde47a-650x488.jpg","thumbURL":"https:\/\/sdk.mk\/wp-content\/uploads\/2017\/04\/media-share-0-02-05-d778fff658971fff15be32af096b830de5b74dde00ef62c8215e00d3128dde72-891bbf01-e584-4ad3-8e93-14d9e1dde47a-250x188.jpg","categoryNames":["Maqedonia"],"feature_caption":"","subtitle":"","views":"5293","source":"Shkup, (SAKAMDAKAZAM.MK)","yoast_head":"<!-- This site is optimized with the Yoast SEO Premium plugin v15.0 - https:\/\/yoast.com\/wordpress\/plugins\/seo\/ -->\n<title>GAZETAR\u00cb DHE DEPUTET\u00cb RRIHEN N\u00cb PARLAMENT, POLICI NUK KA - \u0421\u0430\u043a\u0430\u043c \u0414\u0430 \u041a\u0430\u0436\u0430\u043c<\/title>\n<meta name=\"robots\" content=\"index, follow, max-snippet:-1, max-image-preview:large, max-video-preview:-1\" \/>\n<link rel=\"canonical\" href=\"https:\/\/sdk.mk\/index.php\/maqedonia\/gazetare-dhe-deputete-rrihen-ne-parlament-polici-nuk-ka\/\" \/>\n<meta property=\"og:locale\" content=\"mk_MK\" \/>\n<meta property=\"og:type\" content=\"article\" \/>\n<meta property=\"og:title\" content=\"GAZETAR\u00cb DHE DEPUTET\u00cb RRIHEN N\u00cb PARLAMENT, POLICI NUK KA - \u0421\u0430\u043a\u0430\u043c \u0414\u0430 \u041a\u0430\u0436\u0430\u043c\" \/>\n<meta property=\"og:description\" content=\"Gazetar\u00ebt dhe deputet\u00ebt t\u00eb bllokuar n\u00eb pres-konferenc\u00ebn e Parlamentit jan\u00eb t\u00eb sulmuar nga demonsturesit e maskur t\u00eb \u201cZa zaednicka Makedonija\u201d [&hellip;]\" \/>\n<meta property=\"og:url\" content=\"https:\/\/sdk.mk\/index.php\/maqedonia\/gazetare-dhe-deputete-rrihen-ne-parlament-polici-nuk-ka\/\" \/>\n<meta property=\"og:site_name\" content=\"\u0421\u0430\u043a\u0430\u043c \u0414\u0430 \u041a\u0430\u0436\u0430\u043c\" \/>\n<meta property=\"article:published_time\" content=\"2017-04-27T18:31:54+00:00\" \/>\n<meta property=\"article:modified_time\" content=\"2017-07-23T11:32:44+00:00\" \/>\n<meta property=\"og:image\" content=\"https:\/\/sdk.mk\/wp-content\/uploads\/2017\/04\/media-share-0-02-05-d778fff658971fff15be32af096b830de5b74dde00ef62c8215e00d3128dde72-891bbf01-e584-4ad3-8e93-14d9e1dde47a.jpg\" \/>\n\t<meta property=\"og:image:width\" content=\"1280\" \/>\n\t<meta property=\"og:image:height\" content=\"960\" \/>\n<meta property=\"fb:app_id\" content=\"2407985809428537\" \/>\n<meta name=\"twitter:card\" content=\"summary\" \/>\n<script type=\"application\/ld+json\" class=\"yoast-schema-graph\">{\"@context\":\"https:\/\/schema.org\",\"@graph\":[{\"@type\":\"WebSite\",\"@id\":\"https:\/\/sdk.mk\/#website\",\"url\":\"https:\/\/sdk.mk\/\",\"name\":\"\\u0421\\u0430\\u043a\\u0430\\u043c \\u0414\\u0430 \\u041a\\u0430\\u0436\\u0430\\u043c\",\"description\":\"\\u0417\\u0430 \\u0441\\u043b\\u043e\\u0431\\u043e\\u0434\\u043e\\u0443\\u043c\\u043d\\u0438\",\"potentialAction\":[{\"@type\":\"SearchAction\",\"target\":\"https:\/\/sdk.mk\/?s={search_term_string}\",\"query-input\":\"required name=search_term_string\"}],\"inLanguage\":\"mk-MK\"},{\"@type\":\"ImageObject\",\"@id\":\"https:\/\/sdk.mk\/index.php\/maqedonia\/gazetare-dhe-deputete-rrihen-ne-parlament-polici-nuk-ka\/#primaryimage\",\"inLanguage\":\"mk-MK\",\"url\":\"https:\/\/sdk.mk\/wp-content\/uploads\/2017\/04\/media-share-0-02-05-d778fff658971fff15be32af096b830de5b74dde00ef62c8215e00d3128dde72-891bbf01-e584-4ad3-8e93-14d9e1dde47a.jpg\",\"width\":1280,\"height\":960},{\"@type\":\"WebPage\",\"@id\":\"https:\/\/sdk.mk\/index.php\/maqedonia\/gazetare-dhe-deputete-rrihen-ne-parlament-polici-nuk-ka\/#webpage\",\"url\":\"https:\/\/sdk.mk\/index.php\/maqedonia\/gazetare-dhe-deputete-rrihen-ne-parlament-polici-nuk-ka\/\",\"name\":\"GAZETAR\\u00cb DHE DEPUTET\\u00cb RRIHEN N\\u00cb PARLAMENT, POLICI NUK KA - \\u0421\\u0430\\u043a\\u0430\\u043c \\u0414\\u0430 \\u041a\\u0430\\u0436\\u0430\\u043c\",\"isPartOf\":{\"@id\":\"https:\/\/sdk.mk\/#website\"},\"primaryImageOfPage\":{\"@id\":\"https:\/\/sdk.mk\/index.php\/maqedonia\/gazetare-dhe-deputete-rrihen-ne-parlament-polici-nuk-ka\/#primaryimage\"},\"datePublished\":\"2017-04-27T18:31:54+00:00\",\"dateModified\":\"2017-07-23T11:32:44+00:00\",\"author\":{\"@id\":\"https:\/\/sdk.mk\/#\/schema\/person\/3e8217f71bc38bd7c592f30c69e10e5a\"},\"inLanguage\":\"mk-MK\",\"potentialAction\":[{\"@type\":\"ReadAction\",\"target\":[\"https:\/\/sdk.mk\/index.php\/maqedonia\/gazetare-dhe-deputete-rrihen-ne-parlament-polici-nuk-ka\/\"]}]},{\"@type\":\"Person\",\"@id\":\"https:\/\/sdk.mk\/#\/schema\/person\/3e8217f71bc38bd7c592f30c69e10e5a\",\"name\":\"\\u041c\\u0438\\u0440\\u043e\\u0441\\u043b\\u0430\\u0432 \\u0418\\u043b\\u0438\\u043e\\u0441\\u043a\\u0438\"}]}<\/script>\n<!-- \/ Yoast SEO Premium plugin. -->","_links":{"self":[{"href":"https:\/\/sdk.mk\/index.php\/wp-json\/wp\/v2\/posts\/35922"}],"collection":[{"href":"https:\/\/sdk.mk\/index.php\/wp-json\/wp\/v2\/posts"}],"about":[{"href":"https:\/\/sdk.mk\/index.php\/wp-json\/wp\/v2\/types\/post"}],"author":[{"embeddable":true,"href":"https:\/\/sdk.mk\/index.php\/wp-json\/wp\/v2\/users\/9"}],"replies":[{"embeddable":true,"href":"https:\/\/sdk.mk\/index.php\/wp-json\/wp\/v2\/comments?post=35922"}],"version-history":[{"count":0,"href":"https:\/\/sdk.mk\/index.php\/wp-json\/wp\/v2\/posts\/35922\/revisions"}],"wp:featuredmedia":[{"embeddable":true,"href":"https:\/\/sdk.mk\/index.php\/wp-json\/wp\/v2\/media\/30174"}],"wp:attachment":[{"href":"https:\/\/sdk.mk\/index.php\/wp-json\/wp\/v2\/media?parent=35922"}],"wp:term":[{"taxonomy":"category","embeddable":true,"href":"https:\/\/sdk.mk\/index.php\/wp-json\/wp\/v2\/categories?post=35922"},{"taxonomy":"post_tag","embeddable":true,"href":"https:\/\/sdk.mk\/index.php\/wp-json\/wp\/v2\/tags?post=35922"}],"curies":[{"name":"wp","href":"https:\/\/api.w.org\/{rel}","templated":true}]}}