{"id":35924,"date":"2017-06-08T18:34:12","date_gmt":"2017-06-08T16:34:12","guid":{"rendered":"http:\/\/sdk.mk\/?p=35924"},"modified":"2017-07-23T13:35:16","modified_gmt":"2017-07-23T11:35:16","slug":"vmro-dpmne-nuk-formon-grup-deputetesh-ne-menyre-qe-te-bllokoje-parlamentin","status":"publish","type":"post","link":"https:\/\/sdk.mk\/index.php\/maqedonia\/vmro-dpmne-nuk-formon-grup-deputetesh-ne-menyre-qe-te-bllokoje-parlamentin\/","title":{"rendered":"VMRO-DPMNE NUK FORMON GRUP DEPUTET\u00cbSH N\u00cb M\u00cbNYR\u00cb Q\u00cb T\u00cb BLLOKOJ\u00cb PARLAMENTIN"},"content":{"rendered":"<div class=\"f52428582a4b906b2d2e2a7d733c7d27\" data-index=\"7\" style=\"float: none; margin:10px 0 10px 0; text-align:center;\">\n<!-- MSP Ads Asynchronous JS Tag - Generated with Revive Adserver v5.4.1 -->\r\n<ins data-revive-zoneid=\"167\" data-revive-id=\"060fdb01f6430ec164d3519234aa4967\"><\/ins>\r\n<script async src=\"\/\/panel.ads.com.mk\/www\/delivery\/asyncjs.php\"><\/script>\n<\/div>\n<p>Deputet\u00ebt e VMRO-DPMNE edhe pas pes\u00eb muajsh nga konstituimi i Parlamentit, akoma nuk formojn\u00eb grup deputet\u00ebsh.<br \/>\nKryetari i Parlamentit, Talat Xhaferi, disa her\u00eb i ka b\u00ebr\u00eb thirrje VMRO-DPMNE-s\u00eb opozitare q\u00eb ta formoj\u00eb dhe oficializoj\u00eb grupin e deputet\u00ebve. Dje n\u00eb Parlament pyet\u00ebn n\u00ebse deputet\u00ebt e k\u00ebsaj partie kishin dor\u00ebzuar list\u00eb t\u00eb deputet\u00ebve q\u00eb do ta p\u00ebrb\u00ebjn\u00eb grupin e deputet\u00ebve t\u00eb VMRO-DPMNE-s\u00eb, me koordinator dhe z\u00ebvend\u00ebs-koordinator t\u00eb em\u00ebruar. P\u00ebrgjigja ishte q\u00eb akoma nuk kan\u00eb as lajm\u00ebrim p\u00ebr nj\u00eb detyrim t\u00eb till\u00eb.<\/p>\n<p>\u201cDeputet\u00ebt e VMRO-DPMNE-s\u00eb me sjelljen e k\u00ebtill\u00eb tregojn\u00eb se kan\u00eb strategji dhe q\u00ebllim t\u2019i bllokojn\u00eb nj\u00ebsit\u00eb e parlamentit me v\u00ebrejtje t\u00eb pafundme procedurale. N\u00ebse formojn\u00eb grup deputet\u00ebsh, rregullat dihen. V\u00ebrejtje procedurale dhe replika mund t\u00eb b\u00ebjn\u00eb vet\u00ebm koordinator\u00ebt e grupeve t\u00eb deputet\u00ebve dhe eventualisht z\u00ebvend\u00ebsit e tyre. K\u00ebshtu, Parlmenti duhet t\u00eb funksioj\u00eb normalisht. Mir\u00ebpo, n\u00eb rast se deputet\u00ebt e VMRO-DPMNE-s\u00eb dhe koalicioni mbeten deputet\u00eb t\u00eb pavarur at\u00ebher\u00eb secili prej tyre do t\u00eb ket\u00eb t\u00eb drejt\u00ebn p\u00ebr v\u00ebrejtje proceurale dhe p\u00ebr gj\u00ebn\u00eb m\u00eb t\u00eb vog\u00ebl t\u00eb b\u00ebj\u00eb replik\u00eb apo kund\u00ebr-replik\u00eb ndaj kujt t\u00eb doj\u00eb dhe p\u00ebr \u00e7far\u00eb t\u00eb doj\u00eb, gj\u00eb q\u00eb \u00ebsht\u00eb mund\u00ebsi e shk\u00eblqyer p\u00ebr ta bllokuar sjelljen e ligjeve n\u00eb Parlament. Pasi n\u00eb rastin e till\u00eb t\u00eb deputetit individual, kryetari i parlamentit nuk mund t\u00eb mos t\u2019ia jap\u00eb fjal\u00ebn dhe t\u2019ia marr\u00eb t\u00eb drejt\u00ebn e replik\u00ebs, v\u00ebrejtjes procedurale dhe t\u00eb drejtat e tjera q\u00eb do t\u2019i kishte pasur vet\u00ebm koordinatori i tyre\u201d, shpjegojn\u00eb nga Parlamenti.<\/p>\n<p>Jemi munduar t\u00eb marrim p\u00ebrgjigje nga VMRO-DPMNE se pse nuk \u00ebsht\u00eb formuar akoma grupi i tyre i deputet\u00ebve dhe se kur do t\u00eb ndodh\u00eb ajo gj\u00eb, por nuk arrit\u00ebm t\u00eb vihemi n\u00eb kontakt. Gjithashtu nuk kemi marr\u00eb as p\u00ebrgjigje t\u00eb sms-ave. Nuk ka koment p\u00ebr akuzimet se me k\u00ebt\u00eb lloj sjelljeje, deputet\u00ebt e VMRO-DPMNE-s\u00eb, n\u00eb krye me liderin e partis\u00eb, Nikolla Gruevski, kan\u00eb p\u00ebr q\u00ebllim q\u00eb n\u00eb periudh\u00ebn e ardhme ta bllokojn\u00eb rrjedh\u00ebn normale t\u00eb seancave t\u00eb parlamentit dhe n\u00eb p\u00ebrgjith\u00ebsi funksionimin e tij.<\/p>\n<p>Nuk mund t\u00eb p\u00ebrdit\u00ebsohet as p\u00ebrb\u00ebrja e Parlamentit 2016-2020 n\u00eb ueb faqen e tij. Pas pes\u00eb muajsh nga konstituimi i tij, 15 deputet\u00eb nga VMRO-DPMNE, mes t\u00eb cil\u00ebve jan\u00eb Nikolla Gruevski, Elizabeta Kna\u00e7eska-Milevska dhe Emill Dimitriev, nuk kan\u00eb dor\u00ebzuar fototgrafi dhe biografi deri tek sh\u00ebrbimet e parlamentit, k\u00ebshtu p\u00ebrmb\u00ebrja e deputet\u00ebve t\u00eb VMRO-DPMNE-s\u00eb n\u00eb ueb faqen e parlamentit, n\u00eb vend q\u00eb t\u00eb ket\u00eb 51 deputet\u00eb, ka vet\u00ebm 36.<\/p>\n<p><em><strong>S.K. DELEVSKA<\/strong><\/em><\/p>\n\n<div style=\"font-size: 0px; height: 0px; line-height: 0px; margin: 0; padding: 0; clear: both;\"><\/div>","protected":false},"excerpt":{"rendered":"<p>Deputet\u00ebt e VMRO-DPMNE edhe pas pes\u00eb muajsh nga konstituimi i Parlamentit, akoma nuk formojn\u00eb grup deputet\u00ebsh. Kryetari i Parlamentit, Talat [&hellip;]<\/p>\n","protected":false},"author":9,"featured_media":32972,"comment_status":"closed","ping_status":"closed","sticky":false,"template":"","format":"standard","meta":{"_mo_disable_npp":"","inline_featured_image":false},"categories":[3087],"tags":[],"imageURL":"https:\/\/sdk.mk\/wp-content\/uploads\/2017\/06\/pratenici-na-VMRO-vo-Sobranie-650x409.jpg","thumbURL":"https:\/\/sdk.mk\/wp-content\/uploads\/2017\/06\/pratenici-na-VMRO-vo-Sobranie-250x157.jpg","categoryNames":["Maqedonia"],"feature_caption":"Nga VMRO-DPMNE nuk ka koment p\u00ebr pohimet se me k\u00ebt\u00eb lloj sjelljeje, deputet\u00ebt n\u00eb krye me Nikolla Gruevskin kan\u00eb p\u00ebr q\u00ebllim ta bllokojn\u00eb rrjedh\u00ebn normale t\u00eb seancave t\u00eb parlamentit \u2013 thon\u00eb deputet\u00ebt e opozit\u00ebs (Foto: Gj. Li\u00e7ovski)","subtitle":"","views":"7739","source":"Shkup, (SAKAMDAKAZAM.MK)","yoast_head":"<!-- This site is optimized with the Yoast SEO Premium plugin v15.0 - https:\/\/yoast.com\/wordpress\/plugins\/seo\/ -->\n<title>VMRO-DPMNE NUK FORMON GRUP DEPUTET\u00cbSH N\u00cb M\u00cbNYR\u00cb Q\u00cb T\u00cb BLLOKOJ\u00cb PARLAMENTIN - \u0421\u0430\u043a\u0430\u043c \u0414\u0430 \u041a\u0430\u0436\u0430\u043c<\/title>\n<meta name=\"robots\" content=\"index, follow, max-snippet:-1, max-image-preview:large, max-video-preview:-1\" \/>\n<link rel=\"canonical\" href=\"https:\/\/sdk.mk\/index.php\/maqedonia\/vmro-dpmne-nuk-formon-grup-deputetesh-ne-menyre-qe-te-bllokoje-parlamentin\/\" \/>\n<meta property=\"og:locale\" content=\"mk_MK\" \/>\n<meta property=\"og:type\" content=\"article\" \/>\n<meta property=\"og:title\" content=\"VMRO-DPMNE NUK FORMON GRUP DEPUTET\u00cbSH N\u00cb M\u00cbNYR\u00cb Q\u00cb T\u00cb BLLOKOJ\u00cb PARLAMENTIN - \u0421\u0430\u043a\u0430\u043c \u0414\u0430 \u041a\u0430\u0436\u0430\u043c\" \/>\n<meta property=\"og:description\" content=\"Deputet\u00ebt e VMRO-DPMNE edhe pas pes\u00eb muajsh nga konstituimi i Parlamentit, akoma nuk formojn\u00eb grup deputet\u00ebsh. Kryetari i Parlamentit, Talat [&hellip;]\" \/>\n<meta property=\"og:url\" content=\"https:\/\/sdk.mk\/index.php\/maqedonia\/vmro-dpmne-nuk-formon-grup-deputetesh-ne-menyre-qe-te-bllokoje-parlamentin\/\" \/>\n<meta property=\"og:site_name\" content=\"\u0421\u0430\u043a\u0430\u043c \u0414\u0430 \u041a\u0430\u0436\u0430\u043c\" \/>\n<meta property=\"article:published_time\" content=\"2017-06-08T16:34:12+00:00\" \/>\n<meta property=\"article:modified_time\" content=\"2017-07-23T11:35:16+00:00\" \/>\n<meta property=\"og:image\" content=\"https:\/\/sdk.mk\/wp-content\/uploads\/2017\/06\/pratenici-na-VMRO-vo-Sobranie.jpg\" \/>\n\t<meta property=\"og:image:width\" content=\"1014\" \/>\n\t<meta property=\"og:image:height\" content=\"638\" \/>\n<meta property=\"fb:app_id\" content=\"2407985809428537\" \/>\n<meta name=\"twitter:card\" content=\"summary\" \/>\n<script type=\"application\/ld+json\" class=\"yoast-schema-graph\">{\"@context\":\"https:\/\/schema.org\",\"@graph\":[{\"@type\":\"WebSite\",\"@id\":\"https:\/\/sdk.mk\/#website\",\"url\":\"https:\/\/sdk.mk\/\",\"name\":\"\\u0421\\u0430\\u043a\\u0430\\u043c \\u0414\\u0430 \\u041a\\u0430\\u0436\\u0430\\u043c\",\"description\":\"\\u0417\\u0430 \\u0441\\u043b\\u043e\\u0431\\u043e\\u0434\\u043e\\u0443\\u043c\\u043d\\u0438\",\"potentialAction\":[{\"@type\":\"SearchAction\",\"target\":\"https:\/\/sdk.mk\/?s={search_term_string}\",\"query-input\":\"required name=search_term_string\"}],\"inLanguage\":\"mk-MK\"},{\"@type\":\"ImageObject\",\"@id\":\"https:\/\/sdk.mk\/index.php\/maqedonia\/vmro-dpmne-nuk-formon-grup-deputetesh-ne-menyre-qe-te-bllokoje-parlamentin\/#primaryimage\",\"inLanguage\":\"mk-MK\",\"url\":\"https:\/\/sdk.mk\/wp-content\/uploads\/2017\/06\/pratenici-na-VMRO-vo-Sobranie.jpg\",\"width\":1014,\"height\":638},{\"@type\":\"WebPage\",\"@id\":\"https:\/\/sdk.mk\/index.php\/maqedonia\/vmro-dpmne-nuk-formon-grup-deputetesh-ne-menyre-qe-te-bllokoje-parlamentin\/#webpage\",\"url\":\"https:\/\/sdk.mk\/index.php\/maqedonia\/vmro-dpmne-nuk-formon-grup-deputetesh-ne-menyre-qe-te-bllokoje-parlamentin\/\",\"name\":\"VMRO-DPMNE NUK FORMON GRUP DEPUTET\\u00cbSH N\\u00cb M\\u00cbNYR\\u00cb Q\\u00cb T\\u00cb BLLOKOJ\\u00cb PARLAMENTIN - \\u0421\\u0430\\u043a\\u0430\\u043c \\u0414\\u0430 \\u041a\\u0430\\u0436\\u0430\\u043c\",\"isPartOf\":{\"@id\":\"https:\/\/sdk.mk\/#website\"},\"primaryImageOfPage\":{\"@id\":\"https:\/\/sdk.mk\/index.php\/maqedonia\/vmro-dpmne-nuk-formon-grup-deputetesh-ne-menyre-qe-te-bllokoje-parlamentin\/#primaryimage\"},\"datePublished\":\"2017-06-08T16:34:12+00:00\",\"dateModified\":\"2017-07-23T11:35:16+00:00\",\"author\":{\"@id\":\"https:\/\/sdk.mk\/#\/schema\/person\/3e8217f71bc38bd7c592f30c69e10e5a\"},\"inLanguage\":\"mk-MK\",\"potentialAction\":[{\"@type\":\"ReadAction\",\"target\":[\"https:\/\/sdk.mk\/index.php\/maqedonia\/vmro-dpmne-nuk-formon-grup-deputetesh-ne-menyre-qe-te-bllokoje-parlamentin\/\"]}]},{\"@type\":\"Person\",\"@id\":\"https:\/\/sdk.mk\/#\/schema\/person\/3e8217f71bc38bd7c592f30c69e10e5a\",\"name\":\"\\u041c\\u0438\\u0440\\u043e\\u0441\\u043b\\u0430\\u0432 \\u0418\\u043b\\u0438\\u043e\\u0441\\u043a\\u0438\"}]}<\/script>\n<!-- \/ Yoast SEO Premium plugin. -->","_links":{"self":[{"href":"https:\/\/sdk.mk\/index.php\/wp-json\/wp\/v2\/posts\/35924"}],"collection":[{"href":"https:\/\/sdk.mk\/index.php\/wp-json\/wp\/v2\/posts"}],"about":[{"href":"https:\/\/sdk.mk\/index.php\/wp-json\/wp\/v2\/types\/post"}],"author":[{"embeddable":true,"href":"https:\/\/sdk.mk\/index.php\/wp-json\/wp\/v2\/users\/9"}],"replies":[{"embeddable":true,"href":"https:\/\/sdk.mk\/index.php\/wp-json\/wp\/v2\/comments?post=35924"}],"version-history":[{"count":0,"href":"https:\/\/sdk.mk\/index.php\/wp-json\/wp\/v2\/posts\/35924\/revisions"}],"wp:featuredmedia":[{"embeddable":true,"href":"https:\/\/sdk.mk\/index.php\/wp-json\/wp\/v2\/media\/32972"}],"wp:attachment":[{"href":"https:\/\/sdk.mk\/index.php\/wp-json\/wp\/v2\/media?parent=35924"}],"wp:term":[{"taxonomy":"category","embeddable":true,"href":"https:\/\/sdk.mk\/index.php\/wp-json\/wp\/v2\/categories?post=35924"},{"taxonomy":"post_tag","embeddable":true,"href":"https:\/\/sdk.mk\/index.php\/wp-json\/wp\/v2\/tags?post=35924"}],"curies":[{"name":"wp","href":"https:\/\/api.w.org\/{rel}","templated":true}]}}