{"id":35926,"date":"2017-06-07T13:36:09","date_gmt":"2017-06-07T11:36:09","guid":{"rendered":"http:\/\/sdk.mk\/?p=35926"},"modified":"2017-07-23T13:37:26","modified_gmt":"2017-07-23T11:37:26","slug":"nese-e-bllokojne-nderrimin-e-zverlevskit-parlamenti-ta-shkarkoje-keshillin-e-prokuroreve","status":"publish","type":"post","link":"https:\/\/sdk.mk\/index.php\/maqedonia\/nese-e-bllokojne-nderrimin-e-zverlevskit-parlamenti-ta-shkarkoje-keshillin-e-prokuroreve\/","title":{"rendered":"N\u00cbSE E BLLOKOJN\u00cb ND\u00cbRRIMIN E ZV\u00cbRLEVSKIT, PARLAMENTI DO TA SHKARKOJ\u00cb K\u00cbSHILLIN E PROKUROR\u00cbVE"},"content":{"rendered":"<div class=\"f52428582a4b906b2d2e2a7d733c7d27\" data-index=\"7\" style=\"float: none; margin:10px 0 10px 0; text-align:center;\">\n<!-- MSP Ads Asynchronous JS Tag - Generated with Revive Adserver v5.4.1 -->\r\n<ins data-revive-zoneid=\"167\" data-revive-id=\"060fdb01f6430ec164d3519234aa4967\"><\/ins>\r\n<script async src=\"\/\/panel.ads.com.mk\/www\/delivery\/asyncjs.php\"><\/script>\n<\/div>\n<p>N\u00eb rastin se K\u00ebshilli i prokuror\u00ebve publik\u00eb nuk jep mendim p\u00ebr shkarkimin e prokurorit publik t\u00eb Maqedonis\u00eb, Marko Zv\u00ebrlevski, apo p\u00ebr kandidat\u00ebt p\u00ebr prokuror shtet\u00ebror t\u00eb ri duke e bllokuar procesin nga fillimi dhe duke e zgjatur nd\u00ebrrimin, qeveria do t\u00eb inicoj\u00eb ndryshime ligjore drejt Parlamentit, me an\u00eb t\u00eb t\u00eb cilave urgjentisht do ta p\u00ebrfundoj\u00eb mandatin p\u00ebr an\u00ebtar\u00ebt e Qeveris\u00eb aktuale t\u00eb prokuror\u00ebve publik\u00eb, zbulon SAKAMDAKAZAM.MK. Kjo b\u00ebhet me votim n\u00eb Parlament me shumic\u00eb t\u00eb thjesht t\u00eb deputet\u00ebve, thon\u00eb burime nga koalicioni i qeveris\u00eb.<\/p>\n<p>N\u00eb K\u00ebshill do t\u00eb kishte shumic\u00eb e cila iu p\u00ebrshtatet afateve ligjore t\u00eb Qeveris\u00eb, n\u00ebse aty menj\u00ebher\u00eb p\u00ebrzgjidhet an\u00ebtar i ri n\u00eb vendin e Zoran Sulejmanov, t\u00eb cilit mandati i ka kaluar prej shum\u00eb koh\u00ebsh.<br \/>\nVarianta e tret\u00eb \u00ebsht\u00eb Qeveria e kryeministrit Zoran Zaev t\u00eb l\u00ebr\u00eb gj\u00ebrat ashtu si\u00e7 jan\u00eb tani, t\u00eb mb\u00ebshtetet tek nd\u00ebrgjegja e p\u00ebrb\u00ebrjes aktuale t\u00eb K\u00ebshillit t\u00eb prokuror\u00ebve publik\u00eb dhe t\u00eb shpesojm\u00eb se n\u00eb afate do t\u00eb jap\u00eb mendim p\u00ebr Zv\u00ebrlevskin dhe trash\u00ebgimtarin e tij, i cili do t\u00eb jet\u00eb sugjerim i Qeveris\u00eb s\u00eb re.<\/p>\n<p>Sipas lajm\u00ebrimit t\u00eb qeveris\u00eb, vendimi q\u00eb t\u00eb shkarkohet prokurori shtet\u00ebror Marko Zv\u00ebrlevski \u00ebsht\u00eb p\u00ebr shkak t\u00eb kryerjes joligjore dhe jo n\u00eb koh\u00eb t\u00eb funksionit t\u00eb tij. Qeveria dje e filloi procedur\u00ebn e shkarkimit t\u00eb Zv\u00ebrlevskit dhe vendosi t\u00eb k\u00ebrkoj\u00eb mendim nga K\u00ebshilli i prokuror\u00ebve publik\u00eb p\u00ebr k\u00ebt\u00eb, pasi ashtu thuhet n\u00eb Ligjin e prokuroris\u00eb publike. P\u00ebr k\u00ebt\u00eb mendim t\u00eb par\u00eb q\u00eb duhet ta jap\u00eb K\u00ebshilli, nuk ka afate t\u00eb shkruara, nd\u00ebrsa nuk shkruan as se Qeveria \u00ebsht\u00eb e detyruar t\u00eb pres\u00eb pafund\u00ebsisht.<\/p>\n<p>Me ose pa mendimin e K\u00ebshillit, Qeveria sugjerimin p\u00ebr shkarkim do ta dor\u00ebzoj\u00eb te Parlamenti. Pasi Zv\u00ebrlevski t\u00eb jet\u00eb shkarkuar, Qeveria dor\u00ebzon sugjerim p\u00ebr zgjedhje t\u00eb Prokurorit t\u00eb ri shtet\u00ebror t\u00eb Maqedonis\u00eb drejt Parlamentit, nd\u00ebrsa parlamenti shkruan shpallje n\u00eb Gazet\u00ebn zyrtare.<br \/>\nPas botimit n\u00eb gazet\u00ebn zyrtare, vazhdojn\u00eb 15 dit\u00ebt p\u00ebr paraqitjen e kandidat\u00ebve q\u00eb nj\u00ebkoh\u00ebsisht \u00ebsht\u00eb edhe afat gjat\u00eb t\u00eb cilit K\u00ebshilli p\u00ebr prokuror\u00eb publik\u00eb duhet t\u00eb jap\u00eb mendim drejt Qeveris\u00eb, pozitiv ose negativ, p\u00ebr t\u00eb gjith\u00eb kandidat\u00ebt e paraqitur.<\/p>\n<p>Problemi q\u00ebndron se n\u00eb rast se K\u00ebshilli nuk jep mendim pozitiv p\u00ebr asnj\u00eb nga kandidat\u00ebt e paraqitur, Qeveria do t\u00eb duhet ta p\u00ebrs\u00ebris\u00eb t\u00eb gjith\u00eb procedur\u00ebn e zgjedhjes s\u00eb Prokurorit t\u00eb ri shtet\u00ebror t\u00eb Maqedonis\u00eb, e cila zgjat m\u00eb s\u00eb paku 4 muaj.<\/p>\n<p>Pas shkarkimit t\u00eb Zv\u00ebrlevskit, Qeveria dor\u00ebzon sugjerim p\u00ebr zgjedhjen e prokurorit shtet\u00ebror nga kandidat\u00ebt e p\u00ebrzgjedhur, p\u00ebr t\u00eb cil\u00ebt K\u00ebshilli ka dh\u00ebn\u00eb mendim pozitiv. N\u00ebse K\u00ebshilli p\u00ebr shkaqe t\u00eb arsyetuara, nuk dor\u00ebzon mendim n\u00eb afatin e caktuar drejt Qeveris\u00eb, duhet shkuar menj\u00ebher\u00eb n\u00eb p\u00ebrzgjedhjen e Prokurorit publik. N\u00ebse i arsyeton, do t\u00eb marr\u00eb edhe 15 dit\u00eb ligjore q\u00eb t\u00eb shpjegohet n\u00eb lidhje me kandidat\u00ebt. N\u00ebse p\u00ebrs\u00ebri ka heshtje, konsiderohet q\u00eb mendimi \u00ebsht\u00eb pozitiv.<\/p>\n<p>\u201cQ\u00ebllimi \u00ebsh\u00eb t\u00eb fillojn\u00eb reformat nga \u00e7do aspekt dhe ve\u00e7an\u00ebrisht n\u00eb pjes\u00ebn e drejt\u00ebsis\u00eb. Hapi i par\u00eb i r\u00ebnd\u00ebsish\u00ebm n\u00eb k\u00ebt\u00eb fush\u00eb \u00ebsht\u00eb zgjidhja eksperte e cila duhet t\u00eb vendoset n\u00eb vendin e prokurorit publik. Nga k\u00ebtu do t\u00eb tregojm\u00eb se sa jemi t\u00eb p\u00ebrgatitur si shoq\u00ebri t\u00eb fillojm\u00eb me reformat me efekt t\u00eb fundit drejt\u00ebsi t\u00eb pavarur, gjyq\u00ebsi dhe prokurori publike. \u201cNuk duartrokas e as nuk mendoj p\u00ebr nj\u00eb gj\u00eb t\u00eb till\u00eb dhe pres q\u00eb zgjidhjet t\u00eb dalin n\u00eb sip\u00ebrfaqe n\u00eb p\u00ebrputhje me procedurat nga momenti kur p\u00ebrfundon procedura p\u00ebr shkarkimin e prokurorit publik Marko Zv\u00ebrlevski\u201d, tha Zaevi dje.<\/p>\n<p><em><strong>S. K. DELEVSKA<\/strong><\/em><\/p>\n\n<div style=\"font-size: 0px; height: 0px; line-height: 0px; margin: 0; padding: 0; clear: both;\"><\/div>","protected":false},"excerpt":{"rendered":"<p>N\u00eb rastin se K\u00ebshilli i prokuror\u00ebve publik\u00eb nuk jep mendim p\u00ebr shkarkimin e prokurorit publik t\u00eb Maqedonis\u00eb, Marko Zv\u00ebrlevski, apo [&hellip;]<\/p>\n","protected":false},"author":9,"featured_media":32876,"comment_status":"closed","ping_status":"closed","sticky":false,"template":"","format":"standard","meta":{"_mo_disable_npp":"","inline_featured_image":false},"categories":[3087],"tags":[],"imageURL":"https:\/\/sdk.mk\/wp-content\/uploads\/2017\/06\/zvrlevski-anevski-4384389-650x341.jpg","thumbURL":"https:\/\/sdk.mk\/wp-content\/uploads\/2017\/06\/zvrlevski-anevski-4384389-250x131.jpg","categoryNames":["Maqedonia"],"feature_caption":"Qeveria dje filloi procedur\u00ebn p\u00ebr shkarkimin e Zv\u00ebrlevskit dhe vendosi t\u00eb k\u00ebrkoj\u00eb mendim nga K\u00ebshilli i prokuror\u00ebve publik\u00eb. \u2013 Prokurori publik Marko Zv\u00ebrlevski dhe kryetari i K\u00ebshillit t\u00eb prokuror\u00ebve publik\u00eb Petar Anevski (Foto: SDK.MK)","subtitle":"","views":"14939","source":"Shkup, (SAKAMDAKAZAM.MK)","yoast_head":"<!-- This site is optimized with the Yoast SEO Premium plugin v15.0 - https:\/\/yoast.com\/wordpress\/plugins\/seo\/ -->\n<title>N\u00cbSE E BLLOKOJN\u00cb ND\u00cbRRIMIN E ZV\u00cbRLEVSKIT, PARLAMENTI DO TA SHKARKOJ\u00cb K\u00cbSHILLIN E PROKUROR\u00cbVE - \u0421\u0430\u043a\u0430\u043c \u0414\u0430 \u041a\u0430\u0436\u0430\u043c<\/title>\n<meta name=\"robots\" content=\"index, follow, max-snippet:-1, max-image-preview:large, max-video-preview:-1\" \/>\n<link rel=\"canonical\" href=\"https:\/\/sdk.mk\/index.php\/maqedonia\/nese-e-bllokojne-nderrimin-e-zverlevskit-parlamenti-ta-shkarkoje-keshillin-e-prokuroreve\/\" \/>\n<meta property=\"og:locale\" content=\"mk_MK\" \/>\n<meta property=\"og:type\" content=\"article\" \/>\n<meta property=\"og:title\" content=\"N\u00cbSE E BLLOKOJN\u00cb ND\u00cbRRIMIN E ZV\u00cbRLEVSKIT, PARLAMENTI DO TA SHKARKOJ\u00cb K\u00cbSHILLIN E PROKUROR\u00cbVE - \u0421\u0430\u043a\u0430\u043c \u0414\u0430 \u041a\u0430\u0436\u0430\u043c\" \/>\n<meta property=\"og:description\" content=\"N\u00eb rastin se K\u00ebshilli i prokuror\u00ebve publik\u00eb nuk jep mendim p\u00ebr shkarkimin e prokurorit publik t\u00eb Maqedonis\u00eb, Marko Zv\u00ebrlevski, apo [&hellip;]\" \/>\n<meta property=\"og:url\" content=\"https:\/\/sdk.mk\/index.php\/maqedonia\/nese-e-bllokojne-nderrimin-e-zverlevskit-parlamenti-ta-shkarkoje-keshillin-e-prokuroreve\/\" \/>\n<meta property=\"og:site_name\" content=\"\u0421\u0430\u043a\u0430\u043c \u0414\u0430 \u041a\u0430\u0436\u0430\u043c\" \/>\n<meta property=\"article:published_time\" content=\"2017-06-07T11:36:09+00:00\" \/>\n<meta property=\"article:modified_time\" content=\"2017-07-23T11:37:26+00:00\" \/>\n<meta property=\"og:image\" content=\"https:\/\/sdk.mk\/wp-content\/uploads\/2017\/06\/zvrlevski-anevski-4384389.jpg\" \/>\n\t<meta property=\"og:image:width\" content=\"800\" \/>\n\t<meta property=\"og:image:height\" content=\"420\" \/>\n<meta property=\"fb:app_id\" content=\"2407985809428537\" \/>\n<meta name=\"twitter:card\" content=\"summary\" \/>\n<script type=\"application\/ld+json\" class=\"yoast-schema-graph\">{\"@context\":\"https:\/\/schema.org\",\"@graph\":[{\"@type\":\"WebSite\",\"@id\":\"https:\/\/sdk.mk\/#website\",\"url\":\"https:\/\/sdk.mk\/\",\"name\":\"\\u0421\\u0430\\u043a\\u0430\\u043c \\u0414\\u0430 \\u041a\\u0430\\u0436\\u0430\\u043c\",\"description\":\"\\u0417\\u0430 \\u0441\\u043b\\u043e\\u0431\\u043e\\u0434\\u043e\\u0443\\u043c\\u043d\\u0438\",\"potentialAction\":[{\"@type\":\"SearchAction\",\"target\":\"https:\/\/sdk.mk\/?s={search_term_string}\",\"query-input\":\"required name=search_term_string\"}],\"inLanguage\":\"mk-MK\"},{\"@type\":\"ImageObject\",\"@id\":\"https:\/\/sdk.mk\/index.php\/maqedonia\/nese-e-bllokojne-nderrimin-e-zverlevskit-parlamenti-ta-shkarkoje-keshillin-e-prokuroreve\/#primaryimage\",\"inLanguage\":\"mk-MK\",\"url\":\"https:\/\/sdk.mk\/wp-content\/uploads\/2017\/06\/zvrlevski-anevski-4384389.jpg\",\"width\":800,\"height\":420},{\"@type\":\"WebPage\",\"@id\":\"https:\/\/sdk.mk\/index.php\/maqedonia\/nese-e-bllokojne-nderrimin-e-zverlevskit-parlamenti-ta-shkarkoje-keshillin-e-prokuroreve\/#webpage\",\"url\":\"https:\/\/sdk.mk\/index.php\/maqedonia\/nese-e-bllokojne-nderrimin-e-zverlevskit-parlamenti-ta-shkarkoje-keshillin-e-prokuroreve\/\",\"name\":\"N\\u00cbSE E BLLOKOJN\\u00cb ND\\u00cbRRIMIN E ZV\\u00cbRLEVSKIT, PARLAMENTI DO TA SHKARKOJ\\u00cb K\\u00cbSHILLIN E PROKUROR\\u00cbVE - \\u0421\\u0430\\u043a\\u0430\\u043c \\u0414\\u0430 \\u041a\\u0430\\u0436\\u0430\\u043c\",\"isPartOf\":{\"@id\":\"https:\/\/sdk.mk\/#website\"},\"primaryImageOfPage\":{\"@id\":\"https:\/\/sdk.mk\/index.php\/maqedonia\/nese-e-bllokojne-nderrimin-e-zverlevskit-parlamenti-ta-shkarkoje-keshillin-e-prokuroreve\/#primaryimage\"},\"datePublished\":\"2017-06-07T11:36:09+00:00\",\"dateModified\":\"2017-07-23T11:37:26+00:00\",\"author\":{\"@id\":\"https:\/\/sdk.mk\/#\/schema\/person\/3e8217f71bc38bd7c592f30c69e10e5a\"},\"inLanguage\":\"mk-MK\",\"potentialAction\":[{\"@type\":\"ReadAction\",\"target\":[\"https:\/\/sdk.mk\/index.php\/maqedonia\/nese-e-bllokojne-nderrimin-e-zverlevskit-parlamenti-ta-shkarkoje-keshillin-e-prokuroreve\/\"]}]},{\"@type\":\"Person\",\"@id\":\"https:\/\/sdk.mk\/#\/schema\/person\/3e8217f71bc38bd7c592f30c69e10e5a\",\"name\":\"\\u041c\\u0438\\u0440\\u043e\\u0441\\u043b\\u0430\\u0432 \\u0418\\u043b\\u0438\\u043e\\u0441\\u043a\\u0438\"}]}<\/script>\n<!-- \/ Yoast SEO Premium plugin. -->","_links":{"self":[{"href":"https:\/\/sdk.mk\/index.php\/wp-json\/wp\/v2\/posts\/35926"}],"collection":[{"href":"https:\/\/sdk.mk\/index.php\/wp-json\/wp\/v2\/posts"}],"about":[{"href":"https:\/\/sdk.mk\/index.php\/wp-json\/wp\/v2\/types\/post"}],"author":[{"embeddable":true,"href":"https:\/\/sdk.mk\/index.php\/wp-json\/wp\/v2\/users\/9"}],"replies":[{"embeddable":true,"href":"https:\/\/sdk.mk\/index.php\/wp-json\/wp\/v2\/comments?post=35926"}],"version-history":[{"count":0,"href":"https:\/\/sdk.mk\/index.php\/wp-json\/wp\/v2\/posts\/35926\/revisions"}],"wp:featuredmedia":[{"embeddable":true,"href":"https:\/\/sdk.mk\/index.php\/wp-json\/wp\/v2\/media\/32876"}],"wp:attachment":[{"href":"https:\/\/sdk.mk\/index.php\/wp-json\/wp\/v2\/media?parent=35926"}],"wp:term":[{"taxonomy":"category","embeddable":true,"href":"https:\/\/sdk.mk\/index.php\/wp-json\/wp\/v2\/categories?post=35926"},{"taxonomy":"post_tag","embeddable":true,"href":"https:\/\/sdk.mk\/index.php\/wp-json\/wp\/v2\/tags?post=35926"}],"curies":[{"name":"wp","href":"https:\/\/api.w.org\/{rel}","templated":true}]}}