{"id":35928,"date":"2017-06-05T16:38:26","date_gmt":"2017-06-05T14:38:26","guid":{"rendered":"http:\/\/sdk.mk\/?p=35928"},"modified":"2017-07-23T13:39:34","modified_gmt":"2017-07-23T11:39:34","slug":"frosina-feridi-dhe-stevo-jane-doktore-ne-parlament","status":"publish","type":"post","link":"https:\/\/sdk.mk\/index.php\/maqedonia\/frosina-feridi-dhe-stevo-jane-doktore-ne-parlament\/","title":{"rendered":"FROSINA, FERIDI DHE STEVO JAN\u00cb DOKTOR\u00cb N\u00cb PARLAMENT"},"content":{"rendered":"<div class=\"f52428582a4b906b2d2e2a7d733c7d27\" data-index=\"7\" style=\"float: none; margin:10px 0 10px 0; text-align:center;\">\n<!-- MSP Ads Asynchronous JS Tag - Generated with Revive Adserver v5.4.1 -->\r\n<ins data-revive-zoneid=\"167\" data-revive-id=\"060fdb01f6430ec164d3519234aa4967\"><\/ins>\r\n<script async src=\"\/\/panel.ads.com.mk\/www\/delivery\/asyncjs.php\"><\/script>\n<\/div>\n<p>N\u00ebn fotografit\u00eb e deputet\u00ebve t\u00eb pavarur, profesor\u00ebt Stevo Pendarovski dhe Ferid Muhiq, por edhe deputetja e LSDM-s\u00eb Frosina Remenski, e cila gjithashtu \u00ebsht\u00eb profesoresh\u00eb, n\u00eb uebfaqen e Parlamentit q\u00ebndron vet\u00ebm fjala \u201cdoktor\u201d.<br \/>\nNga kabineti i kryetarit t\u00eb Parlementit Talat Xhaferi thon\u00eb q\u00eb nuk din\u00eb se pse biografit\u00eb e k\u00ebtyre deputet\u00ebve, t\u00eb cilat kan\u00eb qen\u00eb t\u00eb dor\u00ebzuara n\u00eb koh\u00eb, kan\u00eb qen\u00eb shum\u00eb t\u00eb pasura dhe kan\u00eb pasur p\u00ebrmbajtje s\u00eb paku prej nj\u00eb apo dy faqesh, jan\u00eb shkurtuar n\u00eb \u201cdoktor\u201d dhe kaq.<br \/>\n\u201c\u00cbsht\u00eb i nj\u00ebjti sh\u00ebrbim q\u00eb me vite i b\u00ebn biografit\u00eb e deputet\u00ebve n\u00eb t\u00eb gjitha p\u00ebrb\u00ebrjet e deputet\u00ebve\u201d, thon\u00eb bashk\u00ebbiseduesit.<\/p>\n<p>Grupet e deputet\u00ebve n\u00eb ueb faqen e Parlamentit edhe m\u00eb tej jan\u00eb t\u00eb pakompletuara. Ato akoma azhurohen. P\u00ebr dallim nga Remenski, Muhiq dhe Pendarovski, tek deputetja e pavarur Irena p\u00ebr shembull, q\u00ebndron i gjith\u00eb emri i titullit t\u00eb saj, gjegj\u00ebsisht i profesionit. Tek Stefanoska, n\u00ebn fotografin\u00eb shkruan: Doktor i shkencave historike, Instituti i historis\u00eb komb\u00ebtare. Dhe te Renata Deskovska \u2013 Trenevska, para se t\u00eb p\u00ebrzgjidhet ministre p\u00ebr arsim, q\u00eb nga fillimi biografia ishte n\u00eb rregull dhe q\u00ebndronte doktor i shkenvace t\u00eb drejt\u00ebsis\u00eb, Fakulteti i drejt\u00ebsis\u00eb n\u00eb Ljubjan\u00eb.<\/p>\n<p>Grupi i deputet\u00ebve t\u00eb VMRO-DPMNE-s\u00eb, nga ana tjet\u00ebr, akoma figuron me vet\u00ebm 35 deputet\u00eb edhe pse ka fituar 51, me gjith\u00eb partit\u00eb e koalicionit. Nikolla Gruevski, Emill Dimitriev dhe Elizabeta Kan\u00e7eska jan\u00eb deputet\u00eb t\u00eb VMRO-DPMNE-s\u00eb, t\u00eb cil\u00ebt gjasht\u00eb muaj pas p\u00ebrfundimit t\u00eb zgjedhjeve parlamentare, akoma nuk dor\u00ebzojn\u00eb fotografi dhe biografi n\u00eb ueb faqen e Parlamentit.<br \/>\nN\u00eb ueb faqen e Parlementit me p\u00ebrb\u00ebrjen e deputet\u00ebve q\u00ebndron se t\u00eb dh\u00ebnat nuk jan\u00eb t\u00eb plota dhe q\u00eb p\u00ebrgatitjet jan\u00eb n\u00eb proces e sip\u00ebr.<\/p>\n<p><em><strong>S. K. DELEVSKA <\/strong><\/em><\/p>\n\n<div style=\"font-size: 0px; height: 0px; line-height: 0px; margin: 0; padding: 0; clear: both;\"><\/div>","protected":false},"excerpt":{"rendered":"<p>N\u00ebn fotografit\u00eb e deputet\u00ebve t\u00eb pavarur, profesor\u00ebt Stevo Pendarovski dhe Ferid Muhiq, por edhe deputetja e LSDM-s\u00eb Frosina Remenski, e [&hellip;]<\/p>\n","protected":false},"author":9,"featured_media":32719,"comment_status":"closed","ping_status":"closed","sticky":false,"template":"","format":"standard","meta":{"_mo_disable_npp":"","inline_featured_image":false},"categories":[3087],"tags":[],"imageURL":"https:\/\/sdk.mk\/wp-content\/uploads\/2017\/06\/pratenici-doktori-2399823-650x325.jpg","thumbURL":"https:\/\/sdk.mk\/wp-content\/uploads\/2017\/06\/pratenici-doktori-2399823-250x125.jpg","categoryNames":["Maqedonia"],"feature_caption":"N\u00eb biografin\u00eb e shkurt\u00ebr t\u00eb t\u00eb tre deputet\u00ebve shkruan vet\u00ebm se jan\u00eb \u201cdoktor\u00eb\u201d. (Foto: printskrin\/Sobranie.mk)","subtitle":"","views":"9100","source":"Shkup, (SAKAMDAKAZAM.MK)","yoast_head":"<!-- This site is optimized with the Yoast SEO Premium plugin v15.0 - https:\/\/yoast.com\/wordpress\/plugins\/seo\/ -->\n<title>FROSINA, FERIDI DHE STEVO JAN\u00cb DOKTOR\u00cb N\u00cb PARLAMENT - \u0421\u0430\u043a\u0430\u043c \u0414\u0430 \u041a\u0430\u0436\u0430\u043c<\/title>\n<meta name=\"robots\" content=\"index, follow, max-snippet:-1, max-image-preview:large, max-video-preview:-1\" \/>\n<link rel=\"canonical\" href=\"https:\/\/sdk.mk\/index.php\/maqedonia\/frosina-feridi-dhe-stevo-jane-doktore-ne-parlament\/\" \/>\n<meta property=\"og:locale\" content=\"mk_MK\" \/>\n<meta property=\"og:type\" content=\"article\" \/>\n<meta property=\"og:title\" content=\"FROSINA, FERIDI DHE STEVO JAN\u00cb DOKTOR\u00cb N\u00cb PARLAMENT - \u0421\u0430\u043a\u0430\u043c \u0414\u0430 \u041a\u0430\u0436\u0430\u043c\" \/>\n<meta property=\"og:description\" content=\"N\u00ebn fotografit\u00eb e deputet\u00ebve t\u00eb pavarur, profesor\u00ebt Stevo Pendarovski dhe Ferid Muhiq, por edhe deputetja e LSDM-s\u00eb Frosina Remenski, e [&hellip;]\" \/>\n<meta property=\"og:url\" content=\"https:\/\/sdk.mk\/index.php\/maqedonia\/frosina-feridi-dhe-stevo-jane-doktore-ne-parlament\/\" \/>\n<meta property=\"og:site_name\" content=\"\u0421\u0430\u043a\u0430\u043c \u0414\u0430 \u041a\u0430\u0436\u0430\u043c\" \/>\n<meta property=\"article:published_time\" content=\"2017-06-05T14:38:26+00:00\" \/>\n<meta property=\"article:modified_time\" content=\"2017-07-23T11:39:34+00:00\" \/>\n<meta property=\"og:image\" content=\"https:\/\/sdk.mk\/wp-content\/uploads\/2017\/06\/pratenici-doktori-2399823.jpg\" \/>\n\t<meta property=\"og:image:width\" content=\"800\" \/>\n\t<meta property=\"og:image:height\" content=\"400\" \/>\n<meta property=\"fb:app_id\" content=\"2407985809428537\" \/>\n<meta name=\"twitter:card\" content=\"summary\" \/>\n<script type=\"application\/ld+json\" class=\"yoast-schema-graph\">{\"@context\":\"https:\/\/schema.org\",\"@graph\":[{\"@type\":\"WebSite\",\"@id\":\"https:\/\/sdk.mk\/#website\",\"url\":\"https:\/\/sdk.mk\/\",\"name\":\"\\u0421\\u0430\\u043a\\u0430\\u043c \\u0414\\u0430 \\u041a\\u0430\\u0436\\u0430\\u043c\",\"description\":\"\\u0417\\u0430 \\u0441\\u043b\\u043e\\u0431\\u043e\\u0434\\u043e\\u0443\\u043c\\u043d\\u0438\",\"potentialAction\":[{\"@type\":\"SearchAction\",\"target\":\"https:\/\/sdk.mk\/?s={search_term_string}\",\"query-input\":\"required name=search_term_string\"}],\"inLanguage\":\"mk-MK\"},{\"@type\":\"ImageObject\",\"@id\":\"https:\/\/sdk.mk\/index.php\/maqedonia\/frosina-feridi-dhe-stevo-jane-doktore-ne-parlament\/#primaryimage\",\"inLanguage\":\"mk-MK\",\"url\":\"https:\/\/sdk.mk\/wp-content\/uploads\/2017\/06\/pratenici-doktori-2399823.jpg\",\"width\":800,\"height\":400},{\"@type\":\"WebPage\",\"@id\":\"https:\/\/sdk.mk\/index.php\/maqedonia\/frosina-feridi-dhe-stevo-jane-doktore-ne-parlament\/#webpage\",\"url\":\"https:\/\/sdk.mk\/index.php\/maqedonia\/frosina-feridi-dhe-stevo-jane-doktore-ne-parlament\/\",\"name\":\"FROSINA, FERIDI DHE STEVO JAN\\u00cb DOKTOR\\u00cb N\\u00cb PARLAMENT - \\u0421\\u0430\\u043a\\u0430\\u043c \\u0414\\u0430 \\u041a\\u0430\\u0436\\u0430\\u043c\",\"isPartOf\":{\"@id\":\"https:\/\/sdk.mk\/#website\"},\"primaryImageOfPage\":{\"@id\":\"https:\/\/sdk.mk\/index.php\/maqedonia\/frosina-feridi-dhe-stevo-jane-doktore-ne-parlament\/#primaryimage\"},\"datePublished\":\"2017-06-05T14:38:26+00:00\",\"dateModified\":\"2017-07-23T11:39:34+00:00\",\"author\":{\"@id\":\"https:\/\/sdk.mk\/#\/schema\/person\/3e8217f71bc38bd7c592f30c69e10e5a\"},\"inLanguage\":\"mk-MK\",\"potentialAction\":[{\"@type\":\"ReadAction\",\"target\":[\"https:\/\/sdk.mk\/index.php\/maqedonia\/frosina-feridi-dhe-stevo-jane-doktore-ne-parlament\/\"]}]},{\"@type\":\"Person\",\"@id\":\"https:\/\/sdk.mk\/#\/schema\/person\/3e8217f71bc38bd7c592f30c69e10e5a\",\"name\":\"\\u041c\\u0438\\u0440\\u043e\\u0441\\u043b\\u0430\\u0432 \\u0418\\u043b\\u0438\\u043e\\u0441\\u043a\\u0438\"}]}<\/script>\n<!-- \/ Yoast SEO Premium plugin. -->","_links":{"self":[{"href":"https:\/\/sdk.mk\/index.php\/wp-json\/wp\/v2\/posts\/35928"}],"collection":[{"href":"https:\/\/sdk.mk\/index.php\/wp-json\/wp\/v2\/posts"}],"about":[{"href":"https:\/\/sdk.mk\/index.php\/wp-json\/wp\/v2\/types\/post"}],"author":[{"embeddable":true,"href":"https:\/\/sdk.mk\/index.php\/wp-json\/wp\/v2\/users\/9"}],"replies":[{"embeddable":true,"href":"https:\/\/sdk.mk\/index.php\/wp-json\/wp\/v2\/comments?post=35928"}],"version-history":[{"count":0,"href":"https:\/\/sdk.mk\/index.php\/wp-json\/wp\/v2\/posts\/35928\/revisions"}],"wp:featuredmedia":[{"embeddable":true,"href":"https:\/\/sdk.mk\/index.php\/wp-json\/wp\/v2\/media\/32719"}],"wp:attachment":[{"href":"https:\/\/sdk.mk\/index.php\/wp-json\/wp\/v2\/media?parent=35928"}],"wp:term":[{"taxonomy":"category","embeddable":true,"href":"https:\/\/sdk.mk\/index.php\/wp-json\/wp\/v2\/categories?post=35928"},{"taxonomy":"post_tag","embeddable":true,"href":"https:\/\/sdk.mk\/index.php\/wp-json\/wp\/v2\/tags?post=35928"}],"curies":[{"name":"wp","href":"https:\/\/api.w.org\/{rel}","templated":true}]}}