{"id":35930,"date":"2017-05-23T18:40:41","date_gmt":"2017-05-23T16:40:41","guid":{"rendered":"http:\/\/sdk.mk\/?p=35930"},"modified":"2017-07-23T13:41:51","modified_gmt":"2017-07-23T11:41:51","slug":"dimitriev-todorov-kanceska-milevska-dhe-gruevski-fshehin-se-jane-deputete-nuk-dorezojne-fotografi-ne-parlament","status":"publish","type":"post","link":"https:\/\/sdk.mk\/index.php\/maqedonia\/dimitriev-todorov-kanceska-milevska-dhe-gruevski-fshehin-se-jane-deputete-nuk-dorezojne-fotografi-ne-parlament\/","title":{"rendered":"DIMITRIEV, TODOROV, KAN\u00c7ESKA-MILEVSKA DHE GRUEVSKI FSHEHIN SE JAN\u00cb DEPUTET\u00cb, NUK DOR\u00cbZOJN\u00cb FOTOGRAFI N\u00cb PARLAMENT"},"content":{"rendered":"<div class=\"f52428582a4b906b2d2e2a7d733c7d27\" data-index=\"7\" style=\"float: none; margin:10px 0 10px 0; text-align:center;\">\n<!-- MSP Ads Asynchronous JS Tag - Generated with Revive Adserver v5.4.1 -->\r\n<ins data-revive-zoneid=\"167\" data-revive-id=\"060fdb01f6430ec164d3519234aa4967\"><\/ins>\r\n<script async src=\"\/\/panel.ads.com.mk\/www\/delivery\/asyncjs.php\"><\/script>\n<\/div>\n<p>Q\u00eb nga p\u00ebrb\u00ebrja e parlementit n\u00eb 30 dhjetor vjet, kryeministri teknik, Emill Dimitriev, ministrat teknik\u00eb Elizabeta Kan\u00e7eska -Milevska dhe Nikolla Todorov, por edhe deputeti Nikolla Greuvski, deri m\u00eb sot nuk kan\u00eb dor\u00ebzuar fotograFi dhe t\u00eb dh\u00ebna perosnale n\u00eb ueb faqen e Parlamentit.<\/p>\n<p>\u201cPothuajse t\u00eb gjith\u00eb deputet\u00ebt e p\u00ebrb\u00ebrjes s\u00eb re parlamentare kan\u00eb dor\u00ebzuar fotografi, t\u00eb dh\u00ebna personale, si dhe nivelin e arsimit t\u00eb kryer. Vet\u00ebm udh\u00ebheq\u00ebsia m\u00eb e lart\u00eb e VMRO-DPMNE-s\u00eb n\u00eb krye me liderin Nikolla Gruevski, kryeministrin teknik Emill Dimitriev, ministrat teknik\u00eb Elizabeta Kan\u00e7eska- Milevska, Nikolla Todorov dhe funksionar\u00ebt e tjer\u00eb t\u00eb cil\u00ebt ishin t\u00eb p\u00ebrzgjdhur p\u00ebr deputet\u00cb, nuk dor\u00ebzojn\u00eb t\u00eb dh\u00ebna deri t\u00eb sh\u00ebrbimet e parlamentit.<\/p>\n<p>Pa fotografit\u00eb dhe t\u00eb dh\u00ebnat e tyre bazore, nuk mund ta p\u00ebrdit\u00ebsojm\u00eb ueb faqren e Parlamentit\u201d, thon\u00eb sh\u00ebrbimet e parlamentit, n\u00eb pyetjen se pse p\u00ebrmbajtja e deputet\u00ebve 2016-2020 t\u00eb grupit t\u00eb deputet\u00ebve t\u00eb VMRO-DPMNE-s\u00eb ka vet\u00ebm 36 deputet\u00eb.<\/p>\n<p>P\u00ebr dallim nga udh\u00ebheq\u00ebsia e VMRO-DPMNE-s\u00eb dhe liderit Nikolla Gruevski, 49 deputet\u00ebt e LSDM-s\u00eb, t\u00eb gjith\u00eb jan\u00eb me fotograFi dhe t\u00eb dh\u00ebna n\u00eb ueb faqen e Parlamentit. N\u00eb p\u00ebrmbajtjen e deputet\u00ebve t\u00eb LSDM-s\u00eb ndodhet edhe lideri Zoran Zaevi, i cili 4 muaj priste mandat nga kryetari Gjorge Ivanov p\u00ebr formimin e qeveris\u00eb s\u00eb re.<br \/>\n\u201cGruevski deri n\u00eb momentin e fundit mendonte se do t\u00eb formoj\u00eb qeveri ose se do t\u00eb ket\u00eb zgjedhje t\u00eb reja. T\u00eb nj\u00ebjtjen gj\u00eb e mendonin dhe ministrat teknik\u00eb, t\u00eb cil\u00ebt nga 12 dhjetori ishin p\u00ebrzgjedhur p\u00ebr deputet\u00ebt dhe nuk donin t\u00eb dor\u00ebzonin fotografi q\u00eb t\u2019i v\u00ebm\u00eb si an\u00ebtar\u00eb t\u00eb grupit t\u00eb deputet\u00ebve, me koleg\u00ebt e mbetur t\u00eb partis\u00eb s\u00eb tyre, t\u00eb cil\u00ebt n\u00eb koh\u00eb e kan\u00eb p\u00ebrmbushur k\u00ebt\u00eb detyrim ndaj Parlamentit. M\u00eb 17 maj, Ivanovi ia dha mandatin Zaevit, por q\u00eb at\u00ebher\u00eb nuk kan\u00eb mb\u00ebrritur fotografi prej k\u00ebtyre deputet\u00ebve\u201d, thon\u00eb n\u00eb sh\u00ebrbimet e Parlamentit.<\/p>\n<p>Mes atyre 15 deputet\u00ebve, t\u00eb dh\u00ebnat e t\u00eb cil\u00ebve mungojn\u00eb n\u00eb p\u00ebrb\u00ebrjen parlamentare t\u00eb VMRO-DPMNE-s\u00eb 2016-2020, ka pasur dhe z\u00ebvend\u00ebs-ministra t\u00eb planifikuar, drejtor\u00eb dhe funksionar\u00eb shtet\u00ebror\u00eb t\u00eb tjer\u00eb potencial, n\u00eb rast se deputeti Nikolla Gruevski formon qeveri.<\/p>\n<p><em><strong>S.K. DELEVSKA <\/strong><\/em><\/p>\n\n<div style=\"font-size: 0px; height: 0px; line-height: 0px; margin: 0; padding: 0; clear: both;\"><\/div>","protected":false},"excerpt":{"rendered":"<p>Q\u00eb nga p\u00ebrb\u00ebrja e parlementit n\u00eb 30 dhjetor vjet, kryeministri teknik, Emill Dimitriev, ministrat teknik\u00eb Elizabeta Kan\u00e7eska -Milevska dhe Nikolla [&hellip;]<\/p>\n","protected":false},"author":9,"featured_media":31791,"comment_status":"closed","ping_status":"closed","sticky":false,"template":"","format":"standard","meta":{"_mo_disable_npp":"","inline_featured_image":false},"categories":[3087],"tags":[],"imageURL":"https:\/\/sdk.mk\/wp-content\/uploads\/2017\/05\/todorov-beti-gruevski-89328932-650x341.jpg","thumbURL":"https:\/\/sdk.mk\/wp-content\/uploads\/2017\/05\/todorov-beti-gruevski-89328932-250x131.jpg","categoryNames":["Maqedonia"],"feature_caption":"Ministri teknik, Nikolla Todorov n\u00eb seanc\u00eb n\u00eb ParlAment (majtas); Ministrja teknike Eliabeta Kan\u00e7eska-Milevska p\u00ebrqafon nj\u00ebrin nga sulmuesit e maskuar n\u00eb Parlament n\u00eb 27 prill (mes); deputeti Nikolla Gruevki n\u00eb seanc\u00eb konstitutive (djathtas); (Foto: SDK.MK dhe Fejsbuk\/printskrin)","subtitle":"","views":"8067","source":"Shkup, (SAKAMDAKAZAM.MK)","yoast_head":"<!-- This site is optimized with the Yoast SEO Premium plugin v15.0 - https:\/\/yoast.com\/wordpress\/plugins\/seo\/ -->\n<title>DIMITRIEV, TODOROV, KAN\u00c7ESKA-MILEVSKA DHE GRUEVSKI FSHEHIN SE JAN\u00cb DEPUTET\u00cb, NUK DOR\u00cbZOJN\u00cb FOTOGRAFI N\u00cb PARLAMENT - \u0421\u0430\u043a\u0430\u043c \u0414\u0430 \u041a\u0430\u0436\u0430\u043c<\/title>\n<meta name=\"robots\" content=\"index, follow, max-snippet:-1, max-image-preview:large, max-video-preview:-1\" \/>\n<link rel=\"canonical\" href=\"https:\/\/sdk.mk\/index.php\/maqedonia\/dimitriev-todorov-kanceska-milevska-dhe-gruevski-fshehin-se-jane-deputete-nuk-dorezojne-fotografi-ne-parlament\/\" \/>\n<meta property=\"og:locale\" content=\"mk_MK\" \/>\n<meta property=\"og:type\" content=\"article\" \/>\n<meta property=\"og:title\" content=\"DIMITRIEV, TODOROV, KAN\u00c7ESKA-MILEVSKA DHE GRUEVSKI FSHEHIN SE JAN\u00cb DEPUTET\u00cb, NUK DOR\u00cbZOJN\u00cb FOTOGRAFI N\u00cb PARLAMENT - \u0421\u0430\u043a\u0430\u043c \u0414\u0430 \u041a\u0430\u0436\u0430\u043c\" \/>\n<meta property=\"og:description\" content=\"Q\u00eb nga p\u00ebrb\u00ebrja e parlementit n\u00eb 30 dhjetor vjet, kryeministri teknik, Emill Dimitriev, ministrat teknik\u00eb Elizabeta Kan\u00e7eska -Milevska dhe Nikolla [&hellip;]\" \/>\n<meta property=\"og:url\" content=\"https:\/\/sdk.mk\/index.php\/maqedonia\/dimitriev-todorov-kanceska-milevska-dhe-gruevski-fshehin-se-jane-deputete-nuk-dorezojne-fotografi-ne-parlament\/\" \/>\n<meta property=\"og:site_name\" content=\"\u0421\u0430\u043a\u0430\u043c \u0414\u0430 \u041a\u0430\u0436\u0430\u043c\" \/>\n<meta property=\"article:published_time\" content=\"2017-05-23T16:40:41+00:00\" \/>\n<meta property=\"article:modified_time\" content=\"2017-07-23T11:41:51+00:00\" \/>\n<meta property=\"og:image\" content=\"https:\/\/sdk.mk\/wp-content\/uploads\/2017\/05\/todorov-beti-gruevski-89328932.jpg\" \/>\n\t<meta property=\"og:image:width\" content=\"800\" \/>\n\t<meta property=\"og:image:height\" content=\"420\" \/>\n<meta property=\"fb:app_id\" content=\"2407985809428537\" \/>\n<meta name=\"twitter:card\" content=\"summary\" \/>\n<script type=\"application\/ld+json\" class=\"yoast-schema-graph\">{\"@context\":\"https:\/\/schema.org\",\"@graph\":[{\"@type\":\"WebSite\",\"@id\":\"https:\/\/sdk.mk\/#website\",\"url\":\"https:\/\/sdk.mk\/\",\"name\":\"\\u0421\\u0430\\u043a\\u0430\\u043c \\u0414\\u0430 \\u041a\\u0430\\u0436\\u0430\\u043c\",\"description\":\"\\u0417\\u0430 \\u0441\\u043b\\u043e\\u0431\\u043e\\u0434\\u043e\\u0443\\u043c\\u043d\\u0438\",\"potentialAction\":[{\"@type\":\"SearchAction\",\"target\":\"https:\/\/sdk.mk\/?s={search_term_string}\",\"query-input\":\"required name=search_term_string\"}],\"inLanguage\":\"mk-MK\"},{\"@type\":\"ImageObject\",\"@id\":\"https:\/\/sdk.mk\/index.php\/maqedonia\/dimitriev-todorov-kanceska-milevska-dhe-gruevski-fshehin-se-jane-deputete-nuk-dorezojne-fotografi-ne-parlament\/#primaryimage\",\"inLanguage\":\"mk-MK\",\"url\":\"https:\/\/sdk.mk\/wp-content\/uploads\/2017\/05\/todorov-beti-gruevski-89328932.jpg\",\"width\":800,\"height\":420},{\"@type\":\"WebPage\",\"@id\":\"https:\/\/sdk.mk\/index.php\/maqedonia\/dimitriev-todorov-kanceska-milevska-dhe-gruevski-fshehin-se-jane-deputete-nuk-dorezojne-fotografi-ne-parlament\/#webpage\",\"url\":\"https:\/\/sdk.mk\/index.php\/maqedonia\/dimitriev-todorov-kanceska-milevska-dhe-gruevski-fshehin-se-jane-deputete-nuk-dorezojne-fotografi-ne-parlament\/\",\"name\":\"DIMITRIEV, TODOROV, KAN\\u00c7ESKA-MILEVSKA DHE GRUEVSKI FSHEHIN SE JAN\\u00cb DEPUTET\\u00cb, NUK DOR\\u00cbZOJN\\u00cb FOTOGRAFI N\\u00cb PARLAMENT - \\u0421\\u0430\\u043a\\u0430\\u043c \\u0414\\u0430 \\u041a\\u0430\\u0436\\u0430\\u043c\",\"isPartOf\":{\"@id\":\"https:\/\/sdk.mk\/#website\"},\"primaryImageOfPage\":{\"@id\":\"https:\/\/sdk.mk\/index.php\/maqedonia\/dimitriev-todorov-kanceska-milevska-dhe-gruevski-fshehin-se-jane-deputete-nuk-dorezojne-fotografi-ne-parlament\/#primaryimage\"},\"datePublished\":\"2017-05-23T16:40:41+00:00\",\"dateModified\":\"2017-07-23T11:41:51+00:00\",\"author\":{\"@id\":\"https:\/\/sdk.mk\/#\/schema\/person\/3e8217f71bc38bd7c592f30c69e10e5a\"},\"inLanguage\":\"mk-MK\",\"potentialAction\":[{\"@type\":\"ReadAction\",\"target\":[\"https:\/\/sdk.mk\/index.php\/maqedonia\/dimitriev-todorov-kanceska-milevska-dhe-gruevski-fshehin-se-jane-deputete-nuk-dorezojne-fotografi-ne-parlament\/\"]}]},{\"@type\":\"Person\",\"@id\":\"https:\/\/sdk.mk\/#\/schema\/person\/3e8217f71bc38bd7c592f30c69e10e5a\",\"name\":\"\\u041c\\u0438\\u0440\\u043e\\u0441\\u043b\\u0430\\u0432 \\u0418\\u043b\\u0438\\u043e\\u0441\\u043a\\u0438\"}]}<\/script>\n<!-- \/ Yoast SEO Premium plugin. -->","_links":{"self":[{"href":"https:\/\/sdk.mk\/index.php\/wp-json\/wp\/v2\/posts\/35930"}],"collection":[{"href":"https:\/\/sdk.mk\/index.php\/wp-json\/wp\/v2\/posts"}],"about":[{"href":"https:\/\/sdk.mk\/index.php\/wp-json\/wp\/v2\/types\/post"}],"author":[{"embeddable":true,"href":"https:\/\/sdk.mk\/index.php\/wp-json\/wp\/v2\/users\/9"}],"replies":[{"embeddable":true,"href":"https:\/\/sdk.mk\/index.php\/wp-json\/wp\/v2\/comments?post=35930"}],"version-history":[{"count":0,"href":"https:\/\/sdk.mk\/index.php\/wp-json\/wp\/v2\/posts\/35930\/revisions"}],"wp:featuredmedia":[{"embeddable":true,"href":"https:\/\/sdk.mk\/index.php\/wp-json\/wp\/v2\/media\/31791"}],"wp:attachment":[{"href":"https:\/\/sdk.mk\/index.php\/wp-json\/wp\/v2\/media?parent=35930"}],"wp:term":[{"taxonomy":"category","embeddable":true,"href":"https:\/\/sdk.mk\/index.php\/wp-json\/wp\/v2\/categories?post=35930"},{"taxonomy":"post_tag","embeddable":true,"href":"https:\/\/sdk.mk\/index.php\/wp-json\/wp\/v2\/tags?post=35930"}],"curies":[{"name":"wp","href":"https:\/\/api.w.org\/{rel}","templated":true}]}}