{"id":36331,"date":"2017-07-30T07:55:11","date_gmt":"2017-07-30T05:55:11","guid":{"rendered":"http:\/\/sdk.mk\/?p=36331"},"modified":"2017-07-30T07:55:11","modified_gmt":"2017-07-30T05:55:11","slug":"gjykates-naive","status":"publish","type":"post","link":"https:\/\/sdk.mk\/index.php\/dua-te-them\/gjykates-naive\/","title":{"rendered":"GJYKAT\u00cbS NAIV\u00cb"},"content":{"rendered":"<div class=\"f52428582a4b906b2d2e2a7d733c7d27\" data-index=\"7\" style=\"float: none; margin:10px 0 10px 0; text-align:center;\">\n<!-- MSP Ads Asynchronous JS Tag - Generated with Revive Adserver v5.4.1 -->\r\n<ins data-revive-zoneid=\"167\" data-revive-id=\"060fdb01f6430ec164d3519234aa4967\"><\/ins>\r\n<script async src=\"\/\/panel.ads.com.mk\/www\/delivery\/asyncjs.php\"><\/script>\n<\/div>\n<p><span class=\"dropcap color firstcharacter\">1<\/span>T\u00eb gjith\u00eb e dinin q\u00eb t\u00eb akuzuarit e PSP-s\u00eb p\u00ebr p\u00ebrgjimet e paligjshme t\u00eb mij\u00ebra qytetar\u00ebve dhe shkat\u00ebrrimin e pajisjes p\u00ebr p\u00ebrgjim do t\u2019ia mbathnin. Por, si duket k\u00ebt\u00eb gj\u00eb e paskan ditur edhe gjykat\u00ebsit. Fakti q\u00eb vendimi p\u00ebr paraburgim arriti deri te Gjykata supreme, vet\u00ebm q\u00eb t\u2019iu zgjatet e shkuara n\u00eb paraburgim t\u00eb akuzuarve, v\u00ebrteton se e gjith\u00eb skema ka qen\u00eb e p\u00ebrpunuar paraprakisht. Sa paraburgime gjithsej ka shtyr\u00eb Gjykata supreme n\u00eb praktik\u00ebn e saj t\u00eb deritanishme? T\u00eb vendoste ajo n\u00eb k\u00ebt\u00eb m\u00ebnyr\u00eb p\u00ebr t\u00eb gjith\u00eb q\u00eb shkonin n\u00eb paraburgime k\u00ebto 11 vjet\u00ebt e fundit, nd\u00ebrkoh\u00eb q\u00eb VMRO-DPMNE ishte n\u00eb pushtet, Gjykata supreme do t\u00eb shnd\u00ebrrohej n\u00eb gjykat\u00eb ankesash p\u00ebr paraburgime.<\/p>\n<p>Gjykat\u00ebsit nga vet\u00eb fillimi kan\u00eb ditur se si ta p\u00ebrshtjellim t\u00eb gjith\u00eb procedur\u00ebn. Q\u00eb nga Gjykata themelore n\u00eb Shkup, e cila nuk urdh\u00ebroi paraburgim, por u besonte t\u00eb akuzuarve se nuk do t\u2019ia mbathin, e deri tek Gjykata apeluese, e cila ndon\u00ebse dha vendimin p\u00ebr paraburgim, b\u00ebri p\u00ebrjashtim dhe i d\u00ebrgoi p\u00ebr ankes\u00eb n\u00eb Gjykat\u00ebn supreme.<\/p>\n<p>E tani \u00e7far\u00eb do t\u00eb b\u00ebjm\u00eb? \u00cbsht\u00eb fakt se nuk jan\u00eb as Goran Grujovski, ish kryetari i departamentit p\u00ebr ndjekje t\u00eb komunikimeve n\u00eb MOB, e as Nikolla Boshkovski, i pun\u00ebsuar i cili i kryente urdh\u00ebrat. Policia nuk i gjeti n\u00eb sht\u00ebpi.<\/p>\n<p>E po t\u00eb donin t\u00eb shkonin n\u00eb paraburgim, do ta b\u00ebnin.<\/p>\n<p>Tet\u00eb dit\u00eb kaluan dhe ata nuk shkuan n\u00eb paraburgim, edhe pse n\u00eb Ligjin p\u00ebr procedur\u00eb penale thuhet se edhe pas p\u00ebrcaktimit t\u00eb mas\u00ebs, ata pa shtyrje dhe n\u00eb m\u00ebnyr\u00eb t\u00eb menj\u00ebhershme duhet t\u00eb shkojn\u00eb n\u00eb paraburgim. Dhe q\u00eb \u201cankesa e t\u00eb akuzuarve nuk e vonon zbatimin e mas\u00ebs s\u00eb p\u00ebrcaktuar p\u00ebr paraburgim.<\/p>\n<p>Po t\u00eb donin t\u00eb shkonin n\u00eb paraburgim, do ta b\u00ebnin. Mir\u00eb ama, aq apans\u00ebs u ka ardhur vendimi i Gjykat\u00ebs supreme, e nuk kan\u00eb patur koh\u00eb as grave t\u00eb tyre t\u2019u tregojn\u00eb se ku shkojn\u00eb. Madje edhe celular\u00ebt i kan\u00eb harruar.<\/p>\n<p>Kjo puna e celulareve \u00ebsht\u00eb shum\u00eb e fort\u00eb: Kinse duhet t\u00eb jesh hetues profesionist q\u00eb t\u00eb dish se n\u00ebse e ke nd\u00ebrmend t\u2019i ik\u00ebsh drejt\u00ebsis\u00eb, gj\u00ebja e par\u00eb q\u00eb duhet t\u00eb l\u00ebsh pas jan\u00eb kartelat dhe celulari. E, kinse duhet t\u00eb jesh i akuzuar p\u00ebr p\u00ebrgjim t\u00eb jashtligjsh\u00ebm t\u00eb 20.000 celulareve q\u00eb t\u00eb jesh profestionist e t\u00eb t\u00eb vej\u00eb mendja se duhet ta l\u00ebsh celularin n\u00ebse vendos t\u00eb largohesh.<\/p>\n<p>Madje e fort\u00eb \u00ebsht\u00eb edhe historia se arsyeja se pse nuk kan\u00eb mundur t\u00eb ikin ka qen\u00eb sepse ua kan\u00eb marr\u00eb pasaportat. N\u00ebse flasim p\u00ebr hetues profesionist\u00eb me p\u00ebrvoj\u00eb disavje\u00e7are, at\u00ebher\u00eb ata me siguri kan\u00eb ditur se si edhe pa nj\u00eb pasaport\u00eb t\u00eb mund t\u00eb dalin nga shteti.<\/p>\n<p>Vet\u00ebm gjykat\u00ebsit kan\u00eb b\u00ebr\u00eb sikur nuk din\u00eb. N\u00eb t\u00ebr\u00eb k\u00ebt\u00eb plan aspak naiv, vet\u00ebm gjykat\u00ebsit kan\u00eb marr\u00eb rolin e personave naiv\u00eb.<\/p>\n<p>Dhe akoma nuk ka mbaruar gjth\u00e7ka me mund\u00ebsit\u00eb ligjore p\u00ebr bllokimin e drejt\u00ebsis\u00eb. Akoma Gjykata kushtetuese mund ta shfuqizoj\u00eb PSP. E pastaj \u2013 hajt me sh\u00ebndet.<\/p>\n<p><span class=\"dropcap color firstcharacter\">2<\/span>E tani \u00e7far\u00eb po b\u00ebjm\u00eb? Mir\u00eb q\u00eb keta gjykat\u00ebs jan\u00eb pjes\u00eb e planit q\u00eb t\u00eb aktrojn\u00eb naivitet, por edhe duhet t\u2019i kuptosh. Jan\u00eb b\u00ebr\u00eb nj\u00ebsh me rolin.<\/p>\n<p>Por \u00e7far\u00eb b\u00ebnin gjykat\u00ebsit q\u00eb ishin t\u00eb degraduar, t\u00eb larguar t\u00eb maltretuar\u2026Ku jan\u00eb gjykat\u00ebsit, q\u00eb nuk jan\u00eb gjykat\u00ebs \u201csvarovski\u201d? A ka fare t\u00eb till\u00eb? A do t\u00eb flasin ndonj\u00ebher\u00eb ata publikisht? Hidh\u00ebroheshin se gazetar\u00ebt u b\u00ebnkan presion, fyheshin se e gjith\u00eb gjyq\u00ebsia i quan \u201csvarovski\u201d, k\u00ebrkonin mir\u00ebkuptim sepse frik\u00ebsoheshin p\u00ebr vendet e tyre t\u00eb pun\u00ebs, p\u00ebr jet\u00ebt e tyre \u2026Tani prej se frik\u00ebsohen?<\/p>\n<p>Po pik\u00ebrisht ky rast p\u00ebr kush e di t\u00eb sat\u00ebn her\u00eb, por k\u00ebt\u00eb radh\u00eb m\u00eb haptazi se kurdo her\u00eb tjet\u00ebr v\u00ebrteton q\u00eb n\u00ebna e t\u00eb gjitha lig\u00ebsive n\u00eb Maqedoni \u00ebsht\u00eb \u201cgjyq\u00ebsia\u201d.<\/p>\n<p>Refoma? Ore, fjala \u201creforma\u201d \u00ebsht\u00eb joadekuate p\u00ebr at\u00eb q\u00eb duhet t\u2019i ndodh\u00eb gjyq\u00ebsis\u00eb s\u00eb Maqedonis\u00eb. Rizgjedhje t\u00eb p\u00ebrgjithshme? Edhe ajo gj\u00eb pale se a do t\u2019i ndihmoj\u00eb. Departament i ve\u00e7ant\u00eb gjyq\u00ebsor? Ku? Edhe n\u00eb Gjykat\u00ebn supreme? Edhe n\u00eb at\u00eb kushtetuese? Ne k\u00ebtu kemi problem me nj\u00eb organiz\u00ebm t\u00eb s\u00ebmur\u00eb p\u00ebr vdekje. I cili, n\u00ebse nuk pastrohet \u2013 do t\u00eb nga varros\u00eb t\u00eb gjith\u00ebve. K\u00ebt\u00eb pun\u00eb as Pribe e as askush nuk mund ta zgjidh\u00eb.<\/p>\n<p><span class=\"dropcap color firstcharacter\">3<\/span>Ja se \u00e7\u2019t\u00eb b\u00ebjn\u00eb dy muaj n\u00eb opozit\u00eb. Prit\u00ebm q\u00eb VMRO-DPMNE t\u2019i mbroj\u00eb partizan\u00ebt. Nd\u00ebrsa deri pardje i lustronte. T\u00eb gjith\u00eb qendr\u00ebn e Shkupit e mbush\u00ebn me p\u00ebrmendore t\u00eb personazheve kontroverze t\u00eb historis\u00eb, e jo vet\u00ebm t\u00eb historis\u00eb son\u00eb por edhe t\u00eb asaj t\u00eb fqinj\u00ebve tan\u00eb, nd\u00ebrsa tani luajn\u00eb bishtin n\u00eb lidhje me marr\u00ebveshjen me Bullgarin\u00eb, pasi aty thuhet se paskemi ngjarje historike dhe personazhe t\u00eb p\u00ebrbashk\u00ebta. Pas emrave t\u00eb kodosh\u00ebve t\u00eb okupatorit fashist bullgar, kan\u00eb em\u00ebruar objektet e shtetit. (T\u00eb k\u00ebrkoj ndjes\u00eb, Zaev, p\u00ebr fjal\u00ebn e vock\u00ebl \u201cfashiste\u201d, por k\u00ebshtu ka qen\u00eb). Gjysma e Shkupit quhet Todor Aleksandrov, nga rrug\u00ebt e deri te urat dhe garazhat\u2026 Me kontrashoqat\u00eb e mbronin edhe Bllazhe Koneskin, q\u00eb kur \u201cxhuxhit t\u00eb Nebregov\u00ebs\u201d, si\u00e7 e quanin, ia vun\u00eb shkronj\u00ebn \u201cV\u201d te mbiemri. Edhe gjuh\u00ebn maqedonase do ta mbrojn\u00eb, pasi deri sa ishin n\u00eb pushtet donin ta anulojn\u00eb katedr\u00ebn e Fakultetit filologjik q\u00eb n\u00eb origjinalin e vet\u00eb quhet Bllazhe Koneski \u2013 pa V. Nd\u00ebrkoh\u00eb q\u00eb lektor\u00ebt e gjuh\u00ebs maqedonase n\u00ebp\u00ebr bot\u00eb i lan\u00eb pa para.<\/p>\n<p>Bukur do t\u00eb ishte, q\u00eb para votimit p\u00ebr miratimin e Marr\u00ebveshjes me Bullgarin\u00eb n\u00eb Parlamentin maqedonas, t\u00eb mund t\u00eb shihet se sa nga k\u00ebta t\u00eb VMRO-s\u00eb q\u00eb tani i gjejn\u00eb mang\u00ebsi dokumentit, kan\u00eb n\u00ebnshtet\u00ebsi t\u00eb dyfisht\u00eb. Sa nga ata kan\u00eb edhe pasaporta bullgare.<\/p>\n<p>K\u00ebshtu do t\u00eb dim\u00eb se a e kritikojn\u00eb marr\u00ebveshjen nga shkaku se jan\u00eb shkelur interesat e Maqedonis\u00eb. Apo t\u00eb Bullgaris\u00eb.<\/p>\n<p><span class=\"dropcap color firstcharacter\">4<\/span>Si ju duhet kjo shpallje?<\/p>\n<p><em>\u201cKryetari i Qeveris\u00eb s\u00eb Republik\u00ebs s\u00eb Maqedonis\u00eb Zoran Zaev, sot realizoi takim zyrtar me ministrin p\u00ebr vet\u00ebqeverisje lokale, Syhejl Fazliu\u201d. <\/em><\/p>\n<p>\u00cbsht\u00eb publikuar n\u00eb faqen zyrtare t\u00eb qeveris\u00eb me nj\u00eb foto. Si t\u00eb ishin bashk\u00ebbiseduesit prej shteteve t\u00eb ndryshme. Sikur LSDM dhe BDI t\u00eb negocionin p\u00ebr marr\u00ebveshje bashk\u00ebpunimi, n\u00eb t\u00eb cil\u00ebn n\u00eb bisedimet publike iu bashkangjitet edhe VMRO-DPMNE.<\/p>\n<p>Qeveria e Zoran Zaevit n\u00eb fillim publikoi q\u00eb e anuloi reklamimin e qeveris\u00eb n\u00ebp\u00ebr mediat komerciale.<\/p>\n<p>M\u00eb pas, pas ingerencave t\u00eb ministrit Robert Popovski, p\u00ebrgjegj\u00ebs p\u00ebr informacionet dhe transparenc\u00ebn, formoi sketor qeveritar p\u00ebr informim ku u pun\u00ebsuan 40 \u201cprofesionist\u00eb t\u00eb mediave, komunikimit dhe PR\u201d. Me siguri ndonj\u00eb nga ata profesionist\u00eb e ka publikuar shpalljen e m\u00ebsip\u00ebrme q\u00eb kryeministri \u00ebsh\u00eb takuar me ministrin e tij n\u00eb qeverin\u00eb e vet.<\/p>\n<p>Do t\u00eb thot\u00eb me parat\u00eb tona, qeveria e VMRO-s\u00eb paguante propagand\u00eb p\u00ebr televizionet. Nd\u00ebrsa tani, qeveria e LSDM-s\u00eb p\u00ebrs\u00ebri me parat\u00eb tona do t\u2019i paguaj\u00eb rrogat e propaganduesve.<\/p>\n<p>Si duket me t\u00eb v\u00ebrtet\u00eb ministri pa resor, Robert Popovski, gj\u00ebn\u00eb e par\u00eb q\u00eb ka gjetur n\u00eb kabinetet e braktisura kan\u00eb qen\u00eb defterat e Martin Protogjerit me sh\u00ebnimet p\u00ebr propagand\u00eb. Dhe tani n\u00eb praktik\u00eb m\u00ebson nga m\u00eb i miri.<\/p>\n<p><em><strong>P\u00ebrktheu: Fjolla Zllatku<\/strong><\/em><\/p>\n<p>&nbsp;<\/p>\n\n<div style=\"font-size: 0px; height: 0px; line-height: 0px; margin: 0; padding: 0; clear: both;\"><\/div>","protected":false},"excerpt":{"rendered":"<p>T\u00eb gjith\u00eb e dinin q\u00eb t\u00eb akuzuarit e PSP-s\u00eb p\u00ebr p\u00ebrgjimet e paligjshme t\u00eb mij\u00ebra qytetar\u00ebve dhe shkat\u00ebrrimin e pajisjes [&hellip;]<\/p>\n","protected":false},"author":1,"featured_media":184,"comment_status":"closed","ping_status":"closed","sticky":false,"template":"","format":"standard","meta":{"_mo_disable_npp":"","inline_featured_image":false},"categories":[1825],"tags":[],"imageURL":"https:\/\/sdk.mk\/wp-content\/uploads\/2015\/12\/goran-mihailovski2.jpg","thumbURL":"https:\/\/sdk.mk\/wp-content\/uploads\/2015\/12\/goran-mihailovski2-250x196.jpg","categoryNames":["DUA T\u00cb THEM"],"feature_caption":"","subtitle":"N\u00ebna e t\u00eb gjitha lig\u00ebsive t\u00eb Maqedonis\u00eb \u00ebsht\u00eb gjyq\u00ebsia","views":"6790","source":"","yoast_head":"<!-- This site is optimized with the Yoast SEO Premium plugin v15.0 - https:\/\/yoast.com\/wordpress\/plugins\/seo\/ -->\n<title>GJYKAT\u00cbS NAIV\u00cb - \u0421\u0430\u043a\u0430\u043c \u0414\u0430 \u041a\u0430\u0436\u0430\u043c<\/title>\n<meta name=\"robots\" content=\"index, follow, max-snippet:-1, max-image-preview:large, max-video-preview:-1\" \/>\n<link rel=\"canonical\" href=\"https:\/\/sdk.mk\/index.php\/dua-te-them\/gjykates-naive\/\" \/>\n<meta property=\"og:locale\" content=\"mk_MK\" \/>\n<meta property=\"og:type\" content=\"article\" \/>\n<meta property=\"og:title\" content=\"GJYKAT\u00cbS NAIV\u00cb - \u0421\u0430\u043a\u0430\u043c \u0414\u0430 \u041a\u0430\u0436\u0430\u043c\" \/>\n<meta property=\"og:description\" content=\"T\u00eb gjith\u00eb e dinin q\u00eb t\u00eb akuzuarit e PSP-s\u00eb p\u00ebr p\u00ebrgjimet e paligjshme t\u00eb mij\u00ebra qytetar\u00ebve dhe shkat\u00ebrrimin e pajisjes [&hellip;]\" \/>\n<meta property=\"og:url\" content=\"https:\/\/sdk.mk\/index.php\/dua-te-them\/gjykates-naive\/\" \/>\n<meta property=\"og:site_name\" content=\"\u0421\u0430\u043a\u0430\u043c \u0414\u0430 \u041a\u0430\u0436\u0430\u043c\" \/>\n<meta property=\"article:published_time\" content=\"2017-07-30T05:55:11+00:00\" \/>\n<meta property=\"og:image\" content=\"https:\/\/sdk.mk\/wp-content\/uploads\/2015\/12\/goran-mihailovski2.jpg\" \/>\n\t<meta property=\"og:image:width\" content=\"400\" \/>\n\t<meta property=\"og:image:height\" content=\"313\" \/>\n<meta property=\"fb:app_id\" content=\"2407985809428537\" \/>\n<meta name=\"twitter:card\" content=\"summary\" \/>\n<script type=\"application\/ld+json\" class=\"yoast-schema-graph\">{\"@context\":\"https:\/\/schema.org\",\"@graph\":[{\"@type\":\"WebSite\",\"@id\":\"https:\/\/sdk.mk\/#website\",\"url\":\"https:\/\/sdk.mk\/\",\"name\":\"\\u0421\\u0430\\u043a\\u0430\\u043c \\u0414\\u0430 \\u041a\\u0430\\u0436\\u0430\\u043c\",\"description\":\"\\u0417\\u0430 \\u0441\\u043b\\u043e\\u0431\\u043e\\u0434\\u043e\\u0443\\u043c\\u043d\\u0438\",\"potentialAction\":[{\"@type\":\"SearchAction\",\"target\":\"https:\/\/sdk.mk\/?s={search_term_string}\",\"query-input\":\"required name=search_term_string\"}],\"inLanguage\":\"mk-MK\"},{\"@type\":\"ImageObject\",\"@id\":\"https:\/\/sdk.mk\/index.php\/dua-te-them\/gjykates-naive\/#primaryimage\",\"inLanguage\":\"mk-MK\",\"url\":\"https:\/\/sdk.mk\/wp-content\/uploads\/2015\/12\/goran-mihailovski2.jpg\",\"width\":400,\"height\":313},{\"@type\":\"WebPage\",\"@id\":\"https:\/\/sdk.mk\/index.php\/dua-te-them\/gjykates-naive\/#webpage\",\"url\":\"https:\/\/sdk.mk\/index.php\/dua-te-them\/gjykates-naive\/\",\"name\":\"GJYKAT\\u00cbS NAIV\\u00cb - \\u0421\\u0430\\u043a\\u0430\\u043c \\u0414\\u0430 \\u041a\\u0430\\u0436\\u0430\\u043c\",\"isPartOf\":{\"@id\":\"https:\/\/sdk.mk\/#website\"},\"primaryImageOfPage\":{\"@id\":\"https:\/\/sdk.mk\/index.php\/dua-te-them\/gjykates-naive\/#primaryimage\"},\"datePublished\":\"2017-07-30T05:55:11+00:00\",\"dateModified\":\"2017-07-30T05:55:11+00:00\",\"author\":{\"@id\":\"https:\/\/sdk.mk\/#\/schema\/person\/be7cfa6655c47f7195bfdd0ba8144aa2\"},\"inLanguage\":\"mk-MK\",\"potentialAction\":[{\"@type\":\"ReadAction\",\"target\":[\"https:\/\/sdk.mk\/index.php\/dua-te-them\/gjykates-naive\/\"]}]},{\"@type\":\"Person\",\"@id\":\"https:\/\/sdk.mk\/#\/schema\/person\/be7cfa6655c47f7195bfdd0ba8144aa2\",\"name\":\"\\u0413\\u043e\\u0440\\u0430\\u043d \\u041c\\u0438\\u0445\\u0430\\u0458\\u043b\\u043e\\u0432\\u0441\\u043a\\u0438\"}]}<\/script>\n<!-- \/ Yoast SEO Premium plugin. -->","_links":{"self":[{"href":"https:\/\/sdk.mk\/index.php\/wp-json\/wp\/v2\/posts\/36331"}],"collection":[{"href":"https:\/\/sdk.mk\/index.php\/wp-json\/wp\/v2\/posts"}],"about":[{"href":"https:\/\/sdk.mk\/index.php\/wp-json\/wp\/v2\/types\/post"}],"author":[{"embeddable":true,"href":"https:\/\/sdk.mk\/index.php\/wp-json\/wp\/v2\/users\/1"}],"replies":[{"embeddable":true,"href":"https:\/\/sdk.mk\/index.php\/wp-json\/wp\/v2\/comments?post=36331"}],"version-history":[{"count":0,"href":"https:\/\/sdk.mk\/index.php\/wp-json\/wp\/v2\/posts\/36331\/revisions"}],"wp:featuredmedia":[{"embeddable":true,"href":"https:\/\/sdk.mk\/index.php\/wp-json\/wp\/v2\/media\/184"}],"wp:attachment":[{"href":"https:\/\/sdk.mk\/index.php\/wp-json\/wp\/v2\/media?parent=36331"}],"wp:term":[{"taxonomy":"category","embeddable":true,"href":"https:\/\/sdk.mk\/index.php\/wp-json\/wp\/v2\/categories?post=36331"},{"taxonomy":"post_tag","embeddable":true,"href":"https:\/\/sdk.mk\/index.php\/wp-json\/wp\/v2\/tags?post=36331"}],"curies":[{"name":"wp","href":"https:\/\/api.w.org\/{rel}","templated":true}]}}