{"id":36710,"date":"2017-08-05T10:56:13","date_gmt":"2017-08-05T08:56:13","guid":{"rendered":"http:\/\/sdk.mk\/?p=36710"},"modified":"2017-08-06T10:58:57","modified_gmt":"2017-08-06T08:58:57","slug":"pa-urrejtje","status":"publish","type":"post","link":"https:\/\/sdk.mk\/index.php\/dua-te-them\/pa-urrejtje\/","title":{"rendered":"PA URREJTJE"},"content":{"rendered":"<div class=\"f52428582a4b906b2d2e2a7d733c7d27\" data-index=\"7\" style=\"float: none; margin:10px 0 10px 0; text-align:center;\">\n<!-- MSP Ads Asynchronous JS Tag - Generated with Revive Adserver v5.4.1 -->\r\n<ins data-revive-zoneid=\"167\" data-revive-id=\"060fdb01f6430ec164d3519234aa4967\"><\/ins>\r\n<script async src=\"\/\/panel.ads.com.mk\/www\/delivery\/asyncjs.php\"><\/script>\n<\/div>\n<p><span class=\"dropcap color firstcharacter\">1<\/span>Fort mir\u00eb \u00ebsht\u00eb kur Nikolla Gruevski i ka urdh\u00ebruar njer\u00ebzit e vet q\u00eb dit\u00ebn e Ilindenit ta festojn\u00eb nj\u00eb dit\u00eb m\u00eb her\u00ebt. Le ta festojn\u00eb gjithnj\u00eb ashtu. Disi jemi m\u00eb n\u00eb paqe kur ai nuk \u00ebsht\u00eb ylli qendror i fest\u00ebs.<br \/>\nMbaj mend para kat\u00ebr vjet\u00ebsh, p\u00ebr Ilindenin e vitit 2013 n\u00eb Krushev\u00eb, ku si kryeminist\u00ebr na \u00e7oroditi me fjalimin mbi fest\u00ebn. At\u00ebher\u00eb paralajm\u00ebroi se \u201cvijojn\u00eb momente n\u00eb t\u00eb cilat t\u00eb gjith\u00eb ne do t\u00eb p\u00ebrballemi me sfida t\u00eb shumta t\u00eb cilat do t\u00eb ken\u00eb p\u00ebr q\u00ebllim ta p\u00ebr\u00e7ajn\u00eb b\u00ebrtham\u00ebn komb\u00ebtare maqedonase n\u00eb disa shtresa, duke sjellur shqet\u00ebsim, madje edhe frustrim me ndjenj\u00eb zhvler\u00ebsimi.\u201d N\u00eb ver\u00ebn e 2013-\u00ebs, Gruevski n\u00eb nj\u00eb atmosfer\u00eb festive na lajm\u00ebroi ceremonialisht se \u201cdo t\u00eb p\u00ebrballemi me provokime t\u00eb formave t\u00eb ndryshme, t\u00eb brendshme dhe nga jasht\u00eb, me q\u00ebllim prishjen e kohezionit t\u00eb popullit maqedonas, etiketimin dhe stimulimin e ndarjeve artificiale, e k\u00ebto do t\u00eb jen\u00eb p\u00ebrpjekje drejt komprometimit t\u00eb shteteve maqedonase dhe interesave komb\u00ebtar\u00eb, t\u00eb cilat jan\u00eb thell\u00ebsisht t\u00eb drejta dhe reale\u201d. E q\u00eb at\u00ebher\u00eb u k\u00ebrc\u00ebnua: \u201cNe do t\u00eb p\u00ebrgjigjemi bashk\u00eb me bashk\u00ebpunuesin ton\u00eb m\u00eb t\u00eb fort\u00eb, popullin.\u201d<\/p>\n<p>E shikoni? Po ai e paska ditur se \u00e7\u2019b\u00ebnte. Dhe ka patur frik\u00eb se kurdo kurdo t\u00eb gjith\u00eb do t\u00eb zbulojm\u00eb se \u00e7\u2019ka b\u00ebr\u00eb. Dhe q\u00eb at\u00ebher\u00eb ka p\u00ebrgatitur mbrojtjen e vet me mobilizim masiv t\u00eb mb\u00ebshtet\u00ebsve. Q\u00eb at\u00ebher\u00eb i ka shpikur sh\u00ebrbimet e huaja. Dhe dy vjet pas atij fjalimi t\u00eb gjth\u00eb d\u00ebgjuam se \u00e7far\u00eb ka b\u00ebr\u00eb. Mbase edhe gjykata mund ta v\u00ebrtetoj\u00eb at\u00eb q\u00eb ka b\u00ebr\u00eb ai.<\/p>\n<p>E tani, kur komandanti i m\u00ebparsh\u00ebm i U\u00c7K-s\u00eb, Talat Xhaferi ia citon mendimet e VMRO-s\u00eb Ilindensave, \u00e7\u2019i mbetet Greuvskit ve\u00e7se t\u00eb nd\u00ebrlikoj\u00eb pun\u00ebt, t\u00eb jet\u00eb vezhdimisht kund\u00ebr, t\u00eb shpik\u00eb loj\u00ebra dhe trike e t\u00eb num\u00ebroj\u00eb tradh\u00ebtar\u00ebt vet\u00ebm e vet\u00ebm q\u00eb s\u00ebrish t\u00eb jet\u00eb ai kryesori?<\/p>\n<p>Tani, kur edhe kryeministri bulgar, Bojko Borisov publikoi q\u00eb bashk\u00eb me t\u00eb, me vite t\u00eb t\u00ebra e kan\u00eb p\u00ebrgatitur marr\u00ebveshjen, dhe pik\u00ebrisht gjat\u00eb koh\u00ebs s\u00eb qeverisjes s\u00eb tij, numri m\u00eb i madh i qytetar\u00ebve t\u00eb Maqedonis\u00eb, duke p\u00ebrfshir\u00eb k\u00ebtu edhe personalitete t\u00eb mir\u00ebnjohura t\u00eb partis\u00eb s\u00eb tij, mor\u00ebn pasaporta bullgare, \u00e7far\u00eb i mbetet vall\u00eb, ve\u00e7se t\u00eb vazhdoj\u00eb me shp\u00ebrndarjen e panikut dhe histeris\u00eb se shteti \u00ebsht\u00eb sulmuar? Tani kur SHBA dhe BE dhe NATO dhe Gjermania dhe Holanda dhe Britania e Madhe e p\u00ebrsh\u00ebndet\u00ebn marr\u00ebveshjen me Bullgarin\u00eb q\u00eb ai \u00ebsht\u00eb dashur ta n\u00ebnshkruaj\u00eb, \u00e7\u2019i mbetet vall\u00eb, ve\u00e7se t\u00eb na frik\u00ebsoj\u00eb se jemi viktima t\u00eb nj\u00eb konspiracioni planetar dhe se t\u00eb gjith\u00eb n\u00eb bot\u00eb, p\u00ebrve\u00e7 Rusis\u00eb dhe Serbis\u00eb nuk kan\u00eb pun\u00eb tjet\u00ebr, ve\u00e7se t\u00eb shohin se si t\u2019ia b\u00ebjn\u00eb q\u00eb t\u2019ia hedhin Maqedonis\u00eb? Dhe se vet\u00ebm ai \u00ebsht\u00eb njeriu q\u00eb mund t\u00eb shp\u00ebtoj\u00eb kombin. Dhe k\u00ebt\u00eb ta b\u00ebj\u00eb, me demek, me njer\u00ebz t\u00eb rinj, t\u00eb paf\u00eblliqur brenda partis\u00eb, kurse n\u00eb realitet q\u00eb jan\u00eb ndjek\u00ebs s\u00eb ides\u00eb s\u00eb tij t\u00eb dhun\u00ebs m\u00eb 27 prill. Nd\u00ebrkoh\u00eb q\u00eb t\u00eb af\u00ebrmit e tjer\u00eb t\u00eb tij, q\u00eb me vite t\u00eb t\u00ebra ia p\u00ebrbushnin t\u00eb gjitha idet\u00eb q\u00eb i tekeshin n\u00eb mes t\u00eb nat\u00ebs, i p\u00ebrjashtoi. Pasi ata ishin gabim, e vet\u00ebm ai i pagabuesh\u00ebm.<\/p>\n<p>Akoma d\u00ebshiron t\u00eb jet\u00eb kryesori. Dhe m\u00eb vjen shum\u00eb keq q\u00eb nuk \u00ebsht\u00eb. Kur tashm\u00eb nuk ka pasaport\u00eb pasi \u00ebsht\u00eb n\u00ebn hetim, p\u00ebr t\u00eb t\u00ebrhequr v\u00ebmendje. N\u00ebse ai nuk \u00ebsht\u00eb i r\u00ebnd\u00ebsish\u00ebm, le t\u00eb bjer\u00eb edhe regjimi i tij.<br \/>\nSinqerisht shpresoj q\u00eb ky vit t\u00eb jet\u00eb i fundit q\u00eb ne merremi me shpikjet e tij dinake.<\/p>\n<p><span class=\"dropcap color firstcharacter\">2<\/span>Kur dikush p\u00ebrpiqet t\u00eb izolohet nga zhurma e liderit t\u00eb VMRO-DPMNE-s\u00eb, e kupton se sa m\u00eb bukur festohet Ilindeni pa urrejtje. Dhe pyet veten se sa e madhe duhet t\u00eb jet\u00eb urrejtja ndaj vetvetes dhe shtetit. Kur festa m\u00eb e madhe e shtetit festohet nj\u00eb dit\u00eb m\u00eb her\u00ebt, vet, p\u00ebr inat.<br \/>\nAi \u00ebsht\u00eb kulminacioni i urrejtjes q\u00eb Gurevski e nxiste dhe e kultivonte p\u00ebr 11 vjet. Ai nuk e ndryshoi vet\u00ebm historin\u00eb me nj\u00ebqind p\u00ebrmendoret e shp\u00ebrndara n\u00ebp\u00ebr qendr\u00ebn e kryeqytetit. Ai nuk e ndryshoi vet\u00ebm arkitektur\u00ebn dhe kartolinat e Shkupit, se donte t\u00eb k\u00ebnaqej sipas shijes s\u00eb tij. Ai solli edhe palma. U b\u00ebnin dush e i vishnin, vet\u00ebm atij qejfin t\u2019ia b\u00ebnin. I vran\u00eb palmat p\u00ebr parat\u00eb tona dhe askush nuk p\u00ebrgjigjej. R\u00ebr\u00eb deti porosiste n\u00eb Oh\u00ebr. Nd\u00ebrtonte plazhe meditarane n\u00eb liqene. N\u00eb Vardar nd\u00ebrtoi anije \u00e7imentoje q\u00eb asnj\u00ebher\u00eb nuk kan\u00eb lundruar\u2026<br \/>\nVall\u00eb aq shum\u00eb e ka inat shtetin n\u00eb t\u00eb cilin jeton, q\u00eb madje edhe pejzashin natyror donte ta ndryshoj\u00eb?<\/p>\n<p><span class=\"dropcap color firstcharacter\">3<\/span>Nj\u00eb nga shpikjet dinake m\u00eb t\u00eb reja t\u00eb VMRO-DPMNE-s\u00eb s\u00eb reformuar \u00ebsht\u00eb t\u00eb rritet rroga e administrat\u00ebs edhe p\u00ebr 6 p\u00ebrqind.<br \/>\nNdoshta edhe 16 p\u00ebrqind. Por kur ajo administrat\u00eb glomaze t\u00eb cil\u00ebn e krijoi VMRO-DPMNE si ushtri partiake, t\u00eb punoj\u00eb si Beligjika. Dhe vet\u00ebm at\u00ebher\u00eb kur p\u00ebr 500 dit\u00eb nuk do t\u00eb ket\u00eb qeveri, plehrat do t\u00eb pastrohen, ata q\u00eb jan\u00eb parkuar gabimisht do t\u00eb largohen, ila\u00e7et do t\u00eb porositen, korridoret e spitaleve do t\u00eb pastrohen, n\u00eb shkolla do t\u00eb ket\u00eb let\u00ebr higjienike dhe sapun, dhe vjedh\u00ebsit e druve do t\u00eb zbulohen, bari i vendeve publike do t\u00eb kositet, e dokumanetet e institucioneve t\u00eb shtetit nuk do t\u00eb humbin\u2026. Pasi shefat e asaj administrate p\u00ebr k\u00ebt\u00eb marrin rrog\u00eb. E jo p\u00ebr ta mobilizuar an\u00ebtar\u00ebsin\u00eb p\u00ebr t\u00eb dal\u00eb n\u00eb tubimet e n\u00eb kontratubimet e liderit e t\u00eb kalukojn\u00eb se ku mund t\u00eb mos punojn\u00eb n\u00eb var\u00ebsi prej partis\u00eb q\u00eb i ka pun\u00ebsuar. Kurse nd\u00ebrkoh\u00eb t\u00eb ken\u00eb edhe bizneset private.<\/p>\n<p>Pa t\u2019i shohim nga shtatori kur do t\u2019iu duhet t\u00eb punojn\u00eb n\u00eb dy nd\u00ebrrime. E kur t\u00eb siguroj\u00eb kushte t\u00eb mrekullueshme p\u00ebr t\u00eb gjith\u00eb ata q\u00eb ua sigurojn\u00eb rrogat, q\u00eb t\u2019ua fitojn\u00eb edhe ato 6 p\u00ebrqind, le t\u00eb k\u00ebrkojn\u00eb edhe 16 p\u00ebrqind. E n\u00ebse edhe ato para i kan\u00eb pak, bujrum, le t\u00eb dalin nga tregu i pun\u00ebs, e le t\u00eb k\u00ebrkojn\u00eb ngritje n\u00eb sektorin privat.<\/p>\n<p><span class=\"dropcap color firstcharacter\">4<\/span>Shoqata e gazetar\u00ebve doli me sugjerim q\u00eb Qeveria t\u00eb sponsoroj\u00eb publikimin e mediave t\u00eb printuara.<br \/>\nKryetari i Shoqat\u00ebs, Naser Selmani thua se ka harruar se vjen nga Vesti. Thua se ka harruar se pse ka qen\u00eb i detyruar t\u00eb largohet nga gazetaria. Thua se ka harruar se 500 njer\u00ebzve n\u00eb Vest dhe n\u00eb Utrinski dhe n\u00eb Dnevnik dhe n\u00eb Tea Moderna dhe n\u00eb shtypshkronj\u00eb dhe n\u00eb distribuim humb\u00ebn pun\u00ebn e tyre p\u00ebr shkak t\u00eb subvencionimit t\u00eb gazetaris\u00eb. Plus q\u00eb si kompani ishim edhe donator\u00ebt m\u00eb t\u00eb m\u00ebdhenj t\u00eb VMRO-DPMNE-s\u00eb.<br \/>\nLe t\u00eb kthejn\u00eb parat\u00eb ata q\u00eb i dhuruan. E ata le t\u00eb subvencionojn\u00eb. Jo ne.<\/p>\n<p>P\u00ebrderisa nuk ka pron\u00ebsi transparente t\u00eb mediave, t\u00eb prinuara, elektronike, onlajn apo t\u00eb \u00e7fardoshme, nuk b\u00ebhet fjal\u00eb p\u00ebr subvencione. Dhe jo vet\u00ebm p\u00ebr mediat. N\u00eb fakt, n\u00eb Maqedoni nuk ka kapacitet demokratik q\u00eb t\u00eb subvencionet \u00e7far\u00ebdo lloj gj\u00ebje, e le m\u00eb t\u00eb doj\u00eb dikush t\u00eb ket\u00eb kontroll mbi to.<\/p>\n<p><em>P\u00ebrktheu: Fjolla Zllatku<\/em><\/p>\n\n<div style=\"font-size: 0px; height: 0px; line-height: 0px; margin: 0; padding: 0; clear: both;\"><\/div>","protected":false},"excerpt":{"rendered":"<p>Fort mir\u00eb \u00ebsht\u00eb kur Nikolla Gruevski i ka urdh\u00ebruar njer\u00ebzit e vet q\u00eb dit\u00ebn e Ilindenit ta festojn\u00eb nj\u00eb dit\u00eb [&hellip;]<\/p>\n","protected":false},"author":9,"featured_media":184,"comment_status":"closed","ping_status":"closed","sticky":false,"template":"","format":"standard","meta":{"_mo_disable_npp":"","inline_featured_image":false},"categories":[1825],"tags":[],"imageURL":"https:\/\/sdk.mk\/wp-content\/uploads\/2015\/12\/goran-mihailovski2.jpg","thumbURL":"https:\/\/sdk.mk\/wp-content\/uploads\/2015\/12\/goran-mihailovski2-250x196.jpg","categoryNames":["DUA T\u00cb THEM"],"feature_caption":"","subtitle":"Sa paq\u00ebsor q\u00eb qenka festimi i Ilindenit pa Gruevskin","views":"7323","source":"","yoast_head":"<!-- This site is optimized with the Yoast SEO Premium plugin v15.0 - https:\/\/yoast.com\/wordpress\/plugins\/seo\/ -->\n<title>PA URREJTJE - \u0421\u0430\u043a\u0430\u043c \u0414\u0430 \u041a\u0430\u0436\u0430\u043c<\/title>\n<meta name=\"robots\" content=\"index, follow, max-snippet:-1, max-image-preview:large, max-video-preview:-1\" \/>\n<link rel=\"canonical\" href=\"https:\/\/sdk.mk\/index.php\/dua-te-them\/pa-urrejtje\/\" \/>\n<meta property=\"og:locale\" content=\"mk_MK\" \/>\n<meta property=\"og:type\" content=\"article\" \/>\n<meta property=\"og:title\" content=\"PA URREJTJE - \u0421\u0430\u043a\u0430\u043c \u0414\u0430 \u041a\u0430\u0436\u0430\u043c\" \/>\n<meta property=\"og:description\" content=\"Fort mir\u00eb \u00ebsht\u00eb kur Nikolla Gruevski i ka urdh\u00ebruar njer\u00ebzit e vet q\u00eb dit\u00ebn e Ilindenit ta festojn\u00eb nj\u00eb dit\u00eb [&hellip;]\" \/>\n<meta property=\"og:url\" content=\"https:\/\/sdk.mk\/index.php\/dua-te-them\/pa-urrejtje\/\" \/>\n<meta property=\"og:site_name\" content=\"\u0421\u0430\u043a\u0430\u043c \u0414\u0430 \u041a\u0430\u0436\u0430\u043c\" \/>\n<meta property=\"article:published_time\" content=\"2017-08-05T08:56:13+00:00\" \/>\n<meta property=\"article:modified_time\" content=\"2017-08-06T08:58:57+00:00\" \/>\n<meta property=\"og:image\" content=\"https:\/\/sdk.mk\/wp-content\/uploads\/2015\/12\/goran-mihailovski2.jpg\" \/>\n\t<meta property=\"og:image:width\" content=\"400\" \/>\n\t<meta property=\"og:image:height\" content=\"313\" \/>\n<meta property=\"fb:app_id\" content=\"2407985809428537\" \/>\n<meta name=\"twitter:card\" content=\"summary\" \/>\n<script type=\"application\/ld+json\" class=\"yoast-schema-graph\">{\"@context\":\"https:\/\/schema.org\",\"@graph\":[{\"@type\":\"WebSite\",\"@id\":\"https:\/\/sdk.mk\/#website\",\"url\":\"https:\/\/sdk.mk\/\",\"name\":\"\\u0421\\u0430\\u043a\\u0430\\u043c \\u0414\\u0430 \\u041a\\u0430\\u0436\\u0430\\u043c\",\"description\":\"\\u0417\\u0430 \\u0441\\u043b\\u043e\\u0431\\u043e\\u0434\\u043e\\u0443\\u043c\\u043d\\u0438\",\"potentialAction\":[{\"@type\":\"SearchAction\",\"target\":\"https:\/\/sdk.mk\/?s={search_term_string}\",\"query-input\":\"required name=search_term_string\"}],\"inLanguage\":\"mk-MK\"},{\"@type\":\"ImageObject\",\"@id\":\"https:\/\/sdk.mk\/index.php\/dua-te-them\/pa-urrejtje\/#primaryimage\",\"inLanguage\":\"mk-MK\",\"url\":\"https:\/\/sdk.mk\/wp-content\/uploads\/2015\/12\/goran-mihailovski2.jpg\",\"width\":400,\"height\":313},{\"@type\":\"WebPage\",\"@id\":\"https:\/\/sdk.mk\/index.php\/dua-te-them\/pa-urrejtje\/#webpage\",\"url\":\"https:\/\/sdk.mk\/index.php\/dua-te-them\/pa-urrejtje\/\",\"name\":\"PA URREJTJE - \\u0421\\u0430\\u043a\\u0430\\u043c \\u0414\\u0430 \\u041a\\u0430\\u0436\\u0430\\u043c\",\"isPartOf\":{\"@id\":\"https:\/\/sdk.mk\/#website\"},\"primaryImageOfPage\":{\"@id\":\"https:\/\/sdk.mk\/index.php\/dua-te-them\/pa-urrejtje\/#primaryimage\"},\"datePublished\":\"2017-08-05T08:56:13+00:00\",\"dateModified\":\"2017-08-06T08:58:57+00:00\",\"author\":{\"@id\":\"https:\/\/sdk.mk\/#\/schema\/person\/3e8217f71bc38bd7c592f30c69e10e5a\"},\"inLanguage\":\"mk-MK\",\"potentialAction\":[{\"@type\":\"ReadAction\",\"target\":[\"https:\/\/sdk.mk\/index.php\/dua-te-them\/pa-urrejtje\/\"]}]},{\"@type\":\"Person\",\"@id\":\"https:\/\/sdk.mk\/#\/schema\/person\/3e8217f71bc38bd7c592f30c69e10e5a\",\"name\":\"\\u041c\\u0438\\u0440\\u043e\\u0441\\u043b\\u0430\\u0432 \\u0418\\u043b\\u0438\\u043e\\u0441\\u043a\\u0438\"}]}<\/script>\n<!-- \/ Yoast SEO Premium plugin. -->","_links":{"self":[{"href":"https:\/\/sdk.mk\/index.php\/wp-json\/wp\/v2\/posts\/36710"}],"collection":[{"href":"https:\/\/sdk.mk\/index.php\/wp-json\/wp\/v2\/posts"}],"about":[{"href":"https:\/\/sdk.mk\/index.php\/wp-json\/wp\/v2\/types\/post"}],"author":[{"embeddable":true,"href":"https:\/\/sdk.mk\/index.php\/wp-json\/wp\/v2\/users\/9"}],"replies":[{"embeddable":true,"href":"https:\/\/sdk.mk\/index.php\/wp-json\/wp\/v2\/comments?post=36710"}],"version-history":[{"count":0,"href":"https:\/\/sdk.mk\/index.php\/wp-json\/wp\/v2\/posts\/36710\/revisions"}],"wp:featuredmedia":[{"embeddable":true,"href":"https:\/\/sdk.mk\/index.php\/wp-json\/wp\/v2\/media\/184"}],"wp:attachment":[{"href":"https:\/\/sdk.mk\/index.php\/wp-json\/wp\/v2\/media?parent=36710"}],"wp:term":[{"taxonomy":"category","embeddable":true,"href":"https:\/\/sdk.mk\/index.php\/wp-json\/wp\/v2\/categories?post=36710"},{"taxonomy":"post_tag","embeddable":true,"href":"https:\/\/sdk.mk\/index.php\/wp-json\/wp\/v2\/tags?post=36710"}],"curies":[{"name":"wp","href":"https:\/\/api.w.org\/{rel}","templated":true}]}}