{"id":36842,"date":"2017-08-07T12:53:39","date_gmt":"2017-08-07T10:53:39","guid":{"rendered":"http:\/\/sdk.mk\/?p=36842"},"modified":"2017-08-08T12:56:17","modified_gmt":"2017-08-08T10:56:17","slug":"gjykata-hedh-ne-gjyq-person-te-gabuar-dhe-nuk-deshiron-ta-terheqe-gjykimin","status":"publish","type":"post","link":"https:\/\/sdk.mk\/index.php\/ngrije-zerin-per-avokatin-e-popullit\/gjykata-hedh-ne-gjyq-person-te-gabuar-dhe-nuk-deshiron-ta-terheqe-gjykimin\/","title":{"rendered":"GJYKATA HEDH N\u00cb GJYQ PERSON T\u00cb GABUAR DHE NUK D\u00cbSHIRON TA T\u00cbRHEQ\u00cb GJYKIMIN"},"content":{"rendered":"<div class=\"f52428582a4b906b2d2e2a7d733c7d27\" data-index=\"7\" style=\"float: none; margin:10px 0 10px 0; text-align:center;\">\n<!-- MSP Ads Asynchronous JS Tag - Generated with Revive Adserver v5.4.1 -->\r\n<ins data-revive-zoneid=\"167\" data-revive-id=\"060fdb01f6430ec164d3519234aa4967\"><\/ins>\r\n<script async src=\"\/\/panel.ads.com.mk\/www\/delivery\/asyncjs.php\"><\/script>\n<\/div>\n<p>Banor i fshatit t\u00eb Shkupit, Marino, i cili asnj\u00ebher\u00eb nuk ka pasur banes\u00eb dhe as nuk ka p\u00ebrdorur ngrohje qendrore, e pret gjykimin n\u00eb Gjykat\u00ebn themelore Shkupi 2 n\u00eb tetor, pavar\u00ebsisht faktit se ai ka v\u00ebrtetuar q\u00eb identiteti i tij \u00ebsht\u00eb gabuar me at\u00eb t\u00eb nj\u00eb personi tjet\u00ebr me em\u00ebr t\u00eb nj\u00ebjt\u00eb dhe mbiem\u00ebr t\u00eb ngjash\u00ebm, i cili q\u00eb prej m\u00eb shum\u00eb se shtat\u00eb vjet\u00ebsh evidenton me borxh ndaj Toplifikimit Shkup Veri SHA. Ai \u00ebsht\u00eb rast social i cili merr ndihm\u00eb sociale dhe nuk e di se si do t\u00eb arrij\u00eb ta paguaj\u00eb avokatin n\u00eb k\u00ebt\u00eb gjykim t\u00eb detyruar n\u00eb Gjykat\u00ebn Shkupi 2, q\u00eb t\u00eb v\u00ebrtetoj\u00eb se<\/p>\n<p>Toplifikimi Shkup Veri, Gjykata themelore Shkupi 2 dhe MPB ia kan\u00eb vjedhur identitetin q\u00eb t\u00eb paguaj\u00eb fatur\u00eb p\u00ebr ngrohje qendrore, t\u00eb cil\u00ebn asnj\u00ebher\u00eb nuk e ka b\u00ebr\u00eb.<br \/>\nP\u00ebr rastin n\u00eb fjal\u00eb Avokati i popullit, Ixhet Memeti ka hapur procedur\u00eb.<br \/>\nGjegj\u00ebsisht, p\u00ebr borxhin e papaguar, Toplifikimi Shkup Veri SHA, n\u00eb vitin 2010 n\u00eb Gjykat\u00ebn themelore Shkupi 2, n\u00ebp\u00ebrmjet avokatit ka paditur Gute Milanovskin nga Shkupi. N\u00eb padin\u00eb ka figuruar vet\u00ebm adresa, respektivisht rruga Llazo T\u00ebrpovski dhe numri i banes\u00ebs s\u00eb personit q\u00eb ka borxh. Pa num\u00ebr am\u00eb, gj\u00eb q\u00eb \u00ebsht\u00eb e ndaluar sipas Ligjit p\u00ebr procedur\u00eb finansiare, Gjykata themelore Shkupi 2 e ka pranuar k\u00ebt\u00eb padi. Dhe p\u00ebrve\u00e7 k\u00ebsaj, e ka mbajtur t\u00eb pakompletuar p\u00ebr disa vite, n\u00eb vend q\u00eb ta kthej\u00eb n\u00eb Shkup Veri SHA, q\u00eb ta rregulloj\u00eb dhe t\u2019i v\u00ebr\u00eb numrin am\u00eb.<\/p>\n<p>Pasi disa vitesh, Gjykata civile e ka procesuar rastin me padin\u00eb pa num\u00ebr am\u00eb dhe ka sjell\u00eb gjykim, n\u00eb d\u00ebm t\u00eb personit q\u00eb ka borxh. Por, n\u00eb vend t\u00eb personit t\u00eb duhur, Millanovski, ekzekutuesi i gjykat\u00ebs, para tre muajve, ka trokitur n\u00eb der\u00ebn e Gute Milenkovskit, banor i fshatit t\u00eb Shkupt Marino, Komuna e Ilindenit. Aty as nuk ka pasur ndonj\u00ebher\u00eb ngrohje qendrore, e Milenkoski asnj\u00ebher\u00eb nuk ka jetuar n\u00eb rrug\u00ebn Llazo T\u00ebrpovski n\u00eb lagjen Shkup Veri, ku \u00ebsht\u00eb krijuar borxhi.<br \/>\nKur ka marr\u00eb gjykimin n\u00eb fjal\u00eb, Milenkovski, i shokuar ka vajtur n\u00eb sportelin e Gjykat\u00ebs themelore Shkupi 2, q\u00eb t\u2019i v\u00ebrtetoj\u00eb gjykat\u00ebs se \u00ebsht\u00eb b\u00ebr\u00eb gabim me identitetin e tij, q\u00eb ai asnj\u00ebher\u00eb nuk ka pasur banes\u00eb dhe as do t\u00eb ket\u00eb, se ai jeton n\u00eb Marino dhe aty nuk ka ngrohje qendrore. N\u00eb Gjykat\u00eb i kan\u00eb th\u00ebn\u00eb se ajo nuk \u00ebsht\u00eb pun\u00eb e tyre dhe se n\u00ebse mendon se ai nuk \u00ebsht\u00eb personi p\u00ebr t\u2019u gjykuar, t\u00eb marr\u00eb avokat dhe t\u00eb d\u00ebrgoj\u00eb ankes\u00eb.<\/p>\n<p>\u201cPara tre muajve mb\u00ebrriti lajm\u00ebrimi p\u00ebr gjykimin ekzekutiv dhe se kam borxh nga nj\u00eb fatur\u00eb e vjet\u00ebr t\u00eb cilin duhet ta paguaj, si dhe harxhime gjyq\u00ebsore. P\u00ebrsova infarkt. Shtypjen e kam mbi 220 dhe q\u00eb at\u00ebher\u00eb jam n\u00eb kardiologji. Un\u00eb jam i varf\u00ebr. Marr 1.200 denar\u00eb ndihm\u00eb sociale n\u00eb muaj. Ku t\u00eb paguaj tani avokat? Un\u00eb nuk e di se kush i ka dh\u00ebn\u00eb t\u00eb dh\u00ebnat e mia dhe kush m\u00eb ka futur n\u00eb k\u00ebt\u00eb pun\u00eb. Kam \u00e7ertifikat\u00eb lindjeje, v\u00ebrtetim nga Komuna, nga kadastra. T\u00eb gjitha k\u00ebto institucione mund t\u00eb konfirojn\u00eb se un\u00eb asnj\u00ebher\u00eb nuk kam jetuar n\u00eb at\u00eb rrug\u00eb Llazo T\u00ebrpovski n\u00eb Butel apo Shkup Veri, nuk e di as se ku \u00ebsht\u00eb. M\u00eb ndihmoni disi, u s\u00ebmura keq nga kjo q\u00eb m\u00eb ndodhi. Nuk e di edhe at\u00eb Ndihm\u00ebn e shpejt\u00eb q\u00eb vjen disa her\u00eb me radh\u00eb se si do ta paguaj\u201d,lutet p\u00ebr ndihm\u00eb Milenkovski.<br \/>\nKur ka vajtur n\u00eb Gjykat\u00ebn themelore Shkupi 2, q\u00eb t\u2019ua tregoj\u00eb gabimin dhe se jan\u00eb marr\u00eb me nj\u00eb rast joekzistent kund\u00ebr tij, nga Gjykata civile i kan\u00eb th\u00ebn\u00eb:<\/p>\n<p>\u201cN\u00eb gjyq ti figuron dhe ke borxh, andaj duhet t\u00eb mbash p\u00ebrgjegj\u00ebsi. K\u00ebshtu q\u00ebndron puna, \u201cdhe pas k\u00ebsaj Milenkovski \u00ebsht\u00eb b\u00ebr\u00eb keq n\u00eb moment.<br \/>\n\u201cKy nuk \u00ebsht\u00eb shtet, ne nuk kemi shtet!\u201d, thot\u00eb ky njeri me probleme serioze sh\u00ebndet\u00ebsore.<br \/>\nI d\u00ebshp\u00ebruar, ka vajtur te Avokati i popullit, Ixhet Memeti.<br \/>\n\u201cKah fundi i muajit maj t\u00eb k\u00ebtij viti, Milenkovski erdhi te Avokati i popullit. Ne k\u00ebshillojm\u00eb p\u00ebr \u00e7do rast q\u00eb t\u00eb d\u00ebrgoj\u00eb ankes\u00eb, e t\u00eb mos e vulosin p\u00ebr dhun\u00eb ndaj zyrtarizimit t\u00eb gjykimit dhe t\u2019ia japin ekzekutuesit. Kemi d\u00ebrguar shkres\u00eb drejt Shkup Veri SHA, q\u00eb t\u00eb na thon\u00eb q\u00eb aty se me cilin person kan\u00eb b\u00ebr\u00eb marr\u00ebveshje dhe v\u00ebrtetuam se p\u00ebrve\u00e7 ngjashm\u00ebris\u00eb s\u00eb emrave, Gute Milenkovski i fshatit Marino, nuk ka asnj\u00eb lloj lidhjeje tjet\u00ebr me personin Gute Millanovski, i cili jeton n\u00eb rrug\u00ebn dhe numrin q\u00eb figurojn\u00eb n\u00eb padi. V\u00ebrtetuam se personi i v\u00ebrtet\u00eb nuk \u00ebsht\u00eb Gute Milenkovski i Marinos, por Gute Millanovski i lagjes Shkup Veri\u201d, shpjegon Zoran Billbillovski, k\u00ebshilltari shtet\u00ebror i Avokatit t\u00eb popullit, Ixhet Memeti.<\/p>\n<p>Pas k\u00ebsaj, ka mb\u00ebrritur p\u00ebrgjigje nga Toplifikimi Shkup Veri se personi i v\u00ebrtet\u00eb i cili ka borxh, Gute Millanovski, e ka shlyer borxhin e tij.<br \/>\n\u201cMuajin e kaluar, n\u00eb korrik, nga Toplikfikimi Shkup Veri SHA, kemi k\u00ebrkuar q\u00eb ta t\u00ebrheqin padin\u00eb. Than\u00eb se do t\u00eb veprojn\u00eb, se do ta t\u00ebrheqin. Nj\u00ebkoh\u00ebsisht i kemi shkruar edhe Gjykat\u00ebs themelore Shkupi 2 dhe kryetarit Ilir Sulejmani, me k\u00ebrkes\u00eb q\u00eb t\u00eb na kthej\u00eb p\u00ebrgjigje se si e kan\u00eb v\u00ebrtetuar identitetin e personit q\u00eb ka borxh, kur n\u00eb padi nuk q\u00ebndron numri i tij am\u00eb? Pyet\u00ebm se si gjykata ka v\u00ebrtetuar se personi i cili ka borxh \u00ebsht\u00eb Gute nga Marino?, pyet edhe sot k\u00ebshilltari shtet\u00ebror Billbillovski.<\/p>\n<p>Billbillovski, nga p\u00ebrvoja e deritanishme, me parashtresat e qytetar\u00ebve n\u00eb lidhje me \u00e7\u00ebshtjet e tyre me gjykat\u00ebn civile, thot\u00eb se p\u00ebr rastin n\u00eb fjal\u00eb, gjykata ka punuar n\u00eb sh\u00ebrbim t\u00eb SHA Shkup Veri.<br \/>\n\u201cDuke marr\u00eb parasysh q\u00eb n\u00eb padin\u00eb nga Toplifikimi nuk ka pasur num\u00ebr am\u00eb t\u00eb t\u00eb paditurit, Gjykata themelore Shkupi 2, n\u00eb vend q\u00eb t\u2019ia kthej\u00eb padin\u00eb p\u00ebr plot\u00ebsim deri n\u00eb fund kompanis\u00eb, ka d\u00ebrguar let\u00ebr drejt MPB dhe aty ka pyetur p\u00ebr personin pa num\u00ebr am\u00eb. Ka marr\u00eb p\u00ebrgjigje nga MPB se ky person \u00ebsht\u00eb Gute Milenkovski, i cili jeton n\u00eb Marino, gj\u00eb q\u00eb \u00ebsht\u00eb shkelje e ligjit si nga gjykata, ashtu edhe nga MPB\u201d, thot\u00eb Billbillovski.<\/p>\n<p>Meq\u00eb Avokati i popullit i ka v\u00ebrtetuar SHA Shkup Veri mbi gabimin n\u00eb lidhje me identitetet dhe mbi procedur\u00ebn gjyq\u00ebsore n\u00eb t\u00ebr\u00ebsi, por edhe p\u00ebr faktin se personi q\u00eb ka pasur borxh e ka shlyer borxhin e tij, kompania para Avokatit t\u00eb popullit ka th\u00ebn\u00eb premtim me goj\u00eb q\u00eb padia kund\u00ebr personit t\u00eb gabuar Gute Milenkoski do t\u00eb t\u00ebrhiqet. Por deri m\u00eb sot asgj\u00eb nuk ka ndodhur.<br \/>\nMir\u00eb q\u00eb akoma nuk \u00ebsht\u00eb t\u00ebrhequr padia e paligjshme, por Gjkyata themelore Shkupi 2, n\u00eb tetor ka caktuar afat gjyq\u00ebsor kund\u00ebr Milenkovskit. Ankes\u00ebn e tij kund\u00ebr aktit ekzekutiv. Ai tani duhet t\u00eb v\u00ebrtetoj\u00eb se identiteti i tij \u00ebsht\u00eb keqp\u00ebrdorur dhe se asnj\u00ebher\u00eb nuk ka jetuar n\u00eb Shkup Veri, se asnj\u00ebher\u00eb nuk ka pasur banes\u00eb, asnj\u00ebher\u00eb nuk ka p\u00ebrdorur ngrohje qendrore&#8230;<\/p>\n<p>\u201cNjeriu q\u00eb nuk ka faj e as borxh, \u00ebsht\u00eb n\u00eb m\u00ebnyr\u00eb t\u00eb vazhdueshme n\u00ebn stres, kurse tani e pret dhe gjykimi. Gjyq\u00ebsia \u00ebsht\u00eb e dyftyr\u00eb, kjo v\u00ebrtetohet edhe me k\u00ebt\u00eb rast para Avokatit t\u00eb popullit. N\u00ebse nj\u00eb qytetar padit nj\u00eb institucion apo kompani edhe n\u00ebse vet\u00ebm nj\u00eb shkronj\u00eb mungon n\u00eb pasi, gjykata automatikisht do t\u2019ia kthej\u00eb mbrapsht padin\u00eb q\u00eb ta rregulloj\u00eb e t\u00eb nxjerr\u00eb edhe nj\u00eb tog dokumentesh t\u00eb tjera. Gjykata do ta maltretoj\u00eb qytetarin deri n\u00eb pafund\u00ebsi. N\u00eb k\u00ebt\u00eb rast, pa num\u00ebr am\u00eb t\u00eb padis\u00eb, t\u00eb cilin sipas ligjit duhet ta ket\u00eb, gjykata p\u00ebrnj\u00ebher\u00eb cakton gjykim kund\u00ebr nj\u00eb personi tjer\u00ebr, t\u00eb gabuar. Gjykata \u00ebsht\u00eb biznes i elit\u00ebs politike. Ajo nuk mban an\u00ebn e qytetar\u00ebve\u201d, \u00ebsht\u00eb p\u00ebrdunfimi i k\u00ebshilltarit shtet\u00ebrir Billbillovski nga ky rast dhe nga parashtresat e shumta t\u00eb tjera t\u00eb sjella nga qytetar\u00ebt, t\u00eb cil\u00ebt, t\u00eb mashtruar nga ana e gjykat\u00ebs, k\u00ebrkojn\u00eb riparimin e t\u00eb drejtave dhe lirive t\u00eb tyre te Avokati i popullit.<\/p>\n<p>Avokati i popullit dhe v\u00ebrteton se numri m\u00eb i madh i parashtresave t\u00eb qytetar\u00ebve gjat\u00eb vitit jan\u00eb parashtresat kund\u00ebr gjykat\u00ebs<\/p>\n<p><em><strong>S. K. DELEVSKA<\/strong><\/em><\/p>\n\n<div style=\"font-size: 0px; height: 0px; line-height: 0px; margin: 0; padding: 0; clear: both;\"><\/div>","protected":false},"excerpt":{"rendered":"<p>Banor i fshatit t\u00eb Shkupit, Marino, i cili asnj\u00ebher\u00eb nuk ka pasur banes\u00eb dhe as nuk ka p\u00ebrdorur ngrohje qendrore, [&hellip;]<\/p>\n","protected":false},"author":9,"featured_media":2385,"comment_status":"closed","ping_status":"closed","sticky":false,"template":"","format":"standard","meta":{"_mo_disable_npp":"","inline_featured_image":false},"categories":[3087,3083],"tags":[],"imageURL":"https:\/\/sdk.mk\/wp-content\/uploads\/2016\/03\/osnoven-sud-2-02-650x392.jpg","thumbURL":"https:\/\/sdk.mk\/wp-content\/uploads\/2016\/03\/osnoven-sud-2-02-250x151.jpg","categoryNames":["Maqedonia","Ngrije z\u00ebrin p\u00ebr Avokatin e Popullit"],"feature_caption":"\r\nPa numrin am\u00eb, sipas Ligjit p\u00ebr procedur\u00eb finansiare, Gjykata themelore Shkupi 2 ka pranuar padin\u00eb dhe ka vendsur gjykim\u2013 Nd\u00ebrtesa e Gjykat\u00ebs themelore Shkupi 2 me p\u00ebrmendoren e figur\u00ebs kontraverze Andon Qosja (Foto: SDK.MK) ","subtitle":"Nj\u00eb rast social nga fshati Marino n\u00eb Shkup, i cili merr ndihm\u00eb finansiare, nuk e di se si do ta paguaj\u00eb avokatin n\u00eb gjykimin e detyruar n\u00eb Gjykat\u00ebn themelore Shkupi 2, q\u00eb t\u00eb v\u00ebrtetoj\u00eb se Toplifikimi Shkup Veri, Gjykata themelore Shkupi 2 dhe MPB ia kan\u00eb vjedhur identitetin q\u00eb t\u00eb paguaj\u00eb fatur\u00eb p\u00ebr ngrohje t\u00eb cil\u00ebn asnj\u00ebher\u00eb nuk e ka b\u00ebr\u00eb, pasi nuk ka pasur as banes\u00eb e as ngrohje qendrore. ","views":"6602","source":"Shkup, (SAKAMDAZAM.MK)","yoast_head":"<!-- This site is optimized with the Yoast SEO Premium plugin v15.0 - https:\/\/yoast.com\/wordpress\/plugins\/seo\/ -->\n<title>GJYKATA HEDH N\u00cb GJYQ PERSON T\u00cb GABUAR DHE NUK D\u00cbSHIRON TA T\u00cbRHEQ\u00cb GJYKIMIN - \u0421\u0430\u043a\u0430\u043c \u0414\u0430 \u041a\u0430\u0436\u0430\u043c<\/title>\n<meta name=\"robots\" content=\"index, follow, max-snippet:-1, max-image-preview:large, max-video-preview:-1\" \/>\n<link rel=\"canonical\" href=\"https:\/\/sdk.mk\/index.php\/ngrije-zerin-per-avokatin-e-popullit\/gjykata-hedh-ne-gjyq-person-te-gabuar-dhe-nuk-deshiron-ta-terheqe-gjykimin\/\" \/>\n<meta property=\"og:locale\" content=\"mk_MK\" \/>\n<meta property=\"og:type\" content=\"article\" \/>\n<meta property=\"og:title\" content=\"GJYKATA HEDH N\u00cb GJYQ PERSON T\u00cb GABUAR DHE NUK D\u00cbSHIRON TA T\u00cbRHEQ\u00cb GJYKIMIN - \u0421\u0430\u043a\u0430\u043c \u0414\u0430 \u041a\u0430\u0436\u0430\u043c\" \/>\n<meta property=\"og:description\" content=\"Banor i fshatit t\u00eb Shkupit, Marino, i cili asnj\u00ebher\u00eb nuk ka pasur banes\u00eb dhe as nuk ka p\u00ebrdorur ngrohje qendrore, [&hellip;]\" \/>\n<meta property=\"og:url\" content=\"https:\/\/sdk.mk\/index.php\/ngrije-zerin-per-avokatin-e-popullit\/gjykata-hedh-ne-gjyq-person-te-gabuar-dhe-nuk-deshiron-ta-terheqe-gjykimin\/\" \/>\n<meta property=\"og:site_name\" content=\"\u0421\u0430\u043a\u0430\u043c \u0414\u0430 \u041a\u0430\u0436\u0430\u043c\" \/>\n<meta property=\"article:published_time\" content=\"2017-08-07T10:53:39+00:00\" \/>\n<meta property=\"article:modified_time\" content=\"2017-08-08T10:56:17+00:00\" \/>\n<meta property=\"og:image\" content=\"https:\/\/sdk.mk\/wp-content\/uploads\/2016\/03\/osnoven-sud-2-02.jpg\" \/>\n\t<meta property=\"og:image:width\" content=\"800\" \/>\n\t<meta property=\"og:image:height\" content=\"482\" \/>\n<meta property=\"fb:app_id\" content=\"2407985809428537\" \/>\n<meta name=\"twitter:card\" content=\"summary\" \/>\n<script type=\"application\/ld+json\" class=\"yoast-schema-graph\">{\"@context\":\"https:\/\/schema.org\",\"@graph\":[{\"@type\":\"WebSite\",\"@id\":\"https:\/\/sdk.mk\/#website\",\"url\":\"https:\/\/sdk.mk\/\",\"name\":\"\\u0421\\u0430\\u043a\\u0430\\u043c \\u0414\\u0430 \\u041a\\u0430\\u0436\\u0430\\u043c\",\"description\":\"\\u0417\\u0430 \\u0441\\u043b\\u043e\\u0431\\u043e\\u0434\\u043e\\u0443\\u043c\\u043d\\u0438\",\"potentialAction\":[{\"@type\":\"SearchAction\",\"target\":\"https:\/\/sdk.mk\/?s={search_term_string}\",\"query-input\":\"required name=search_term_string\"}],\"inLanguage\":\"mk-MK\"},{\"@type\":\"ImageObject\",\"@id\":\"https:\/\/sdk.mk\/index.php\/ngrije-zerin-per-avokatin-e-popullit\/gjykata-hedh-ne-gjyq-person-te-gabuar-dhe-nuk-deshiron-ta-terheqe-gjykimin\/#primaryimage\",\"inLanguage\":\"mk-MK\",\"url\":\"https:\/\/sdk.mk\/wp-content\/uploads\/2016\/03\/osnoven-sud-2-02.jpg\",\"width\":800,\"height\":482},{\"@type\":\"WebPage\",\"@id\":\"https:\/\/sdk.mk\/index.php\/ngrije-zerin-per-avokatin-e-popullit\/gjykata-hedh-ne-gjyq-person-te-gabuar-dhe-nuk-deshiron-ta-terheqe-gjykimin\/#webpage\",\"url\":\"https:\/\/sdk.mk\/index.php\/ngrije-zerin-per-avokatin-e-popullit\/gjykata-hedh-ne-gjyq-person-te-gabuar-dhe-nuk-deshiron-ta-terheqe-gjykimin\/\",\"name\":\"GJYKATA HEDH N\\u00cb GJYQ PERSON T\\u00cb GABUAR DHE NUK D\\u00cbSHIRON TA T\\u00cbRHEQ\\u00cb GJYKIMIN - \\u0421\\u0430\\u043a\\u0430\\u043c \\u0414\\u0430 \\u041a\\u0430\\u0436\\u0430\\u043c\",\"isPartOf\":{\"@id\":\"https:\/\/sdk.mk\/#website\"},\"primaryImageOfPage\":{\"@id\":\"https:\/\/sdk.mk\/index.php\/ngrije-zerin-per-avokatin-e-popullit\/gjykata-hedh-ne-gjyq-person-te-gabuar-dhe-nuk-deshiron-ta-terheqe-gjykimin\/#primaryimage\"},\"datePublished\":\"2017-08-07T10:53:39+00:00\",\"dateModified\":\"2017-08-08T10:56:17+00:00\",\"author\":{\"@id\":\"https:\/\/sdk.mk\/#\/schema\/person\/3e8217f71bc38bd7c592f30c69e10e5a\"},\"inLanguage\":\"mk-MK\",\"potentialAction\":[{\"@type\":\"ReadAction\",\"target\":[\"https:\/\/sdk.mk\/index.php\/ngrije-zerin-per-avokatin-e-popullit\/gjykata-hedh-ne-gjyq-person-te-gabuar-dhe-nuk-deshiron-ta-terheqe-gjykimin\/\"]}]},{\"@type\":\"Person\",\"@id\":\"https:\/\/sdk.mk\/#\/schema\/person\/3e8217f71bc38bd7c592f30c69e10e5a\",\"name\":\"\\u041c\\u0438\\u0440\\u043e\\u0441\\u043b\\u0430\\u0432 \\u0418\\u043b\\u0438\\u043e\\u0441\\u043a\\u0438\"}]}<\/script>\n<!-- \/ Yoast SEO Premium plugin. -->","_links":{"self":[{"href":"https:\/\/sdk.mk\/index.php\/wp-json\/wp\/v2\/posts\/36842"}],"collection":[{"href":"https:\/\/sdk.mk\/index.php\/wp-json\/wp\/v2\/posts"}],"about":[{"href":"https:\/\/sdk.mk\/index.php\/wp-json\/wp\/v2\/types\/post"}],"author":[{"embeddable":true,"href":"https:\/\/sdk.mk\/index.php\/wp-json\/wp\/v2\/users\/9"}],"replies":[{"embeddable":true,"href":"https:\/\/sdk.mk\/index.php\/wp-json\/wp\/v2\/comments?post=36842"}],"version-history":[{"count":0,"href":"https:\/\/sdk.mk\/index.php\/wp-json\/wp\/v2\/posts\/36842\/revisions"}],"wp:featuredmedia":[{"embeddable":true,"href":"https:\/\/sdk.mk\/index.php\/wp-json\/wp\/v2\/media\/2385"}],"wp:attachment":[{"href":"https:\/\/sdk.mk\/index.php\/wp-json\/wp\/v2\/media?parent=36842"}],"wp:term":[{"taxonomy":"category","embeddable":true,"href":"https:\/\/sdk.mk\/index.php\/wp-json\/wp\/v2\/categories?post=36842"},{"taxonomy":"post_tag","embeddable":true,"href":"https:\/\/sdk.mk\/index.php\/wp-json\/wp\/v2\/tags?post=36842"}],"curies":[{"name":"wp","href":"https:\/\/api.w.org\/{rel}","templated":true}]}}