{"id":36872,"date":"2017-08-08T11:02:17","date_gmt":"2017-08-08T09:02:17","guid":{"rendered":"http:\/\/sdk.mk\/?p=36872"},"modified":"2017-08-09T11:03:15","modified_gmt":"2017-08-09T09:03:15","slug":"djali-sindromen-e-alportit-u-takua-heroin-e-tij-ronaldon","status":"publish","type":"post","link":"https:\/\/sdk.mk\/index.php\/histori-te-parrefyera\/djali-sindromen-e-alportit-u-takua-heroin-e-tij-ronaldon\/","title":{"rendered":"DJALI ME SINDROM\u00cbN E ALPORTIT U TAKUA ME HEROIN E TIJ, RONALDON"},"content":{"rendered":"<div class=\"f52428582a4b906b2d2e2a7d733c7d27\" data-index=\"7\" style=\"float: none; margin:10px 0 10px 0; text-align:center;\">\n<!-- MSP Ads Asynchronous JS Tag - Generated with Revive Adserver v5.4.1 -->\r\n<ins data-revive-zoneid=\"167\" data-revive-id=\"060fdb01f6430ec164d3519234aa4967\"><\/ins>\r\n<script async src=\"\/\/panel.ads.com.mk\/www\/delivery\/asyncjs.php\"><\/script>\n<\/div>\n<p>Gjasht\u00ebmb\u00ebdhjet\u00eb vje\u00e7ari Filip, t\u00eb cilit para kat\u00ebr vjet\u00ebsh iu shuan t\u00eb gjitha shpresat se do t\u00eb mund t\u00eb luante futboll profesionalisht, pasi u diagnostikua me s\u00ebmundjen e rrall\u00eb t\u00eb Sindrom\u00ebs s\u00eb Alportit, sot n\u00eb Shkup ia realizuan d\u00ebshir\u00ebn m\u00eb t\u00eb madhe q\u00eb t\u00eb takoj\u00eb yllin e futbollit, Ronaldo.<\/p>\n<p>\u201c\u00cbsht\u00eb jasht\u00ebzakonisht i lumtur. Filipi jeton p\u00ebr futbollin, por tashm\u00eb nuk mund t\u00eb luaj\u00eb. Iu realizua \u00ebndrra q\u00eb t\u00eb takonte Ronaldon dhe t\u00eb fotografohej me t\u00eb\u201d, thot\u00eb n\u00ebna e tij Ana.<br \/>\nAi bashk\u00eb me 18 f\u00ebmij\u00eb t\u00eb tjer\u00eb nga shkolla p\u00ebr f\u00ebmij\u00eb me d\u00ebmtim t\u00eb t\u00eb d\u00ebgjuarit \u201cPartenie Zografski\u201d, t\u00eb cil\u00ebt nes\u00ebr do t\u00eb performojn\u00eb n\u00eb hapjen ceremoniale t\u00eb Super Kup\u00ebs s\u00eb UEFA-s n\u00eb Shkup, kur Real Madrid do t\u00eb k\u00ebndoj\u00eb \u201cSky Full of Stars\u201d t\u00eb Coldplay n\u00eb gjuh\u00ebn e shenjave, sot u takuan me futbollist\u00ebt e k\u00ebtyre dy klubeve para ushtrimeve. Takimi me yjet e futbollit ishte befasi p\u00ebr f\u00ebmij\u00ebt.<\/p>\n<p>Pas historis\u00eb s\u00eb Filipit p\u00ebr SAKAMDAKAZAM.MK, ku n\u00ebna e tij Ana rr\u00ebfen se pas diagnostikimit t\u00eb s\u00ebmundjes, Filipi \u00ebsht\u00eb detyruar t\u00eb heq\u00eb dor\u00eb nga ushtrimet dhe ta refuzoj\u00eb ofert\u00ebn e nj\u00eb klubi maqedonas q\u00eb t\u00eb luaj\u00eb p\u00ebr ekipin rinor, Fondacioni UEFA ka vendosur q\u00eb ta p\u00ebrfshij\u00eb n\u00eb grupin e t\u00eb rinjve q\u00eb sot do t\u00eb takoheshin me futbollist\u00ebt. I themeluar para dy vjet\u00ebsh, Fondacioni UEFA e p\u00ebrdor sportin p\u00ebr t\u00eb mb\u00ebshtetur projekte humanitare q\u00eb kan\u00eb t\u00eb b\u00ebjn\u00eb me t\u00eb drejtat e f\u00ebmij\u00ebve n\u00eb fush\u00ebn e sh\u00ebndet\u00ebsis\u00eb, arsimit dhe integrimit.<\/p>\n<p>Sindroma e Alportit \u00ebsht\u00eb nj\u00eb s\u00ebmundje e rrall\u00eb gjenetike, e cila fitohet n\u00eb lindje. Deri m\u00eb tani nuk gjendet ila\u00e7 p\u00ebr k\u00ebt\u00eb s\u00ebmundje, nd\u00ebrsa si rezultat i saj me kalimin e koh\u00ebs d\u00ebmtohen t\u00eb d\u00ebgjuarit, shikimi dhe veshk\u00ebt. K\u00ebtyre pacientave m\u00eb von\u00eb n\u00eb jet\u00eb, n\u00eb shumic\u00ebn e rasteve u nevojitet t\u00eb b\u00ebjn\u00eb transplant t\u00eb veshk\u00ebve. Filipi nuk d\u00ebshiron t\u00eb flas\u00eb publikisht p\u00ebr gjendjen e tij sh\u00ebndet\u00ebsore, prandaj n\u00eb em\u00ebr t\u00eb tij flet e \u00ebma, Ana.<br \/>\n\u201cU takua me futbollist\u00ebt e Man\u00e7esterit, e ndoqi ushtrimin e tyre. Pas takimit me Ronaldon, nuk i shqitet buz\u00ebqeshja. Nuk ka asgj\u00eb m\u00eb t\u00eb bukur se sa t\u00eb shoh\u00ebsh f\u00ebmij\u00ebn t\u00ebnd t\u00eb lumtur\u201d, thot\u00eb Ana.<\/p>\n\n<div style=\"font-size: 0px; height: 0px; line-height: 0px; margin: 0; padding: 0; clear: both;\"><\/div>","protected":false},"excerpt":{"rendered":"<p>Gjasht\u00ebmb\u00ebdhjet\u00eb vje\u00e7ari Filip, t\u00eb cilit para kat\u00ebr vjet\u00ebsh iu shuan t\u00eb gjitha shpresat se do t\u00eb mund t\u00eb luante futboll [&hellip;]<\/p>\n","protected":false},"author":9,"featured_media":36824,"comment_status":"closed","ping_status":"closed","sticky":false,"template":"","format":"standard","meta":{"_mo_disable_npp":"","inline_featured_image":false},"categories":[3085],"tags":[],"imageURL":"https:\/\/sdk.mk\/wp-content\/uploads\/2017\/08\/real-deca-999032-650x341.jpg","thumbURL":"https:\/\/sdk.mk\/wp-content\/uploads\/2017\/08\/real-deca-999032-250x131.jpg","categoryNames":["Histori t\u00eb parr\u00ebfyera"],"feature_caption":"16 vje\u00e7ari Filip, bashk\u00eb me 18 f\u00ebmij\u00eb t\u00eb shkoll\u00ebs p\u00ebr f\u00ebmij\u00eb me d\u00ebmtim t\u00eb t\u00eb d\u00ebgjuarit \u201cPartenie Zografski\u201d, t\u00eb cil\u00ebt nes\u00ebr do t\u00eb performojn\u00eb n\u00eb hapjen ceremoniale t\u00eb Super Kup\u00ebs n\u00eb Shkup, sot u takuan me futbollist\u00ebt e Real Madridit, nd\u00ebrsa Ronaldo u n\u00ebnshkrua n\u00eb dresin e klubit spanjoll q\u00eb djali mbante veshur. ","subtitle":"","views":"6933","source":"Shkup, (SAKAMDAKAZAM.MK)","yoast_head":"<!-- This site is optimized with the Yoast SEO Premium plugin v15.0 - https:\/\/yoast.com\/wordpress\/plugins\/seo\/ -->\n<title>DJALI ME SINDROM\u00cbN E ALPORTIT U TAKUA ME HEROIN E TIJ, RONALDON - \u0421\u0430\u043a\u0430\u043c \u0414\u0430 \u041a\u0430\u0436\u0430\u043c<\/title>\n<meta name=\"robots\" content=\"index, follow, max-snippet:-1, max-image-preview:large, max-video-preview:-1\" \/>\n<link rel=\"canonical\" href=\"https:\/\/sdk.mk\/index.php\/histori-te-parrefyera\/djali-sindromen-e-alportit-u-takua-heroin-e-tij-ronaldon\/\" \/>\n<meta property=\"og:locale\" content=\"mk_MK\" \/>\n<meta property=\"og:type\" content=\"article\" \/>\n<meta property=\"og:title\" content=\"DJALI ME SINDROM\u00cbN E ALPORTIT U TAKUA ME HEROIN E TIJ, RONALDON - \u0421\u0430\u043a\u0430\u043c \u0414\u0430 \u041a\u0430\u0436\u0430\u043c\" \/>\n<meta property=\"og:description\" content=\"Gjasht\u00ebmb\u00ebdhjet\u00eb vje\u00e7ari Filip, t\u00eb cilit para kat\u00ebr vjet\u00ebsh iu shuan t\u00eb gjitha shpresat se do t\u00eb mund t\u00eb luante futboll [&hellip;]\" \/>\n<meta property=\"og:url\" content=\"https:\/\/sdk.mk\/index.php\/histori-te-parrefyera\/djali-sindromen-e-alportit-u-takua-heroin-e-tij-ronaldon\/\" \/>\n<meta property=\"og:site_name\" content=\"\u0421\u0430\u043a\u0430\u043c \u0414\u0430 \u041a\u0430\u0436\u0430\u043c\" \/>\n<meta property=\"article:published_time\" content=\"2017-08-08T09:02:17+00:00\" \/>\n<meta property=\"article:modified_time\" content=\"2017-08-09T09:03:15+00:00\" \/>\n<meta property=\"og:image\" content=\"https:\/\/sdk.mk\/wp-content\/uploads\/2017\/08\/real-deca-999032.jpg\" \/>\n\t<meta property=\"og:image:width\" content=\"800\" \/>\n\t<meta property=\"og:image:height\" content=\"420\" \/>\n<meta property=\"fb:app_id\" content=\"2407985809428537\" \/>\n<meta name=\"twitter:card\" content=\"summary\" \/>\n<script type=\"application\/ld+json\" class=\"yoast-schema-graph\">{\"@context\":\"https:\/\/schema.org\",\"@graph\":[{\"@type\":\"WebSite\",\"@id\":\"https:\/\/sdk.mk\/#website\",\"url\":\"https:\/\/sdk.mk\/\",\"name\":\"\\u0421\\u0430\\u043a\\u0430\\u043c \\u0414\\u0430 \\u041a\\u0430\\u0436\\u0430\\u043c\",\"description\":\"\\u0417\\u0430 \\u0441\\u043b\\u043e\\u0431\\u043e\\u0434\\u043e\\u0443\\u043c\\u043d\\u0438\",\"potentialAction\":[{\"@type\":\"SearchAction\",\"target\":\"https:\/\/sdk.mk\/?s={search_term_string}\",\"query-input\":\"required name=search_term_string\"}],\"inLanguage\":\"mk-MK\"},{\"@type\":\"ImageObject\",\"@id\":\"https:\/\/sdk.mk\/index.php\/histori-te-parrefyera\/djali-sindromen-e-alportit-u-takua-heroin-e-tij-ronaldon\/#primaryimage\",\"inLanguage\":\"mk-MK\",\"url\":\"https:\/\/sdk.mk\/wp-content\/uploads\/2017\/08\/real-deca-999032.jpg\",\"width\":800,\"height\":420},{\"@type\":\"WebPage\",\"@id\":\"https:\/\/sdk.mk\/index.php\/histori-te-parrefyera\/djali-sindromen-e-alportit-u-takua-heroin-e-tij-ronaldon\/#webpage\",\"url\":\"https:\/\/sdk.mk\/index.php\/histori-te-parrefyera\/djali-sindromen-e-alportit-u-takua-heroin-e-tij-ronaldon\/\",\"name\":\"DJALI ME SINDROM\\u00cbN E ALPORTIT U TAKUA ME HEROIN E TIJ, RONALDON - \\u0421\\u0430\\u043a\\u0430\\u043c \\u0414\\u0430 \\u041a\\u0430\\u0436\\u0430\\u043c\",\"isPartOf\":{\"@id\":\"https:\/\/sdk.mk\/#website\"},\"primaryImageOfPage\":{\"@id\":\"https:\/\/sdk.mk\/index.php\/histori-te-parrefyera\/djali-sindromen-e-alportit-u-takua-heroin-e-tij-ronaldon\/#primaryimage\"},\"datePublished\":\"2017-08-08T09:02:17+00:00\",\"dateModified\":\"2017-08-09T09:03:15+00:00\",\"author\":{\"@id\":\"https:\/\/sdk.mk\/#\/schema\/person\/3e8217f71bc38bd7c592f30c69e10e5a\"},\"inLanguage\":\"mk-MK\",\"potentialAction\":[{\"@type\":\"ReadAction\",\"target\":[\"https:\/\/sdk.mk\/index.php\/histori-te-parrefyera\/djali-sindromen-e-alportit-u-takua-heroin-e-tij-ronaldon\/\"]}]},{\"@type\":\"Person\",\"@id\":\"https:\/\/sdk.mk\/#\/schema\/person\/3e8217f71bc38bd7c592f30c69e10e5a\",\"name\":\"\\u041c\\u0438\\u0440\\u043e\\u0441\\u043b\\u0430\\u0432 \\u0418\\u043b\\u0438\\u043e\\u0441\\u043a\\u0438\"}]}<\/script>\n<!-- \/ Yoast SEO Premium plugin. -->","_links":{"self":[{"href":"https:\/\/sdk.mk\/index.php\/wp-json\/wp\/v2\/posts\/36872"}],"collection":[{"href":"https:\/\/sdk.mk\/index.php\/wp-json\/wp\/v2\/posts"}],"about":[{"href":"https:\/\/sdk.mk\/index.php\/wp-json\/wp\/v2\/types\/post"}],"author":[{"embeddable":true,"href":"https:\/\/sdk.mk\/index.php\/wp-json\/wp\/v2\/users\/9"}],"replies":[{"embeddable":true,"href":"https:\/\/sdk.mk\/index.php\/wp-json\/wp\/v2\/comments?post=36872"}],"version-history":[{"count":0,"href":"https:\/\/sdk.mk\/index.php\/wp-json\/wp\/v2\/posts\/36872\/revisions"}],"wp:featuredmedia":[{"embeddable":true,"href":"https:\/\/sdk.mk\/index.php\/wp-json\/wp\/v2\/media\/36824"}],"wp:attachment":[{"href":"https:\/\/sdk.mk\/index.php\/wp-json\/wp\/v2\/media?parent=36872"}],"wp:term":[{"taxonomy":"category","embeddable":true,"href":"https:\/\/sdk.mk\/index.php\/wp-json\/wp\/v2\/categories?post=36872"},{"taxonomy":"post_tag","embeddable":true,"href":"https:\/\/sdk.mk\/index.php\/wp-json\/wp\/v2\/tags?post=36872"}],"curies":[{"name":"wp","href":"https:\/\/api.w.org\/{rel}","templated":true}]}}