{"id":37907,"date":"2017-08-26T13:47:25","date_gmt":"2017-08-26T11:47:25","guid":{"rendered":"http:\/\/sdk.mk\/?p=37907"},"modified":"2017-08-26T13:47:25","modified_gmt":"2017-08-26T11:47:25","slug":"gjendje-e-jashtezakonshme","status":"publish","type":"post","link":"https:\/\/sdk.mk\/index.php\/dua-te-them\/gjendje-e-jashtezakonshme\/","title":{"rendered":"GJENDJE E JASHT\u00cbZAKONSHME"},"content":{"rendered":"<div class=\"f52428582a4b906b2d2e2a7d733c7d27\" data-index=\"7\" style=\"float: none; margin:10px 0 10px 0; text-align:center;\">\n<!-- MSP Ads Asynchronous JS Tag - Generated with Revive Adserver v5.4.1 -->\r\n<ins data-revive-zoneid=\"167\" data-revive-id=\"060fdb01f6430ec164d3519234aa4967\"><\/ins>\r\n<script async src=\"\/\/panel.ads.com.mk\/www\/delivery\/asyncjs.php\"><\/script>\n<\/div>\n<p><span class=\"dropcap color firstcharacter\">1<\/span>Nuk e di. \u00c7far\u00eb thot\u00eb protokolli diplomatik? Kur sulmohet Parlamenti, cila \u00ebsht\u00eb koha e duhur q\u00eb t\u00eb paraqitesh? Dhe kujt i paraqitesh? Personalisht, kryetarit t\u00eb shtetit? Apo k\u00ebshilltarit t\u00eb tij p\u00ebr zbulim? Dhe pasi t\u2019i jesh futur valles, a \u00ebsht\u00eb e detyrueshme t\u00eb d\u00ebrgosh nj\u00eb foto t\u00eb vetvetes nga celulari? Dhe kujt ia d\u00ebrgon? K\u00ebshilltarit, apo kryetarit q\u00eb t\u00eb ka dh\u00ebn\u00eb leje? Apo presidentit q\u00eb t\u00eb ka d\u00ebrguar?<br \/>\nK\u00ebto kuadrot e presidentit serb, Aleksandar Vu\u00e7iq shum\u00eb po i kopjojn\u00eb metodat e VMRO-s\u00eb p\u00ebr kontroll t\u00eb administrat\u00ebs publike. Ashtu si zyrtar\u00ebt tan\u00eb shtet\u00ebror\u00eb q\u00eb duhet t\u00eb fotografohen me celular dhe t\u00eb postojn\u00eb veten n\u00eb Fejsbuk p\u00ebr ta v\u00ebrtetuar pranin\u00eb n\u00eb tubimet e shumta, kund\u00ebrtubimeve, protestave, kund\u00ebrprotestave, pastrimeve t\u00eb p\u00ebrmendoreve, kurse tani edhe mbledhjen e n\u00ebnshkrimeve kund\u00ebr refugjat\u00ebve.<\/p>\n<p>Gj\u00eb e \u00e7uditshme q\u00eb VMRO-DPMNE, e cila \u00e7do dit\u00eb ka di\u00e7ka p\u00ebr t\u00eb lajm\u00ebruar, nuk u b\u00eb e gjall\u00eb p\u00ebr plot tri dit\u00eb q\u00eb t\u00eb d\u00ebrgoj\u00eb komunikat\u00eb n\u00eb lidhje me t\u00ebrheqjen e diplomat\u00ebve nga ambasada serbe n\u00eb Shkup. Dhe kur p\u00ebrfundimisht erdhi puna q\u00eb t\u00eb thon\u00eb di\u00e7ka, Vu\u00e7iqi ua ktheu. Tha se zbuluesi serb ka marr\u00eb leje t\u00eb hyj\u00eb n\u00eb Parlament m\u00eb 27 prill nga pushteti m\u00eb i lart\u00eb ekzekutiv.<\/p>\n<p>Shum\u00eb t\u00eb forta kishin qen\u00eb k\u00ebto strukturat p\u00ebr zbulim. T\u00eb gjith\u00eb i mor\u00ebm vesh madje edhe mesazhet q\u00eb kan\u00eb shk\u00ebmbyer nat\u00ebn e 27 prillit. Pastaj zbuluesi serb, Goran Zhivaljeviq shpjegoi se i ka d\u00ebrguar fotografi k\u00ebshilltarit t\u00eb Ivanovit, Sinisha Aleksovski. Nd\u00ebrsa ai, shpjegoi se me sms ka marr\u00eb mesazh \u201cgjendje e jasht\u00ebzakonshme\u201d.<\/p>\n<p>Dhe k\u00ebshtu, sa filluam t\u00eb harronim 27 prillin, Vu\u00e7iqi doli q\u00eb t\u00eb na shpjegonte di\u00e7ka n\u00eb lidhje me rolin e Gjorge Ivanovit n\u00eb ngat\u00ebrresat e Nikolla Gruevskit p\u00ebr t\u00eb mbetur n\u00eb pushtet dhe t\u2019i shp\u00ebtoj\u00eb burgut. S\u00eb pari, me faljen e vjetshme, m\u00eb pas me refuzimin p\u00ebr t\u2019ia dh\u00ebn\u00eb mandatin liderin e shumic\u00ebs parlamentare, e deri tek mbr\u00ebmja e 27 prillit, kur priste t\u00eb shoh\u00eb se a do t\u2019i vrasin Zoran Zaevin dhe Zijadin Sel\u00ebn, n\u00eb m\u00ebnyr\u00eb q\u00eb t\u00eb shpallte \u201cgjendje t\u00eb jasht\u00ebzakonshme\u201d. E kur nuk i vran\u00eb dot, doli n\u00eb televizor q\u00eb t\u2019u b\u00ebj\u00eb thirrje t\u00eb gjith\u00eb lider\u00ebve partiak\u00eb p\u00ebr takim te ai. Nd\u00ebrkoh\u00eb q\u00eb dy prej tyre ishin me kok\u00eb t\u00eb thyera n\u00eb spital, kurse lideri i tij, duke e pritur \u201cgjendjen\u201d n\u00eb vend t\u00eb sigurt\u00eb n\u00eb Vjen\u00eb, disa her\u00eb kishte folur me \u00c7avkovin q\u00eb t\u00eb pyes\u00eb \u201csi \u00ebsht\u00eb gjendja\u201d.<\/p>\n<p>E pra, nj\u00eb mir\u00ebnjohje t\u00eb madhe p\u00ebr Vu\u00e7iqin. I cili na p\u00ebrkujtoi se \u00e7far\u00eb na kan\u00eb p\u00ebrgatitur. Shpresoj se \u00ebsht\u00eb Prokuroria \u00ebsht\u00eb rikujtuar, e do t\u00eb nis\u00eb pun\u00ebn pas pushimeve. E jo t\u00eb shohim Mukoskin dhe shoq\u00ebrin\u00eb e tij t\u00eb bukur n\u00eb Parlament, se si na mbajn\u00eb leksione p\u00ebr debate demokratike.<\/p>\n<p><span class=\"dropcap color firstcharacter\">2<\/span>Dhe tani, presidenti i cili n\u00eb 27 prill ka p\u00ebrgatitur gjendje t\u00eb jasht\u00ebzakonshme na hiqet si komandant i madh suprem. E n\u00eb Dit\u00ebn e ARM-s\u00eb e qortoi Qeverin\u00eb, se pa lejen e tij e ka angazhuar ushtrin\u00eb q\u00eb t\u00eb shuaj\u00eb zjarre dhe t\u00eb na shp\u00ebtoj\u00eb nga p\u00ebrmbytjet. E madje u k\u00ebrc\u00ebnua se ai do t\u00eb vendos\u00eb se kush do ta b\u00ebj\u00eb ushtrin\u00eb.<br \/>\nNe duhet t\u00eb jemi t\u00eb \u00e7mendur q\u00eb kur Ivanovit vazhdojm\u00eb t\u2019ia shohim budallall\u00ebkun n\u00ebp\u00ebr gishta. Nd\u00ebrsa ai tashm\u00eb tre her\u00eb tradh\u00ebtoi.<\/p>\n<p><span class=\"dropcap color firstcharacter\">3<\/span>Ishte pak i mbrap\u00ebsht reagimi i qeveris\u00eb serbe q\u00eb i t\u00ebrhoqi brenda nat\u00ebs, dhe at\u00eb t\u00eb diel\u00ebn, t\u00eb gjith\u00eb zyrtar\u00ebt shtet\u00ebror\u00eb t\u00eb ambasad\u00ebs n\u00eb Shkup. Zakonisht, shteti q\u00eb zbulon se nj\u00eb shtet tjet\u00ebr e ka p\u00ebrgjuar, e pushon ambasadorin e atij shteti. E nuk e t\u00ebrheq t\u00eb vetin, me t\u00ebr\u00eb personelin.<br \/>\nDhe \u00e7far\u00eb u konsultuan n\u00eb Beograd? I m\u00ebsonin t\u00eb pun\u00ebsuarit n\u00eb ambasad\u00ebn e Shkupit si t\u00eb mbrohen nga p\u00ebrgjimi? Apo i m\u00ebsonin se si t\u00eb flasin me kode. \u201cAjo q\u00eb fillon me M\u2026\u201d, \u201cAi n\u00eb Ibic\u00eb\u201d, \u201cAjo e sip\u00ebrmja, e poshtmja\u201d, \u201cajo nuk \u00ebsht\u00eb reket, \u00ebsht\u00eb donacion\u201d\u2026<\/p>\n<p><span class=\"dropcap color firstcharacter\">4<\/span>P\u00ebrndryshe e gjith\u00eb afera e spiunazhit\u00a0 nuk \u00ebsht\u00eb edhe aq naive sa \u00e7\u2019duket. Q\u00eb nga fillimi i gushtit p\u00ebrmendeshin qytetet Madrid, Man\u00e7ester dhe V\u00ebrshac. Ajo fitoi p\u00ebrmasa nd\u00ebrkomb\u00ebtare q\u00eb nga ajo nat\u00eb e 8 gushtit, kur luhej Superkupa n\u00eb Shkup. Dhe kur nj\u00eb tjet\u00ebr an\u00ebtar i Agjencis\u00eb p\u00ebr zbulim t\u00eb Ivanovit \u00ebsht\u00eb u deh n\u00eb V\u00ebrshac. Dhe ashtu i dehur u rrah me policat q\u00eb t\u00eb futet n\u00eb ndeshjen Real Madrid- Man\u00e7ester Junajted.<br \/>\nP\u00ebrndryshe, emri i koduar i zbuluesit nuk \u00ebsht\u00eb \u201c106\u201d. E quajn\u00eb ashtu pasi ka pasur 1,06 promile alkool n\u00eb gjak. Nd\u00ebrsa qyteti serb,V\u00ebrshac n\u00eb konspiracionin spiun bashk\u00eb me Madridin dhe Man\u00e7esterin p\u00ebrmendet p\u00ebr kafen \u201cV\u00ebrshac\u201d. Q\u00eb gjendet n\u00eb hyrjen e stadiumit n\u00eb Shkup, ku me shum\u00eb siguri zbuluesi ka mbledhur material.<\/p>\n<p>Jam shum\u00eb i zhg\u00ebnjyer q\u00eb k\u00ebt\u00eb konsipracion n\u00eb relacionin V\u00ebrshac-Madird-Man\u00e7ester nuk e kan\u00eb zbuluar mediat serbe. Ashtu do t\u00eb mundej i gjith\u00eb skandali me agresivitetin ndaj Serbis\u00eb t\u00eb zgjas\u00eb m\u00eb shum\u00eb se tri dit\u00eb. P\u00ebraf\u00ebrsisht po aq gjat\u00eb sa \u00e7 \u2018zgjat\u00ebn edhe agresivitetet t\u00eb shumta kund\u00ebr Maqedonis\u00eb. A e mbani mend se sa her\u00eb vet\u00ebm u granatua nd\u00ebrtesa e Qeveris\u00eb? A mbani mend kur avioni i qeveris\u00eb, duhej me detyrim t\u00eb ateronte n\u00eb Zvic\u00ebr? E kur lajm\u00ebronin se kan\u00eb pasur dijeni p\u00ebr p\u00ebrgatitje t\u00eb atentatit t\u00eb Gruevskit, e mbani mend? Ehee, dy dit\u00eb t\u00eb t\u00ebra flitej p\u00ebr at\u00eb gj\u00eb. Shum\u00eb m\u00eb gjat\u00eb se sa kur n\u00eb mes t\u00eb emisionit ku ishte i ftuar Vu\u00e7iqit i ra t\u00eb fik\u00ebt nj\u00eb shikuesi, e ai vrapoi ta shp\u00ebtonte.<\/p>\n<p>Henez serb\u00ebt do t\u00eb p\u00ebrballen me gruevizmin. Ja, lajm\u00ebron\u00eb se nga 1 shtatori do ta v\u00ebn\u00eb n\u00eb fuqi testimin ekstern.<\/p>\n<p><span class=\"dropcap color firstcharacter\">5<\/span>Agresiviteti m\u00eb i madh q\u00eb i k\u00ebrc\u00ebnohet Maqedonis\u00eb \u00ebsht\u00eb nga refugjat\u00ebt. T\u00eb cil\u00ebt nuk ekzistojn\u00eb. N\u00eb radh\u00ebt e para t\u00eb betej\u00ebs p\u00ebrs\u00ebri jan\u00eb edukatoret. Ato t\u00eb pranuara n\u00eb pun\u00eb n\u00eb koh\u00ebn e VMRO-DPMNE-s\u00eb. Q\u00eb n\u00eb shenj\u00eb mir\u00ebnjohjeje organizojn\u00eb mbledhje t\u00eb n\u00ebnshkrimeve kund\u00ebr refugjat\u00ebve. T\u00eb cil\u00ebt nuk ekzistojn\u00eb.<\/p>\n<p>Po ato edukatore, para zgjedhjeve i frik\u00ebsonin f\u00ebmij\u00ebt se do t\u00eb duhet t\u00eb m\u00ebsojn\u00eb shqip dhe se do t\u00eb na federalizojn\u00eb. Tani, q\u00eb kur u than\u00eb se \u00ebsht\u00eb pak fashiste q\u00eb t\u00eb flas\u00ebsh pa takt p\u00ebr refugjat\u00ebt (sidomos para f\u00ebmij\u00ebve), u than\u00eb t\u2019i frik\u00ebsojn\u00eb njer\u00ebzit se refugjat\u00ebt ua marrkan vendet e pun\u00ebs. Do t\u00eb na e marrkan shtetin. Refugjat\u00ebt q\u00eb nuk gjenden askund.<\/p>\n<p>Jo bre, nuk na e marrin refugjat\u00ebt shtetit. Ne e humb\u00ebm shtetin prej atyre edukatoreve dhe t\u00ebr\u00eb asaj administrate publike partizane. Sepse partia e tyre na e rob\u00ebroi shtetin. Q\u00eb t\u00eb jet\u00eb vet\u00ebm e tyre. Pasi p\u00ebr shkak t\u00eb tyre na u larguan aq shum\u00eb njer\u00ebz, me gjith\u00eb f\u00ebmij\u00ebt e tyre, q\u00eb t\u00eb mos helmoheshin nga urrejtja dhe fshataria.<\/p>\n<p>Kurse ne q\u00eb mbet\u00ebm, n\u00ebse jemi sado pak qytetar\u00eb t\u00eb vet\u00ebdijsh\u00ebm, nuk duhet t\u2019i l\u00ebm\u00eb f\u00ebmij\u00ebt n\u00eb duart e edukatoreve t\u00eb k\u00ebtilla. Mjaft u frik\u00ebsuam nga njer\u00ebzit q\u00eb vet\u00eb paguajm\u00eb.<\/p>\n<p>Ashtu si edukatoret e \u00e7erdheve q\u00eb tani ngren\u00eb krye kund\u00ebr nd\u00ebrrimit t\u00eb dyt\u00eb q\u00eb ua solli qeveria e re. Pasi, ato n\u00eb nd\u00ebrrim t\u00eb dyt\u00eb shkonin vet\u00ebm me thirrje t\u00eb Gruevskit. Mir\u00ebpo, jo n\u00eb pun\u00eb, por n\u00eb tubime dhe kund\u00ebrtubime, q\u00eb t\u2019ia rrisin numrin Gruevskit. Dhe ta b\u00ebjn\u00eb \u201clike\u201d n\u00eb Fejsbuk.<\/p>\n<p>Ore \u00e7\u2019tubimesh\u2026Ata gjat\u00eb nd\u00ebrrimi t\u00eb dyt\u00eb t\u00eb tyre sulmonin Parlamentin.<\/p>\n<p><strong><em>P\u00ebrktheu: Fjolla Zllatku <\/em><\/strong><\/p>\n<p>&nbsp;<\/p>\n\n<div style=\"font-size: 0px; height: 0px; line-height: 0px; margin: 0; padding: 0; clear: both;\"><\/div>","protected":false},"excerpt":{"rendered":"<p>Nuk e di. \u00c7far\u00eb thot\u00eb protokolli diplomatik? Kur sulmohet Parlamenti, cila \u00ebsht\u00eb koha e duhur q\u00eb t\u00eb paraqitesh? Dhe kujt [&hellip;]<\/p>\n","protected":false},"author":1,"featured_media":184,"comment_status":"closed","ping_status":"closed","sticky":false,"template":"","format":"standard","meta":{"_mo_disable_npp":"","inline_featured_image":false},"categories":[1825],"tags":[],"imageURL":"https:\/\/sdk.mk\/wp-content\/uploads\/2015\/12\/goran-mihailovski2.jpg","thumbURL":"https:\/\/sdk.mk\/wp-content\/uploads\/2015\/12\/goran-mihailovski2-250x196.jpg","categoryNames":["DUA T\u00cb THEM"],"feature_caption":"","subtitle":"Ne duhet t\u00eb jemi t\u00eb \u00e7mendur q\u00eb Ivanovit akoma budallall\u00ebkun ia shohim n\u00ebp\u00ebr gishta. Nd\u00ebrsa ai tashm\u00eb tri her\u00eb tradh\u00ebtoi.","views":"5323","source":"","yoast_head":"<!-- This site is optimized with the Yoast SEO Premium plugin v15.0 - https:\/\/yoast.com\/wordpress\/plugins\/seo\/ -->\n<title>GJENDJE E JASHT\u00cbZAKONSHME - \u0421\u0430\u043a\u0430\u043c \u0414\u0430 \u041a\u0430\u0436\u0430\u043c<\/title>\n<meta name=\"robots\" content=\"index, follow, max-snippet:-1, max-image-preview:large, max-video-preview:-1\" \/>\n<link rel=\"canonical\" href=\"https:\/\/sdk.mk\/index.php\/dua-te-them\/gjendje-e-jashtezakonshme\/\" \/>\n<meta property=\"og:locale\" content=\"mk_MK\" \/>\n<meta property=\"og:type\" content=\"article\" \/>\n<meta property=\"og:title\" content=\"GJENDJE E JASHT\u00cbZAKONSHME - \u0421\u0430\u043a\u0430\u043c \u0414\u0430 \u041a\u0430\u0436\u0430\u043c\" \/>\n<meta property=\"og:description\" content=\"Nuk e di. \u00c7far\u00eb thot\u00eb protokolli diplomatik? Kur sulmohet Parlamenti, cila \u00ebsht\u00eb koha e duhur q\u00eb t\u00eb paraqitesh? Dhe kujt [&hellip;]\" \/>\n<meta property=\"og:url\" content=\"https:\/\/sdk.mk\/index.php\/dua-te-them\/gjendje-e-jashtezakonshme\/\" \/>\n<meta property=\"og:site_name\" content=\"\u0421\u0430\u043a\u0430\u043c \u0414\u0430 \u041a\u0430\u0436\u0430\u043c\" \/>\n<meta property=\"article:published_time\" content=\"2017-08-26T11:47:25+00:00\" \/>\n<meta property=\"og:image\" content=\"https:\/\/sdk.mk\/wp-content\/uploads\/2015\/12\/goran-mihailovski2.jpg\" \/>\n\t<meta property=\"og:image:width\" content=\"400\" \/>\n\t<meta property=\"og:image:height\" content=\"313\" \/>\n<meta property=\"fb:app_id\" content=\"2407985809428537\" \/>\n<meta name=\"twitter:card\" content=\"summary\" \/>\n<script type=\"application\/ld+json\" class=\"yoast-schema-graph\">{\"@context\":\"https:\/\/schema.org\",\"@graph\":[{\"@type\":\"WebSite\",\"@id\":\"https:\/\/sdk.mk\/#website\",\"url\":\"https:\/\/sdk.mk\/\",\"name\":\"\\u0421\\u0430\\u043a\\u0430\\u043c \\u0414\\u0430 \\u041a\\u0430\\u0436\\u0430\\u043c\",\"description\":\"\\u0417\\u0430 \\u0441\\u043b\\u043e\\u0431\\u043e\\u0434\\u043e\\u0443\\u043c\\u043d\\u0438\",\"potentialAction\":[{\"@type\":\"SearchAction\",\"target\":\"https:\/\/sdk.mk\/?s={search_term_string}\",\"query-input\":\"required name=search_term_string\"}],\"inLanguage\":\"mk-MK\"},{\"@type\":\"ImageObject\",\"@id\":\"https:\/\/sdk.mk\/index.php\/dua-te-them\/gjendje-e-jashtezakonshme\/#primaryimage\",\"inLanguage\":\"mk-MK\",\"url\":\"https:\/\/sdk.mk\/wp-content\/uploads\/2015\/12\/goran-mihailovski2.jpg\",\"width\":400,\"height\":313},{\"@type\":\"WebPage\",\"@id\":\"https:\/\/sdk.mk\/index.php\/dua-te-them\/gjendje-e-jashtezakonshme\/#webpage\",\"url\":\"https:\/\/sdk.mk\/index.php\/dua-te-them\/gjendje-e-jashtezakonshme\/\",\"name\":\"GJENDJE E JASHT\\u00cbZAKONSHME - \\u0421\\u0430\\u043a\\u0430\\u043c \\u0414\\u0430 \\u041a\\u0430\\u0436\\u0430\\u043c\",\"isPartOf\":{\"@id\":\"https:\/\/sdk.mk\/#website\"},\"primaryImageOfPage\":{\"@id\":\"https:\/\/sdk.mk\/index.php\/dua-te-them\/gjendje-e-jashtezakonshme\/#primaryimage\"},\"datePublished\":\"2017-08-26T11:47:25+00:00\",\"dateModified\":\"2017-08-26T11:47:25+00:00\",\"author\":{\"@id\":\"https:\/\/sdk.mk\/#\/schema\/person\/be7cfa6655c47f7195bfdd0ba8144aa2\"},\"inLanguage\":\"mk-MK\",\"potentialAction\":[{\"@type\":\"ReadAction\",\"target\":[\"https:\/\/sdk.mk\/index.php\/dua-te-them\/gjendje-e-jashtezakonshme\/\"]}]},{\"@type\":\"Person\",\"@id\":\"https:\/\/sdk.mk\/#\/schema\/person\/be7cfa6655c47f7195bfdd0ba8144aa2\",\"name\":\"\\u0413\\u043e\\u0440\\u0430\\u043d \\u041c\\u0438\\u0445\\u0430\\u0458\\u043b\\u043e\\u0432\\u0441\\u043a\\u0438\"}]}<\/script>\n<!-- \/ Yoast SEO Premium plugin. -->","_links":{"self":[{"href":"https:\/\/sdk.mk\/index.php\/wp-json\/wp\/v2\/posts\/37907"}],"collection":[{"href":"https:\/\/sdk.mk\/index.php\/wp-json\/wp\/v2\/posts"}],"about":[{"href":"https:\/\/sdk.mk\/index.php\/wp-json\/wp\/v2\/types\/post"}],"author":[{"embeddable":true,"href":"https:\/\/sdk.mk\/index.php\/wp-json\/wp\/v2\/users\/1"}],"replies":[{"embeddable":true,"href":"https:\/\/sdk.mk\/index.php\/wp-json\/wp\/v2\/comments?post=37907"}],"version-history":[{"count":0,"href":"https:\/\/sdk.mk\/index.php\/wp-json\/wp\/v2\/posts\/37907\/revisions"}],"wp:featuredmedia":[{"embeddable":true,"href":"https:\/\/sdk.mk\/index.php\/wp-json\/wp\/v2\/media\/184"}],"wp:attachment":[{"href":"https:\/\/sdk.mk\/index.php\/wp-json\/wp\/v2\/media?parent=37907"}],"wp:term":[{"taxonomy":"category","embeddable":true,"href":"https:\/\/sdk.mk\/index.php\/wp-json\/wp\/v2\/categories?post=37907"},{"taxonomy":"post_tag","embeddable":true,"href":"https:\/\/sdk.mk\/index.php\/wp-json\/wp\/v2\/tags?post=37907"}],"curies":[{"name":"wp","href":"https:\/\/api.w.org\/{rel}","templated":true}]}}