{"id":38191,"date":"2017-08-29T11:01:01","date_gmt":"2017-08-29T09:01:01","guid":{"rendered":"http:\/\/sdk.mk\/?p=38191"},"modified":"2017-08-31T11:03:16","modified_gmt":"2017-08-31T09:03:16","slug":"tere-lagjia-kundermon-ere-bagetie-nga-pazari-paligjshem-teuta-arifi-per-kurban-dha-tetovaret","status":"publish","type":"post","link":"https:\/\/sdk.mk\/index.php\/rrjeti-i-korrespondenteve\/tere-lagjia-kundermon-ere-bagetie-nga-pazari-paligjshem-teuta-arifi-per-kurban-dha-tetovaret\/","title":{"rendered":"T\u00cbR\u00cb LAGJIA KUND\u00cbRMON ER\u00cb BAG\u00cbTIE NGA PAZARI I PALIGJSH\u00cbM, TEUTA ARIFI P\u00cbR KURBAN I DHA TETOVAR\u00cbT"},"content":{"rendered":"<div class=\"f52428582a4b906b2d2e2a7d733c7d27\" data-index=\"7\" style=\"float: none; margin:10px 0 10px 0; text-align:center;\">\n<!-- MSP Ads Asynchronous JS Tag - Generated with Revive Adserver v5.4.1 -->\r\n<ins data-revive-zoneid=\"167\" data-revive-id=\"060fdb01f6430ec164d3519234aa4967\"><\/ins>\r\n<script async src=\"\/\/panel.ads.com.mk\/www\/delivery\/asyncjs.php\"><\/script>\n<\/div>\n<p>Banor\u00ebt e Tetov\u00ebs t\u00eb cil\u00ebt jetojn\u00eb n\u00eb af\u00ebrsi t\u00eb stadiumit t\u00eb vjet\u00ebr t\u00eb qytetit edhe k\u00ebt\u00eb vit p\u00ebrballen me sken\u00ebn e pazarit t\u00eb bag\u00ebtive pran\u00eb sht\u00ebpive t\u00eb tyre. Me afrimin e fest\u00ebs fetare t\u00eb Kurban Bajramit, hap\u00ebsira rreth stadiumit t\u00eb vjet\u00ebr t\u00eb qytetit n\u00eb Tetov\u00eb shnd\u00ebrrohet n\u00eb nj\u00eb pazar bag\u00ebtie, ku shiten dhi, lop\u00eb, dema dhe gjedh\u00eb t\u00eb tjera, t\u00eb cilat fetar\u00ebt i blejn\u00eb p\u00ebr k\u00ebt\u00eb fest\u00eb, madje disa edhe i therin aty. Pazari zgjat disa dit\u00eb, mir\u00ebpo era nga therja e kafsh\u00ebve mbetet dhe mund t\u00eb ndjehet edhe pasi kan\u00eb kaluar disa dit\u00eb dhe jav\u00eb, thon\u00eb banor\u00ebt. .<\/p>\n<p>\u201cNe k\u00ebtu jetojm\u00eb mbi 30 vjet dhe asnj\u00ebher\u00eb nuk ka pasur pazar bag\u00ebtie.. Mir\u00eb q\u00eb b\u00ebjn\u00eb pazar, por edhe i therin kafsh\u00ebt, dhe t\u00eb gjitha mbeturinat e tyre si dhe cop\u00ebza t\u00eb trupit t\u00eb kafsh\u00ebve i l\u00ebn\u00eb k\u00ebtu, e m\u00eb pas shp\u00ebrndahet nj\u00eb er\u00eb e pap\u00ebrballueshme, kurse qent\u00eb e pastreh\u00eb i zhvendosin ato pjes\u00eb gjithkund rreth lagjes. Vitin e m\u00ebparsh\u00ebm k\u00ebtu kund\u00ebrmonte m\u00eb keq se n\u00eb deponi. Gjat\u00eb t\u00ebr\u00eb muajit nuk kemi mundur t\u00eb hapim dritaret. P\u00ebr k\u00ebt\u00eb, k\u00ebrkojm\u00eb nga kryetarja e qytetit, Teuta Arifi q\u00eb ta zhvendos\u00eb lokacionin e pazarit\u201d, thot\u00eb Ifraim Luta.<br \/>\nMe t\u00eb bie dakord edhe fqiu i tij, Dushko Ilievski.<br \/>\n\u201cUn\u00eb pajtohem me at\u00eb q\u00eb than\u00eb fqinj\u00ebt e mi. Ky vend nuk \u00ebsht\u00eb p\u00ebr nj\u00eb gj\u00eb t\u00eb k\u00ebtill\u00eb, pasi k\u00ebtu banojn\u00eb njer\u00ebz. Ata shesin, therin dhe shp\u00ebrndajn\u00eb nj\u00eb er\u00eb t\u00eb tmerrshme. Prandaj apelojm\u00eb deri te Komuna q\u00eb t\u00eb gjej\u00eb ndonj\u00eb tjet\u00ebr lokacion m\u00eb t\u00eb p\u00ebrshtatsh\u00ebm p\u00ebr k\u00ebt\u00eb q\u00ebllim. E dim\u00eb se edhe ata q\u00eb vijn\u00eb p\u00ebr t\u00eb shitur duhet t\u2019i shesin kafsh\u00ebt e tyre q\u00eb t\u00eb p\u00ebrfitojn\u00eb vet\u00eb p\u00ebr familjet, por ky nuk \u00ebsht\u00eb vend p\u00ebr k\u00ebt\u00eb gj\u00eb\u201d, shprehet Ilievski n\u00eb m\u00ebnyr\u00eb kategorike.<\/p>\n<p>Banor\u00ebt e k\u00ebsaj lagjeje kan\u00eb n\u00ebnshkruar peticion dhe k\u00ebrkes\u00eb deri te Komuna p\u00ebr dislokim t\u00eb k\u00ebtij pazari t\u00eb p\u00ebrkohsh\u00ebm t\u00eb kafsh\u00ebve, por vet\u00ebm disa dit\u00eb para Kurban Bajramit, nuk kan\u00eb marr\u00eb asnj\u00eb p\u00ebrgjigje.<br \/>\n\u201cNe, banor\u00ebt e k\u00ebsaj lagjeje kemi d\u00ebrguar ankes\u00eb deri te kryetarja e qytetit, Teuta Arifi, nd\u00ebrsa un\u00eb personalisht kam d\u00ebrguar k\u00ebrkes\u00eb n\u00eb emrin tim, me t\u00eb cil\u00ebn k\u00ebrkojm\u00eb q\u00eb kjo hap\u00ebsir\u00eb t\u00eb mos p\u00ebrdoret m\u00eb p\u00ebr shitjen e kurbanit p\u00ebr Bajram. Por, p\u00ebr fat t\u00eb keq, deri m\u00eb tani nga Komuna nuk kemi asnj\u00eb lloj p\u00ebrgjigje. K\u00ebt\u00eb gj\u00eb e k\u00ebrkojm\u00eb p\u00ebr shkak t\u00eb p\u00ebrvoj\u00ebs s\u00eb keqe t\u00eb viteve t\u00eb kaluara, q\u00eb kur filloi t\u00eb zhvillohet kjo praktik\u00eb n\u00eb lagjen ton\u00eb. Gjat\u00eb atyre kat\u00ebr-pes\u00eb dit\u00ebve, lagjja jon\u00eb \u00ebsht\u00eb pothuajse krejt\u00ebsisht e bllokuar, pasi edhe rruga deri n\u00eb sht\u00ebpit\u00eb tona \u00ebsht\u00eb e z\u00ebn\u00eb nga gardhi q\u00eb i ruan bag\u00ebtin\u00eb. Dhe e gjith\u00eb kjo ndodh vet\u00ebm pes\u00eb minuta larg n\u00eb k\u00ebmb\u00eb nga qendra e qytetit. P\u00ebr k\u00ebt\u00eb arsye k\u00ebrkojm\u00eb q\u00eb ky pazar t\u00eb zhvendoset n\u00eb nj\u00eb vend tjet\u00ebr m\u00eb t\u00eb p\u00ebrshtatsh\u00ebm, e ma merr mendja q\u00eb Komuna mund t\u00eb gjej\u00eb nj\u00eb vend t\u00eb atill\u00eb\u201d, thot\u00eb Ifraim Luta.<\/p>\n<p>Por ai nuk ka v\u00ebrejtje vet\u00ebm ndaj Komun\u00ebs, thot\u00eb se edhe Bashk\u00ebsia Islame duhet t\u00eb reagoj\u00eb n\u00eb lidhje me m\u00ebnyr\u00ebn e festimit t\u00eb Kurban Bajramit.<br \/>\n\u201cUn\u00eb do t\u00eb doja q\u00eb edhe Bashk\u00ebsia fetare islame t\u00eb shihte se si i therin k\u00ebta kurban\u00eb. I dim\u00eb rregullat fetare, se si nj\u00eb kurban duhet therur, ku dhe si duhet shitur. M\u00eb k\u00ebt\u00eb m\u00ebnyr\u00eb thyhen rregullar e Kuranit\u201d, potencon Ifraim Luta.<br \/>\nU p\u00ebrpoq\u00ebm t\u00eb marrim p\u00ebrgjigje nga Komuna e Tetov\u00ebs se a do t\u00eb zgjidhnin k\u00ebt\u00eb problem, por nga sh\u00ebrbimi p\u00ebr marr\u00ebdh\u00ebnie me publikun vet\u00ebm na u tha se do t\u00eb p\u00ebrpiqen n\u00eb vazhdim q\u00eb t\u00eb na informojn\u00eb n\u00eb lidhje me \u00e7\u00ebshtjen.<br \/>\nDhe nd\u00ebrkoh\u00eb q\u00eb zgjat biseda me banor\u00ebt n\u00eb k\u00ebt\u00eb lagje dhe pritet p\u00ebrgjigje nga Komuna, n\u00eb hap\u00ebsir\u00ebn rreth stadiumit t\u00eb vjet\u00ebr t\u00eb qytetit intensivisht vazhdojn\u00eb t\u00eb vendosen gardhe t\u00eb improvizuara t\u00eb cilat nga e m\u00ebrkura do t\u00eb ruajn\u00eb qindra dhi dhe lloje t\u00eb tjera bag\u00ebtish, gj\u00eb me t\u00eb cil\u00ebn problemet e banor\u00ebve t\u00eb k\u00ebsaj lagjeje edhe k\u00ebt\u00eb vit do t\u00eb p\u00ebrs\u00ebriten.<\/p>\n<p><em><strong>Z. ANDONOV<\/strong><\/em><\/p>\n\n<div style=\"font-size: 0px; height: 0px; line-height: 0px; margin: 0; padding: 0; clear: both;\"><\/div>","protected":false},"excerpt":{"rendered":"<p>Banor\u00ebt e Tetov\u00ebs t\u00eb cil\u00ebt jetojn\u00eb n\u00eb af\u00ebrsi t\u00eb stadiumit t\u00eb vjet\u00ebr t\u00eb qytetit edhe k\u00ebt\u00eb vit p\u00ebrballen me sken\u00ebn [&hellip;]<\/p>\n","protected":false},"author":9,"featured_media":37950,"comment_status":"closed","ping_status":"closed","sticky":false,"template":"","format":"standard","meta":{"_mo_disable_npp":"","inline_featured_image":false},"categories":[3095],"tags":[],"imageURL":"https:\/\/sdk.mk\/wp-content\/uploads\/2017\/08\/Pred-Kurban-Bajram-03-650x433.jpg","thumbURL":"https:\/\/sdk.mk\/wp-content\/uploads\/2017\/08\/Pred-Kurban-Bajram-03-250x167.jpg","categoryNames":["Rrjeti i korrespondent\u00ebve"],"feature_caption":"Me afrimin e fest\u00ebs fetare Kurban Bajramit, hap\u00ebsira rreth stadiumit t\u00eb vjet\u00ebr t\u00eb qytetit n\u00eb Tetov\u00eb shnd\u00ebrrohet n\u00eb nj\u00eb pazar bag\u00ebtie, ku shiten dhi, lop\u00eb, dema dhe kafsh\u00eb t\u00eb tjera, t\u00eb cilat fetar\u00ebt i blejn\u00eb p\u00ebr k\u00ebt\u00eb fest\u00eb, madje disa edhe i therin aty. (Foto: SDK)","subtitle":"","views":"5827","source":"Tetov\u00eb, (SAKAMDAKAZAM.MK)","yoast_head":"<!-- This site is optimized with the Yoast SEO Premium plugin v15.0 - https:\/\/yoast.com\/wordpress\/plugins\/seo\/ -->\n<title>T\u00cbR\u00cb LAGJIA KUND\u00cbRMON ER\u00cb BAG\u00cbTIE NGA PAZARI I PALIGJSH\u00cbM, TEUTA ARIFI P\u00cbR KURBAN I DHA TETOVAR\u00cbT - \u0421\u0430\u043a\u0430\u043c \u0414\u0430 \u041a\u0430\u0436\u0430\u043c<\/title>\n<meta name=\"robots\" content=\"index, follow, max-snippet:-1, max-image-preview:large, max-video-preview:-1\" \/>\n<link rel=\"canonical\" href=\"https:\/\/sdk.mk\/index.php\/rrjeti-i-korrespondenteve\/tere-lagjia-kundermon-ere-bagetie-nga-pazari-paligjshem-teuta-arifi-per-kurban-dha-tetovaret\/\" \/>\n<meta property=\"og:locale\" content=\"mk_MK\" \/>\n<meta property=\"og:type\" content=\"article\" \/>\n<meta property=\"og:title\" content=\"T\u00cbR\u00cb LAGJIA KUND\u00cbRMON ER\u00cb BAG\u00cbTIE NGA PAZARI I PALIGJSH\u00cbM, TEUTA ARIFI P\u00cbR KURBAN I DHA TETOVAR\u00cbT - \u0421\u0430\u043a\u0430\u043c \u0414\u0430 \u041a\u0430\u0436\u0430\u043c\" \/>\n<meta property=\"og:description\" content=\"Banor\u00ebt e Tetov\u00ebs t\u00eb cil\u00ebt jetojn\u00eb n\u00eb af\u00ebrsi t\u00eb stadiumit t\u00eb vjet\u00ebr t\u00eb qytetit edhe k\u00ebt\u00eb vit p\u00ebrballen me sken\u00ebn [&hellip;]\" \/>\n<meta property=\"og:url\" content=\"https:\/\/sdk.mk\/index.php\/rrjeti-i-korrespondenteve\/tere-lagjia-kundermon-ere-bagetie-nga-pazari-paligjshem-teuta-arifi-per-kurban-dha-tetovaret\/\" \/>\n<meta property=\"og:site_name\" content=\"\u0421\u0430\u043a\u0430\u043c \u0414\u0430 \u041a\u0430\u0436\u0430\u043c\" \/>\n<meta property=\"article:published_time\" content=\"2017-08-29T09:01:01+00:00\" \/>\n<meta property=\"article:modified_time\" content=\"2017-08-31T09:03:16+00:00\" \/>\n<meta property=\"og:image\" content=\"https:\/\/sdk.mk\/wp-content\/uploads\/2017\/08\/Pred-Kurban-Bajram-03.jpg\" \/>\n\t<meta property=\"og:image:width\" content=\"1500\" \/>\n\t<meta property=\"og:image:height\" content=\"1000\" \/>\n<meta property=\"fb:app_id\" content=\"2407985809428537\" \/>\n<meta name=\"twitter:card\" content=\"summary\" \/>\n<script type=\"application\/ld+json\" class=\"yoast-schema-graph\">{\"@context\":\"https:\/\/schema.org\",\"@graph\":[{\"@type\":\"WebSite\",\"@id\":\"https:\/\/sdk.mk\/#website\",\"url\":\"https:\/\/sdk.mk\/\",\"name\":\"\\u0421\\u0430\\u043a\\u0430\\u043c \\u0414\\u0430 \\u041a\\u0430\\u0436\\u0430\\u043c\",\"description\":\"\\u0417\\u0430 \\u0441\\u043b\\u043e\\u0431\\u043e\\u0434\\u043e\\u0443\\u043c\\u043d\\u0438\",\"potentialAction\":[{\"@type\":\"SearchAction\",\"target\":\"https:\/\/sdk.mk\/?s={search_term_string}\",\"query-input\":\"required name=search_term_string\"}],\"inLanguage\":\"mk-MK\"},{\"@type\":\"ImageObject\",\"@id\":\"https:\/\/sdk.mk\/index.php\/rrjeti-i-korrespondenteve\/tere-lagjia-kundermon-ere-bagetie-nga-pazari-paligjshem-teuta-arifi-per-kurban-dha-tetovaret\/#primaryimage\",\"inLanguage\":\"mk-MK\",\"url\":\"https:\/\/sdk.mk\/wp-content\/uploads\/2017\/08\/Pred-Kurban-Bajram-03.jpg\",\"width\":1500,\"height\":1000},{\"@type\":\"WebPage\",\"@id\":\"https:\/\/sdk.mk\/index.php\/rrjeti-i-korrespondenteve\/tere-lagjia-kundermon-ere-bagetie-nga-pazari-paligjshem-teuta-arifi-per-kurban-dha-tetovaret\/#webpage\",\"url\":\"https:\/\/sdk.mk\/index.php\/rrjeti-i-korrespondenteve\/tere-lagjia-kundermon-ere-bagetie-nga-pazari-paligjshem-teuta-arifi-per-kurban-dha-tetovaret\/\",\"name\":\"T\\u00cbR\\u00cb LAGJIA KUND\\u00cbRMON ER\\u00cb BAG\\u00cbTIE NGA PAZARI I PALIGJSH\\u00cbM, TEUTA ARIFI P\\u00cbR KURBAN I DHA TETOVAR\\u00cbT - \\u0421\\u0430\\u043a\\u0430\\u043c \\u0414\\u0430 \\u041a\\u0430\\u0436\\u0430\\u043c\",\"isPartOf\":{\"@id\":\"https:\/\/sdk.mk\/#website\"},\"primaryImageOfPage\":{\"@id\":\"https:\/\/sdk.mk\/index.php\/rrjeti-i-korrespondenteve\/tere-lagjia-kundermon-ere-bagetie-nga-pazari-paligjshem-teuta-arifi-per-kurban-dha-tetovaret\/#primaryimage\"},\"datePublished\":\"2017-08-29T09:01:01+00:00\",\"dateModified\":\"2017-08-31T09:03:16+00:00\",\"author\":{\"@id\":\"https:\/\/sdk.mk\/#\/schema\/person\/3e8217f71bc38bd7c592f30c69e10e5a\"},\"inLanguage\":\"mk-MK\",\"potentialAction\":[{\"@type\":\"ReadAction\",\"target\":[\"https:\/\/sdk.mk\/index.php\/rrjeti-i-korrespondenteve\/tere-lagjia-kundermon-ere-bagetie-nga-pazari-paligjshem-teuta-arifi-per-kurban-dha-tetovaret\/\"]}]},{\"@type\":\"Person\",\"@id\":\"https:\/\/sdk.mk\/#\/schema\/person\/3e8217f71bc38bd7c592f30c69e10e5a\",\"name\":\"\\u041c\\u0438\\u0440\\u043e\\u0441\\u043b\\u0430\\u0432 \\u0418\\u043b\\u0438\\u043e\\u0441\\u043a\\u0438\"}]}<\/script>\n<!-- \/ Yoast SEO Premium plugin. -->","_links":{"self":[{"href":"https:\/\/sdk.mk\/index.php\/wp-json\/wp\/v2\/posts\/38191"}],"collection":[{"href":"https:\/\/sdk.mk\/index.php\/wp-json\/wp\/v2\/posts"}],"about":[{"href":"https:\/\/sdk.mk\/index.php\/wp-json\/wp\/v2\/types\/post"}],"author":[{"embeddable":true,"href":"https:\/\/sdk.mk\/index.php\/wp-json\/wp\/v2\/users\/9"}],"replies":[{"embeddable":true,"href":"https:\/\/sdk.mk\/index.php\/wp-json\/wp\/v2\/comments?post=38191"}],"version-history":[{"count":0,"href":"https:\/\/sdk.mk\/index.php\/wp-json\/wp\/v2\/posts\/38191\/revisions"}],"wp:featuredmedia":[{"embeddable":true,"href":"https:\/\/sdk.mk\/index.php\/wp-json\/wp\/v2\/media\/37950"}],"wp:attachment":[{"href":"https:\/\/sdk.mk\/index.php\/wp-json\/wp\/v2\/media?parent=38191"}],"wp:term":[{"taxonomy":"category","embeddable":true,"href":"https:\/\/sdk.mk\/index.php\/wp-json\/wp\/v2\/categories?post=38191"},{"taxonomy":"post_tag","embeddable":true,"href":"https:\/\/sdk.mk\/index.php\/wp-json\/wp\/v2\/tags?post=38191"}],"curies":[{"name":"wp","href":"https:\/\/api.w.org\/{rel}","templated":true}]}}