{"id":38316,"date":"2017-09-02T10:30:08","date_gmt":"2017-09-02T08:30:08","guid":{"rendered":"http:\/\/sdk.mk\/?p=38316"},"modified":"2017-09-02T10:30:08","modified_gmt":"2017-09-02T08:30:08","slug":"tamam-maqedonas","status":"publish","type":"post","link":"https:\/\/sdk.mk\/index.php\/dua-te-them\/tamam-maqedonas\/","title":{"rendered":"TAMAM MAQEDONAS"},"content":{"rendered":"<div class=\"f52428582a4b906b2d2e2a7d733c7d27\" data-index=\"7\" style=\"float: none; margin:10px 0 10px 0; text-align:center;\">\n<!-- MSP Ads Asynchronous JS Tag - Generated with Revive Adserver v5.4.1 -->\r\n<ins data-revive-zoneid=\"167\" data-revive-id=\"060fdb01f6430ec164d3519234aa4967\"><\/ins>\r\n<script async src=\"\/\/panel.ads.com.mk\/www\/delivery\/asyncjs.php\"><\/script>\n<\/div>\n<p><span class=\"dropcap color firstcharacter\">1<\/span>Fushata parazgjedhore e zgjedhjeve lokave t\u00eb VMRO-DPMNE-s\u00eb duhet t\u00eb filloj\u00eb me nj\u00eb hepening t\u00eb madh para p\u00ebrmendores s\u00eb refugjat\u00ebve maqedonas t\u00eb luft\u00ebs civile n\u00eb Greqi m\u00eb 1948. Para asaj p\u00ebrmendore q\u00eb qytetit t\u00eb Shkupit ia dhuroi Shoqata p\u00ebr bashkim shpirt\u00ebror t\u00eb Sentinc\u00ebs, Popadinc\u00ebs dhe Krushoradit, n\u00eb t\u00eb cil\u00ebn me sa mbaj mend b\u00ebnte pjes\u00eb edhe babai i kryeministrit t\u00eb at\u00ebhersh\u00ebm, Nikolla Gruevski, lideri i partis\u00eb i cili tani voton referendum n\u00ebp\u00ebr qytete q\u00eb nuk d\u00ebshiron t\u00eb pranoj\u00eb emigrant\u00eb.<br \/>\nGjysh\u00ebrit e k\u00ebtyre q\u00eb tani i frik\u00ebsojn\u00eb bashk\u00ebqytetar\u00ebt prej refugjat\u00ebve t\u00eb cil\u00ebt nuk ekzistojn\u00eb fare, u jan\u00eb mir\u00ebnjoh\u00ebs iniciativ\u00ebs s\u00eb referendumeve t\u00eb paraardh\u00ebsve. T\u00eb gjith\u00eb ata t\u00eb shp\u00ebrngulur nga pjesa e Egjeut t\u00eb Maqedonis\u00eb n\u00eb Shqip\u00ebri, gjithandej n\u00ebp\u00ebr ish Jugosllavin\u00eb, n\u00eb \u00c7ekosllovakin\u00eb, Hungarin\u00eb, Polonin\u00eb e at\u00ebhershme, n\u00eb republikat sovjetike\u2026Nd\u00ebrsa pastaj, q\u00eb aty n\u00eb SHBA, Kanada dhe Australi. Paraardh\u00ebsit me nj\u00eb n\u00ebnshkrim i shurr\u00ebn varrezat e tyre.<\/p>\n<p>Muhabet tjet\u00ebr \u00ebsht\u00eb q\u00eb n\u00eb Maqedoni vet\u00ebm 15 emigrant\u00eb kan\u00eb k\u00ebrkuar azil. Dhe vet\u00ebm 40 persona rrin\u00eb n\u00eb kampet e tranzitit n\u00eb Gjevgjeli dhe Kumanov\u00eb, dhe at\u00eb jo me d\u00ebshir\u00ebn e tyre. Por, jan\u00eb gjetur aty pasi i kan\u00eb ndaluar q\u00eb t\u00eb vazhdojn\u00eb p\u00ebr andej p\u00ebr ku jan\u00eb nisur. Dhe muhabet tjet\u00ebr \u00ebsht\u00eb q\u00eb at\u00eb strategji p\u00ebr emigrant\u00eb, n\u00eb p\u00ebrputhshm\u00ebri me konventat nd\u00ebrkomb\u00ebtare, e ka sjell\u00eb pik\u00ebrisht Qeveria e Gruevskit, por at\u00ebher\u00eb kjo nuk ka qen\u00eb tem\u00eb.<\/p>\n<p>Tjet\u00ebr muhabet \u00ebsht\u00eb q\u00eb n\u00eb k\u00ebt\u00eb Maqedoni t\u00eb sotme, t\u00eb lir\u00eb, demokratike dhe t\u00eb zhvilluar, n\u00eb \u00e7do familje ka s\u00eb paku nj\u00eb emigrant. Nga gjimnazi ku un\u00eb m\u00ebsoja, gjysma e klas\u00ebs sime jan\u00eb t\u00eb shp\u00ebrngulur jasht\u00eb shtetit. Mir\u00eb n\u00eb at\u00eb koh\u00eb. Por tani, me f\u00ebmij\u00ebt e klasave t\u00eb f\u00ebmij\u00ebve tan\u00eb? Kurse p\u00ebr 200.000 pasaportat bullgare t\u00eb koh\u00ebs s\u00eb lul\u00ebzimit t\u00eb Maqedonis\u00eb n\u00eb koh\u00ebn e VMRO-DPMNE-s\u00eb, t\u00eb mos flasim fare. Edhe ata figurojn\u00eb si emigrant\u00eb. Kush si ia ka dal\u00eb. Kush programmer, kush mjek, kush nget kamiona n\u00ebp\u00ebr Evrop\u00eb. Vall\u00eb, nga bukurit\u00eb e shumta mos kan\u00eb emigruar?<\/p>\n<p>Ama, kush vall\u00eb k\u00ebrkon logjik\u00eb n\u00eb lajme t\u00eb rreme? N\u00eb lajmet e rreme nuk ka logjike, e besa as moral. Dhe prandaj Nikolla Gruevski, q\u00eb kur i harxhoi kujdestaret babaroga me t\u00eb cilat shkonte n\u00eb zgjedhjet e kaluara, si\u00e7 ishin \u201cemrin nuk e japim\u201d, \u201cShqiptar\u00ebt do t\u00eb na e zaptojn\u00eb shtetin\u201d dhe \u201cSorosi \u00ebsht\u00eb fajtor p\u00ebr gjith\u00e7ka\u201d, tani do t\u00eb shkoj\u00eb n\u00eb zgjedhje lokale me ksenofobin\u00eb m\u00eb t\u00eb err\u00ebt. E v\u00ebrteta e vetme n\u00eb lajmet e rreme se Maqedonin\u00eb do ta pushtojn\u00eb refugjat\u00eb \u00ebsht\u00eb q\u00eb m\u00eb n\u00eb fund u zbulua fashizmi i udh\u00ebheq\u00ebsis\u00eb s\u00eb VMRO-DPMNE-s\u00eb n\u00eb krye me Nikolla Gruevskin. Dhe ato referendume q\u00eb duan t\u2019i caktojn\u00eb n\u00eb dit\u00ebn e zgjedhjeve lokale, nuk do t\u00eb jen\u00eb shpjegim \u201cp\u00ebr\u201d apo \u201ckund\u00ebr\u201d emigrant\u00ebve, por shpjegim \u201cp\u00ebr\u201d ose \u201ckund\u00ebr\u201d fashizmit t\u00eb Gruevskit. I cili tani ua imponon mb\u00ebshtet\u00ebsve t\u00eb tij vet\u00ebm q\u00eb ta shp\u00ebtojn\u00eb nga burgu.<\/p>\n<p><span class=\"dropcap color firstcharacter\">2<\/span>Dhe, kush k\u00ebrkon logjik\u00eb vall\u00eb, n\u00eb faktin se nga t\u00eb gjitha problemet e mundshme lokale t\u00eb cilat duhet t\u00eb jen\u00eb tem\u00eb e fushatave zgjedhore, premtime dhe angazhime politike, te ne tema zgjedhore \u00ebsht\u00eb problem global. I cili n\u00eb Maqedoni fare nuk ekziston. P\u00ebrve\u00e7se n\u00ebse i konsiderojn\u00eb ata 40 refugjat\u00eb t\u00eb ngecur k\u00ebtu n\u00eb rrug\u00ebn e tyre p\u00ebr Evrop\u00eb. N\u00eb nj\u00eb Maqedoni demokratike dhe t\u00eb zhvilluar t\u00eb shekullit 21, shtet kandidat p\u00ebr BE dhe NATO, kemi helmime masive t\u00eb uj\u00ebrave lokale, mbytemi n\u00eb jasht\u00ebqitje, jemi t\u00eb mbuluar prej mbeturinave, shkelim n\u00eb balt\u00eb, vet\u00eb i ndezim pyjet tona dhe deponit\u00eb n\u00eb mes t\u00eb qytetit, marrim ajrin m\u00eb t\u00eb ndotur e shkat\u00ebrrojm\u00eb parqet p\u00ebr fitim nga nd\u00ebrtimi\u2026Ama gjithsesi, problemi m\u00eb i madh i qytetar\u00ebve jan\u00eb refugjat\u00ebt t\u00eb cil\u00ebt nuk ekzistojn\u00eb fare.<br \/>\nN\u00eb momente t\u00eb tilla pyes veten: cil\u00ebt jan\u00eb k\u00ebta njer\u00ebz me t\u00eb cil\u00ebt po bashk\u00ebjetojm\u00eb? Dhe a kemi ne fare vlera t\u00eb p\u00ebrbashk\u00ebta me Maqedonin\u00eb ton\u00eb? Sa tru duhet t\u00eb kesh n\u00eb kok\u00eb q\u00eb t\u00eb besosh se 5.000<\/p>\n<p>Apo, gjithsesi problemi nuk q\u00ebndron te truri. I vog\u00ebl apo i madh, nuk ka r\u00ebnd\u00ebsi. Kryesorja \u2013 \u00ebsht\u00eb qar. Dhe prandaj p\u00ebr ta Gruevski \u00ebsht\u00eb super. P\u00ebr k\u00ebt\u00eb hiqen si budallenj se nuk kan\u00eb d\u00ebgjuar asgj\u00eb prej bombave dhe se nuk e din\u00eb se \u00e7far\u00eb \u00ebsht\u00eb \u201cajo me M\u201d as \u00a0\u201cMile m\u2019u tek\u201d, as \u00a0\u201cmos \u00ebsht\u00eb shum\u00eb\u201d, as p\u00ebr hendek\u00ebt, as p\u00ebr \u201cnj\u00eb vrasje nuk e fsheh dot\u201d, as p\u00ebr \u201cdy-tri shpulla, por t\u00eb forta\u201d, \u201ce bleva p\u00ebr hi\u00e7gj\u00eb\u201d dhe gjith\u00e7ka tjet\u00ebr q\u00eb d\u00ebgjuam.<\/p>\n<p>Nj\u00eb i till\u00eb u duhet atyre. T\u2019i korruptoj\u00eb me vende pune ku nuk do t\u00eb duhet t\u00eb shkojn\u00eb n\u00eb pun\u00eb, t\u2019i jap\u00eb pozicione q\u00eb t\u00eb munden edhe ata t\u00eb marrin nj\u00eb \u00e7ik\u00eb prej mjaltit, t\u2019u thot\u00eb se si duhet t\u00eb jetojn\u00eb, \u00e7\u2019\u00ebsht\u00eb e bukur e \u00e7far\u00eb e sh\u00ebmtuar, me k\u00eb t\u00eb martohen, sa f\u00ebmij\u00eb t\u00eb ken\u00eb, t\u00eb jen\u00eb m\u00eb pran\u00eb Zotit\u2026T\u2019i ket\u00eb ai n\u00eb defterin e vet. Dhe t\u00eb shpik\u00eb armiq t\u00eb cil\u00ebve t\u2019iu tremben, e t\u2019i jen\u00eb mir\u00ebnjoh\u00ebs atij q\u00eb i ka shp\u00ebtuar. Q\u00eb t\u00eb ndjehen se di\u00e7ka i kan\u00eb borxh.<\/p>\n<p>Por, kjo tashm\u00eb nuk \u00ebsht\u00eb idelogji. Sidomos jo konzervative. Kjo \u00ebsht\u00eb vet\u00ebm t\u00eb shoh\u00ebsh komoditetin t\u00ebnd, duke mbrojtur hajdutll\u00ebkun. K\u00ebsaj here n\u00ebn p\u00eblhur\u00ebn e fashizmit.<\/p>\n<p><span class=\"dropcap color firstcharacter\">3<\/span>Tradicionalisht, n\u00eb tubimet e VMRO-DPMNE-s\u00eb k\u00ebndohet k\u00ebnga m\u00eb e njohur e emigrant\u00ebve \u201cKu jeni o Maqedonas, ku jeni e ku shkuat\u201d.<br \/>\nK\u00ebsaj here, kur t\u00eb promovohet tema kryesore \u2013 lufta kund\u00ebr refugjat\u00ebve q\u00eb fare nuk ekzistojn\u00eb, para p\u00ebrmendores s\u00eb refugjat\u00ebve t\u00eb luft\u00ebs civile n\u00eb Greqi, do t\u00eb mundet kjo k\u00ebng\u00eb t\u00eb k\u00ebndohet me vargje paksa t\u00eb ndryshuara. \u201cKu jeni o Maqedonas? Ku jeni e ku i lat\u00eb mendt\u00eb?<\/p>\n<p>Dhe at\u00eb tamam \u2013 Maqedonas.<\/p>\n<p>&nbsp;<\/p>\n\n<div style=\"font-size: 0px; height: 0px; line-height: 0px; margin: 0; padding: 0; clear: both;\"><\/div>","protected":false},"excerpt":{"rendered":"<p>Fushata parazgjedhore e zgjedhjeve lokave t\u00eb VMRO-DPMNE-s\u00eb duhet t\u00eb filloj\u00eb me nj\u00eb hepening t\u00eb madh para p\u00ebrmendores s\u00eb refugjat\u00ebve maqedonas [&hellip;]<\/p>\n","protected":false},"author":1,"featured_media":184,"comment_status":"closed","ping_status":"closed","sticky":false,"template":"","format":"standard","meta":{"_mo_disable_npp":"","inline_featured_image":false},"categories":[1825],"tags":[],"imageURL":"https:\/\/sdk.mk\/wp-content\/uploads\/2015\/12\/goran-mihailovski2.jpg","thumbURL":"https:\/\/sdk.mk\/wp-content\/uploads\/2015\/12\/goran-mihailovski2-250x196.jpg","categoryNames":["DUA T\u00cb THEM"],"feature_caption":"","subtitle":"Ku jeni, ku i lat\u00eb mendt\u00eb?","views":"4745","source":"","yoast_head":"<!-- This site is optimized with the Yoast SEO Premium plugin v15.0 - https:\/\/yoast.com\/wordpress\/plugins\/seo\/ -->\n<title>TAMAM MAQEDONAS - \u0421\u0430\u043a\u0430\u043c \u0414\u0430 \u041a\u0430\u0436\u0430\u043c<\/title>\n<meta name=\"robots\" content=\"index, follow, max-snippet:-1, max-image-preview:large, max-video-preview:-1\" \/>\n<link rel=\"canonical\" href=\"https:\/\/sdk.mk\/index.php\/dua-te-them\/tamam-maqedonas\/\" \/>\n<meta property=\"og:locale\" content=\"mk_MK\" \/>\n<meta property=\"og:type\" content=\"article\" \/>\n<meta property=\"og:title\" content=\"TAMAM MAQEDONAS - \u0421\u0430\u043a\u0430\u043c \u0414\u0430 \u041a\u0430\u0436\u0430\u043c\" \/>\n<meta property=\"og:description\" content=\"Fushata parazgjedhore e zgjedhjeve lokave t\u00eb VMRO-DPMNE-s\u00eb duhet t\u00eb filloj\u00eb me nj\u00eb hepening t\u00eb madh para p\u00ebrmendores s\u00eb refugjat\u00ebve maqedonas [&hellip;]\" \/>\n<meta property=\"og:url\" content=\"https:\/\/sdk.mk\/index.php\/dua-te-them\/tamam-maqedonas\/\" \/>\n<meta property=\"og:site_name\" content=\"\u0421\u0430\u043a\u0430\u043c \u0414\u0430 \u041a\u0430\u0436\u0430\u043c\" \/>\n<meta property=\"article:published_time\" content=\"2017-09-02T08:30:08+00:00\" \/>\n<meta property=\"og:image\" content=\"https:\/\/sdk.mk\/wp-content\/uploads\/2015\/12\/goran-mihailovski2.jpg\" \/>\n\t<meta property=\"og:image:width\" content=\"400\" \/>\n\t<meta property=\"og:image:height\" content=\"313\" \/>\n<meta property=\"fb:app_id\" content=\"2407985809428537\" \/>\n<meta name=\"twitter:card\" content=\"summary\" \/>\n<script type=\"application\/ld+json\" class=\"yoast-schema-graph\">{\"@context\":\"https:\/\/schema.org\",\"@graph\":[{\"@type\":\"WebSite\",\"@id\":\"https:\/\/sdk.mk\/#website\",\"url\":\"https:\/\/sdk.mk\/\",\"name\":\"\\u0421\\u0430\\u043a\\u0430\\u043c \\u0414\\u0430 \\u041a\\u0430\\u0436\\u0430\\u043c\",\"description\":\"\\u0417\\u0430 \\u0441\\u043b\\u043e\\u0431\\u043e\\u0434\\u043e\\u0443\\u043c\\u043d\\u0438\",\"potentialAction\":[{\"@type\":\"SearchAction\",\"target\":\"https:\/\/sdk.mk\/?s={search_term_string}\",\"query-input\":\"required name=search_term_string\"}],\"inLanguage\":\"mk-MK\"},{\"@type\":\"ImageObject\",\"@id\":\"https:\/\/sdk.mk\/index.php\/dua-te-them\/tamam-maqedonas\/#primaryimage\",\"inLanguage\":\"mk-MK\",\"url\":\"https:\/\/sdk.mk\/wp-content\/uploads\/2015\/12\/goran-mihailovski2.jpg\",\"width\":400,\"height\":313},{\"@type\":\"WebPage\",\"@id\":\"https:\/\/sdk.mk\/index.php\/dua-te-them\/tamam-maqedonas\/#webpage\",\"url\":\"https:\/\/sdk.mk\/index.php\/dua-te-them\/tamam-maqedonas\/\",\"name\":\"TAMAM MAQEDONAS - \\u0421\\u0430\\u043a\\u0430\\u043c \\u0414\\u0430 \\u041a\\u0430\\u0436\\u0430\\u043c\",\"isPartOf\":{\"@id\":\"https:\/\/sdk.mk\/#website\"},\"primaryImageOfPage\":{\"@id\":\"https:\/\/sdk.mk\/index.php\/dua-te-them\/tamam-maqedonas\/#primaryimage\"},\"datePublished\":\"2017-09-02T08:30:08+00:00\",\"dateModified\":\"2017-09-02T08:30:08+00:00\",\"author\":{\"@id\":\"https:\/\/sdk.mk\/#\/schema\/person\/be7cfa6655c47f7195bfdd0ba8144aa2\"},\"inLanguage\":\"mk-MK\",\"potentialAction\":[{\"@type\":\"ReadAction\",\"target\":[\"https:\/\/sdk.mk\/index.php\/dua-te-them\/tamam-maqedonas\/\"]}]},{\"@type\":\"Person\",\"@id\":\"https:\/\/sdk.mk\/#\/schema\/person\/be7cfa6655c47f7195bfdd0ba8144aa2\",\"name\":\"\\u0413\\u043e\\u0440\\u0430\\u043d \\u041c\\u0438\\u0445\\u0430\\u0458\\u043b\\u043e\\u0432\\u0441\\u043a\\u0438\"}]}<\/script>\n<!-- \/ Yoast SEO Premium plugin. -->","_links":{"self":[{"href":"https:\/\/sdk.mk\/index.php\/wp-json\/wp\/v2\/posts\/38316"}],"collection":[{"href":"https:\/\/sdk.mk\/index.php\/wp-json\/wp\/v2\/posts"}],"about":[{"href":"https:\/\/sdk.mk\/index.php\/wp-json\/wp\/v2\/types\/post"}],"author":[{"embeddable":true,"href":"https:\/\/sdk.mk\/index.php\/wp-json\/wp\/v2\/users\/1"}],"replies":[{"embeddable":true,"href":"https:\/\/sdk.mk\/index.php\/wp-json\/wp\/v2\/comments?post=38316"}],"version-history":[{"count":0,"href":"https:\/\/sdk.mk\/index.php\/wp-json\/wp\/v2\/posts\/38316\/revisions"}],"wp:featuredmedia":[{"embeddable":true,"href":"https:\/\/sdk.mk\/index.php\/wp-json\/wp\/v2\/media\/184"}],"wp:attachment":[{"href":"https:\/\/sdk.mk\/index.php\/wp-json\/wp\/v2\/media?parent=38316"}],"wp:term":[{"taxonomy":"category","embeddable":true,"href":"https:\/\/sdk.mk\/index.php\/wp-json\/wp\/v2\/categories?post=38316"},{"taxonomy":"post_tag","embeddable":true,"href":"https:\/\/sdk.mk\/index.php\/wp-json\/wp\/v2\/tags?post=38316"}],"curies":[{"name":"wp","href":"https:\/\/api.w.org\/{rel}","templated":true}]}}