{"id":39610,"date":"2017-09-17T13:00:43","date_gmt":"2017-09-17T11:00:43","guid":{"rendered":"https:\/\/sdk.mk\/?p=39610"},"modified":"2017-09-17T13:00:43","modified_gmt":"2017-09-17T11:00:43","slug":"lajme-te-cuditshme","status":"publish","type":"post","link":"https:\/\/sdk.mk\/index.php\/dua-te-them\/lajme-te-cuditshme\/","title":{"rendered":"LAJME T\u00cb \u00c7UDITSHME"},"content":{"rendered":"<div class=\"f52428582a4b906b2d2e2a7d733c7d27\" data-index=\"7\" style=\"float: none; margin:10px 0 10px 0; text-align:center;\">\n<!-- MSP Ads Asynchronous JS Tag - Generated with Revive Adserver v5.4.1 -->\r\n<ins data-revive-zoneid=\"167\" data-revive-id=\"060fdb01f6430ec164d3519234aa4967\"><\/ins>\r\n<script async src=\"\/\/panel.ads.com.mk\/www\/delivery\/asyncjs.php\"><\/script>\n<\/div>\n<p><span class=\"dropcap color firstcharacter\">1<\/span>Kryeministri Zoran Zaev pas vizit\u00ebs s\u00eb burgut Idrizov\u00eb deklaroi se i vjen turp q\u00eb \u00ebsht\u00eb kryeminist\u00ebr \u201cn\u00eb nj\u00eb shtet n\u00eb t\u00eb cilin ka burgje me kushte johumane dhe substandarde n\u00ebn \u00e7do lloj dinjiteti njer\u00ebzor.\u201d.<br \/>\nZaevi henes tani do t\u00eb ket\u00eb turp. Spitalet shtet\u00ebrore jan\u00eb qenkan mbi dinjitetin njer\u00ebzor? Shkollat, konviktet, sht\u00ebpit\u00eb studentore mos vall\u00eb kan\u00eb mbistandarde kushtesh jetese? Rrug\u00ebt, a nuk i kemi p\u00ebr turp? Trenat? A nuk \u00ebsht\u00eb turp q\u00eb t\u00eb huaj na donojn\u00eb automjete kund\u00ebr zjarrit, automjete p\u00ebr ndihm\u00ebn e shpejt\u00eb, eho aparate, q\u00eb na nd\u00ebrtojn\u00eb kanalizime dhe uj\u00ebsjell\u00ebs dhe na i renovojn\u00eb p\u00ebrmendoret kulturo-historike?<\/p>\n<p>Besa, henes tani Zaevi do t\u00eb turp\u00ebrohet prej disa kuadrove q\u00eb ka zgjedhur p\u00ebr t\u00eb na drejtuar n\u00eb jet\u00ebn e re. Por, \u00ebsht\u00eb me fat. Arsyeja e vetme se pse Gruevski nuk \u00ebsht\u00eb n\u00eb burg \u00ebsht\u00eb se vazhdimisht del q\u00eb t\u00eb na p\u00ebrkujtoj\u00eb p\u00ebr t\u00eb k\u00ebqijat q\u00eb i ka b\u00ebr\u00eb. E k\u00ebshtu, duke i frik\u00ebsuar nga fakti se mos Gruevski mund t\u00eb kthehet njer\u00ebzit jan\u00eb m\u00eb t\u00eb gatsh\u00ebm t\u2019ia falin disa vendime kuadrosh Zaevit. Si n\u00eb koh\u00ebn kur frik\u00ebsoheshin se mos kthehet Branko, e ia falnin budallall\u00ebqet Gruevskit.<\/p>\n<p><span class=\"dropcap color firstcharacter\">2<\/span>Kur ve\u00e7m\u00eb \u00ebsht\u00eb hapur tema p\u00ebr kushtet e burgjeve, ja nj\u00eb ide se si PSP t\u2019i b\u00ebj\u00eb t\u00eb akuzuarit p\u00ebr krim q\u00eb i d\u00ebgjuam n\u00eb bisedat e p\u00ebrgjuara, t\u00eb fillojn\u00eb t\u00eb bashk\u00ebpunojn\u00eb. T\u2019u premtojn\u00eb se p\u00ebr t\u00eb shkuar\u00ebn n\u00eb burg do t\u00eb vlej\u00eb parimi \u201cI pari q\u00eb vjen, sh\u00ebrbehet\u201d E k\u00ebshtu, ata q\u00eb t\u00eb par\u00ebt do t\u00eb gjykohen, do t\u2019i shijojn\u00eb privilegjet e jet\u00ebs s\u00eb re n\u00eb dhomat e renovuara t\u00eb burgjeve. Kurse ata q\u00eb do t\u00eb largohen nga procedura, q\u00eb do t\u00eb k\u00ebrkohen me p\u00ebrnjedkje nd\u00ebrkomb\u00ebtare, do gjykohen pa prezenc\u00ebn e tyre, e kur t\u2019i gjejn\u00eb do t\u00eb duhet t\u2019i akomodojn\u00eb n\u00eb ndonj\u00eb prej dhomave ku Zaevi \u00ebsht\u00eb turp\u00ebruar.<br \/>\nEpo dhija rac\u00ebn, shoku gjykat\u00ebs.<\/p>\n<p><span class=\"dropcap color firstcharacter\">3<\/span>VMRO-DPMNE brutalisht po g\u00ebnjen q\u00eb Maqedonia do t\u00eb kolonizohet nga refugjat\u00ebt q\u00eb nuk ekzistojn\u00eb, kurse LSDM b\u00ebhet sikur nuk ia pranon budallall\u00ebkun. Gjysma e Maqedonis\u00eb m\u00eb 15 tetor do t\u00eb jet\u00eb konfuze, nuk do t\u00eb dij\u00eb se \u00e7far\u00eb flete t\u00eb rrethoj\u00eb \u2013 p\u00ebr kryetar komune, p\u00ebr k\u00ebshilltar\u00eb, p\u00ebr refugjat\u00eb, kurse LSDM b\u00ebn si e mir\u00eb dhe nuk d\u00ebshiron me fjal\u00ebt e v\u00ebrteta ta quaj\u00eb at\u00eb q\u00eb VMRO-DPMNE e futi si tem\u00eb zgjedhore \u2013 ksenofobia dhe fashizmi. Dhe udh\u00ebheq\u00ebsia m\u00eb e lart\u00eb e LSDM-s\u00eb duhet \u00e7do dit\u00eb t\u2019i p\u00ebrs\u00ebris\u00eb pik\u00ebrisht ato fjal\u00eb. E jo t\u00eb l\u00ebn\u00eb vet\u00ebm Milla Carovsk\u00ebn q\u00eb but\u00ebsisht t\u00eb shpjegoj\u00eb se si VMRO g\u00ebnjen.<\/p>\n<p>Pa t\u00eb qart\u00ebsojm\u00eb pak pun\u00ebt. Refugjat\u00eb nuk ka. Edhe po t\u00eb kishte, askush nuk d\u00ebshiron t\u00eb rrij\u00eb n\u00eb Maqedoni. Por nj\u00eb strategji duhet t\u00eb ket\u00eb. Dhe, t\u00eb parafytyrojm\u00eb q\u00eb e t\u00ebr\u00eb Maqedonia do t\u00eb votoj\u00eb q\u00eb t\u00eb pranoj\u00eb refugjat\u00eb. Cila do t\u00eb j\u00ebt\u00eb strategjia? Kur do t\u00eb mb\u00ebrrijn\u00eb n\u00eb kufi, \u00e7far\u00eb do t\u2019iu b\u00ebjm\u00eb? Do t\u2019i hedhim n\u00eb hendek? Do t\u00eb nd\u00ebrtojm\u00eb mur? Do t\u2019i vrasim? F\u00ebmij\u00ebve pa prind\u00ebr \u00e7\u2019do t\u2019iu b\u00ebjm\u00eb? Do t\u2019i shesim p\u00ebr organe?<\/p>\n<p>Dometh\u00ebn\u00eb, k\u00ebto jan\u00eb pyetjet rreth t\u00eb cilave duhet t\u00eb mendoj\u00eb populli mikprit\u00ebs dhe i ngroht\u00eb maqedonas kur t\u00eb shkoj\u00eb n\u00eb referendum.<\/p>\n<p><span class=\"dropcap color firstcharacter\">4<\/span>Ndon\u00ebse miti p\u00ebr mikpritjen dhe ngroht\u00ebsin\u00eb na u shkat\u00ebrrua n\u00eb momentin q\u00eb banor\u00ebt e Gjevgjelis\u00eb u k\u00ebrkonin nga 5 euro refugjat\u00ebve p\u00ebr t\u2019i mbushur telefonat. Nd\u00ebrse miti q\u00eb refugjat\u00ebt do ta na kolonizojn\u00eb dhe do t\u00eb na i marrin vendet e pun\u00ebs u shkat\u00ebrrua n\u00eb momentin q\u00eb nj\u00ebri prej tyre tha se edhe u japin ndonj\u00eb euro se jan\u00eb shum\u00eb t\u00eb varf\u00ebr.<br \/>\nPrej organizatave nd\u00ebrkomb\u00ebtare t\u00eb cilat prej para dy vjet\u00ebsh i prisnin n\u00eb kufi q\u00eb t\u2019u tregonin se asnj\u00ebri nga ta nuk ka dashur madje as t\u00eb flej\u00eb n\u00eb Maqedoni. Blinin bi\u00e7ikleta n\u00eb Gjevgjeli dhe i linin n\u00eb Kumanov\u00eb, vet\u00ebm sa m\u00eb shpejt\u00eb t\u00eb largoheshin nga k\u00ebtu. Maqedonia nuk ka pare qar nga kriza e refugjat\u00ebve para 2 vjet\u00ebve. Ku shkuan parat\u00eb e hekurudh\u00ebs s\u00eb Maqedonis\u00eb?<\/p>\n<p>Ja, le t\u00eb themi se komunat q\u00eb do t\u00eb shkojn\u00eb n\u00eb referendum do t\u00eb votojn\u00eb se nuk do t\u00eb pranojn\u00eb refugjat\u00eb? Ja, p\u00ebr shembul n\u00eb Karopsh nuk ka lokacione p\u00ebr banesa refugjat\u00ebsh. Pasi lokacionet jan\u00eb p\u00ebr Stev\u00e7on. Kurse Qendra do t\u2019i pranoj\u00eb pasi tashm\u00eb nuk ka banesa boshe. Ata q\u00eb mbet\u00ebn prej votuesve n\u00eb Pustec n\u00eb \u201cMaksim Gjorgjija\u201d, ku jetonin nga 40 njer\u00ebz n\u00eb 60 metra katror\u00eb. Dhe tani, si do t\u00eb mbrohet raca e past\u00ebr e karposhian\u00ebve nga refugjat\u00ebt q\u00eb do t\u00eb shp\u00ebrngulen n\u00eb Qend\u00ebr? N\u00eb rrug\u00ebn Franklin Ruzvelt, q\u00eb i ndau dy komunat. Karposhi do t\u00eb nd\u00ebrtoj\u00eb mur q\u00eb quhet Donald Tramp.<\/p>\n<p><span class=\"dropcap color firstcharacter\">5<\/span>Dhe kur ve\u00e7m\u00eb po flasim p\u00ebr strategjit\u00eb q\u00eb duhet t\u2019i ket\u00eb \u00e7do shtet, e Maqedonia e ka b\u00ebr\u00eb q\u00eb n\u00eb koh\u00ebn e VMRO-DPMNE-s\u00eb, ja dhe nj\u00eb pyetje m\u00eb e r\u00ebnd\u00ebsishm\u00eb. \u00c7far\u00eb do t\u00eb b\u00ebjm\u00eb n\u00ebse ne nj\u00eb dit\u00eb b\u00ebhemi refugjat\u00eb? E atje p\u00ebr ku jemi nisur t\u00eb shkojm\u00eb, n\u00eb referendum kan\u00eb votuar se nuk do t\u00eb na pranojn\u00eb.<\/p>\n<p><span class=\"dropcap color firstcharacter\">6<\/span>Ndonj\u00eb zyrtare shtet\u00ebrore e shtetit amerikan Arkanzas e kan\u00eb gjykuar sepse me kartel\u00ebn e pun\u00ebs ka bler\u00eb veshje p\u00ebr qenin. Dhe ajo e ka pranuar fajin. Agjencia amerkiane p\u00ebr lajme AP e publikoi k\u00ebt\u00eb lajm n\u00ebn kategorin\u00eb \u201clajme t\u00eb \u00e7uditshme\u201d. Nd\u00ebrkoh\u00eb n\u00eb Maqedoni kishte dal\u00eb lajmi se ndonj\u00eb zyrtare e shtetit, ish drejtoresh\u00eb e Entit p\u00ebr pun\u00ebsim n\u00eb Shkup, nga kartela e pun\u00ebs ka shpenzuar 9.000 euro. Ka bler\u00eb gj\u00ebra personale, dhe mes tjerash edhe \u00e7orape meshkujsh dhe vez\u00eb japoneze. E ajo nuk e pranon fajin. Por, akoma dhe i padit sepse thot\u00eb se ka qen\u00eb e akuzuar padrejt\u00ebsisht.<\/p>\n<p>Ky lajm n\u00eb Maqedonia u publikua n\u00ebn kategorin\u00eb \u201cLajme politike t\u00eb dit\u00ebs\u201d. Sepse asaj politika i ka mund\u00ebsuar t\u00eb harxhoj\u00eb prej parave tona. Partia e ka pun\u00ebsuar dhe vet\u00ebm partis\u00eb i ka borxh. At\u00eb drejtoresh\u00eb e d\u00ebgjuam n\u00eb protestat e VMRO-DPMNE para DSK n\u00eb dhjetor pas zgjedhjeve, n\u00eb \u201cnat\u00ebn e thikave t\u00eb gjata\u201d. E th\u00ebrriste madje edhe Qosen. Q\u00eb t\u2019ia shp\u00ebtoj\u00eb kartel\u00ebn e pun\u00ebs.<\/p>\n<p>Do t\u00eb duhet t\u00eb gjith\u00eb drejtor\u00ebve q\u00eb brisnin n\u00eb \u201cnat\u00ebn e thikave t\u00eb gjata\u201d para DSK t\u2019iu b\u00ebhet revizion i kartelave t\u00eb pun\u00ebs. Q\u00eb t\u00eb shohim sa paska kushtuar patriotizmi i tyre.<\/p>\n<p><span class=\"dropcap color firstcharacter\">7<\/span>Gjithmon\u00eb kur VMRO-DPMNE-s\u00eb di\u00e7ka nuk i p\u00eblqen n\u00eb Parlament, \u00e7ohen prej vendit dhe e okupojn\u00eb foltoren dhe karrigen e kryetarit Talat Xhaferi. N\u00eb grup gjithmon\u00eb \u00ebsht\u00eb edhe K\u00ebrsto Mukoski. Por ai q\u00ebndron disi n\u00eb nj\u00eb skaj, nuk shtyhet mes tyre. Q\u00eb t\u00eb jet\u00eb i gatsh\u00ebm, n\u00ebse duhet, me shenj\u00eb\u2026n\u00eb \u00e7do moment prap\u00eb ta hap\u00eb der\u00ebn.<\/p>\n<p><em>\u00a0<\/em><\/p>\n<p><strong><em>P\u00ebrktheu: Fjolla Zllatku<\/em><\/strong><\/p>\n<p>&nbsp;<\/p>\n<p>&nbsp;<\/p>\n\n<div style=\"font-size: 0px; height: 0px; line-height: 0px; margin: 0; padding: 0; clear: both;\"><\/div>","protected":false},"excerpt":{"rendered":"<p>Kryeministri Zoran Zaev pas vizit\u00ebs s\u00eb burgut Idrizov\u00eb deklaroi se i vjen turp q\u00eb \u00ebsht\u00eb kryeminist\u00ebr \u201cn\u00eb nj\u00eb shtet n\u00eb [&hellip;]<\/p>\n","protected":false},"author":1,"featured_media":184,"comment_status":"closed","ping_status":"closed","sticky":false,"template":"","format":"standard","meta":{"_mo_disable_npp":"","inline_featured_image":false},"categories":[1825],"tags":[],"imageURL":"https:\/\/sdk.mk\/wp-content\/uploads\/2015\/12\/goran-mihailovski2.jpg","thumbURL":"https:\/\/sdk.mk\/wp-content\/uploads\/2015\/12\/goran-mihailovski2-250x196.jpg","categoryNames":["DUA T\u00cb THEM"],"feature_caption":"","subtitle":"Donald Tramp n\u00ebp\u00ebrmjet Franklin Ruzveltit do ta mbroj\u00eb Karposhin prej fluksit t\u00eb refugjat\u00ebve t\u00eb Qendr\u00ebs\u00a0","views":"6936","source":"","yoast_head":"<!-- This site is optimized with the Yoast SEO Premium plugin v15.0 - https:\/\/yoast.com\/wordpress\/plugins\/seo\/ -->\n<title>LAJME T\u00cb \u00c7UDITSHME - \u0421\u0430\u043a\u0430\u043c \u0414\u0430 \u041a\u0430\u0436\u0430\u043c<\/title>\n<meta name=\"robots\" content=\"index, follow, max-snippet:-1, max-image-preview:large, max-video-preview:-1\" \/>\n<link rel=\"canonical\" href=\"https:\/\/sdk.mk\/index.php\/dua-te-them\/lajme-te-cuditshme\/\" \/>\n<meta property=\"og:locale\" content=\"mk_MK\" \/>\n<meta property=\"og:type\" content=\"article\" \/>\n<meta property=\"og:title\" content=\"LAJME T\u00cb \u00c7UDITSHME - \u0421\u0430\u043a\u0430\u043c \u0414\u0430 \u041a\u0430\u0436\u0430\u043c\" \/>\n<meta property=\"og:description\" content=\"Kryeministri Zoran Zaev pas vizit\u00ebs s\u00eb burgut Idrizov\u00eb deklaroi se i vjen turp q\u00eb \u00ebsht\u00eb kryeminist\u00ebr \u201cn\u00eb nj\u00eb shtet n\u00eb [&hellip;]\" \/>\n<meta property=\"og:url\" content=\"https:\/\/sdk.mk\/index.php\/dua-te-them\/lajme-te-cuditshme\/\" \/>\n<meta property=\"og:site_name\" content=\"\u0421\u0430\u043a\u0430\u043c \u0414\u0430 \u041a\u0430\u0436\u0430\u043c\" \/>\n<meta property=\"article:published_time\" content=\"2017-09-17T11:00:43+00:00\" \/>\n<meta property=\"og:image\" content=\"https:\/\/sdk.mk\/wp-content\/uploads\/2015\/12\/goran-mihailovski2.jpg\" \/>\n\t<meta property=\"og:image:width\" content=\"400\" \/>\n\t<meta property=\"og:image:height\" content=\"313\" \/>\n<meta property=\"fb:app_id\" content=\"2407985809428537\" \/>\n<meta name=\"twitter:card\" content=\"summary\" \/>\n<script type=\"application\/ld+json\" class=\"yoast-schema-graph\">{\"@context\":\"https:\/\/schema.org\",\"@graph\":[{\"@type\":\"WebSite\",\"@id\":\"https:\/\/sdk.mk\/#website\",\"url\":\"https:\/\/sdk.mk\/\",\"name\":\"\\u0421\\u0430\\u043a\\u0430\\u043c \\u0414\\u0430 \\u041a\\u0430\\u0436\\u0430\\u043c\",\"description\":\"\\u0417\\u0430 \\u0441\\u043b\\u043e\\u0431\\u043e\\u0434\\u043e\\u0443\\u043c\\u043d\\u0438\",\"potentialAction\":[{\"@type\":\"SearchAction\",\"target\":\"https:\/\/sdk.mk\/?s={search_term_string}\",\"query-input\":\"required name=search_term_string\"}],\"inLanguage\":\"mk-MK\"},{\"@type\":\"ImageObject\",\"@id\":\"https:\/\/sdk.mk\/index.php\/dua-te-them\/lajme-te-cuditshme\/#primaryimage\",\"inLanguage\":\"mk-MK\",\"url\":\"https:\/\/sdk.mk\/wp-content\/uploads\/2015\/12\/goran-mihailovski2.jpg\",\"width\":400,\"height\":313},{\"@type\":\"WebPage\",\"@id\":\"https:\/\/sdk.mk\/index.php\/dua-te-them\/lajme-te-cuditshme\/#webpage\",\"url\":\"https:\/\/sdk.mk\/index.php\/dua-te-them\/lajme-te-cuditshme\/\",\"name\":\"LAJME T\\u00cb \\u00c7UDITSHME - \\u0421\\u0430\\u043a\\u0430\\u043c \\u0414\\u0430 \\u041a\\u0430\\u0436\\u0430\\u043c\",\"isPartOf\":{\"@id\":\"https:\/\/sdk.mk\/#website\"},\"primaryImageOfPage\":{\"@id\":\"https:\/\/sdk.mk\/index.php\/dua-te-them\/lajme-te-cuditshme\/#primaryimage\"},\"datePublished\":\"2017-09-17T11:00:43+00:00\",\"dateModified\":\"2017-09-17T11:00:43+00:00\",\"author\":{\"@id\":\"https:\/\/sdk.mk\/#\/schema\/person\/be7cfa6655c47f7195bfdd0ba8144aa2\"},\"inLanguage\":\"mk-MK\",\"potentialAction\":[{\"@type\":\"ReadAction\",\"target\":[\"https:\/\/sdk.mk\/index.php\/dua-te-them\/lajme-te-cuditshme\/\"]}]},{\"@type\":\"Person\",\"@id\":\"https:\/\/sdk.mk\/#\/schema\/person\/be7cfa6655c47f7195bfdd0ba8144aa2\",\"name\":\"\\u0413\\u043e\\u0440\\u0430\\u043d \\u041c\\u0438\\u0445\\u0430\\u0458\\u043b\\u043e\\u0432\\u0441\\u043a\\u0438\"}]}<\/script>\n<!-- \/ Yoast SEO Premium plugin. -->","_links":{"self":[{"href":"https:\/\/sdk.mk\/index.php\/wp-json\/wp\/v2\/posts\/39610"}],"collection":[{"href":"https:\/\/sdk.mk\/index.php\/wp-json\/wp\/v2\/posts"}],"about":[{"href":"https:\/\/sdk.mk\/index.php\/wp-json\/wp\/v2\/types\/post"}],"author":[{"embeddable":true,"href":"https:\/\/sdk.mk\/index.php\/wp-json\/wp\/v2\/users\/1"}],"replies":[{"embeddable":true,"href":"https:\/\/sdk.mk\/index.php\/wp-json\/wp\/v2\/comments?post=39610"}],"version-history":[{"count":0,"href":"https:\/\/sdk.mk\/index.php\/wp-json\/wp\/v2\/posts\/39610\/revisions"}],"wp:featuredmedia":[{"embeddable":true,"href":"https:\/\/sdk.mk\/index.php\/wp-json\/wp\/v2\/media\/184"}],"wp:attachment":[{"href":"https:\/\/sdk.mk\/index.php\/wp-json\/wp\/v2\/media?parent=39610"}],"wp:term":[{"taxonomy":"category","embeddable":true,"href":"https:\/\/sdk.mk\/index.php\/wp-json\/wp\/v2\/categories?post=39610"},{"taxonomy":"post_tag","embeddable":true,"href":"https:\/\/sdk.mk\/index.php\/wp-json\/wp\/v2\/tags?post=39610"}],"curies":[{"name":"wp","href":"https:\/\/api.w.org\/{rel}","templated":true}]}}