{"id":41586,"date":"2017-10-07T15:24:24","date_gmt":"2017-10-07T13:24:24","guid":{"rendered":"https:\/\/sdk.mk\/?p=41586"},"modified":"2017-10-07T15:24:24","modified_gmt":"2017-10-07T13:24:24","slug":"akmis-grujovitis-2","status":"publish","type":"post","link":"https:\/\/sdk.mk\/index.php\/dua-te-them\/akmis-grujovitis-2\/","title":{"rendered":"AKMIS GRUJOVITIS"},"content":{"rendered":"<div class=\"f52428582a4b906b2d2e2a7d733c7d27\" data-index=\"7\" style=\"float: none; margin:10px 0 10px 0; text-align:center;\">\n<!-- MSP Ads Asynchronous JS Tag - Generated with Revive Adserver v5.4.1 -->\r\n<ins data-revive-zoneid=\"167\" data-revive-id=\"060fdb01f6430ec164d3519234aa4967\"><\/ins>\r\n<script async src=\"\/\/panel.ads.com.mk\/www\/delivery\/asyncjs.php\"><\/script>\n<\/div>\n<p><span class=\"dropcap color firstcharacter\">1<\/span>Pes\u00ebqind euro do t\u00eb paguaj\u00eb qytetari q\u00eb ka dashur ta sp\u00ebrkas\u00eb Nikolla Gruevskin me sprej gjat\u00eb\u00a0 fjalimit n\u00eb tubim n\u00eb qend\u00ebr t\u00eb Shkupit. Menj\u00ebher\u00eb e d\u00ebnuan. Dje donte ta sp\u00ebrkas\u00eb, e sot ve\u00e7m\u00eb ka ngelur pa 500 euro.<br \/>\nPor n\u00ebse do t\u00eb donte Gruevski t\u2019ia jap\u00eb nja dy tri shpulla nga ato t\u00eb fortat, do ta d\u00ebnonin pas kat\u00ebr-pes\u00eb vjet\u00ebve. Edhe at\u00eb, n\u00ebse do ta d\u00ebnonin. E n\u00ebse q\u00ebllonte gjykat\u00ebsja.<\/p>\n<p><span class=\"dropcap color firstcharacter\">2<\/span>Tani Gruevski do t\u00eb qaj\u00eb edhe p\u00ebr sprejin. Ashtu si\u00e7 ve\u00e7m\u00eb po qan te ambasador\u00ebt e huaj p\u00ebr sepse \u00ebsht\u00eb i shtypur. Te t\u00eb gjith\u00eb ambasador\u00ebt t\u00eb cil\u00ebve deri dje, edhe si kryeminist\u00ebr, por edhe si lider partie, iu vonohej me or\u00eb t\u00eb t\u00ebra e nuk donte t\u2019i pranoj\u00eb. Dhe kur i pranonte, nuk d\u00ebshironte t\u00eb fotografohej me ta. N\u00eb nat\u00ebn e shirave t\u00eb gjat\u00eb t\u00eb 17 dhjetorit, para selis\u00eb s\u00eb KZSH-s\u00eb, po k\u00ebtyre ambasador\u00ebve u porositi q\u00eb \u201cVMRO-DPMNE nuk do t\u00eb marr\u00eb pjes\u00eb n\u00eb mbledhje dhe negociata ku gjenden ambasador\u00eb dhe p\u00ebrfaq\u00ebsues t\u00eb tjer\u00eb t\u00eb huaj\u201d. K\u00ebt\u00eb gj\u00eb e lexonte para qytetar\u00ebve, t\u00eb cil\u00ebt n\u00eb rreshtin e par\u00eb mbanin afishe me t\u00eb cilat i propozonin ambasadorit amerikan \u201ct\u2019i largoj\u00eb duart prej Maqedonis\u00eb\u201d. Nd\u00ebrsa nga Komisioni evropian ironikisht k\u00ebrkonte t\u00eb precizoj\u00eb se kush u \u00ebsht\u00eb k\u00ebrc\u00ebnuar ambasador\u00ebve, fytyrat e t\u00eb cil\u00ebve u paraqit\u00ebn te nekrolog\u00ebt mu ato dit\u00eb kur Gruevski deklaronte q\u00eb \u201cdisa ambasador\u00eb filluan t\u00eb p\u00ebrzihen shum\u00eb n\u00eb politik\u00ebn e brendshme t\u00eb shtetit\u201d.<\/p>\n<p>T\u00eb hequrit si viktim\u00eb ka vet\u00ebm nj\u00eb q\u00ebllim. Q\u00eb para zgjedhjeve, Gruevski t\u2019u lavd\u00ebrohet relativizuesve se \u201ct\u00eb gjith\u00eb jan\u00eb t\u00eb nj\u00ebjt\u00eb\u201d. Atyre q\u00eb thon\u00eb \u201cZgjedh t\u00eb injoroj\u201d, t\u2019ua leht\u00ebsoj\u00eb marrjen e vendimit, q\u00eb t\u00eb mos dalin p\u00ebr votim, pasi tashm\u00eb nuk votojn\u00eb p\u00ebr Gruevskin. Aktrimi i viktim\u00ebs duhet t\u00eb funksionoj\u00eb si hapi i harres\u00ebs p\u00ebr t\u00eb harruar t\u00eb gjitha lig\u00ebsit\u00eb q\u00eb i b\u00ebri klika e tij, q\u00eb e rob\u00ebron shtetin. Akoma ndjehet ky rob\u00ebrim.<\/p>\n<p>Si mundet vall\u00eb dikush, q\u00eb pas sulmit t\u00eb organizuar t\u00eb Parlamentit m\u00eb 27 prill dhe tentimin p\u00ebr vrasje t\u00eb deputet\u00ebve, t\u00eb thot\u00eb se \u201ct\u00eb gjth\u00eb jan\u00eb t\u00eb nj\u00ebjt\u00eb\u201d? Si duket e kan\u00eb pir\u00eb hapin e Gruevskit. Dhe po ndikon shpejt.<\/p>\n<p><span class=\"dropcap color firstcharacter\">3<\/span>P\u00ebr m\u00eb tep\u00ebr q\u00eb, pas gjith\u00eb asaj q\u00eb d\u00ebgjuam dhe pas gjith\u00eb asaj q\u00eb p\u00ebrjetuam n\u00ebn sundimin e Gruevskit, ai akoma mban ligjerata p\u00ebr moral, ndershm\u00ebri dhe demokraci, p\u00ebr luft\u00eb kund\u00ebr korrupsionit, p\u00ebr administrat\u00eb t\u00eb partizuar e p\u00ebr liri t\u00eb mediave.<br \/>\nKush \u00ebsht\u00eb i \u00e7mendur k\u00ebtu? E kush \u00ebsht\u00eb jornormal: Pasi normal\u00eb, si duket, nuk ka. Ne jemi t\u00eb \u00e7mendur.<\/p>\n<p><span class=\"dropcap color firstcharacter\">4<\/span> E pastaj, vall\u00eb \u00ebsht\u00eb normale q\u00eb Prokuroria, e jo mbrojtja, pas dh\u00ebnies s\u00eb gjykimit, t\u00eb t\u00ebrhiqet nga gjykimi i vet dhe t\u00eb k\u00ebrkoj\u00eb gjykim t\u00eb s\u00ebrish\u00ebm? P\u00ebrkrah k\u00ebsaj, k\u00ebtu nuk b\u00ebhet fjal\u00eb p\u00ebr nj\u00eb rast t\u00eb zakonsh\u00ebm. Por flasim p\u00ebr masakr\u00ebn n\u00eb Liqenin e Smillkov\u00ebs n\u00eb 12 prill, para fest\u00ebs s\u00eb Pashk\u00ebve t\u00eb vitit 2012. Harruam p\u00ebr rastin ku pes\u00eb vet\u00eb ishin t\u00eb akuzuar dhe t\u00eb gjykuar me burg t\u00eb p\u00ebrjetsh\u00ebm p\u00ebr vrasjen e kat\u00ebr djelmoshave dhe nj\u00eb peshkatari. Edhe n\u00eb at\u00eb rast Prokuroria q\u00eb e p\u00ebrgatiti akuz\u00ebn mori edhe gjykimin si\u00e7 e k\u00ebrkonte vet\u00eb D\u00ebnimi maksimal.<br \/>\nDuhet t\u00eb ket\u00eb di\u00e7ka shum\u00eb jonormale n\u00eb at\u00eb rast. Pasi, me gjykimin e ri eventual, do t\u00eb duhet t\u00eb gjykohen t\u00eb gjitha institucionet n\u00eb gjyq\u00ebsi q\u00eb kan\u00eb marr\u00eb pjes\u00eb n\u00eb sjelljen e gjykimit, p\u00ebr t\u00eb cilin tani Prokuroria k\u00ebrkon t\u00eb hiqet.<\/p>\n<p>Dasht\u00eb Zoti t\u00eb jet\u00eb kjo nj\u00eb variant optimist p\u00ebr mbylljen e rastit. Edhe pse, sinqerisht dyshoj n\u00ebse ne si bashk\u00ebsi do t\u00eb kemi fuqin\u00eb t\u00eb zbulojm\u00eb dhe t\u00eb p\u00ebrballemi me t\u00eb v\u00ebrtet\u00ebn e Liqenit t\u00eb Smillkov\u00ebs. Si do q\u00eb t\u00eb jet\u00eb ajo.<\/p>\n<p><span class=\"dropcap color firstcharacter\">5<\/span>Vet\u00ebm 0,02 p\u00ebrqind \u00ebsht\u00eb mund\u00ebsia statistike, me sistemin p\u00ebr p\u00ebrcaktim elektronik t\u00eb l\u00ebnd\u00ebve, q\u00eb prej kat\u00ebr rasteve t\u00eb PSP, tre t\u00eb bien te gjykat\u00ebsja e nj\u00ebjt\u00eb. Dhe jo cila do. Por mu ajo p\u00ebr t\u00eb cil\u00ebn d\u00ebgjuam t\u00eb p\u00ebrflitej n\u00eb bombat se ka bler\u00eb vendin e vet me \u201csvarovski\u201d.<\/p>\n<p>Sistemi p\u00ebr p\u00ebrcaktimin elektronik t\u00eb l\u00ebnd\u00ebve n\u00ebp\u00ebr gjykata na e kan\u00eb b\u00ebr\u00eb dhurat\u00eb amerikan\u00ebt n\u00eb vitin 2010. Kur menduan se mund t\u2019iu sigurojn\u00eb gjykat\u00ebsve tan\u00eb t\u2019u p\u00ebrmbahen rregullit q\u00eb thot\u00eb se drejt\u00ebsia \u00ebsht\u00eb e verb\u00ebr, e iu dhan\u00eb kompjuter p\u00ebr p\u00ebrcaktim elektronik, q\u00eb t\u2019i parandalojn\u00eb manipulimet e mundshme. E quajn\u00eb AKMIS, pasi \u00ebsht\u00eb shkurtes\u00eb e emrit anglez q\u00eb n\u00eb p\u00ebrkthim do t\u00eb thot\u00eb \u201cSistem p\u00ebr menaxhim automatik t\u00eb rasteve\u201d. Mir\u00ebpo, te ne, nga ndarja elektronike e rasteve gjyq\u00ebsore, si duket elektronika e vetme \u00ebsht\u00eb q\u00eb kompjuteri \u00ebsht\u00eb i lidhur me rrym\u00eb. E k\u00ebshtu, nga AKMIS &#8211; \u201cSistem p\u00ebr menaxhim automatik t\u00eb rasteve\u201d, n\u00eb Maqedoni u shnd\u00ebrrua n\u00eb AKMIS \u2013 Instalim i kompjuterizuar automatik p\u00ebr instalim manual t\u00eb svarovskit. (\u0410\u0432\u0442\u043e\u043c\u0430\u0442\u0441\u043a\u043e \u043a\u043e\u043c\u043f\u0458\u0443\u0442\u0435\u0440\u0438\u0437\u0438\u0440\u0430\u043d\u043e \u043c\u0430\u043d\u0443\u0435\u043b\u043d\u043e \u0438\u043d\u0441\u0442\u0430\u043b\u0438\u0440\u0430\u045a\u0435 \u043d\u0430 \u0441\u0432\u0430\u0440\u043e\u0432\u0441\u043a\u0438.)<\/p>\n<p><span class=\"dropcap color firstcharacter\">6<\/span>Vazhdimisht kam p\u00ebrshtypjen se kompjuteri u ka z\u00ebn\u00eb virus. E AKMIS-i \u00ebsht\u00eb s\u00ebmur\u00eb, si\u00e7 s\u00ebmur\u00ebn gjykat\u00ebsit, kur u vin\u00eb raste me politikan\u00eb.<br \/>\nMbani mend, q\u00eb nga prilli i vitit t\u00eb kaluar u s\u00ebmur gjykat\u00ebsi kur p\u00ebr her\u00eb t\u00eb par\u00eb erdhi Gordana Jankulloska n\u00eb marrje n\u00eb pyetje. Gjat\u00eb koh\u00eb ishte n\u00eb pushim mjek\u00ebsor. E harruam. Jav\u00ebn e kaluar u s\u00ebmur gjykat\u00ebsja q\u00eb duhej ta gjykonte Zoran Zaevin p\u00ebr \u201cRryshfet\u201d. Kur, p\u00ebrs\u00ebri, n\u00eb Gjykat\u00ebn penale u paraqit Katica Janeva q\u00eb ta marr\u00eb kompjuterin e ish kryetarit Vlladimir Pan\u00e7evski p\u00ebr t\u2019ia kontrolluar AKMISI-in, n\u00eb gjykat\u00eb erdhi ekipi i Ndihm\u00ebs s\u00eb shpejt\u00eb, pasi prap\u00eb dikush ishte zalisur.<\/p>\n<p>Gjykat\u00ebsit vet\u00ebm po na s\u00ebmuren. I ka z\u00ebn\u00eb ndonj\u00eb virus i AKMIS-it, q\u00eb r\u00ebnd\u00eb hiqet. Kan\u00eb marr\u00eb ndonj\u00eb grujovic dhe t\u00ebr\u00eb koh\u00ebs ia kalojn\u00eb nj\u00ebri-tjetrit.<\/p>\n<p><strong><em>P\u00ebrktheu: Fjolla Zllatku <\/em><\/strong><\/p>\n\n<div style=\"font-size: 0px; height: 0px; line-height: 0px; margin: 0; padding: 0; clear: both;\"><\/div>","protected":false},"excerpt":{"rendered":"<p>Pes\u00ebqind euro do t\u00eb paguaj\u00eb qytetari q\u00eb ka dashur ta sp\u00ebrkas\u00eb Nikolla Gruevskin me sprej gjat\u00eb\u00a0 fjalimit n\u00eb tubim n\u00eb [&hellip;]<\/p>\n","protected":false},"author":1,"featured_media":184,"comment_status":"closed","ping_status":"closed","sticky":false,"template":"","format":"standard","meta":{"_mo_disable_npp":"","inline_featured_image":false},"categories":[1825],"tags":[],"imageURL":"https:\/\/sdk.mk\/wp-content\/uploads\/2015\/12\/goran-mihailovski2.jpg","thumbURL":"https:\/\/sdk.mk\/wp-content\/uploads\/2015\/12\/goran-mihailovski2-250x196.jpg","categoryNames":["DUA T\u00cb THEM"],"feature_caption":"","subtitle":"Xhelati po mundohet t\u00eb paraqitet si viktim\u00eb e jaz\u00ebk iu qoft\u00eb atyre q\u00eb pin\u00eb hapin e harres\u00ebs.","views":"5036","source":"","yoast_head":"<!-- This site is optimized with the Yoast SEO Premium plugin v15.0 - https:\/\/yoast.com\/wordpress\/plugins\/seo\/ -->\n<title>AKMIS GRUJOVITIS - \u0421\u0430\u043a\u0430\u043c \u0414\u0430 \u041a\u0430\u0436\u0430\u043c<\/title>\n<meta name=\"robots\" content=\"index, follow, max-snippet:-1, max-image-preview:large, max-video-preview:-1\" \/>\n<link rel=\"canonical\" href=\"https:\/\/sdk.mk\/index.php\/dua-te-them\/akmis-grujovitis-2\/\" \/>\n<meta property=\"og:locale\" content=\"mk_MK\" \/>\n<meta property=\"og:type\" content=\"article\" \/>\n<meta property=\"og:title\" content=\"AKMIS GRUJOVITIS - \u0421\u0430\u043a\u0430\u043c \u0414\u0430 \u041a\u0430\u0436\u0430\u043c\" \/>\n<meta property=\"og:description\" content=\"Pes\u00ebqind euro do t\u00eb paguaj\u00eb qytetari q\u00eb ka dashur ta sp\u00ebrkas\u00eb Nikolla Gruevskin me sprej gjat\u00eb\u00a0 fjalimit n\u00eb tubim n\u00eb [&hellip;]\" \/>\n<meta property=\"og:url\" content=\"https:\/\/sdk.mk\/index.php\/dua-te-them\/akmis-grujovitis-2\/\" \/>\n<meta property=\"og:site_name\" content=\"\u0421\u0430\u043a\u0430\u043c \u0414\u0430 \u041a\u0430\u0436\u0430\u043c\" \/>\n<meta property=\"article:published_time\" content=\"2017-10-07T13:24:24+00:00\" \/>\n<meta property=\"og:image\" content=\"https:\/\/sdk.mk\/wp-content\/uploads\/2015\/12\/goran-mihailovski2.jpg\" \/>\n\t<meta property=\"og:image:width\" content=\"400\" \/>\n\t<meta property=\"og:image:height\" content=\"313\" \/>\n<meta property=\"fb:app_id\" content=\"2407985809428537\" \/>\n<meta name=\"twitter:card\" content=\"summary\" \/>\n<script type=\"application\/ld+json\" class=\"yoast-schema-graph\">{\"@context\":\"https:\/\/schema.org\",\"@graph\":[{\"@type\":\"WebSite\",\"@id\":\"https:\/\/sdk.mk\/#website\",\"url\":\"https:\/\/sdk.mk\/\",\"name\":\"\\u0421\\u0430\\u043a\\u0430\\u043c \\u0414\\u0430 \\u041a\\u0430\\u0436\\u0430\\u043c\",\"description\":\"\\u0417\\u0430 \\u0441\\u043b\\u043e\\u0431\\u043e\\u0434\\u043e\\u0443\\u043c\\u043d\\u0438\",\"potentialAction\":[{\"@type\":\"SearchAction\",\"target\":\"https:\/\/sdk.mk\/?s={search_term_string}\",\"query-input\":\"required name=search_term_string\"}],\"inLanguage\":\"mk-MK\"},{\"@type\":\"ImageObject\",\"@id\":\"https:\/\/sdk.mk\/index.php\/dua-te-them\/akmis-grujovitis-2\/#primaryimage\",\"inLanguage\":\"mk-MK\",\"url\":\"https:\/\/sdk.mk\/wp-content\/uploads\/2015\/12\/goran-mihailovski2.jpg\",\"width\":400,\"height\":313},{\"@type\":\"WebPage\",\"@id\":\"https:\/\/sdk.mk\/index.php\/dua-te-them\/akmis-grujovitis-2\/#webpage\",\"url\":\"https:\/\/sdk.mk\/index.php\/dua-te-them\/akmis-grujovitis-2\/\",\"name\":\"AKMIS GRUJOVITIS - \\u0421\\u0430\\u043a\\u0430\\u043c \\u0414\\u0430 \\u041a\\u0430\\u0436\\u0430\\u043c\",\"isPartOf\":{\"@id\":\"https:\/\/sdk.mk\/#website\"},\"primaryImageOfPage\":{\"@id\":\"https:\/\/sdk.mk\/index.php\/dua-te-them\/akmis-grujovitis-2\/#primaryimage\"},\"datePublished\":\"2017-10-07T13:24:24+00:00\",\"dateModified\":\"2017-10-07T13:24:24+00:00\",\"author\":{\"@id\":\"https:\/\/sdk.mk\/#\/schema\/person\/be7cfa6655c47f7195bfdd0ba8144aa2\"},\"inLanguage\":\"mk-MK\",\"potentialAction\":[{\"@type\":\"ReadAction\",\"target\":[\"https:\/\/sdk.mk\/index.php\/dua-te-them\/akmis-grujovitis-2\/\"]}]},{\"@type\":\"Person\",\"@id\":\"https:\/\/sdk.mk\/#\/schema\/person\/be7cfa6655c47f7195bfdd0ba8144aa2\",\"name\":\"\\u0413\\u043e\\u0440\\u0430\\u043d \\u041c\\u0438\\u0445\\u0430\\u0458\\u043b\\u043e\\u0432\\u0441\\u043a\\u0438\"}]}<\/script>\n<!-- \/ Yoast SEO Premium plugin. -->","_links":{"self":[{"href":"https:\/\/sdk.mk\/index.php\/wp-json\/wp\/v2\/posts\/41586"}],"collection":[{"href":"https:\/\/sdk.mk\/index.php\/wp-json\/wp\/v2\/posts"}],"about":[{"href":"https:\/\/sdk.mk\/index.php\/wp-json\/wp\/v2\/types\/post"}],"author":[{"embeddable":true,"href":"https:\/\/sdk.mk\/index.php\/wp-json\/wp\/v2\/users\/1"}],"replies":[{"embeddable":true,"href":"https:\/\/sdk.mk\/index.php\/wp-json\/wp\/v2\/comments?post=41586"}],"version-history":[{"count":0,"href":"https:\/\/sdk.mk\/index.php\/wp-json\/wp\/v2\/posts\/41586\/revisions"}],"wp:featuredmedia":[{"embeddable":true,"href":"https:\/\/sdk.mk\/index.php\/wp-json\/wp\/v2\/media\/184"}],"wp:attachment":[{"href":"https:\/\/sdk.mk\/index.php\/wp-json\/wp\/v2\/media?parent=41586"}],"wp:term":[{"taxonomy":"category","embeddable":true,"href":"https:\/\/sdk.mk\/index.php\/wp-json\/wp\/v2\/categories?post=41586"},{"taxonomy":"post_tag","embeddable":true,"href":"https:\/\/sdk.mk\/index.php\/wp-json\/wp\/v2\/tags?post=41586"}],"curies":[{"name":"wp","href":"https:\/\/api.w.org\/{rel}","templated":true}]}}