{"id":42826,"date":"2017-10-21T09:27:11","date_gmt":"2017-10-21T07:27:11","guid":{"rendered":"https:\/\/sdk.mk\/?p=42826"},"modified":"2017-10-21T09:27:11","modified_gmt":"2017-10-21T07:27:11","slug":"vishi-papucet","status":"publish","type":"post","link":"https:\/\/sdk.mk\/index.php\/dua-te-them\/vishi-papucet\/","title":{"rendered":"VISHI PAPU\u00c7ET"},"content":{"rendered":"<div class=\"f52428582a4b906b2d2e2a7d733c7d27\" data-index=\"7\" style=\"float: none; margin:10px 0 10px 0; text-align:center;\">\n<!-- MSP Ads Asynchronous JS Tag - Generated with Revive Adserver v5.4.1 -->\r\n<ins data-revive-zoneid=\"167\" data-revive-id=\"060fdb01f6430ec164d3519234aa4967\"><\/ins>\r\n<script async src=\"\/\/panel.ads.com.mk\/www\/delivery\/asyncjs.php\"><\/script>\n<\/div>\n<p><span class=\"dropcap color firstcharacter\">1<\/span> Si duket amerikan\u00ebt e kan\u00eb tepruar me sp\u00ebrkatjen me alumin deri n\u00eb at\u00eb pika sa q\u00eb t\u2019i b\u00ebjn\u00eb maqedonasit apatik\u00eb. E k\u00ebshtu terapia ka shkaktuar efekte an\u00ebsore te udh\u00ebheq\u00ebsia e VMRO-DPMNE-s\u00eb. P\u00ebrndryshe, si mund t\u00eb shpjegohet propozimi i Komitetit ekzekutiv t\u00eb partis\u00eb p\u00ebr t\u2019i falur t\u00eb gjith\u00eb dhunuesit q\u00eb u fut\u00ebn n\u00eb Parlament me q\u00ebllim q\u00eb t\u00eb vrasin dhe t\u00eb rrahin deputet\u00eb m\u00eb 27 prill? Dhe me \u00e7far\u00eb arsyetimi? \u201cMe synim konsolidimin dhe relaksimin e tensioneve politike\u201d.<\/p>\n<p>\u00c7far\u00eb gj\u00eb t\u00eb tensionuar ka k\u00ebtu? Tensioni i vet\u00ebm \u00ebsht\u00eb q\u00eb dhunuesit e 27 prillit dhe organizator\u00ebt dhe nxit\u00ebsit e tyre t\u00eb dhun\u00ebs akoma nuk jan\u00eb burgosur. Pasi, n\u00ebse ia kan\u00eb dal\u00eb q\u00eb t\u00eb futen n\u00eb Parlament, mund t\u00eb na hyjn\u00eb edhe n\u00eb sht\u00ebpi n\u00ebse p\u00ebrs\u00ebri e d\u00ebgjojn\u00eb Gruevskin q\u00eb t\u00eb mos rrin\u00eb n\u00eb sht\u00ebpi me papu\u00e7e p\u00ebr ta mbrojtur.<br \/>\nP\u00ebr \u00e7far\u00eb lloj konsolidimi flet Komiteti ekzekutiv kur ai gjat\u00eb t\u00ebr\u00eb koh\u00ebs sillte deklarata p\u00ebr llogaritje finale? Mos duhet vall\u00eb t\u2019iu japin edhe libreza t\u00eb LSDM-s\u00eb? Konsolidimi i vet\u00ebm i situat\u00ebs te i cili mund t\u00eb mb\u00ebshteten \u00ebsht\u00eb t\u00eb pajtohen me fatin. Ata q\u00eb kan\u00eb vjedhur dhe kan\u00eb b\u00ebr\u00eb zullume t\u00eb pajtohen me faktin se do t\u00eb shkojn\u00eb n\u00eb burg.<\/p>\n<p><span class=\"dropcap color firstcharacter\">2<\/span> Kurse ata q\u00eb i kan\u00eb mb\u00ebshtetur n\u00eb vjedhje, nd\u00ebrkoh\u00eb q\u00eb disa prej tyre edhe vet\u00eb e kan\u00eb pranuar at\u00eb mb\u00ebshtetje, t\u00eb pajtohen me faktin se ka ardhur koha q\u00eb ta marrin p\u00ebrsip\u00ebr p\u00ebrgjegj\u00ebsin\u00eb. Dhe kjo nuk \u00ebsht\u00eb hakmarrje.<\/p>\n<p>Si ndjeheshin kur i vdishnin papu\u00e7et dhe me plot gatishm\u00ebri i grisnin k\u00ebpuc\u00ebt p\u00ebr ta mbrojtur regjimin n\u00eb protesta dhe kund\u00ebrprotesta? Kur marshonin kund\u00ebr student\u00ebve, profesor\u00ebve, kund\u00ebr koleg\u00ebve\u2026Vall\u00eb iu vinte mir\u00eb kur i rrethonin emrat e komshinjve, t\u00eb prind\u00ebrve dhe t\u00eb miqve n\u00eb defterin partiak dhe i d\u00ebrgonin n\u00eb shtabe p\u00ebr t\u00eb kontrolluar se \u201ckush \u00ebsht\u00eb i joni\u201d?<\/p>\n<p>E pastaj, deri dje ata i bindnin se \u201ctan\u00ebt do t\u00eb ktheheshin n\u00eb pushtet. Dhe se aty ku i ka pun\u00ebsuar fal\u00eb bindjes s\u00eb tyre partiake, kan\u00eb b\u00ebr\u00eb obstruksione. N\u00eb interesin e \u201ctan\u00ebve\u201d.<\/p>\n<p><span class=\"dropcap color firstcharacter\">3<\/span> Dhe p\u00ebrse akoma merremi me VMRO-DPMNE-n\u00eb, n\u00eb vend q\u00eb t\u00eb merremi me \u00e7lirimin e shtetit prej saj?<br \/>\nPak e kishim q\u00eb u \u00e7mend\u00ebm deri sa ishin n\u00eb pushtet, e tani po m\u00ebrzitemi se jan\u00eb n\u00eb opozit\u00eb. E po b\u00ebjm\u00eb plot debate, analiza, a do t\u00eb reformoheshka partia, e si do t\u00eb reformoheshka, e a paska p\u00ebr t\u00eb dh\u00ebn\u00eb dor\u00ebheqjen Gruevski, e si do ta siguruaka vazhdim\u00ebsin\u00eb e partis\u00eb\u2026<\/p>\n<p>Vazhdim\u00ebsi p\u00ebr \u00e7far\u00eb? Dhe reformim p\u00ebr \u00e7far\u00eb? Si mund t\u00eb reformohesh nj\u00eb shoqat\u00eb keqb\u00ebr\u00ebse q\u00eb e ka rob\u00ebruar partia, e n\u00ebp\u00ebrmjet partis\u00eb e ka rob\u00ebruar dhe gjith\u00eb shtetin?<br \/>\nMe demek, n\u00ebse nuk do t\u00eb ishte VMRO-DPMNE, nuk do t\u00eb kishim pasur opozit\u00eb. Dhe se mu VMRO-DPMNE \u00ebsht\u00eb dashur t\u00eb reformohet p\u00ebr t\u00eb qen\u00eb n\u00eb opozit\u00eb. Kjo \u00ebsht\u00eb edhe nj\u00eb tez\u00eb tjet\u00ebr q\u00eb e mban gruevizmin gjall\u00eb. Gruevizmi do t\u00eb jetoj\u00eb p\u00ebrderisa nj\u00eb VMRO-DPMNE e k\u00ebtill\u00eb do t\u00eb konsiderohet si struktur\u00eb politike. Nd\u00ebrkoh\u00eb q\u00eb nuk \u00ebsht\u00eb. Kjo \u00ebsht\u00eb struktur\u00eb kriminele. Dhe vendin nuk e ka n\u00eb jet\u00ebn politike.<\/p>\n<p>P\u00ebr nj\u00eb shtet t\u00eb sh\u00ebndetsh\u00ebm, n\u00eb interes t\u00eb publikut \u00ebsht\u00eb q\u00eb t\u00eb ket\u00eb opozit\u00eb. Por kjo opozit\u00eb nuk mund t\u00eb varet nga reformimi i VMRO-DPMNE-s\u00eb. Interesi publik n\u00eb m\u00ebrzitjen se \u201c\u00e7far\u00eb do t\u00eb b\u00ebjm\u00eb tani pa VMRO-DPMNE-n\u00eb\u201d p\u00ebrfundon me tre pika:<\/p>\n<ul>\n<li>Zbulim i krimeve<\/li>\n<li>D\u00ebnim i atyre q\u00eb kan\u00eb b\u00ebr\u00eb zullume<\/li>\n<li>Kthim i parave t\u00eb vjedhura<\/li>\n<\/ul>\n<p>Aq.<\/p>\n<p>E se \u00e7far\u00eb do t\u00eb b\u00ebjn\u00eb brenda partis\u00eb dhe si do t\u2019i largojn\u00eb shpirtrat e k\u00ebqij, kjo nuk \u00ebsht\u00eb puna jon\u00eb.<\/p>\n<p><span class=\"dropcap color firstcharacter\">4<\/span> Ashtu sikurse nuk \u00ebsht\u00eb puna jon\u00eb se \u00e7\u2019do t\u00eb b\u00ebj\u00eb LSDM-ja brenda partis\u00eb. Por gjithashtu si\u00e7 \u00ebsht\u00eb puna jon\u00eb se si LSDM-ja tani do t\u00eb sillet me fitoren e saj dhe si do t\u00eb qeveris\u00eb. Nj\u00ebqind dit\u00ebt e Zoran Zaevit p\u00ebrfunduan m\u00eb 15 tetor. Me k\u00ebt\u00eb p\u00ebrfunduan edhe arsyetimet p\u00ebr s\u00ebmundjet f\u00ebmij\u00ebve t\u00eb qeveris\u00eb s\u00eb re. Lufta sapo ka filluar. Por jo kund\u00ebr Gruevskit. Por kund\u00ebr gruevizmit.<\/p>\n<p>Kryeministri Zaev \u00e7do dit\u00eb q\u00eb do t\u00eb futet n\u00eb zyr\u00ebn e vet do t\u00eb duhet ta p\u00ebrs\u00ebris\u00eb fjalin\u00eb e tij t\u00eb preferuar: \u201cKjo lig\u00ebsi nuk do t\u00eb p\u00ebrs\u00ebritet m\u00eb kurr\u00eb\u201d.<\/p>\n<p>Vet\u00eb Zaevi p\u00ebr m\u00eb shum\u00eb se dy vjet me shpatullat e tij e udh\u00ebhoqi betej\u00ebn p\u00ebr \u00e7lirimin e shtetit t\u00eb rob\u00ebruar. Prandaj \u00ebsht\u00eb gjithashtu p\u00ebrgjegj\u00ebsia e tij q\u00eb kjo lig\u00ebsi t\u00eb mos p\u00ebrs\u00ebritet \u00ebsht\u00eb m\u00eb e madhja nga t\u00eb gjitha. P\u00ebr m\u00eb tep\u00ebr q\u00eb shenj\u00ebn e gruevizmit e mban akoma n\u00eb ball\u00eb nga l\u00ebndimi m\u00eb 27 prill.<\/p>\n<p><em>P\u00ebrktheu: Fjolla Zllatku<\/em><\/p>\n\n<div style=\"font-size: 0px; height: 0px; line-height: 0px; margin: 0; padding: 0; clear: both;\"><\/div>","protected":false},"excerpt":{"rendered":"<p>Si duket amerikan\u00ebt e kan\u00eb tepruar me sp\u00ebrkatjen me alumin deri n\u00eb at\u00eb pika sa q\u00eb t\u2019i b\u00ebjn\u00eb maqedonasit apatik\u00eb. [&hellip;]<\/p>\n","protected":false},"author":9,"featured_media":184,"comment_status":"closed","ping_status":"closed","sticky":false,"template":"","format":"standard","meta":{"_mo_disable_npp":"","inline_featured_image":false},"categories":[1825],"tags":[],"imageURL":"https:\/\/sdk.mk\/wp-content\/uploads\/2015\/12\/goran-mihailovski2.jpg","thumbURL":"https:\/\/sdk.mk\/wp-content\/uploads\/2015\/12\/goran-mihailovski2-250x196.jpg","categoryNames":["DUA T\u00cb THEM"],"feature_caption":"","subtitle":"Kryeministri Zaev \u00e7do dit\u00eb q\u00eb do t\u00eb futet n\u00eb zyr\u00ebn e vet do t\u00eb duhet ta p\u00ebrs\u00ebris\u00eb fjalin\u00eb e tij t\u00eb preferuar: \u201cKjo lig\u00ebsi nuk do t\u00eb p\u00ebrs\u00ebritet m\u00eb kurr\u00eb\u201d","views":"4673","source":"","yoast_head":"<!-- This site is optimized with the Yoast SEO Premium plugin v15.0 - https:\/\/yoast.com\/wordpress\/plugins\/seo\/ -->\n<title>VISHI PAPU\u00c7ET - \u0421\u0430\u043a\u0430\u043c \u0414\u0430 \u041a\u0430\u0436\u0430\u043c<\/title>\n<meta name=\"robots\" content=\"index, follow, max-snippet:-1, max-image-preview:large, max-video-preview:-1\" \/>\n<link rel=\"canonical\" href=\"https:\/\/sdk.mk\/index.php\/dua-te-them\/vishi-papucet\/\" \/>\n<meta property=\"og:locale\" content=\"mk_MK\" \/>\n<meta property=\"og:type\" content=\"article\" \/>\n<meta property=\"og:title\" content=\"VISHI PAPU\u00c7ET - \u0421\u0430\u043a\u0430\u043c \u0414\u0430 \u041a\u0430\u0436\u0430\u043c\" \/>\n<meta property=\"og:description\" content=\"Si duket amerikan\u00ebt e kan\u00eb tepruar me sp\u00ebrkatjen me alumin deri n\u00eb at\u00eb pika sa q\u00eb t\u2019i b\u00ebjn\u00eb maqedonasit apatik\u00eb. [&hellip;]\" \/>\n<meta property=\"og:url\" content=\"https:\/\/sdk.mk\/index.php\/dua-te-them\/vishi-papucet\/\" \/>\n<meta property=\"og:site_name\" content=\"\u0421\u0430\u043a\u0430\u043c \u0414\u0430 \u041a\u0430\u0436\u0430\u043c\" \/>\n<meta property=\"article:published_time\" content=\"2017-10-21T07:27:11+00:00\" \/>\n<meta property=\"og:image\" content=\"https:\/\/sdk.mk\/wp-content\/uploads\/2015\/12\/goran-mihailovski2.jpg\" \/>\n\t<meta property=\"og:image:width\" content=\"400\" \/>\n\t<meta property=\"og:image:height\" content=\"313\" \/>\n<meta property=\"fb:app_id\" content=\"2407985809428537\" \/>\n<meta name=\"twitter:card\" content=\"summary\" \/>\n<script type=\"application\/ld+json\" class=\"yoast-schema-graph\">{\"@context\":\"https:\/\/schema.org\",\"@graph\":[{\"@type\":\"WebSite\",\"@id\":\"https:\/\/sdk.mk\/#website\",\"url\":\"https:\/\/sdk.mk\/\",\"name\":\"\\u0421\\u0430\\u043a\\u0430\\u043c \\u0414\\u0430 \\u041a\\u0430\\u0436\\u0430\\u043c\",\"description\":\"\\u0417\\u0430 \\u0441\\u043b\\u043e\\u0431\\u043e\\u0434\\u043e\\u0443\\u043c\\u043d\\u0438\",\"potentialAction\":[{\"@type\":\"SearchAction\",\"target\":\"https:\/\/sdk.mk\/?s={search_term_string}\",\"query-input\":\"required name=search_term_string\"}],\"inLanguage\":\"mk-MK\"},{\"@type\":\"ImageObject\",\"@id\":\"https:\/\/sdk.mk\/index.php\/dua-te-them\/vishi-papucet\/#primaryimage\",\"inLanguage\":\"mk-MK\",\"url\":\"https:\/\/sdk.mk\/wp-content\/uploads\/2015\/12\/goran-mihailovski2.jpg\",\"width\":400,\"height\":313},{\"@type\":\"WebPage\",\"@id\":\"https:\/\/sdk.mk\/index.php\/dua-te-them\/vishi-papucet\/#webpage\",\"url\":\"https:\/\/sdk.mk\/index.php\/dua-te-them\/vishi-papucet\/\",\"name\":\"VISHI PAPU\\u00c7ET - \\u0421\\u0430\\u043a\\u0430\\u043c \\u0414\\u0430 \\u041a\\u0430\\u0436\\u0430\\u043c\",\"isPartOf\":{\"@id\":\"https:\/\/sdk.mk\/#website\"},\"primaryImageOfPage\":{\"@id\":\"https:\/\/sdk.mk\/index.php\/dua-te-them\/vishi-papucet\/#primaryimage\"},\"datePublished\":\"2017-10-21T07:27:11+00:00\",\"dateModified\":\"2017-10-21T07:27:11+00:00\",\"author\":{\"@id\":\"https:\/\/sdk.mk\/#\/schema\/person\/3e8217f71bc38bd7c592f30c69e10e5a\"},\"inLanguage\":\"mk-MK\",\"potentialAction\":[{\"@type\":\"ReadAction\",\"target\":[\"https:\/\/sdk.mk\/index.php\/dua-te-them\/vishi-papucet\/\"]}]},{\"@type\":\"Person\",\"@id\":\"https:\/\/sdk.mk\/#\/schema\/person\/3e8217f71bc38bd7c592f30c69e10e5a\",\"name\":\"\\u041c\\u0438\\u0440\\u043e\\u0441\\u043b\\u0430\\u0432 \\u0418\\u043b\\u0438\\u043e\\u0441\\u043a\\u0438\"}]}<\/script>\n<!-- \/ Yoast SEO Premium plugin. -->","_links":{"self":[{"href":"https:\/\/sdk.mk\/index.php\/wp-json\/wp\/v2\/posts\/42826"}],"collection":[{"href":"https:\/\/sdk.mk\/index.php\/wp-json\/wp\/v2\/posts"}],"about":[{"href":"https:\/\/sdk.mk\/index.php\/wp-json\/wp\/v2\/types\/post"}],"author":[{"embeddable":true,"href":"https:\/\/sdk.mk\/index.php\/wp-json\/wp\/v2\/users\/9"}],"replies":[{"embeddable":true,"href":"https:\/\/sdk.mk\/index.php\/wp-json\/wp\/v2\/comments?post=42826"}],"version-history":[{"count":0,"href":"https:\/\/sdk.mk\/index.php\/wp-json\/wp\/v2\/posts\/42826\/revisions"}],"wp:featuredmedia":[{"embeddable":true,"href":"https:\/\/sdk.mk\/index.php\/wp-json\/wp\/v2\/media\/184"}],"wp:attachment":[{"href":"https:\/\/sdk.mk\/index.php\/wp-json\/wp\/v2\/media?parent=42826"}],"wp:term":[{"taxonomy":"category","embeddable":true,"href":"https:\/\/sdk.mk\/index.php\/wp-json\/wp\/v2\/categories?post=42826"},{"taxonomy":"post_tag","embeddable":true,"href":"https:\/\/sdk.mk\/index.php\/wp-json\/wp\/v2\/tags?post=42826"}],"curies":[{"name":"wp","href":"https:\/\/api.w.org\/{rel}","templated":true}]}}