{"id":44786,"date":"2017-11-11T13:30:40","date_gmt":"2017-11-11T12:30:40","guid":{"rendered":"https:\/\/sdk.mk\/?p=44786"},"modified":"2017-11-11T13:30:40","modified_gmt":"2017-11-11T12:30:40","slug":"zhan-mone-2","status":"publish","type":"post","link":"https:\/\/sdk.mk\/index.php\/dua-te-them\/zhan-mone-2\/","title":{"rendered":"ZHAN MONE"},"content":{"rendered":"<div class=\"f52428582a4b906b2d2e2a7d733c7d27\" data-index=\"7\" style=\"float: none; margin:10px 0 10px 0; text-align:center;\">\n<!-- MSP Ads Asynchronous JS Tag - Generated with Revive Adserver v5.4.1 -->\r\n<ins data-revive-zoneid=\"167\" data-revive-id=\"060fdb01f6430ec164d3519234aa4967\"><\/ins>\r\n<script async src=\"\/\/panel.ads.com.mk\/www\/delivery\/asyncjs.php\"><\/script>\n<\/div>\n<p><span class=\"dropcap color firstcharacter\">1<\/span> Kush do t\u00eb shkoj\u00eb, vall\u00eb, n\u00eb sht\u00ebpin\u00eb e Zhan Mones\u00eb pran\u00eb Parisit, p\u00ebr t\u00eb biseduar p\u00ebr pajtimin mes qeveris\u00eb dhe opozit\u00ebs n\u00eb Parlamentin e Maqedonis\u00eb? Sipas ides\u00eb s\u00eb deputetit evropian Ivo Vajg\u00ebll, do t\u00eb duhet t\u00eb ket\u00eb nga nj\u00eb koordinator, nj\u00eb deputet dhe nj\u00eb an\u00ebtar t\u00eb sh\u00ebrbimit Parlamentar t\u00eb \u00e7do grupi deputet\u00ebsh.<\/p>\n<p>M\u00eb s\u00eb miri \u00ebsht\u00eb t\u00eb \u00e7ojm\u00eb deputetin K\u00ebrsto Mukoski q\u00eb t\u2019ua hap\u00eb der\u00ebn mysafir\u00ebve. E bashk\u00eb me t\u00eb t\u00eb jet\u00eb dhe Johan Tar\u00e7ullovski q\u00eb t\u2019i drejtoj\u00eb drejt dhom\u00ebs s\u00eb duhur, q\u00eb t\u00eb mos humben. Nd\u00ebrsa Sasho Vasilevski do t\u00eb jet\u00eb aty p\u00ebr \u00e7do rast, p\u00ebr shembull n\u00ebse nevojitet t\u00eb l\u00ebvizet \u00e7el\u00ebsi i der\u00ebs.<\/p>\n<p>Mbase prandaj edhe VMRO-DPMNE akoma mendon n\u00eb duhet ta pranoj\u00eb iniciativ\u00ebn p\u00ebr pajtim pran\u00eb Parisit. Pasi jan\u00eb shum\u00eb veta. Dhjet\u00eb grupe deputet\u00ebsh, nga tre n\u00eb \u00e7do delegacion, tridhjet\u00eb vet\u00eb nuk i nx\u00eb n\u00eb nj\u00eb dhom\u00eb. Nuk u b\u00eb sht\u00ebpia e Zhan Mones\u00eb si banesa n\u00eb Kapishtec gjat\u00eb koh\u00ebs s\u00eb zgjedhjeve para kat\u00ebr vjet\u00ebsh. Apo, akoma mendojn\u00eb se num\u00ebrohen se kush ka pasaport\u00eb, e kush nuk ka, q\u00eb t\u00eb dal\u00eb nga toka. Plus q\u00eb edhe datat duhet t\u00eb mos p\u00ebrputhen me afatet gjyq\u00ebsore.<\/p>\n<p>Ta dinte ideologu i Evrop\u00ebs s\u00eb bashkuar, Zhan Mone, se kush sh\u00ebtit n\u00ebp\u00ebr sht\u00ebpin\u00eb e tij, do t\u00eb rrokullisej n\u00eb varr. N\u00eb at\u00eb vend kan\u00eb zhvilluar debate me vizion Robert Shuman, Dvajt Ajzenhauer dhe Konrad Adenauer, kurse ne do t\u2019ua \u00e7ojm\u00eb Vlladanka Aviroviqin. Dhe Vllatko Gjor\u00e7evin q\u00eb t\u00eb zihet me veten e vet.<\/p>\n<p>Do t\u2019i kushtoj\u00eb shtrenjt\u00eb Bashkimit Evropian kjo p\u00ebrpjekje p\u00ebr rehabilitim t\u00eb Nikolla Gruevskit dhe shoq\u00ebris\u00eb s\u00eb tij. P\u00ebr 11 vjet q\u00eb ka qen\u00eb k\u00ebtu, nj\u00eb her\u00eb nuk ka dal\u00eb n\u00eb debat, n\u00eb Parlament nuk paraqitet dot pasi e konsideron t\u00eb ul\u00ebt nivelin e deputetit, por te Zhan Moneja do t\u00eb bisedoj\u00eb me kund\u00ebrshtar\u00ebt politik\u00eb p\u00ebr pajtim parlamentar? E \u00e7far\u00eb do t\u2019u shpjegoj\u00eb? Si ndodhi 27 prilli?<\/p>\n<p>P\u00ebr m\u00eb tep\u00ebr, \u00e7\u2019u duhet ajo e vajtur gjer n\u00eb Paris? A nuk na p\u00ebrg\u00ebzuan t\u00eb gjith\u00eb p\u00ebr zgjedhjet e realizuara si\u00e7 duhet. Njer\u00ebzit votuan, vendos\u00ebn q\u00eb nuk duan q\u00eb Gruevski t\u00eb jet\u00eb n\u00eb pushtet dhe k\u00ebtu mbaron e gjith\u00eb puna. Kush po mban inat ndaj kujt? N\u00eb \u00e7do shtet ekziston qeveri dhe opozit\u00eb. Vall\u00eb, t\u00eb jet\u00eb aq e tmerrshme q\u00eb Gruevski nuk \u00ebsht\u00eb m\u00eb n\u00eb pushtet pas 11 vjet\u00ebsh, q\u00eb t\u00eb kemi p\u00ebrs\u00ebri nj\u00eb situat\u00eb nd\u00ebrkomb\u00ebtare?<\/p>\n<p>E pastaj, kush do t\u00eb paguaj\u00eb p\u00ebr sh\u00ebtitjet n\u00eb Paris? Tatimpaguesit evropian\u00eb? Ne, me parat\u00eb nga akciza p\u00ebr dizelin nga buxheti i ri? Apo, nuk kan\u00eb p\u00ebrfunduar tamam t\u00eb gjitha parat\u00eb e vjedhura t\u00eb popullit n\u00eb Belize. Ka mbetur edhe di\u00e7ka p\u00ebr t\u00eb kthyer Gruevskin n\u00eb jet\u00eb.<\/p>\n<p><span class=\"dropcap color firstcharacter\">2<\/span> Meq\u00eb jemi te buxheti, un\u00eb pranoj se jam nj\u00eb nga ata gazetar\u00eb q\u00eb nuk merren vesh nga financat. Dhe p\u00ebr dallim nga disa koleg\u00eb t\u00eb mi, nuk jam ndjer\u00eb i fyer nga deklarata e ministrit Dragan Tevdovski, i cili u b\u00ebri lutje gazetar\u00ebve q\u00eb nuk marrin vesh nga financat t\u00eb mos b\u00ebnin spekulime p\u00ebr buxhetin. Matematik\u00ebn e njoh aq sa m\u00eb \u00ebsht\u00eb dashur ta m\u00ebsoj n\u00eb gjimnaz. Dhe me at\u00eb nivel njohjeje e kam absolutisht t\u00eb qart\u00eb dhe m\u00eb duket shum\u00eb logjik deklarata e ish ministrit t\u00eb financave, Xhevdet Hajredini, i cili thot\u00eb: N\u00ebse pohoni se qeveria e kaluar ka vjedhur 500 milion\u00eb euro n\u00eb vit, pse i parashikuat ato para n\u00eb buxhet? Dhe pyet: Mir\u00eb q\u00eb i keni parashikuar. Por, \u00e7far\u00eb do t\u00eb b\u00ebni me ato para? N\u00eb se do t\u2019i shpenzoni?<br \/>\nAq matematik\u00eb di un\u00eb. Dhe pyetja m\u00eb duket plot\u00ebsisht me vend. \u00c7far\u00eb jemi duke b\u00ebr\u00eb me parat\u00eb q\u00eb qeveria e kaluar ka parashikuar t\u2019i vjedh\u00eb? Nd\u00ebrkoh\u00eb q\u00eb kjo qeveri thot\u00eb se nuk do t\u00eb vjedh\u00eb.<\/p>\n<p><span class=\"dropcap color firstcharacter\">3<\/span> Edhe pse, n\u00ebse themi t\u00eb drejt\u00ebn, ishte qeveria e re ajo q\u00eb hapi buxhetin p\u00ebr debat publik. Kryeministri dhe ministri i financave dol\u00ebn n\u00eb debat p\u00ebr sh\u00ebrbimin publik. U p\u00ebrgjigjeshin pyetjeve t\u00eb ministrit t\u00eb par\u00eb t\u00eb financave t\u00eb Gruevskit, Trajko Sllaveski. Keni par\u00eb gj\u00eb t\u00eb till\u00eb m\u00eb par\u00eb? Ministri i financave nuk ka zbritur p\u00ebr dy jav\u00eb t\u00eb t\u00ebra nga ekrani duke u b\u00ebr\u00eb shpjegime t\u00eb gjith\u00ebve. Si atyre q\u00eb merren, si atyre q\u00eb s\u2019merren vesh nga financat.<br \/>\nUn\u00eb nuk mbaj mend ndonj\u00ebher\u00eb t\u00eb jet\u00eb ngritur kaq shum\u00eb buj\u00eb p\u00ebr buxhetin. P\u00ebrve\u00e7 p\u00ebr buxhetin e vitit 2013. Kur m\u00eb 24 dhjetor t\u00eb vitit 2012, VMRO-DPMNE me shqelma i nxori opozitar\u00ebt nga salla e Parlamentit. Po. At\u00ebher\u00eb flitej shum\u00eb p\u00ebr buxhetin.<\/p>\n<p>Edhe me k\u00ebt\u00eb muhabetin p\u00ebr tre denar\u00ebt e shtuara p\u00ebr akciz\u00ebn e dizelit. Dy jav\u00eb po debatojm\u00eb, u b\u00ebm\u00eb t\u00eb gjith\u00eb ekspert\u00eb t\u00eb financave dhe t\u00eb ekologjis\u00eb. \u00c7\u2019ju ka gjetur, o njer\u00ebz? N\u00eb koh\u00ebn e Gruevskit dhe t\u00eb Zoran Stavreskit, p\u00ebr \u00e7mimin e rritur t\u00eb dizelit do t\u00eb merrnim vesh tek at\u00ebher\u00eb kur t\u00eb arrinim n\u00eb pomp\u00ebn e benzinit. E nuk kishte koh\u00eb q\u00eb t\u00eb ankoheshim pasi TVM, Sitelli apo Kanal 5 me dit\u00eb t\u00eb t\u00ebra na shpjegonin se sa e mir\u00eb \u00ebsht\u00eb kjo p\u00ebr sh\u00ebndetin ton\u00eb. Dhe se sa shum\u00eb e ka ngritur kjo gj\u00eb Maqedonin\u00eb n\u00eb rejtingun e \u00e7do rang liste. Dhe se jemi lider\u00eb t\u00eb akciz\u00ebs n\u00eb bot\u00eb, po edhe m\u00eb gjer\u00eb, \u00e7ka do t\u00eb thot\u00eb, sigurisht, se \u00ebsht\u00eb nj\u00eb d\u00ebshmi p\u00ebr politikat e suksesshme t\u00eb qeveris\u00eb s\u00eb VMRO-DPMNE-s\u00eb n\u00ebn komand\u00ebn e Nikolla Gruevskit.<\/p>\n<p>Madje edhe biznesmen\u00ebt mor\u00ebn kurajo. T\u00eb gjitha ata q\u00eb p\u00ebshp\u00ebrisnin fshehurazi se Zoran Stavreski nuk ua kthen TVSH-n\u00eb, e na lusnin n\u00ebse do t\u00eb mundeshim t\u00eb shkruanim, por pa ua p\u00ebrmendur emrin. Gruevski i mblidhte n\u00eb sall\u00ebn e madhe t\u00eb \u201cAleksandar Palace\u201d, nd\u00ebrsa ata t\u00eb spitullosur, sikur t\u00eb ishin nisur p\u00ebr ndonj\u00eb mesh\u00eb kishe, meq\u00eb i malltretone t\u00eb dielave n\u00eb m\u00ebngjes, e prisnin nj\u00eb or\u00eb deri sa zgjohej e t\u00eb vinte, p\u00ebr t\u2019i qortuar se pse nuk japin para p\u00ebr kish\u00ebn, e n\u00eb fund i duartrokisnin kur u premtonte se do t\u2019ua kthej\u00eb TVSH-n\u00eb. Gj\u00eb q\u00eb p\u00ebr t\u00eb \u00ebsht\u00eb detyrim ligjor.<\/p>\n<p>Pak si shpejt\u00eb harruam se \u00e7far\u00eb na ndodhi p\u00ebr 11 vjet. E tani Zhan Mone do t\u00eb na p\u00ebrkujtoj\u00eb.<\/p>\n<p><span class=\"dropcap color firstcharacter\">4<\/span> Besa, edhe historit\u00eb e Zoran Zaevit p\u00ebr ca analist\u00eb q\u00eb i kan\u00eb th\u00ebn\u00eb se u \u00ebsht\u00eb c\u00ebnuar siguria, m\u2019i kujtojn\u00eb historit\u00eb p\u00ebr c\u00ebnimin e Nikolla Gruevskit. N\u00eb faqet ballore t\u00eb gazet\u00ebs \u201cDnevnik\u201d. Dhe n\u00eb lajmet kryesore n\u00eb televizionet, e marra nga burimet e mir\u00ebinformuara t\u00eb portaleve korriere. A nuk kishte p\u00ebr ta vrar\u00eb nj\u00eb koh\u00eb, ndonj\u00eb mafi \u00e7e\u00e7ene? A nuk u desht\u00eb q\u00eb avioni i tij t\u00eb ateronte n\u00eb Cyrih se pati di\u00e7ka urgjente, ndonj\u00eb rrezik sigurie, kur shkruanin me kajron n\u00eb mes t\u00eb serive turke\u2026E pastaj, vet\u00ebm kur m\u00eb kujtohet se sa her\u00eb \u00ebsht\u00eb granatuar nd\u00ebrtesa e Qeveris\u00eb. Por pse t\u00eb num\u00ebrojm\u00eb, kur akoma askush nuk \u00ebsht\u00eb z\u00ebn\u00eb? Q\u00eb nga koha kur Ivica Bocevski ishte z\u00ebdh\u00ebn\u00ebs.<br \/>\nKurse \u00ebsht\u00eb krejt\u00ebsisht muhabet tjet\u00ebr q\u00eb sh\u00ebrbimet e siguris\u00eb , kur ua tregojn\u00eb k\u00ebto informacione kryeministrit, nuk i thon\u00eb se nuk \u00ebsht\u00eb gjith\u00e7ka p\u00ebr t\u2019u th\u00ebn\u00eb publikisht.<\/p>\n<p>Kapaku mbi t\u00eb gjitha \u00ebsht\u00eb se doli edhe VMRO-DPMNE-ja me nj\u00eb komunikat\u00eb. E th\u00ebrriti Zaevin q\u00eb t\u00eb thoshte se nga kush merr k\u00ebrc\u00ebnime dhe se sa reale jan\u00eb. Dhe ai ua tha. M\u00eb 28 prill doli me \u00e7allm\u00eb n\u00eb kok\u00eb duke akuzuar se m\u00eb 27 prill kishte ndodhur nj\u00eb sulm i organizuar i Parlamentit, me q\u00ebllim q\u00eb dikush ta vriste. Deklarat\u00eb s\u00eb cil\u00ebs Gruevski iu p\u00ebrgjigj: \u201cT\u00eb donte dikush ta vriste, do ta kishte vrar\u00eb\u201d.<\/p>\n<p>Edhe k\u00ebta deputet\u00ebt e LSDM-s\u00eb me gjith\u00eb mend e kan\u00eb pranuar iden\u00eb e Nikolla Gruevskit dhe shoq\u00ebris\u00eb s\u00eb tij p\u00ebr rehabilitim n\u00eb Paris? Pse Zaevi e mbajti p\u00ebr dy vjet mbante kok\u00ebn n\u00eb rrezik e n\u00eb fund me gjith\u00eb kuptimin e fjal\u00ebs iu gjakos? Q\u00eb ta kthente Gruevskin si faktor nd\u00ebrkomb\u00ebtar?<\/p>\n<p><span class=\"dropcap color firstcharacter\">5<\/span> Erdhi jeta edhe p\u00ebr deputet\u00ebt e koalicionit t\u00eb qeveris\u00eb. Iu q\u00eblluan mir\u00eb rezultatet e zgjedhjeve lokale. Nd\u00ebrkoh\u00eb edhe VMRO-vcat nuk u b\u00ebjn\u00eb shum\u00eb presion. Than\u00eb me vete \u2013 t\u00eb b\u00ebjm\u00eb pak pushim. Imagjinoni t\u00eb kishte ndodhur n\u00eb ndonj\u00eb shtet tjet\u00ebr q\u00eb deputet\u00ebt t\u00eb mos kishin votuar p\u00ebr p\u00ebrparimin e t\u00eb drejtave t\u00eb njeriut. \u00c7far\u00eb skandali do t\u00eb ishte ai. Por ne, meq\u00eb i njohim, ua neglizhojm\u00eb budallall\u00ebqet. Andaj edhe shpjegimi i koordinatorit t\u00eb grupit t\u00eb deputet\u00ebve t\u00eb LSDM-s\u00eb, Tomisllav Tuntev, se kan\u00eb qen\u00eb t\u00eb defokusuar dhe konfuz\u00eb, na duket si gj\u00eb normale. Nj\u00ebsoj si kur koordinatori i deputet\u00ebve t\u00eb BDI-s\u00eb, Artan Grubi tha se nuk kan\u00eb votuat p\u00ebr shkak t\u00eb nj\u00eb gabimi teknik.<\/p>\n<p>Asnjeri as nuk dyshon se ata me q\u00ebllim nuk i kan\u00eb votuar rekomandimet e Avokatit t\u00eb popullit. Thjesht kan\u00eb ardhur n\u00eb Parlament, jan\u00eb paraqitur me kartelat e tyre se jan\u00eb akoma n\u00eb pun\u00eb dhe kan\u00eb ikur p\u00ebr kafe. Si \u00e7do zyrtar shtet\u00ebror normal. N\u00ebse do t\u00eb kishin qen\u00eb me t\u00eb v\u00ebrtet\u00eb aq t\u00eb fokusuar dhe konfuz\u00eb kur duhet t\u00eb marrin para p\u00ebr patarina dhe m\u00ebditje, mbase do t\u2019ia kishim kursyer ndonj\u00eb denar buxhetit. Por kjo gj\u00eb nuk do t\u2019u kishte ndodhur as me gabim.<\/p>\n<p>Si mund t\u2019i ndodhte nj\u00eb gj\u00eb e k\u00ebtill\u00eb Ilija Dimovskit si koordinator? P\u00ebr m\u00eb tep\u00ebr, cili \u00ebsht\u00eb funksioni i koordinatorit? T\u2019i koordinoj\u00eb koleg\u00ebt. Dhe t\u2019i fokusoj\u00eb drejt k\u00ebsaj: N\u00ebse nuk dini se k\u00eb duhet t\u00eb votoni dhe n\u00ebse nuk mendoni me kok\u00ebn tuaj, shtypni butonin jeshil. Kurse n\u00eb rastin tjet\u00ebr, t\u00eb kuqin\u201d.<\/p>\n<p>Por m\u00eb mir\u00eb t\u00eb mos e fillojm\u00eb at\u00eb muhabet. Ta kthejm\u00eb VMRO-n\u00eb, poashtu.<\/p>\n<p><em>P\u00ebrktheu: Fjolla Zllatku<\/em><\/p>\n<p>&nbsp;<\/p>\n\n<div style=\"font-size: 0px; height: 0px; line-height: 0px; margin: 0; padding: 0; clear: both;\"><\/div>","protected":false},"excerpt":{"rendered":"<p>Kush do t\u00eb shkoj\u00eb, vall\u00eb, n\u00eb sht\u00ebpin\u00eb e Zhan Mones\u00eb pran\u00eb Parisit, p\u00ebr t\u00eb biseduar p\u00ebr pajtimin mes qeveris\u00eb dhe [&hellip;]<\/p>\n","protected":false},"author":1,"featured_media":184,"comment_status":"closed","ping_status":"closed","sticky":false,"template":"","format":"standard","meta":{"_mo_disable_npp":"","inline_featured_image":false},"categories":[1825],"tags":[],"imageURL":"https:\/\/sdk.mk\/wp-content\/uploads\/2015\/12\/goran-mihailovski2.jpg","thumbURL":"https:\/\/sdk.mk\/wp-content\/uploads\/2015\/12\/goran-mihailovski2-250x196.jpg","categoryNames":["DUA T\u00cb THEM"],"feature_caption":"","subtitle":"Vall\u00eb, t\u00eb jet\u00eb aq e tmerrshme q\u00eb Gruevski nuk \u00ebsht\u00eb m\u00eb n\u00eb pushtet pas 11 vjet\u00ebsh, q\u00eb t\u00eb kemi p\u00ebrs\u00ebri nj\u00eb situat\u00eb nd\u00ebrkomb\u00ebtare?","views":"5832","source":"","yoast_head":"<!-- This site is optimized with the Yoast SEO Premium plugin v15.0 - https:\/\/yoast.com\/wordpress\/plugins\/seo\/ -->\n<title>ZHAN MONE - \u0421\u0430\u043a\u0430\u043c \u0414\u0430 \u041a\u0430\u0436\u0430\u043c<\/title>\n<meta name=\"robots\" content=\"index, follow, max-snippet:-1, max-image-preview:large, max-video-preview:-1\" \/>\n<link rel=\"canonical\" href=\"https:\/\/sdk.mk\/index.php\/dua-te-them\/zhan-mone-2\/\" \/>\n<meta property=\"og:locale\" content=\"mk_MK\" \/>\n<meta property=\"og:type\" content=\"article\" \/>\n<meta property=\"og:title\" content=\"ZHAN MONE - \u0421\u0430\u043a\u0430\u043c \u0414\u0430 \u041a\u0430\u0436\u0430\u043c\" \/>\n<meta property=\"og:description\" content=\"Kush do t\u00eb shkoj\u00eb, vall\u00eb, n\u00eb sht\u00ebpin\u00eb e Zhan Mones\u00eb pran\u00eb Parisit, p\u00ebr t\u00eb biseduar p\u00ebr pajtimin mes qeveris\u00eb dhe [&hellip;]\" \/>\n<meta property=\"og:url\" content=\"https:\/\/sdk.mk\/index.php\/dua-te-them\/zhan-mone-2\/\" \/>\n<meta property=\"og:site_name\" content=\"\u0421\u0430\u043a\u0430\u043c \u0414\u0430 \u041a\u0430\u0436\u0430\u043c\" \/>\n<meta property=\"article:published_time\" content=\"2017-11-11T12:30:40+00:00\" \/>\n<meta property=\"og:image\" content=\"https:\/\/sdk.mk\/wp-content\/uploads\/2015\/12\/goran-mihailovski2.jpg\" \/>\n\t<meta property=\"og:image:width\" content=\"400\" \/>\n\t<meta property=\"og:image:height\" content=\"313\" \/>\n<meta property=\"fb:app_id\" content=\"2407985809428537\" \/>\n<meta name=\"twitter:card\" content=\"summary\" \/>\n<script type=\"application\/ld+json\" class=\"yoast-schema-graph\">{\"@context\":\"https:\/\/schema.org\",\"@graph\":[{\"@type\":\"WebSite\",\"@id\":\"https:\/\/sdk.mk\/#website\",\"url\":\"https:\/\/sdk.mk\/\",\"name\":\"\\u0421\\u0430\\u043a\\u0430\\u043c \\u0414\\u0430 \\u041a\\u0430\\u0436\\u0430\\u043c\",\"description\":\"\\u0417\\u0430 \\u0441\\u043b\\u043e\\u0431\\u043e\\u0434\\u043e\\u0443\\u043c\\u043d\\u0438\",\"potentialAction\":[{\"@type\":\"SearchAction\",\"target\":\"https:\/\/sdk.mk\/?s={search_term_string}\",\"query-input\":\"required name=search_term_string\"}],\"inLanguage\":\"mk-MK\"},{\"@type\":\"ImageObject\",\"@id\":\"https:\/\/sdk.mk\/index.php\/dua-te-them\/zhan-mone-2\/#primaryimage\",\"inLanguage\":\"mk-MK\",\"url\":\"https:\/\/sdk.mk\/wp-content\/uploads\/2015\/12\/goran-mihailovski2.jpg\",\"width\":400,\"height\":313},{\"@type\":\"WebPage\",\"@id\":\"https:\/\/sdk.mk\/index.php\/dua-te-them\/zhan-mone-2\/#webpage\",\"url\":\"https:\/\/sdk.mk\/index.php\/dua-te-them\/zhan-mone-2\/\",\"name\":\"ZHAN MONE - \\u0421\\u0430\\u043a\\u0430\\u043c \\u0414\\u0430 \\u041a\\u0430\\u0436\\u0430\\u043c\",\"isPartOf\":{\"@id\":\"https:\/\/sdk.mk\/#website\"},\"primaryImageOfPage\":{\"@id\":\"https:\/\/sdk.mk\/index.php\/dua-te-them\/zhan-mone-2\/#primaryimage\"},\"datePublished\":\"2017-11-11T12:30:40+00:00\",\"dateModified\":\"2017-11-11T12:30:40+00:00\",\"author\":{\"@id\":\"https:\/\/sdk.mk\/#\/schema\/person\/be7cfa6655c47f7195bfdd0ba8144aa2\"},\"inLanguage\":\"mk-MK\",\"potentialAction\":[{\"@type\":\"ReadAction\",\"target\":[\"https:\/\/sdk.mk\/index.php\/dua-te-them\/zhan-mone-2\/\"]}]},{\"@type\":\"Person\",\"@id\":\"https:\/\/sdk.mk\/#\/schema\/person\/be7cfa6655c47f7195bfdd0ba8144aa2\",\"name\":\"\\u0413\\u043e\\u0440\\u0430\\u043d \\u041c\\u0438\\u0445\\u0430\\u0458\\u043b\\u043e\\u0432\\u0441\\u043a\\u0438\"}]}<\/script>\n<!-- \/ Yoast SEO Premium plugin. -->","_links":{"self":[{"href":"https:\/\/sdk.mk\/index.php\/wp-json\/wp\/v2\/posts\/44786"}],"collection":[{"href":"https:\/\/sdk.mk\/index.php\/wp-json\/wp\/v2\/posts"}],"about":[{"href":"https:\/\/sdk.mk\/index.php\/wp-json\/wp\/v2\/types\/post"}],"author":[{"embeddable":true,"href":"https:\/\/sdk.mk\/index.php\/wp-json\/wp\/v2\/users\/1"}],"replies":[{"embeddable":true,"href":"https:\/\/sdk.mk\/index.php\/wp-json\/wp\/v2\/comments?post=44786"}],"version-history":[{"count":0,"href":"https:\/\/sdk.mk\/index.php\/wp-json\/wp\/v2\/posts\/44786\/revisions"}],"wp:featuredmedia":[{"embeddable":true,"href":"https:\/\/sdk.mk\/index.php\/wp-json\/wp\/v2\/media\/184"}],"wp:attachment":[{"href":"https:\/\/sdk.mk\/index.php\/wp-json\/wp\/v2\/media?parent=44786"}],"wp:term":[{"taxonomy":"category","embeddable":true,"href":"https:\/\/sdk.mk\/index.php\/wp-json\/wp\/v2\/categories?post=44786"},{"taxonomy":"post_tag","embeddable":true,"href":"https:\/\/sdk.mk\/index.php\/wp-json\/wp\/v2\/tags?post=44786"}],"curies":[{"name":"wp","href":"https:\/\/api.w.org\/{rel}","templated":true}]}}