{"id":45410,"date":"2017-11-18T14:06:04","date_gmt":"2017-11-18T13:06:04","guid":{"rendered":"https:\/\/sdk.mk\/?p=45410"},"modified":"2017-11-18T14:06:04","modified_gmt":"2017-11-18T13:06:04","slug":"inkubatore-te-kontaminuar","status":"publish","type":"post","link":"https:\/\/sdk.mk\/index.php\/dua-te-them\/inkubatore-te-kontaminuar\/","title":{"rendered":"INKUBATOR\u00cb T\u00cb KONTAMINUAR"},"content":{"rendered":"<div class=\"f52428582a4b906b2d2e2a7d733c7d27\" data-index=\"7\" style=\"float: none; margin:10px 0 10px 0; text-align:center;\">\n<!-- MSP Ads Asynchronous JS Tag - Generated with Revive Adserver v5.4.1 -->\r\n<ins data-revive-zoneid=\"167\" data-revive-id=\"060fdb01f6430ec164d3519234aa4967\"><\/ins>\r\n<script async src=\"\/\/panel.ads.com.mk\/www\/delivery\/asyncjs.php\"><\/script>\n<\/div>\n<p><span class=\"dropcap color firstcharacter\">1<\/span>Duhet me t\u00eb v\u00ebrtet\u00eb t\u00eb jet\u00eb kalbur di\u00e7ka n\u00eb shtet q\u00eb vet\u00ebm brenda nj\u00eb nate t\u00eb jet\u00eb angazhuar p\u00ebrforcim i kontrollit policor, duke mbyllur 13 kafene dhe klube t\u00eb nat\u00ebs, vet\u00ebm n\u00eb Shkup. \u00c7far\u00eb tregon kjo p\u00ebr sistemin e kontrollit n\u00eb zbatimin e ligjit, kur inspektor\u00ebve u duhet t\u00eb shkojn\u00eb n\u00eb inspeksion n\u00ebn shoq\u00ebrimin e policis\u00eb nga frika? Dhe at\u00eb jo me polici \u00e7far\u00ebdo. Por me nj\u00ebsi speciale p\u00ebr shp\u00ebrndarje t\u00eb shpejt\u00eb nga MPB. Ku do t\u00eb shkojn\u00eb t\u00eb paguajn\u00eb tatim me nj\u00ebsi speciale? N\u00eb kartelet e drog\u00ebs n\u00eb Meksik\u00eb dhe Kolumbi? Vall\u00eb, t\u00eb jet\u00eb kaq i ndryshkur sistemi, sa q\u00eb shtetit i duhet t\u00eb angazhoj\u00eb polic\u00eb ve\u00e7an\u00ebrisht t\u00eb trajnuar p\u00ebr t\u00eb kontrolluar respektimin e ligjit gjat\u00eb koh\u00ebs s\u00eb pun\u00ebs, p\u00ebr dh\u00ebnien e llogarive fiskale, ndalimin e pirjes s\u00eb duhanit apo p\u00ebr shp\u00ebrndarjen e alkoolit t\u00eb miturve?<\/p>\n<p>N\u00ebse do t\u00eb ishte aq e shthurur komanda, ndoshta do t\u00eb duhet t\u00eb d\u00ebrgonin edhe ushtri. Por, jeta nuk ka p\u00ebr t\u00eb ardhur n\u00ebse \u00e7do fundjave shteti do t\u00eb duhet t\u00eb angazhoj\u00eb profesionist\u00eb ve\u00e7an\u00ebrisht t\u00eb trajnuar p\u00ebr kryerjen e funksionit t\u00eb inspeksionit. M\u00eb n\u00eb fund, ligji p\u00ebr ndalimin e pirjes s\u00eb duhanit dhe disiplin\u00ebs fiskale dhe t\u00eb gjitha ligjet e tjera nuk zbatohen me nj\u00ebsi speciale. Zbatohen me d\u00ebnim joselektiv t\u00eb t\u00eb gjith\u00eb atyre q\u00eb kan\u00eb shkelur ligjin. Dhe me an\u00eb t\u00eb d\u00ebnimit t\u00eb zyrtar\u00ebve t\u00eb korruptuar shtet\u00ebror\u00eb. E jo me d\u00ebnimin e \u201ctuajve\u201d, e jo \u201ctan\u00ebve\u201d. Me \u201cpiskama dhe britma\u201d, vet\u00ebm p\u00ebr \u201ctuajt\u201d. E me z\u00ebvend\u00ebsim t\u00eb agjencive \u201ctuaja\u201d t\u00eb siguris\u00eb me ato \u201ctonat\u201d.<\/p>\n<p>Nuk jam kund\u00ebr aksioneve policore. Por jam kund\u00ebr dramave politike si\u00e7 i kemi par\u00eb t\u00eb ndodhin n\u00eb t\u00eb kaluar\u00ebn, t\u00eb cilat nuk dua t\u00eb p\u00ebrs\u00ebriten m\u00eb. Dhe nuk ka nevoj\u00eb t\u00eb luani majtap me \u201cn\u00ebse s\u2019b\u00ebhet k\u00ebshtu, at\u00ebher\u00eb do ta kthejm\u00eb VMRO-n\u00eb\u201d. Pasi, n\u00ebse vazhdon ndarja selektive e s\u00eb drejt\u00ebs dhe korrupsionit t\u00eb aparatit shtet\u00ebror, VMRO-ja z\u00ebre se nuk \u00ebsht\u00eb larguar nga pushteti. Vet\u00ebm sa ka ndryshuar emrin.<\/p>\n<p><span class=\"dropcap color firstcharacter\">2<\/span>Nd\u00ebrkoh\u00eb, deputet\u00ebt e VMRO-DPMNE-s\u00eb luajn\u00eb majtap me ta. Dhe thon\u00eb: \u201cQeveria n\u00eb programin parazgjedhor premtoi se do t\u2019i zvog\u00ebloj\u00eb shpenzimet e udh\u00ebtimit, prandaj le t\u00eb gjej\u00eb zgjidhje.\u201d<br \/>\nDeputet\u00ebt n\u00eb dhjet\u00eb vjet\u00ebt e fundit kan\u00eb ndryshuar ligjin p\u00ebr nd\u00ebrtim gjithsej plot 34 her\u00eb, e tani nuk mundkan ta ndryshojn\u00eb ligjin p\u00ebr shpenzime t\u00eb udh\u00ebtimit. Ndryshuan ligjin e filmit q\u00eb t\u00eb mundet serit\u00eb televizive t\u00eb marrin 4.5 milion\u00eb euro para nga populli nga Agjencia p\u00ebr film, nd\u00ebrsa tani nuk e nuk mund ta ndryshojn\u00eb nj\u00eb ligj t\u00eb k\u00ebtill\u00eb. Kush e di se sa ligje kan\u00eb ndryshuar q\u00eb t\u00eb mund t\u00eb vjedhin legalisht nga buxheti.<br \/>\nE, n\u00ebse kan\u00eb mundur t\u00eb ndryshojn\u00eb ligje p\u00ebr t\u00eb vjedhur, mbase nuk \u00ebsht\u00eb aq e v\u00ebshtir\u00eb t\u00eb ndryshojn\u00eb nj\u00eb ligj edhe p\u00ebr kursim.<\/p>\n<p><span class=\"dropcap color firstcharacter\">3<\/span>E ashtu, duke kursyer, deputet\u00ebt do t\u00eb mund t\u00eb l\u00ebvdohen se kan\u00eb dhuruar ndonj\u00eb gj\u00eb. Si\u00e7 do t\u00eb l\u00ebvdohet kryeministri Zoran Zaev se Qeveria ka dhuruar inkubator\u00eb p\u00ebr gjinekologjin\u00eb shtet\u00ebrore. Si ashtu, paska dhuruar Qeveria? Mos vall\u00eb ministrat paskan hequr dor\u00eb nga rrogat e tyre? Apo kan\u00eb nxjerr\u00eb para nga kursimet personale?<\/p>\n<p>Qeveria nuk dhuron. Jemi ne q\u00eb i b\u00ebjm\u00eb dhurime Qeveris\u00eb dit\u00eb p\u00ebr dit\u00eb. Me pagimin e tatimeve, qe t\u00eb mundet ajo me parat\u00eb tona t\u00eb blej\u00eb inkubator\u00eb. Dhe gj\u00ebrat t\u00eb tjera q\u00eb na nevojiten. I kemi votuar pasi na premtuan se do t\u2019i shpenzojn\u00eb parat\u00eb p\u00ebr gj\u00ebra q\u00eb me t\u00eb v\u00ebrtet\u00eb na duhen. Parat\u00eb tona.<\/p>\n<p><span class=\"dropcap color firstcharacter\">4<\/span>\u201cDonacioni\u201d i Qeveris\u00eb u b\u00eb i famsh\u00ebm, ndon\u00ebse jo aq i famsh\u00ebm sa rasti kur Mile Janakieski dhe Zoran Stavreski voziteshin me autobus\u00ebt e ri t\u00eb qytetit n\u00ebp\u00ebr Shkup, pasi Gruevskit iu tek ashtu.<br \/>\nN\u00eb at\u00eb koh\u00eb, mund t\u00eb ndodhte q\u00eb Nikolla Gruevski t\u00eb rrij\u00eb n\u00eb Parlament me or\u00eb t\u00eb t\u00ebra me zinxhirin e pantallonave t\u00eb hapur. Por, askush nuk guxonte t\u2019i thot\u00eb \u201core, kryeminist\u00ebr, dyqanin e ke \u00e7el\u00eb\u201d.<\/p>\n<p>N\u00eb fotografit\u00eb e ligj\u00ebrimit ceremonial p\u00ebr inkubator\u00ebt pam\u00eb se kryeministri Zoran Zaev kishte veshur n\u00eb m\u00ebnyr\u00eb t\u00eb gabuar mbules\u00ebn sterile. Por, si duket edhe atij askush nuk ka guxuar t\u2019i thot\u00eb gj\u00eb. E ashtu josteril si\u00e7 ishte, vazhdonte t\u00eb kontaminoj\u00eb shtetin\u201d.<\/p>\n<p>Askush nuk ka marr\u00eb guximin q\u00eb t\u2019i thot\u00eb kryeministrit se ka gabuar. Z\u00ebdh\u00ebn\u00ebsit filluan t\u00eb k\u00ebrkojn\u00eb q\u00eb pyetjet t\u00eb parashtrohen me drejtshkrim. Zaevi filloi t\u00eb vonohet n\u00eb ngjarje nga 40 minuta (edhe pse fakti se kryeministri vonohet nuk do t\u00eb thot\u00eb se \u00ebsht\u00eb arsye q\u00eb ngjarja t\u00eb mos filloj\u00eb n\u00eb koh\u00eb. Pasi, ngjarja nuk \u00ebsht\u00eb p\u00ebr kryeministrin, por p\u00ebr publikun). MPB filloi t\u00eb mbaj\u00eb konferenca shtypi p\u00ebr aksione spektakolare me nj\u00ebsi speciale t\u00eb dielave\u2026<br \/>\nNdoshta jam paranoik. Por megjithat\u00eb, them, m\u00eb mir\u00eb t\u2019i shpalos q\u00ebndrimet e mia me koh\u00eb. T\u00eb mos jet\u00eb e nevojshme t\u00eb m\u2019i p\u00ebrgjojn\u00eb telefonatat.<\/p>\n<p><span class=\"dropcap color firstcharacter\">5<\/span>Ja, ku e kemi Gruevskin duke u k\u00ebrc\u00ebnuar p\u00ebrs\u00ebri se do t\u00eb kthehet. N\u00eb nj\u00eb megaintervist\u00eb me shum\u00eb vazhdime. Duke th\u00ebn\u00eb: \u201cN\u00ebse dikush \u00ebsht\u00eb i aft\u00eb dhe punon p\u00ebr shtetin e vet, ose do t\u2019i shpikin se gjoja nuk i respektuaka ligjet dhe me veprat e tij ka b\u00ebr\u00eb krim, ose do t\u2019i shpikin ndonj\u00eb afer\u00eb seksuale apo di\u00e7ka t\u00eb ngjashme.\u201d<br \/>\nEee, sa ka punuar Gruevski p\u00ebr shtetin e vet. P\u00ebrgjonte mij\u00ebra qytetar\u00eb, porosiste shpulla p\u00ebr kund\u00ebrshtar\u00ebt e vet politik\u00eb \u201cnga ato m\u00eb t\u00eb fortat\u201d, ua shkat\u00ebrronte nd\u00ebrtesat me dinamit q\u00eb \u201cmos ta zgjasim shum\u00eb\u201d, b\u00ebnte para me p\u00ebrqindje me \u201ct\u00eb verdhat\u201d \u2013 \u201cse mos \u00ebsht\u00eb shum\u00eb\u201d, blinte mercedes nga 600.000 euro me parat\u00eb tona me \u201cekrane p\u00ebr f\u00ebmij\u00eb\u201d, b\u00ebnte pazar me parcela n\u00eb Vodno \u201cp\u00ebr hi\u00e7gj\u00eb\u201d\u2026<br \/>\nNuk \u00ebsht\u00eb e nevojshme q\u00eb t\u2019i shpik\u00eb dikush as ndonj\u00eb krim, as ndonj\u00eb afer\u00eb seksuale. Gruevski \u00ebsht\u00eb pjes\u00ebtar n\u00eb afer\u00ebn m\u00eb t\u00eb madhe seksuale n\u00eb Maqedoni q\u00eb nga pavar\u00ebsimi i saj e deri m\u00eb sot. T\u00eb gjith\u00ebve na ka kajt nan\u00ebn.<\/p>\n<p><em>P\u00ebrktheu: Fjolla Zllatku<\/em><\/p>\n\n<div style=\"font-size: 0px; height: 0px; line-height: 0px; margin: 0; padding: 0; clear: both;\"><\/div>","protected":false},"excerpt":{"rendered":"<p>Duhet me t\u00eb v\u00ebrtet\u00eb t\u00eb jet\u00eb kalbur di\u00e7ka n\u00eb shtet q\u00eb vet\u00ebm brenda nj\u00eb nate t\u00eb jet\u00eb angazhuar p\u00ebrforcim i [&hellip;]<\/p>\n","protected":false},"author":9,"featured_media":184,"comment_status":"closed","ping_status":"closed","sticky":false,"template":"","format":"standard","meta":{"_mo_disable_npp":"","inline_featured_image":false},"categories":[1825],"tags":[],"imageURL":"https:\/\/sdk.mk\/wp-content\/uploads\/2015\/12\/goran-mihailovski2.jpg","thumbURL":"https:\/\/sdk.mk\/wp-content\/uploads\/2015\/12\/goran-mihailovski2-250x196.jpg","categoryNames":["DUA T\u00cb THEM"],"feature_caption":"","subtitle":" Gruevski \u00ebsht\u00eb pjes\u00ebtar i afer\u00ebs m\u00eb t\u00eb madhe seksuale. T\u00eb gjith\u00ebve na ka kajt nan\u00ebn. ","views":"4749","source":"","yoast_head":"<!-- This site is optimized with the Yoast SEO Premium plugin v15.0 - https:\/\/yoast.com\/wordpress\/plugins\/seo\/ -->\n<title>INKUBATOR\u00cb T\u00cb KONTAMINUAR - \u0421\u0430\u043a\u0430\u043c \u0414\u0430 \u041a\u0430\u0436\u0430\u043c<\/title>\n<meta name=\"robots\" content=\"index, follow, max-snippet:-1, max-image-preview:large, max-video-preview:-1\" \/>\n<link rel=\"canonical\" href=\"https:\/\/sdk.mk\/index.php\/dua-te-them\/inkubatore-te-kontaminuar\/\" \/>\n<meta property=\"og:locale\" content=\"mk_MK\" \/>\n<meta property=\"og:type\" content=\"article\" \/>\n<meta property=\"og:title\" content=\"INKUBATOR\u00cb T\u00cb KONTAMINUAR - \u0421\u0430\u043a\u0430\u043c \u0414\u0430 \u041a\u0430\u0436\u0430\u043c\" \/>\n<meta property=\"og:description\" content=\"Duhet me t\u00eb v\u00ebrtet\u00eb t\u00eb jet\u00eb kalbur di\u00e7ka n\u00eb shtet q\u00eb vet\u00ebm brenda nj\u00eb nate t\u00eb jet\u00eb angazhuar p\u00ebrforcim i [&hellip;]\" \/>\n<meta property=\"og:url\" content=\"https:\/\/sdk.mk\/index.php\/dua-te-them\/inkubatore-te-kontaminuar\/\" \/>\n<meta property=\"og:site_name\" content=\"\u0421\u0430\u043a\u0430\u043c \u0414\u0430 \u041a\u0430\u0436\u0430\u043c\" \/>\n<meta property=\"article:published_time\" content=\"2017-11-18T13:06:04+00:00\" \/>\n<meta property=\"og:image\" content=\"https:\/\/sdk.mk\/wp-content\/uploads\/2015\/12\/goran-mihailovski2.jpg\" \/>\n\t<meta property=\"og:image:width\" content=\"400\" \/>\n\t<meta property=\"og:image:height\" content=\"313\" \/>\n<meta property=\"fb:app_id\" content=\"2407985809428537\" \/>\n<meta name=\"twitter:card\" content=\"summary\" \/>\n<script type=\"application\/ld+json\" class=\"yoast-schema-graph\">{\"@context\":\"https:\/\/schema.org\",\"@graph\":[{\"@type\":\"WebSite\",\"@id\":\"https:\/\/sdk.mk\/#website\",\"url\":\"https:\/\/sdk.mk\/\",\"name\":\"\\u0421\\u0430\\u043a\\u0430\\u043c \\u0414\\u0430 \\u041a\\u0430\\u0436\\u0430\\u043c\",\"description\":\"\\u0417\\u0430 \\u0441\\u043b\\u043e\\u0431\\u043e\\u0434\\u043e\\u0443\\u043c\\u043d\\u0438\",\"potentialAction\":[{\"@type\":\"SearchAction\",\"target\":\"https:\/\/sdk.mk\/?s={search_term_string}\",\"query-input\":\"required name=search_term_string\"}],\"inLanguage\":\"mk-MK\"},{\"@type\":\"ImageObject\",\"@id\":\"https:\/\/sdk.mk\/index.php\/dua-te-them\/inkubatore-te-kontaminuar\/#primaryimage\",\"inLanguage\":\"mk-MK\",\"url\":\"https:\/\/sdk.mk\/wp-content\/uploads\/2015\/12\/goran-mihailovski2.jpg\",\"width\":400,\"height\":313},{\"@type\":\"WebPage\",\"@id\":\"https:\/\/sdk.mk\/index.php\/dua-te-them\/inkubatore-te-kontaminuar\/#webpage\",\"url\":\"https:\/\/sdk.mk\/index.php\/dua-te-them\/inkubatore-te-kontaminuar\/\",\"name\":\"INKUBATOR\\u00cb T\\u00cb KONTAMINUAR - \\u0421\\u0430\\u043a\\u0430\\u043c \\u0414\\u0430 \\u041a\\u0430\\u0436\\u0430\\u043c\",\"isPartOf\":{\"@id\":\"https:\/\/sdk.mk\/#website\"},\"primaryImageOfPage\":{\"@id\":\"https:\/\/sdk.mk\/index.php\/dua-te-them\/inkubatore-te-kontaminuar\/#primaryimage\"},\"datePublished\":\"2017-11-18T13:06:04+00:00\",\"dateModified\":\"2017-11-18T13:06:04+00:00\",\"author\":{\"@id\":\"https:\/\/sdk.mk\/#\/schema\/person\/3e8217f71bc38bd7c592f30c69e10e5a\"},\"inLanguage\":\"mk-MK\",\"potentialAction\":[{\"@type\":\"ReadAction\",\"target\":[\"https:\/\/sdk.mk\/index.php\/dua-te-them\/inkubatore-te-kontaminuar\/\"]}]},{\"@type\":\"Person\",\"@id\":\"https:\/\/sdk.mk\/#\/schema\/person\/3e8217f71bc38bd7c592f30c69e10e5a\",\"name\":\"\\u041c\\u0438\\u0440\\u043e\\u0441\\u043b\\u0430\\u0432 \\u0418\\u043b\\u0438\\u043e\\u0441\\u043a\\u0438\"}]}<\/script>\n<!-- \/ Yoast SEO Premium plugin. -->","_links":{"self":[{"href":"https:\/\/sdk.mk\/index.php\/wp-json\/wp\/v2\/posts\/45410"}],"collection":[{"href":"https:\/\/sdk.mk\/index.php\/wp-json\/wp\/v2\/posts"}],"about":[{"href":"https:\/\/sdk.mk\/index.php\/wp-json\/wp\/v2\/types\/post"}],"author":[{"embeddable":true,"href":"https:\/\/sdk.mk\/index.php\/wp-json\/wp\/v2\/users\/9"}],"replies":[{"embeddable":true,"href":"https:\/\/sdk.mk\/index.php\/wp-json\/wp\/v2\/comments?post=45410"}],"version-history":[{"count":0,"href":"https:\/\/sdk.mk\/index.php\/wp-json\/wp\/v2\/posts\/45410\/revisions"}],"wp:featuredmedia":[{"embeddable":true,"href":"https:\/\/sdk.mk\/index.php\/wp-json\/wp\/v2\/media\/184"}],"wp:attachment":[{"href":"https:\/\/sdk.mk\/index.php\/wp-json\/wp\/v2\/media?parent=45410"}],"wp:term":[{"taxonomy":"category","embeddable":true,"href":"https:\/\/sdk.mk\/index.php\/wp-json\/wp\/v2\/categories?post=45410"},{"taxonomy":"post_tag","embeddable":true,"href":"https:\/\/sdk.mk\/index.php\/wp-json\/wp\/v2\/tags?post=45410"}],"curies":[{"name":"wp","href":"https:\/\/api.w.org\/{rel}","templated":true}]}}