{"id":47712,"date":"2017-12-16T15:58:45","date_gmt":"2017-12-16T14:58:45","guid":{"rendered":"https:\/\/sdk.mk\/?p=47712"},"modified":"2017-12-16T15:58:45","modified_gmt":"2017-12-16T14:58:45","slug":"uje-dojrani","status":"publish","type":"post","link":"https:\/\/sdk.mk\/index.php\/dua-te-them\/uje-dojrani\/","title":{"rendered":"UJ\u00cb DOJRANI"},"content":{"rendered":"<div class=\"f52428582a4b906b2d2e2a7d733c7d27\" data-index=\"7\" style=\"float: none; margin:10px 0 10px 0; text-align:center;\">\n<!-- MSP Ads Asynchronous JS Tag - Generated with Revive Adserver v5.4.1 -->\r\n<ins data-revive-zoneid=\"167\" data-revive-id=\"060fdb01f6430ec164d3519234aa4967\"><\/ins>\r\n<script async src=\"\/\/panel.ads.com.mk\/www\/delivery\/asyncjs.php\"><\/script>\n<\/div>\n<p><span class=\"dropcap color firstcharacter\">1<\/span>Urdh\u00ebri \u201cVMRO i jav\u00ebs\u201d i shkon kryetarit t\u00eb Shkupit, Petre Shilegov. P\u00ebr deklarat\u00ebn e dh\u00ebn\u00eb n\u00eb lidhje me protestat e lajm\u00ebruara n\u00eb rrjetet sociale me rastin e ndotjes enorme t\u00eb kryeqytetit.<br \/>\nShilegovi tha: \u201cMendimi im personal \u00ebsht\u00eb se nj\u00eb pjes\u00eb e mir\u00eb e t\u00eb ashtuquajtur\u00ebs iniciativ\u00eb e qytetar\u00ebve \u00ebsht\u00eb blof politik p\u00ebr politik\u00ebn populiste q\u00eb krijoi VMRO-DPMNE gjat\u00eb periudh\u00ebs s\u00eb shkuar, pasojat pik\u00eblluese t\u00eb s\u00eb cil\u00ebs po i shohim tani mbi sh\u00ebndetin ton\u00eb. Informacionet e mia jan\u00eb se protesta \u00ebsht\u00eb e motivuar politikisht me q\u00ebllim q\u00eb t\u00eb diskreditohen si pushteti lokal ashtu edhe ai qendror n\u00eb luft\u00ebn kund\u00ebr ndotjes s\u00eb ajrit\u201d.<\/p>\n<p>Provoni t\u00eb z\u00ebvend\u00ebsoni fjal\u00ebn VMRO-DPMNE me LSDM n\u00eb k\u00ebt\u00eb deklarat\u00eb. Do t\u00eb ting\u00eblloj\u00eb sikur deklarat\u00ebn ta ket\u00eb dh\u00ebn\u00eb Ilija Dimovski n\u00eb dit\u00ebt m\u00eb t\u00eb fuqishme t\u00eb regjimit.<\/p>\n<p>N\u00eb qoft\u00eb se Petre Shilegov d\u00ebshiron t\u00eb jet\u00eb nj\u00eb politikan i v\u00ebrtet\u00eb, do t\u00eb duhet ta shfryt\u00ebzoj\u00eb protest\u00ebn q\u00eb ta nxis\u00eb veten p\u00ebr t\u00eb gjetur nj\u00eb zgjidhje efikase t\u00eb problemit s\u00eb ndotjes s\u00eb ajrit. Pasi madje edhe vmrovcat, t\u00eb cil\u00ebve nga ky dim\u00ebr filloi t\u2019u pengoj\u00eb ndotja e ajrit, e din\u00eb se Petre nuk \u00ebsht\u00eb fajtor p\u00ebr smogun helmues. Dhe e din\u00eb se ky problem nuk mund t\u00eb zgjidhet vet\u00ebm brenda dy muajve.<\/p>\n<p>Ata q\u00eb b\u00ebjn\u00eb thirrje p\u00ebr protest\u00eb duan t\u00eb din\u00eb n\u00ebse kryetari i Shkupit k\u00ebrkon nj\u00ebkoh\u00ebsisht zgjidhje ad-hok dhe jet\u00ebgjata.<\/p>\n<p>N\u00eb fund t\u00eb fundit, \u00e7\u2019pun\u00eb prish n\u00ebse protesta edhe e motivuar politikisht? K\u00ebtu b\u00ebhet fjal\u00eb p\u00ebr protest\u00eb mbi nj\u00eb problem esencial t\u00eb interesit publik. Vall\u00eb, vet\u00ebm partit\u00eb mund t\u00eb jen\u00eb t\u00eb motivuara politikisht?<\/p>\n<p>Fakti se VMRO-DPMNE nuk na ka mbytur, nuk do t\u00eb thot\u00eb se na b\u00ebri m\u00eb t\u00eb fort\u00eb q\u00eb t\u00eb mbijetojm\u00eb n\u00eb ndotjen e ajrit.<\/p>\n<p><span class=\"dropcap color firstcharacter\">2<\/span>N\u00ebse ekipi PR i kryetarit t\u00eb qytetit i analizon tekstet gazetareske dhe komentet mbi deklarat\u00ebn e Shilegovit, le t\u00eb analizoj\u00eb edhe k\u00ebt\u00eb:<br \/>\nKryetari i qytetit p\u00ebr her\u00eb t\u00eb par\u00eb hapi num\u00ebr urgjence p\u00ebr paraqitjen e ndot\u00ebsve dhe publikoi nj\u00eb seri masash, por numri telefonik kaloi pothuajse pa u v\u00ebn\u00eb re. Nd\u00ebrkoh\u00eb, lajmi i dit\u00ebs ishte deklarata e tij se protesta e lajm\u00ebruar ka qen\u00eb e motivuar politikisht. Prandaj, p\u00ebr 24 or\u00eb ka patur vet\u00ebm dy telefonata n\u00eb numrin 193.<\/p>\n<p>Deklarata e kryetarit t\u00eb Shkupit e h\u00ebngri aksionin e vet. U p\u00ebrhumb n\u00eb mjegull\u00ebn e Shkupit.<\/p>\n<p><span class=\"dropcap color firstcharacter\">3<\/span>Kur ve\u00e7m\u00eb jemi te tema \u201cpartia dhe motivimi politik\u201d, le t\u00eb mos e harrojm\u00eb edhe VMRO-n\u00eb e v\u00ebrtet\u00eb. K\u00ebta vmrovca , t\u00eb cil\u00ebve tani u pengon ajri i ndotur. E t\u00eb cil\u00ebve u ka faj Zoran Zaevi dhe Petre Shilegovi. Dhe e t\u00ebr\u00eb LSDM-ja.<br \/>\nP\u00ebr shembull, deputeti Antonio Milloshoski, i cili n\u00eb derdhjen e luciditetit t\u00eb opozit\u00ebs n\u00eb rrjetet sociale poston fotografi me Goce Dell\u00e7evin duke mbajtur nj\u00eb mask\u00eb gazi. Nd\u00ebrsa mbi fotografin\u00eb lexon: \u201cUn\u00eb e konceptoj bot\u00ebn si nj\u00eb fush\u00eb ku mund t\u00eb merret frym\u00eb.\u201d<\/p>\n<p>Si e konceptonte bot\u00ebn Milloshoski gjat\u00eb 11 vjet\u00ebve t\u00eb fundit, nd\u00ebrsa ishte n\u00eb pushtet? Si nj\u00eb fush\u00eb p\u00ebr shkat\u00ebrrimin e parqeve. Si fush\u00eb p\u00ebr ndotjen kriminele t\u00eb Shkupit 2014 dhe p\u00ebr vendosjen e planeve urbanistike sipas masave t\u00eb mafis\u00eb urbane. Si sakatim i Vodnos me nd\u00ebrtimin e dhjet\u00ebkatsheve. Si angazhim i policis\u00eb speciale q\u00eb t\u00eb shkat\u00ebrroj\u00eb parkingje n\u00eb ora 4 t\u00eb m\u00ebngjesit, sepse lideri i partis\u00eb s\u00eb tij ka dashur ta zbukuroj\u00eb hap\u00ebsir\u00ebn q\u00eb t\u00eb nd\u00ebrtonte nj\u00eb nd\u00ebrtes\u00eb baroku. Apo si fush\u00eb p\u00ebr lejimin e importit t\u00eb druve t\u00eb bler\u00eb me buxhetet e komun\u00ebs, nd\u00ebrkoh\u00eb q\u00eb varf\u00ebria n\u00eb Shkup ndez goma dhe vaj t\u00eb djegur p\u00ebr t\u2019u ngrohur.<\/p>\n<p>N\u00eb koh\u00ebn kur Milloshoskit nuk i dukej ajri i ndotur, partia e tij l\u00ebvdohej me komunikatat mbi sorosoid\u00ebt q\u00eb kan\u00eb shpikur aplikacionet p\u00ebr matjen e ndotjes p\u00ebr t\u00eb shkaktuar panik mes qytetar\u00ebve. Kurse kryetari i at\u00ebhersh\u00ebm i Shkupit nga VMRO-DPMNE, dhe at\u00eb gjat\u00eb dy mandateve t\u00eb tij, Koce Trajanovski, e hoqi stacionin mat\u00ebs n\u00eb Qend\u00ebr, q\u00eb t\u00eb mos maste ndotjen.<\/p>\n<p>N\u00eb fakt, se si Milloshoski e shikonte bot\u00ebn na u b\u00eb e qart\u00eb at\u00ebher\u00eb kur laboratoret referuese na zbuluan se uji i Liqenit t\u00eb Dojranit ishte i ndotur, nd\u00ebrsa vmrovcat pinin uj\u00eb nga Liqeni dhe i pag\u00ebzonin f\u00ebmij\u00ebt e tyre aty. Prandaj partia thoshte se uji \u00ebsht\u00eb i past\u00ebr.<\/p>\n<p><span class=\"dropcap color firstcharacter\">4<\/span>Dhe tani partia n\u00eb pushtet thot\u00eb se ka ila\u00e7e p\u00ebr t\u00eb s\u00ebmur\u00ebt nga s\u00ebmundjet e rralla. Ka- n\u00eb depo. Por dikush nga administrata ka qen\u00eb duke b\u00ebr\u00eb manikyr, k\u00ebshtu nuk ka arritur t\u2019a v\u00ebr\u00eb vul\u00ebn q\u00eb ila\u00e7et t\u00eb mund t\u00eb mb\u00ebrrijn\u00eb tek t\u00eb s\u00ebmur\u00ebt. Dhe \u00ebsht\u00eb dashur t\u00eb dalin n\u00eb televizion tre n\u00ebna t\u00eb f\u00ebmij\u00ebve t\u00eb s\u00ebmur\u00eb q\u00eb t\u00eb bindin z\u00ebvend\u00ebs ministrin e sh\u00ebndet\u00ebsis\u00eb Goce \u00c7akarovskin, q\u00eb t\u00eb nes\u00ebrmen t\u00eb vijn\u00eb vet\u00eb n\u00eb depo. Dhe ta d\u00ebgjojn\u00eb z\u00ebvend\u00ebs ministrin se si justifikohet se \u201ckan\u00eb b\u00ebr\u00eb allash-veresh\u201d me kompanit\u00eb farmaceutike dhe nuk kan\u00eb arritur t\u00eb shohin \u00e7\u00ebshtjen n\u00eb t\u00ebr\u00ebsi.<br \/>\n\u00c7uditem se si n\u00ebnat nuk arrit\u00ebn t\u00eb q\u00ebndrojn\u00eb t\u00eb qytet\u00ebruara ndaj sjelljes s\u00eb till\u00eb brutale t\u00eb z\u00ebvend\u00ebsministrit.<\/p>\n<p>Kjo \u00ebsht\u00eb fotografia e v\u00ebrtet\u00eb e efikasitetit t\u00eb institucioneve n\u00eb Maqedoni. N\u00eb vend q\u00eb problemet t\u00eb zgjidhen nga zyrtar\u00ebt shtet\u00ebror\u00eb, gj\u00eb p\u00ebr t\u00eb cil\u00ebn marrin dhe rrog\u00eb, qytetar\u00ebt organizohen vet\u00eb q\u00eb t\u00eb ndihmojn\u00eb veten e tyre.E shpesh her\u00eb madje, marrin drejt\u00ebsin\u00eb n\u00eb duart e tyre. Duke filluar nga n\u00ebnat q\u00eb vet\u00eb i sigurojn\u00eb ila\u00e7et si p\u00ebr f\u00ebmij\u00ebt e tyre si p\u00ebr t\u00eb s\u00ebmur\u00ebt, e deri te ata q\u00eb hedhin helme n\u00eb \u00e7erdhe dhe hap\u00ebsira publike p\u00ebr t\u00eb helmuar qent\u00eb q\u00eb sulmojn\u00eb njer\u00ebz dhe peticionet online p\u00ebr t\u00eb larguar makinat nga trotuaret.<\/p>\n<p>E n\u00eb fund, do t\u00eb \u00e7uditemi se ambasadori amerikan na zbuloi korrupsionin. Dhe jo vet\u00ebm q\u00eb e zbuloi s\u00ebmundjen, por e shpalosi dhe diagnoz\u00ebn thelb\u00ebsore. Me konstatimin: \u00c7\u00ebshtja \u00ebsht\u00eb n\u00ebse ka njer\u00ebz q\u00eb duan t\u00eb luftojn\u00eb kund\u00ebr korrupsionit.<\/p>\n<p><span class=\"dropcap color firstcharacter\">5<\/span>Nd\u00ebrkoh\u00eb q\u00eb Zaevi rend pas bot\u00ebs, duke u p\u00ebrpjekur ta ndryshoj\u00eb fotografin\u00eb p\u00ebr Maqedonin\u00eb nga jasht\u00eb, ne n\u00eb sht\u00ebpi akoma jemi duke e jetuar fotografin\u00eb e v\u00ebrtet\u00eb. Ku ministrat dhe drejtor\u00ebt shtet\u00ebrore, me gjith\u00eb administrat\u00ebn nuk mund t\u00eb gjejn\u00eb vul\u00ebn q\u00eb ila\u00e7et t\u00eb mb\u00ebrrijn\u00eb te t\u00eb s\u00ebmurit, ku qenve nuk mund t\u2019u v\u00ebn\u00eb \u00e7ipe q\u00eb t\u2019i mbrojn\u00eb ata dhe njer\u00ebzit nga helmimi, ku inspektor\u00ebt nuk mund t\u2019i gjejn\u00eb impiantet e paligjshme q\u00eb na helmojn\u00eb p\u00ebr profit, nd\u00ebrsa policia nuk mund t\u00eb \u00e7liroj\u00eb trotuaret p\u00ebr k\u00ebmb\u00ebsor\u00ebt.<br \/>\nK\u00ebshtu q\u00ebndron puna, kur n\u00eb momentin kur arrin n\u00eb funksion shtet\u00ebror nuk merresh m\u00eb me k\u00ebrkimin e zgjidhjes s\u00eb problemeve. Por me k\u00ebrkimin e justifikimit t\u00eb problemeve t\u00eb pazgjidhura.<\/p>\n<p>&nbsp;<\/p>\n<p><strong><em>P\u00ebrktheu: Fjolla Zllatku <\/em><\/strong><\/p>\n<p>&nbsp;<\/p>\n\n<div style=\"font-size: 0px; height: 0px; line-height: 0px; margin: 0; padding: 0; clear: both;\"><\/div>","protected":false},"excerpt":{"rendered":"<p>Urdh\u00ebri \u201cVMRO i jav\u00ebs\u201d i shkon kryetarit t\u00eb Shkupit, Petre Shilegov. P\u00ebr deklarat\u00ebn e dh\u00ebn\u00eb n\u00eb lidhje me protestat e [&hellip;]<\/p>\n","protected":false},"author":1,"featured_media":184,"comment_status":"closed","ping_status":"closed","sticky":false,"template":"","format":"standard","meta":{"_mo_disable_npp":"","inline_featured_image":false},"categories":[1825],"tags":[],"imageURL":"https:\/\/sdk.mk\/wp-content\/uploads\/2015\/12\/goran-mihailovski2.jpg","thumbURL":"https:\/\/sdk.mk\/wp-content\/uploads\/2015\/12\/goran-mihailovski2-250x196.jpg","categoryNames":["DUA T\u00cb THEM"],"feature_caption":"","subtitle":"Fakti se VMRO-DPMNE nuk na ka mbytur, nuk do t\u00eb thot\u00eb se na b\u00ebri m\u00eb t\u00eb fort\u00eb q\u00eb t\u00eb mbijetojm\u00eb n\u00eb ndotjen e ajrit.","views":"4797","source":"","yoast_head":"<!-- This site is optimized with the Yoast SEO Premium plugin v15.0 - https:\/\/yoast.com\/wordpress\/plugins\/seo\/ -->\n<title>UJ\u00cb DOJRANI - \u0421\u0430\u043a\u0430\u043c \u0414\u0430 \u041a\u0430\u0436\u0430\u043c<\/title>\n<meta name=\"robots\" content=\"index, follow, max-snippet:-1, max-image-preview:large, max-video-preview:-1\" \/>\n<link rel=\"canonical\" href=\"https:\/\/sdk.mk\/index.php\/dua-te-them\/uje-dojrani\/\" \/>\n<meta property=\"og:locale\" content=\"mk_MK\" \/>\n<meta property=\"og:type\" content=\"article\" \/>\n<meta property=\"og:title\" content=\"UJ\u00cb DOJRANI - \u0421\u0430\u043a\u0430\u043c \u0414\u0430 \u041a\u0430\u0436\u0430\u043c\" \/>\n<meta property=\"og:description\" content=\"Urdh\u00ebri \u201cVMRO i jav\u00ebs\u201d i shkon kryetarit t\u00eb Shkupit, Petre Shilegov. P\u00ebr deklarat\u00ebn e dh\u00ebn\u00eb n\u00eb lidhje me protestat e [&hellip;]\" \/>\n<meta property=\"og:url\" content=\"https:\/\/sdk.mk\/index.php\/dua-te-them\/uje-dojrani\/\" \/>\n<meta property=\"og:site_name\" content=\"\u0421\u0430\u043a\u0430\u043c \u0414\u0430 \u041a\u0430\u0436\u0430\u043c\" \/>\n<meta property=\"article:published_time\" content=\"2017-12-16T14:58:45+00:00\" \/>\n<meta property=\"og:image\" content=\"https:\/\/sdk.mk\/wp-content\/uploads\/2015\/12\/goran-mihailovski2.jpg\" \/>\n\t<meta property=\"og:image:width\" content=\"400\" \/>\n\t<meta property=\"og:image:height\" content=\"313\" \/>\n<meta property=\"fb:app_id\" content=\"2407985809428537\" \/>\n<meta name=\"twitter:card\" content=\"summary\" \/>\n<script type=\"application\/ld+json\" class=\"yoast-schema-graph\">{\"@context\":\"https:\/\/schema.org\",\"@graph\":[{\"@type\":\"WebSite\",\"@id\":\"https:\/\/sdk.mk\/#website\",\"url\":\"https:\/\/sdk.mk\/\",\"name\":\"\\u0421\\u0430\\u043a\\u0430\\u043c \\u0414\\u0430 \\u041a\\u0430\\u0436\\u0430\\u043c\",\"description\":\"\\u0417\\u0430 \\u0441\\u043b\\u043e\\u0431\\u043e\\u0434\\u043e\\u0443\\u043c\\u043d\\u0438\",\"potentialAction\":[{\"@type\":\"SearchAction\",\"target\":\"https:\/\/sdk.mk\/?s={search_term_string}\",\"query-input\":\"required name=search_term_string\"}],\"inLanguage\":\"mk-MK\"},{\"@type\":\"ImageObject\",\"@id\":\"https:\/\/sdk.mk\/index.php\/dua-te-them\/uje-dojrani\/#primaryimage\",\"inLanguage\":\"mk-MK\",\"url\":\"https:\/\/sdk.mk\/wp-content\/uploads\/2015\/12\/goran-mihailovski2.jpg\",\"width\":400,\"height\":313},{\"@type\":\"WebPage\",\"@id\":\"https:\/\/sdk.mk\/index.php\/dua-te-them\/uje-dojrani\/#webpage\",\"url\":\"https:\/\/sdk.mk\/index.php\/dua-te-them\/uje-dojrani\/\",\"name\":\"UJ\\u00cb DOJRANI - \\u0421\\u0430\\u043a\\u0430\\u043c \\u0414\\u0430 \\u041a\\u0430\\u0436\\u0430\\u043c\",\"isPartOf\":{\"@id\":\"https:\/\/sdk.mk\/#website\"},\"primaryImageOfPage\":{\"@id\":\"https:\/\/sdk.mk\/index.php\/dua-te-them\/uje-dojrani\/#primaryimage\"},\"datePublished\":\"2017-12-16T14:58:45+00:00\",\"dateModified\":\"2017-12-16T14:58:45+00:00\",\"author\":{\"@id\":\"https:\/\/sdk.mk\/#\/schema\/person\/be7cfa6655c47f7195bfdd0ba8144aa2\"},\"inLanguage\":\"mk-MK\",\"potentialAction\":[{\"@type\":\"ReadAction\",\"target\":[\"https:\/\/sdk.mk\/index.php\/dua-te-them\/uje-dojrani\/\"]}]},{\"@type\":\"Person\",\"@id\":\"https:\/\/sdk.mk\/#\/schema\/person\/be7cfa6655c47f7195bfdd0ba8144aa2\",\"name\":\"\\u0413\\u043e\\u0440\\u0430\\u043d \\u041c\\u0438\\u0445\\u0430\\u0458\\u043b\\u043e\\u0432\\u0441\\u043a\\u0438\"}]}<\/script>\n<!-- \/ Yoast SEO Premium plugin. -->","_links":{"self":[{"href":"https:\/\/sdk.mk\/index.php\/wp-json\/wp\/v2\/posts\/47712"}],"collection":[{"href":"https:\/\/sdk.mk\/index.php\/wp-json\/wp\/v2\/posts"}],"about":[{"href":"https:\/\/sdk.mk\/index.php\/wp-json\/wp\/v2\/types\/post"}],"author":[{"embeddable":true,"href":"https:\/\/sdk.mk\/index.php\/wp-json\/wp\/v2\/users\/1"}],"replies":[{"embeddable":true,"href":"https:\/\/sdk.mk\/index.php\/wp-json\/wp\/v2\/comments?post=47712"}],"version-history":[{"count":0,"href":"https:\/\/sdk.mk\/index.php\/wp-json\/wp\/v2\/posts\/47712\/revisions"}],"wp:featuredmedia":[{"embeddable":true,"href":"https:\/\/sdk.mk\/index.php\/wp-json\/wp\/v2\/media\/184"}],"wp:attachment":[{"href":"https:\/\/sdk.mk\/index.php\/wp-json\/wp\/v2\/media?parent=47712"}],"wp:term":[{"taxonomy":"category","embeddable":true,"href":"https:\/\/sdk.mk\/index.php\/wp-json\/wp\/v2\/categories?post=47712"},{"taxonomy":"post_tag","embeddable":true,"href":"https:\/\/sdk.mk\/index.php\/wp-json\/wp\/v2\/tags?post=47712"}],"curies":[{"name":"wp","href":"https:\/\/api.w.org\/{rel}","templated":true}]}}