{"id":48369,"date":"2017-12-23T15:14:34","date_gmt":"2017-12-23T14:14:34","guid":{"rendered":"https:\/\/sdk.mk\/?p=48369"},"modified":"2017-12-23T15:14:34","modified_gmt":"2017-12-23T14:14:34","slug":"njesh-ne-dhjeteshe","status":"publish","type":"post","link":"https:\/\/sdk.mk\/index.php\/dua-te-them\/njesh-ne-dhjeteshe\/","title":{"rendered":"NJ\u00cbSH N\u00cb DHJET\u00cbSHE"},"content":{"rendered":"<div class=\"f52428582a4b906b2d2e2a7d733c7d27\" data-index=\"7\" style=\"float: none; margin:10px 0 10px 0; text-align:center;\">\n<!-- MSP Ads Asynchronous JS Tag - Generated with Revive Adserver v5.4.1 -->\r\n<ins data-revive-zoneid=\"167\" data-revive-id=\"060fdb01f6430ec164d3519234aa4967\"><\/ins>\r\n<script async src=\"\/\/panel.ads.com.mk\/www\/delivery\/asyncjs.php\"><\/script>\n<\/div>\n<p><span class=\"dropcap color firstcharacter\">1<\/span>PSP lajm\u00ebroi se ka hapur rast t\u00eb ri \u2013 Sh\u00ebrbime t\u00eb huaja, me t\u00eb cilin mbase do t\u00eb na qart\u00ebsohet fakti se si lindi historia p\u00ebr furgonat e verdh\u00eb aq t\u00eb famsh\u00ebm, p\u00ebr t\u00eb cil\u00ebt na fliste Nikolla Gruevski, si kryeminist\u00ebr n\u00eb 30 janar 2015. Mu disa dit\u00eb para se t\u00eb shp\u00ebrthente afera e p\u00ebrgjimeve. At\u00ebher\u00eb kur na tregonte se nga gj\u00ebrat q\u00eb do t\u00eb d\u00ebgjonim \u201cdi\u00e7ka \u00ebsht\u00eb e v\u00ebrtet\u00eb, di\u00e7ka g\u00ebnjesht\u00ebr e di\u00e7ka gjysm\u00eb e v\u00ebrtet\u00eb\u201d.<\/p>\n<p>Sipas rastit t\u00eb PSP, historia shkon k\u00ebshtu: Gruevski dhe DSK n\u00eb krye me Sasho Mijallkovin me vite t\u00eb t\u00ebra e kan\u00eb p\u00ebrgjuar t\u00eb gjith\u00eb shtetin. Kur Zaevi, n\u00eb vitin 2014 shkon te Gruevski p\u00ebr t\u2019i th\u00ebn\u00eb se ka dijeni mbi p\u00ebrgjimin, Gruevski shpik skenare t\u00eb ndryshme, n\u00eb m\u00ebnyr\u00eb q\u00eb t\u00eb mos zbulohet fakti se ka qen\u00eb ai q\u00eb ka p\u00ebrgjuar. Dhe n\u00eb k\u00ebt\u00eb m\u00ebnyr\u00eb i shpiku sh\u00ebrbimet e huaja. Mir\u00eb ama, q\u00eb skenari t\u00eb ishte sa m\u00eb bind\u00ebs, porositi elaborate nga nj\u00eb sh\u00ebrbim i huaj, q\u00eb t\u2019i thoshte atij se e kan\u00eb p\u00ebrgjuar sh\u00ebrbime t\u00eb huaja. N\u00eb m\u00ebnyr\u00eb t\u00eb q\u00eb mund t\u00eb shp\u00ebrndahej ai informacion me partner\u00ebt e koalicionit. E n\u00eb m\u00ebnyr\u00eb q\u00eb historia me sh\u00ebrbimet e huaja t\u00eb jet\u00eb edhe m\u00eb bind\u00ebse. Gruevski me parat\u00eb tona blen pajisje t\u00eb reja p\u00ebr p\u00ebrndjekjen e p\u00ebrgjuesve, t\u00eb cil\u00ebt vet\u00eb i shpiku. M\u00eb sakt\u00eb, t\u00eb sh\u00ebrbimeve t\u00eb huaja. Mir\u00ebpo, q\u00eb kur u krijua PSP me q\u00ebllim q\u00eb t\u00eb zbulonte p\u00ebrgjuesin e v\u00ebrtet\u00eb, Gruevski me njer\u00ebzit e tij i shkat\u00ebrruan pajisjet e veta t\u00eb p\u00ebrgjimit n\u00eb DSK.<\/p>\n<p>E kur Gruevski dhe njer\u00ebzit e tij mund\u00ebn t\u00eb shpikin nj\u00eb histori t\u00eb till\u00eb, vall\u00eb me t\u00eb v\u00ebrtet\u00eb mendoni se para kongresit t\u00eb VMRO-DPMNE-s\u00eb, ku duhet t\u00eb zgjidhet Hristijan Mickovki si lider t\u00eb ri, \u00a0t\u00eb ket\u00eb rebelim brenda partis\u00eb? Apo se rebelimi \u00ebsht\u00eb shpikur si sh\u00ebrbimet e huaja.<\/p>\n<p><span class=\"dropcap color firstcharacter\">2<\/span>Dyshimi se rebelimi brenda VMRO-DPMNE mund t\u00eb jet\u00eb gj\u00eb e shpikur m\u00eb lindi n\u00eb momentin kur e d\u00ebgjova Ilija Dimovskin, t\u00eb cilin ndryshe e th\u00ebrrasin Ill\u00e7e Gebell\u00e7e, pasi ka qen\u00eb drejtor p\u00ebr shum\u00eb vite i Qendr\u00ebs fam\u00ebkeqe t\u00eb komunikimeve t\u00eb VMRO-DPMNE-s\u00eb, e cila funksiononte n\u00eb baz\u00eb t\u00eb parimit t\u00eb nj\u00eb Qendre p\u00ebr g\u00ebnjeshtra dhe propagand\u00eb. Ky \u00ebsht\u00eb deputeti Ilija Dimovski, i cili k\u00ebrc\u00ebnohej nga foltorja me fjal\u00ebt: \u201cDo t\u00eb t\u00eb b\u00ebj lajm kryesor\u201d. Dhe k\u00ebrc\u00ebnimet i realizonte. Sepse i kontrollonte t\u00eb gjitha mediat e Maqedonis\u00eb. Mu at\u00eb e d\u00ebgjuam n\u00eb nj\u00eb prej bombave, gjat\u00eb nj\u00eb bisede t\u00eb ministresh\u00ebs s\u00eb brendshme t\u00eb asaj kohe, Gordana Jankullosk\u00ebs, ku d\u00ebgjuam se si merren vesh se ndonj\u00eb person duhet t\u00eb burgoset dhe k\u00ebt\u00eb t\u2019ia thon\u00eb Zv\u00ebrlevskit.<\/p>\n<p>P\u00ebr faktin se nuk ka demokraci n\u00eb parti ankohet edhe Antonio Milloshoski, t\u00eb cilin e d\u00ebgjuam se si porosiste lustrim t\u00eb nj\u00eb personi q\u00eb nuk ka bindjet e tij politike. Ankohet edhe Trajko Veljanoski, i cili mbi tem\u00ebn e demokracis\u00eb ka t\u00eb pakt\u00ebn dy doktorate nga koha e tij si kryetar i Parlamentit n\u00eb 24 dhjetor 2012. Dhe si kryesues gjat\u00eb koh\u00ebs s\u00eb sulmit t\u00eb organizuar n\u00eb 27 prill t\u00eb k\u00ebtij viti.<\/p>\n<p><span class=\"dropcap color firstcharacter\">3<\/span>Urdh\u00ebri \u201cVMRO i jav\u00ebs\u201d k\u00ebsaj here i shkon ministrit p\u00ebr pun\u00eb t\u00eb brendshme, Oliver Spasovski. P\u00ebr organizimin e ngjarjes \u201cHapje e stacionit policor n\u00eb komun\u00ebn e Shkupit, Gjor\u00e7e Petrov\u201d. Si duket, k\u00ebta t\u00eb LSDM-s\u00eb paskan qen\u00eb aq t\u00eb mahnitur nga Gruevski, q\u00eb me sukses po i kopjojn\u00eb hapat e tij m\u00eb populist\u00eb. Ne mendonim se ata ishin opozit\u00eb pasive p\u00ebr 11 vjet. Nd\u00ebrsa ata me kujdes kan\u00eb regjistruar gjith\u00e7ka q\u00eb mund t\u00eb haj\u00eb populli, n\u00eb m\u00ebnyr\u00eb q\u00eb ta shfryt\u00ebzojn\u00eb kur t\u00eb marrin pushtetin.<\/p>\n<p>E k\u00ebshtu u mblodh\u00ebn t\u00eb gjith\u00eb n\u00eb nj\u00eb vend, ministri Spasovski dhe kryetar\u00ebt e Shkupit dhe t\u00eb Gjor\u00e7e Petrovit, Petre Shilegov dhe Aleksandar Naumovski t\u00eb presin bashk\u00eb shiritin. Nd\u00ebrsa prapa tyre, sigurisht \u2013 nj\u00eb prift. Sepse jemi shtet laik me qeveri socialdemokratike. Kurse pran\u00eb priftit, z\u00ebvend\u00ebs ministri i MPB, Agim Nuhiu. Sepse hoxh\u00eb nuk kishte. BDI ka v\u00ebrtetuar liberalizmin e vet.<\/p>\n<p>T\u00eb flasim drejt, jan\u00eb m\u00eb kursimtar\u00eb se k\u00ebta t\u00eb VMRO-s\u00eb. Kursyen p\u00ebr hostesa. N\u00eb vend t\u00eb tyre i gjet\u00ebn policet m\u00eb t\u00eb bukura, q\u00eb ta mbanin shiritin nga t\u00eb dyja an\u00ebt. Q\u00eb t\u00eb kishin ministri dhe kryetar\u00ebt se \u00e7\u2019t\u00eb prisnin. E k\u00ebshtu, fituam tre n\u00eb nj\u00eb \u2013 priftin, dam\u00ebn dhe xhandarin. Nd\u00ebrsa nj\u00ebshin n\u00eb dhjet\u00ebshe e mbush\u00ebn kryetar\u00ebt Shilegov dhe Aleksandar Naumovski.<\/p>\n<p>Kjo \u00ebsht\u00eb edhe nj\u00eb episod nga seriali \u201cMaqedonia \u2013 B\u00ebj parodi n\u00eb mundsh\u201d.<\/p>\n<p><span class=\"dropcap color firstcharacter\">4<\/span>At\u00eb tok\u00eb shtet\u00ebrore q\u00eb VMRO-DPMNE nuk arriti ta shiste, tani po p\u00ebrgatitet ta shes\u00eb LSDM. Pasi, Qeveria ka sjell\u00eb vendim q\u00eb t\u00eb shitet toka shtet\u00ebrore n\u00eb 58 komuna p\u00ebr 70 metra katror\u00eb. Toka \u00ebsht\u00eb p\u00ebr nd\u00ebrtimin e konvikteve p\u00ebr nx\u00ebn\u00ebs, student\u00eb, t\u00eb azileve p\u00ebr njer\u00ebz t\u00eb moshuar, institucioneve p\u00ebr persona t\u00eb vetmuar, sht\u00ebpive p\u00ebr f\u00ebmij\u00eb pa prind\u00ebr dhe p\u00ebr persona pa kujdestari.<\/p>\n<p>Ministri i transportit dhe lidhjeve, Goran Sugareski thot\u00eb: \u201cBesojm\u00eb se me k\u00ebt\u00eb mas\u00eb do ta stimulojm\u00eb sektorin privat, do t\u00eb t\u00ebrheqim investitor\u00eb t\u00eb rinj n\u00eb k\u00ebto zona t\u00eb Republik\u00ebs s\u00eb Maqedonis\u00eb dhe do t\u00eb kontribuojm\u00eb drejt nj\u00eb zhvillimi ekonomik dhe t\u00eb barabart\u00eb n\u00eb shtet\u201d.<\/p>\n<p>P\u00ebr shembull, n\u00eb Kon\u00e7e me 3.500 banor\u00eb do t\u00eb t\u00ebrhiqen investitor\u00eb t\u00eb rinj me sht\u00ebpi p\u00ebr f\u00ebmij\u00eb pa prind\u00ebr. Logjik\u00eb e past\u00ebr ekonomike. Nd\u00ebrkoh\u00eb \u00c7ashka me 8.000 banor\u00eb do t\u00eb p\u00ebrjetoj\u00eb nj\u00eb bum ekonomik me institucionin p\u00ebr personat e vetmuar. Kurse Z\u00ebrnovci me 3.000 banor\u00eb do t\u00eb p\u00ebrjetoj\u00eb rinin\u00eb e harruar me sht\u00ebpin\u00eb e student\u00ebve. N\u00eb Rankovc\u00eb nga 4.000 banor\u00eb, ku madje u \u00ebsht\u00eb nd\u00ebrprer\u00eb edhe numri i Zjarr\u00ebfik\u00ebsit, p\u00ebr shkak se komuna ka borxh prej 250.000 eurove, investitori privat do t\u00eb b\u00ebj\u00eb profit me sht\u00ebpin\u00eb p\u00ebr persona pa kujdestari. Shum\u00eb m\u00eb intereson modeli i biznesit p\u00ebr sht\u00ebpin\u00eb p\u00ebr persona pa kujdestari. Dhe se si ai investitor do t\u00eb kontribuoj\u00eb p\u00ebr rritje ekonomike lokale.<\/p>\n<p>Kujt iu kujtua kjo gj\u00eb, vall\u00eb? Miles? Kush garanton se madje edhe gjat\u00eb nd\u00ebrtimit nuk mund t\u00eb b\u00ebhet ndryshimi i q\u00ebllimit p\u00ebr p\u00ebrdorimin e objektit? Dhe \u00e7far\u00eb do t\u00eb ndodh\u00eb n\u00ebse toka shtet\u00ebrore privatizohet p\u00ebr shum\u00eb pak para, e nd\u00ebrkoh\u00eb nuk nd\u00ebrtohen k\u00ebto objekte, apo nuk shfryt\u00ebzohen p\u00ebr q\u00ebllimin e planifikuar? Kush do t\u00eb jet\u00eb i gatsh\u00ebm t\u00eb shkoj\u00eb n\u00eb burg at\u00ebher\u00eb?<\/p>\n<p>Sepse Miles, ngaq\u00eb i kujtoheshin shum\u00eb gj\u00ebra, tani num\u00ebron plot 16 akuza nga PSP.<\/p>\n<p><span class=\"dropcap color firstcharacter\">5<\/span>I fort\u00eb truku i Gruevskit q\u00eb nget nj\u00eb \u201cpunto\u201d t\u00eb vjet\u00ebr n\u00eb krye t\u00eb konvojit ku nj\u00eb num\u00ebr i vog\u00ebl i vmrovcave protestojm\u00eb p\u00ebr paraburgimin e pjes\u00ebmarr\u00ebsve me sulmin e organizuar t\u00eb Parlamentit n\u00eb 27 prill. \u201cPunto\u201d ka qen\u00eb prej para 20 vjet\u00ebve.<\/p>\n<p>Kujt ia shet p\u00ebrrallat me makin\u00ebn e vjet\u00ebr, ai q\u00eb kur ishte kryeminist\u00ebr bleu \u201cMercedes\u201d prej 600.000 eurove? Me t\u00eb cilin nuk kishte mund\u00ebsi t\u00eb shkonte n\u00ebp\u00ebr ngjarje ku kishte gazetar\u00eb. Por shpikte manevra t\u00eb ndryshe \u2013 se deri n\u00eb \u00e7far\u00eb pike do t\u00eb ngiste t\u00eb vjetrin, e pastaj do t\u00eb transferohej te \u201cmercedesi\u201d i ri. Nd\u00ebrsa tani para gazetar\u00ebve nget \u201cpunto\u201d t\u00eb vjet\u00ebr\u201d.\u00a0 At\u00eb punto, q\u00eb nuk dihet as e kujt \u00ebsht\u00eb. Pasi si funksionar, nuk e kishte paraqitur n\u00eb dokumentet e pron\u00ebsis\u00eb. Ndoshta edhe puntoja \u00ebsht\u00eb e n\u00ebn\u00ebs s\u00eb tij. Bashk\u00eb me banesat. Pasi Gruevski \u00ebsht\u00eb njeri modest dhe i popullit.<\/p>\n<p>P\u00ebr hir t\u00eb s\u00eb v\u00ebrtet\u00ebs, edhe ajo \u201cpunto\u201d e vjet\u00ebr flet shum\u00eb. Q\u00eb Greuvski p\u00ebr 20 vjet nuk ka pasur as nevoj\u00ebn q\u00eb t\u00eb blej\u00eb vetur\u00eb t\u00eb vet. T\u00ebr\u00eb koh\u00ebs ka p\u00ebrdorur vetur\u00eb shtet\u00ebrore. Nd\u00ebrkoh\u00eb q\u00eb ne merrnim kredi, lizing, hynim n\u00eb borxhe me vetura t\u00eb vjetra t\u00eb importuara nga Bullgaria,t\u00eb sjella\u00a0 nga Gjermania, ai ka qen\u00eb duke shfletuar katalogje dhe duke e marr\u00eb n\u00eb telefon Gordana Jankullosk\u00ebn me porosit\u00eb e tij. Pasi patjet\u00ebr duhej q\u00eb njer\u00ebzit e tij t\u2019i sh\u00ebtiste me at\u00eb q\u00eb fillon me shkronj\u00ebn \u201cM.\u201d<\/p>\n<p>&nbsp;<\/p>\n<p><strong><em>P\u00ebrktheu: Fjolla Zllatku <\/em><\/strong><\/p>\n\n<div style=\"font-size: 0px; height: 0px; line-height: 0px; margin: 0; padding: 0; clear: both;\"><\/div>","protected":false},"excerpt":{"rendered":"<p>PSP lajm\u00ebroi se ka hapur rast t\u00eb ri \u2013 Sh\u00ebrbime t\u00eb huaja, me t\u00eb cilin mbase do t\u00eb na qart\u00ebsohet [&hellip;]<\/p>\n","protected":false},"author":1,"featured_media":184,"comment_status":"closed","ping_status":"closed","sticky":false,"template":"","format":"standard","meta":{"_mo_disable_npp":"","inline_featured_image":false},"categories":[1825],"tags":[],"imageURL":"https:\/\/sdk.mk\/wp-content\/uploads\/2015\/12\/goran-mihailovski2.jpg","thumbURL":"https:\/\/sdk.mk\/wp-content\/uploads\/2015\/12\/goran-mihailovski2-250x196.jpg","categoryNames":["DUA T\u00cb THEM"],"feature_caption":"","subtitle":"M\u00eb intereson modeli i biznesit p\u00ebr sht\u00ebpin\u00eb p\u00ebr persona pa kujdestari. Dhe se si ai investitor do t\u00eb kontribuoj\u00eb p\u00ebr rritje ekonomike lokale.","views":"4972","source":"","yoast_head":"<!-- This site is optimized with the Yoast SEO Premium plugin v15.0 - https:\/\/yoast.com\/wordpress\/plugins\/seo\/ -->\n<title>NJ\u00cbSH N\u00cb DHJET\u00cbSHE - \u0421\u0430\u043a\u0430\u043c \u0414\u0430 \u041a\u0430\u0436\u0430\u043c<\/title>\n<meta name=\"robots\" content=\"index, follow, max-snippet:-1, max-image-preview:large, max-video-preview:-1\" \/>\n<link rel=\"canonical\" href=\"https:\/\/sdk.mk\/index.php\/dua-te-them\/njesh-ne-dhjeteshe\/\" \/>\n<meta property=\"og:locale\" content=\"mk_MK\" \/>\n<meta property=\"og:type\" content=\"article\" \/>\n<meta property=\"og:title\" content=\"NJ\u00cbSH N\u00cb DHJET\u00cbSHE - \u0421\u0430\u043a\u0430\u043c \u0414\u0430 \u041a\u0430\u0436\u0430\u043c\" \/>\n<meta property=\"og:description\" content=\"PSP lajm\u00ebroi se ka hapur rast t\u00eb ri \u2013 Sh\u00ebrbime t\u00eb huaja, me t\u00eb cilin mbase do t\u00eb na qart\u00ebsohet [&hellip;]\" \/>\n<meta property=\"og:url\" content=\"https:\/\/sdk.mk\/index.php\/dua-te-them\/njesh-ne-dhjeteshe\/\" \/>\n<meta property=\"og:site_name\" content=\"\u0421\u0430\u043a\u0430\u043c \u0414\u0430 \u041a\u0430\u0436\u0430\u043c\" \/>\n<meta property=\"article:published_time\" content=\"2017-12-23T14:14:34+00:00\" \/>\n<meta property=\"og:image\" content=\"https:\/\/sdk.mk\/wp-content\/uploads\/2015\/12\/goran-mihailovski2.jpg\" \/>\n\t<meta property=\"og:image:width\" content=\"400\" \/>\n\t<meta property=\"og:image:height\" content=\"313\" \/>\n<meta property=\"fb:app_id\" content=\"2407985809428537\" \/>\n<meta name=\"twitter:card\" content=\"summary\" \/>\n<script type=\"application\/ld+json\" class=\"yoast-schema-graph\">{\"@context\":\"https:\/\/schema.org\",\"@graph\":[{\"@type\":\"WebSite\",\"@id\":\"https:\/\/sdk.mk\/#website\",\"url\":\"https:\/\/sdk.mk\/\",\"name\":\"\\u0421\\u0430\\u043a\\u0430\\u043c \\u0414\\u0430 \\u041a\\u0430\\u0436\\u0430\\u043c\",\"description\":\"\\u0417\\u0430 \\u0441\\u043b\\u043e\\u0431\\u043e\\u0434\\u043e\\u0443\\u043c\\u043d\\u0438\",\"potentialAction\":[{\"@type\":\"SearchAction\",\"target\":\"https:\/\/sdk.mk\/?s={search_term_string}\",\"query-input\":\"required name=search_term_string\"}],\"inLanguage\":\"mk-MK\"},{\"@type\":\"ImageObject\",\"@id\":\"https:\/\/sdk.mk\/index.php\/dua-te-them\/njesh-ne-dhjeteshe\/#primaryimage\",\"inLanguage\":\"mk-MK\",\"url\":\"https:\/\/sdk.mk\/wp-content\/uploads\/2015\/12\/goran-mihailovski2.jpg\",\"width\":400,\"height\":313},{\"@type\":\"WebPage\",\"@id\":\"https:\/\/sdk.mk\/index.php\/dua-te-them\/njesh-ne-dhjeteshe\/#webpage\",\"url\":\"https:\/\/sdk.mk\/index.php\/dua-te-them\/njesh-ne-dhjeteshe\/\",\"name\":\"NJ\\u00cbSH N\\u00cb DHJET\\u00cbSHE - \\u0421\\u0430\\u043a\\u0430\\u043c \\u0414\\u0430 \\u041a\\u0430\\u0436\\u0430\\u043c\",\"isPartOf\":{\"@id\":\"https:\/\/sdk.mk\/#website\"},\"primaryImageOfPage\":{\"@id\":\"https:\/\/sdk.mk\/index.php\/dua-te-them\/njesh-ne-dhjeteshe\/#primaryimage\"},\"datePublished\":\"2017-12-23T14:14:34+00:00\",\"dateModified\":\"2017-12-23T14:14:34+00:00\",\"author\":{\"@id\":\"https:\/\/sdk.mk\/#\/schema\/person\/be7cfa6655c47f7195bfdd0ba8144aa2\"},\"inLanguage\":\"mk-MK\",\"potentialAction\":[{\"@type\":\"ReadAction\",\"target\":[\"https:\/\/sdk.mk\/index.php\/dua-te-them\/njesh-ne-dhjeteshe\/\"]}]},{\"@type\":\"Person\",\"@id\":\"https:\/\/sdk.mk\/#\/schema\/person\/be7cfa6655c47f7195bfdd0ba8144aa2\",\"name\":\"\\u0413\\u043e\\u0440\\u0430\\u043d \\u041c\\u0438\\u0445\\u0430\\u0458\\u043b\\u043e\\u0432\\u0441\\u043a\\u0438\"}]}<\/script>\n<!-- \/ Yoast SEO Premium plugin. -->","_links":{"self":[{"href":"https:\/\/sdk.mk\/index.php\/wp-json\/wp\/v2\/posts\/48369"}],"collection":[{"href":"https:\/\/sdk.mk\/index.php\/wp-json\/wp\/v2\/posts"}],"about":[{"href":"https:\/\/sdk.mk\/index.php\/wp-json\/wp\/v2\/types\/post"}],"author":[{"embeddable":true,"href":"https:\/\/sdk.mk\/index.php\/wp-json\/wp\/v2\/users\/1"}],"replies":[{"embeddable":true,"href":"https:\/\/sdk.mk\/index.php\/wp-json\/wp\/v2\/comments?post=48369"}],"version-history":[{"count":0,"href":"https:\/\/sdk.mk\/index.php\/wp-json\/wp\/v2\/posts\/48369\/revisions"}],"wp:featuredmedia":[{"embeddable":true,"href":"https:\/\/sdk.mk\/index.php\/wp-json\/wp\/v2\/media\/184"}],"wp:attachment":[{"href":"https:\/\/sdk.mk\/index.php\/wp-json\/wp\/v2\/media?parent=48369"}],"wp:term":[{"taxonomy":"category","embeddable":true,"href":"https:\/\/sdk.mk\/index.php\/wp-json\/wp\/v2\/categories?post=48369"},{"taxonomy":"post_tag","embeddable":true,"href":"https:\/\/sdk.mk\/index.php\/wp-json\/wp\/v2\/tags?post=48369"}],"curies":[{"name":"wp","href":"https:\/\/api.w.org\/{rel}","templated":true}]}}