{"id":48711,"date":"2017-12-28T12:21:24","date_gmt":"2017-12-28T11:21:24","guid":{"rendered":"https:\/\/sdk.mk\/?p=48711"},"modified":"2017-12-28T12:21:24","modified_gmt":"2017-12-28T11:21:24","slug":"stevco-llopov-bertisnin-banoret-e-taftalixhes-ne-protesten-kunder-mafias-urbane-ne-karposh","status":"publish","type":"post","link":"https:\/\/sdk.mk\/index.php\/rrjeti-i-korrespondenteve\/stevco-llopov-bertisnin-banoret-e-taftalixhes-ne-protesten-kunder-mafias-urbane-ne-karposh\/","title":{"rendered":"\u201cSTEV\u00c7O LLOPOV\u201d, B\u00cbRTISNIN BANOR\u00cbT E TAFTALIXHES N\u00cb PROTEST\u00cbN KUND\u00cbR MAFIAS URBANE N\u00cb KARPOSH"},"content":{"rendered":"<div class=\"f52428582a4b906b2d2e2a7d733c7d27\" data-index=\"7\" style=\"float: none; margin:10px 0 10px 0; text-align:center;\">\n<!-- MSP Ads Asynchronous JS Tag - Generated with Revive Adserver v5.4.1 -->\r\n<ins data-revive-zoneid=\"167\" data-revive-id=\"060fdb01f6430ec164d3519234aa4967\"><\/ins>\r\n<script async src=\"\/\/panel.ads.com.mk\/www\/delivery\/asyncjs.php\"><\/script>\n<\/div>\n<p><em>\u00a0<\/em>Me portretet e kryetarit Stev\u00e7e Jakimovski n\u00eb duar dhe mesazhin se ai \u00ebsht\u00eb shkat\u00ebrruesi i zonave t\u00eb gjelbra n\u00eb Karposh, sonte marshonin n\u00ebp\u00ebr lagjen e tyre banor\u00ebt e Taftalixhes. Kryetari Jakimovski nuk erdhi as n\u00eb protest\u00ebn e sotme, nd\u00ebrkoh\u00eb nuk erdh\u00ebn as p\u00ebrfaq\u00ebsues t\u00eb Komun\u00ebs p\u00ebr t\u2019i d\u00ebgjuar mesazhet e banor\u00ebve t\u00eb cil\u00ebt ishin t\u00eb vendosur t\u00eb b\u00ebnin gjith\u00e7ka q\u00eb nevojitej q\u00eb t\u00eb ndalonte sundimi i mafias urbane.<\/p>\n<div id=\"attachment_34856\" style=\"width: 616px\" class=\"wp-caption aligncenter\"><a href=\"https:\/\/sdk.mk\/wp-content\/uploads\/2017\/07\/Mars-Taftalidze.jpg\"><img aria-describedby=\"caption-attachment-34856\" loading=\"lazy\" class=\"wp-image-34856 size-full\" src=\"https:\/\/sdk.mk\/wp-content\/uploads\/2017\/07\/Mars-Taftalidze.jpg\" alt=\"\" width=\"606\" height=\"405\" srcset=\"https:\/\/sdk.mk\/wp-content\/uploads\/2017\/07\/Mars-Taftalidze.jpg 606w, https:\/\/sdk.mk\/wp-content\/uploads\/2017\/07\/Mars-Taftalidze-250x167.jpg 250w, https:\/\/sdk.mk\/wp-content\/uploads\/2017\/07\/Mars-Taftalidze-400x267.jpg 400w, https:\/\/sdk.mk\/wp-content\/uploads\/2017\/07\/Mars-Taftalidze-150x100.jpg 150w\" sizes=\"(max-width: 606px) 100vw, 606px\" \/><\/a><p id=\"caption-attachment-34856\" class=\"wp-caption-text\">Shoqata e qytetar\u00ebve \u201cZeleno Taftalixhe\u201d \u00ebsht\u00eb organizatore i marshit t\u00eb sot\u00ebm. Ajo k\u00ebrkon t\u00eb pushoj\u00eb s\u00eb r\u00ebni cil\u00ebsia e jet\u00ebs n\u00eb Karposh (Foto: RadioMof)\u00a0<\/p><\/div>\n<p>U mblodh\u00ebn n\u00eb rrug\u00ebn Llondonska, vijuan drejt rrug\u00ebs Varshavska deri te kompleksi \u201cNastell\u201d dhe duke kaluar nga rruga Prashka mb\u00ebrrit\u00ebn deri te parku n\u00eb rrug\u00ebn Bukureshka, e cila u b\u00eb simbol i luft\u00ebs p\u00ebr gjelb\u00ebrim. Duke kaluar pran\u00eb nd\u00ebrtimeve t\u00eb pallateve t\u00eb reja, banor\u00ebt b\u00ebrtisnin: \u201cStev\u00e7o llopov\u201d duke th\u00ebn\u00eb se si n\u00eb disa prej lokacioneve ku tani nd\u00ebrtoheshin shum\u00ebkat\u00ebshe, pronar\u00ebt e m\u00ebparsh\u00ebm nuk kan\u00eb arritur t\u00eb merrnin miratime as p\u00ebr nd\u00ebrtimin e nd\u00ebrtesave trekat\u00ebshe.<\/p>\n<p>Shoqata e qytetar\u00ebve \u201cZeleno Taftalixhe\u201d \u00ebsht\u00eb organizatore i marshit t\u00eb sot\u00ebm. Ajo k\u00ebrkon t\u00eb pushoj\u00eb s\u00eb r\u00ebni cil\u00ebsia e jet\u00ebs n\u00eb Karposh.<\/p>\n<div id=\"attachment_34859\" style=\"width: 660px\" class=\"wp-caption aligncenter\"><a href=\"https:\/\/sdk.mk\/wp-content\/uploads\/2017\/07\/Mars-Taftalidze3.jpg\"><img aria-describedby=\"caption-attachment-34859\" loading=\"lazy\" class=\"wp-image-34859 size-large\" src=\"https:\/\/sdk.mk\/wp-content\/uploads\/2017\/07\/Mars-Taftalidze3-650x351.jpg\" alt=\"\" width=\"650\" height=\"351\" srcset=\"https:\/\/sdk.mk\/wp-content\/uploads\/2017\/07\/Mars-Taftalidze3-650x351.jpg 650w, https:\/\/sdk.mk\/wp-content\/uploads\/2017\/07\/Mars-Taftalidze3-250x135.jpg 250w, https:\/\/sdk.mk\/wp-content\/uploads\/2017\/07\/Mars-Taftalidze3-400x216.jpg 400w, https:\/\/sdk.mk\/wp-content\/uploads\/2017\/07\/Mars-Taftalidze3-150x81.jpg 150w, https:\/\/sdk.mk\/wp-content\/uploads\/2017\/07\/Mars-Taftalidze3.jpg 732w\" sizes=\"(max-width: 650px) 100vw, 650px\" \/><\/a><p id=\"caption-attachment-34859\" class=\"wp-caption-text\">Duke kaluar pran\u00eb nd\u00ebrtimeve t\u00eb pallateve t\u00eb reja, banor\u00ebt b\u00ebrtisnin: \u201cStev\u00e7o llopov\u201d duke treguar se si n\u00eb disa prej lokacioneve ku tani nd\u00ebrtoheshin shum\u00ebkatshe, pronar\u00ebt e m\u00ebparsh\u00ebm nuk kan\u00eb arritur t\u00eb merrnin miratime as p\u00ebr nd\u00ebrtimin e nd\u00ebrtesave trekat\u00ebshe (Foto: RadioMof)<\/p><\/div>\n<p>\u201cInfrastruktura dhe kanalizimi i lagjes, pik\u00eb s\u00eb pari, nuk mund t\u00eb p\u00ebrballojn\u00eb tempon e re t\u00eb nd\u00ebrtimeve dhe si pasoj\u00eb e k\u00ebtij veprimi paraqiten v\u00ebrshime, rr\u00ebnim i tok\u00ebs, asfalte t\u00eb plasaritura, rritje n\u00eb ndotjen e ajrit dhe n\u00eb p\u00ebrgjith\u00ebsi t\u00eb lagjes, prerje e druve, uzurpim i parqeve, k\u00ebrc\u00ebnime ndaj qytetar\u00ebve dhe nj\u00eb veprim i bazuar krejt\u00ebsisht mbi d\u00ebshirat personale\u201d, thon\u00eb nga \u201cZeleno Taftalixhe\u201d.<\/p>\n<p>Shoqata qytetare para nj\u00eb jave e organizoi protest\u00ebn e par\u00eb k\u00ebsaj vere, q\u00eb kur aktivist\u00ebt num\u00ebruan plot 25 nd\u00ebrtime t\u00eb pallateve t\u00eb reja vet\u00ebm n\u00eb Taftalixhe.<\/p>\n<p>N\u00eb at\u00eb protest\u00eb, qytetar\u00ebt i lan\u00eb mesazhe kryetarit t\u00eb shkruara n\u00eb tabelat e kallajit : \u201cStev\u00e7e Jakimovski \u00ebsht\u00eb shkat\u00ebrrues i parqeve dhe gjelb\u00ebrimit n\u00eb Karposh\u201d, \u201cStev\u00e7e Jakimovski: Askush nuk mund t\u00eb na b\u00ebj\u00eb asgj\u00eb, jemi m\u00eb t\u00eb fort\u00eb se vet\u00eb fati \u2013 e betonove dhe shkat\u00ebrrove Taftalixhen\u201d. Gjithashtu ngjit\u00ebn disa portrete t\u00eb tija me fytyr\u00ebn e zhgarravitur.<\/p>\n<p>Portrete t\u00eb tilla me fytyr\u00eb t\u00eb zhgarravitur t\u00eb kryetarit ndodhen edhe n\u00eb marshin e sot\u00ebm kund\u00ebr mafias urbane.<\/p>\n<p>&nbsp;<\/p>\n\n<div style=\"font-size: 0px; height: 0px; line-height: 0px; margin: 0; padding: 0; clear: both;\"><\/div>","protected":false},"excerpt":{"rendered":"<p>\u00a0Me portretet e kryetarit Stev\u00e7e Jakimovski n\u00eb duar dhe mesazhin se ai \u00ebsht\u00eb shkat\u00ebrruesi i zonave t\u00eb gjelbra n\u00eb Karposh, [&hellip;]<\/p>\n","protected":false},"author":25,"featured_media":34858,"comment_status":"closed","ping_status":"closed","sticky":false,"template":"","format":"standard","meta":{"_mo_disable_npp":"","inline_featured_image":false},"categories":[3095],"tags":[],"imageURL":"https:\/\/sdk.mk\/wp-content\/uploads\/2017\/07\/Mars-Taftalidze2.jpg","thumbURL":"https:\/\/sdk.mk\/wp-content\/uploads\/2017\/07\/Mars-Taftalidze2-250x193.jpg","categoryNames":["Rrjeti i korrespondent\u00ebve"],"feature_caption":"\u00a0Kryetari Jakimovski nuk erdhi as n\u00eb protest\u00ebn e sotme, nd\u00ebrsa nuk ishin as p\u00ebrfaq\u00ebsuesit e Komun\u00ebs, p\u00ebr t\u2019i d\u00ebgjuar mesazhet e banor\u00ebve t\u00eb cil\u00ebt jan\u00eb t\u00eb vendosur t\u00eb b\u00ebjn\u00eb gjith\u00e7ka q\u00eb nevojitet q\u00eb t\u00eb mbaroj\u00eb sundimi i mafias urbane (Foto: RadioMof)","subtitle":"","views":"8041","source":"Shkup, (SAKAMDAKAZAM.MK)","yoast_head":"<!-- This site is optimized with the Yoast SEO Premium plugin v15.0 - https:\/\/yoast.com\/wordpress\/plugins\/seo\/ -->\n<title>\u201cSTEV\u00c7O LLOPOV\u201d, B\u00cbRTISNIN BANOR\u00cbT E TAFTALIXHES N\u00cb PROTEST\u00cbN KUND\u00cbR MAFIAS URBANE N\u00cb KARPOSH - \u0421\u0430\u043a\u0430\u043c \u0414\u0430 \u041a\u0430\u0436\u0430\u043c<\/title>\n<meta name=\"robots\" content=\"index, follow, max-snippet:-1, max-image-preview:large, max-video-preview:-1\" \/>\n<link rel=\"canonical\" href=\"https:\/\/sdk.mk\/index.php\/rrjeti-i-korrespondenteve\/stevco-llopov-bertisnin-banoret-e-taftalixhes-ne-protesten-kunder-mafias-urbane-ne-karposh\/\" \/>\n<meta property=\"og:locale\" content=\"mk_MK\" \/>\n<meta property=\"og:type\" content=\"article\" \/>\n<meta property=\"og:title\" content=\"\u201cSTEV\u00c7O LLOPOV\u201d, B\u00cbRTISNIN BANOR\u00cbT E TAFTALIXHES N\u00cb PROTEST\u00cbN KUND\u00cbR MAFIAS URBANE N\u00cb KARPOSH - \u0421\u0430\u043a\u0430\u043c \u0414\u0430 \u041a\u0430\u0436\u0430\u043c\" \/>\n<meta property=\"og:description\" content=\"\u00a0Me portretet e kryetarit Stev\u00e7e Jakimovski n\u00eb duar dhe mesazhin se ai \u00ebsht\u00eb shkat\u00ebrruesi i zonave t\u00eb gjelbra n\u00eb Karposh, [&hellip;]\" \/>\n<meta property=\"og:url\" content=\"https:\/\/sdk.mk\/index.php\/rrjeti-i-korrespondenteve\/stevco-llopov-bertisnin-banoret-e-taftalixhes-ne-protesten-kunder-mafias-urbane-ne-karposh\/\" \/>\n<meta property=\"og:site_name\" content=\"\u0421\u0430\u043a\u0430\u043c \u0414\u0430 \u041a\u0430\u0436\u0430\u043c\" \/>\n<meta property=\"article:published_time\" content=\"2017-12-28T11:21:24+00:00\" \/>\n<meta property=\"og:image\" content=\"https:\/\/sdk.mk\/wp-content\/uploads\/2017\/07\/Mars-Taftalidze2.jpg\" \/>\n\t<meta property=\"og:image:width\" content=\"553\" \/>\n\t<meta property=\"og:image:height\" content=\"428\" \/>\n<meta property=\"fb:app_id\" content=\"2407985809428537\" \/>\n<meta name=\"twitter:card\" content=\"summary\" \/>\n<script type=\"application\/ld+json\" class=\"yoast-schema-graph\">{\"@context\":\"https:\/\/schema.org\",\"@graph\":[{\"@type\":\"WebSite\",\"@id\":\"https:\/\/sdk.mk\/#website\",\"url\":\"https:\/\/sdk.mk\/\",\"name\":\"\\u0421\\u0430\\u043a\\u0430\\u043c \\u0414\\u0430 \\u041a\\u0430\\u0436\\u0430\\u043c\",\"description\":\"\\u0417\\u0430 \\u0441\\u043b\\u043e\\u0431\\u043e\\u0434\\u043e\\u0443\\u043c\\u043d\\u0438\",\"potentialAction\":[{\"@type\":\"SearchAction\",\"target\":\"https:\/\/sdk.mk\/?s={search_term_string}\",\"query-input\":\"required name=search_term_string\"}],\"inLanguage\":\"mk-MK\"},{\"@type\":\"ImageObject\",\"@id\":\"https:\/\/sdk.mk\/index.php\/rrjeti-i-korrespondenteve\/stevco-llopov-bertisnin-banoret-e-taftalixhes-ne-protesten-kunder-mafias-urbane-ne-karposh\/#primaryimage\",\"inLanguage\":\"mk-MK\",\"url\":\"https:\/\/sdk.mk\/wp-content\/uploads\/2017\/07\/Mars-Taftalidze2.jpg\",\"width\":553,\"height\":428,\"caption\":\"\\u201e\\u0425\\u0430-\\u0445\\u0430,\\u043d\\u0435 \\u0437\\u043d\\u0430\\u043c, \\u043c\\u043e\\u0440\\u0430 \\u0434\\u0430 \\u043f\\u0440\\u043e\\u0432\\u0435\\u0440\\u0430\\u043c, \\u045c\\u0435 \\u0432\\u0438 \\u0441\\u0435 \\u0458\\u0430\\u0432\\u0430\\u043c \\u043f\\u043e\\u0434\\u043e\\u0446\\u043d\\u0430\\u201c, \\u043d\\u0438 \\u0440\\u0435\\u0447\\u0435 \\u043f\\u0440\\u0435\\u0442\\u0441\\u0435\\u0434\\u0430\\u0442\\u0435\\u043b\\u043e\\u0442 \\u043d\\u0430 \\u0413\\u0420\\u041e\\u041c \\u0421\\u0442\\u0435\\u0432\\u0447\\u043a\\u043e \\u0408\\u0430\\u043a\\u0438\\u043c\\u043e\\u0432\\u0441\\u043a\\u0438, \\u043d\\u043e \\u043f\\u043e\\u0434\\u043e\\u0446\\u043d\\u0430 \\u043d\\u0435 \\u0431\\u0435\\u0448\\u0435 \\u0434\\u043e\\u0441\\u0442\\u0430\\u043f\\u0435\\u043d \\u0434\\u0430 \\u043e\\u0434\\u0433\\u043e\\u0432\\u043e\\u0440\\u0438 \\u0434\\u0430\\u043b\\u0438 \\u0420\\u0430\\u0458\\u043a\\u043e\\u0432\\u0441\\u043a\\u0438 \\u0435 \\u0447\\u043b\\u0435\\u043d \\u043d\\u0430 \\u0413\\u0420\\u041e\\u041c \\u0438 \\u043a\\u0430\\u043a\\u043e \\u0442\\u043e\\u0458 \\u0441\\u0435 \\u043d\\u0430\\u0448\\u043e\\u043b \\u043d\\u0430 \\u043b\\u0438\\u0441\\u0442\\u0430\\u0442\\u0430 \\u043d\\u0430 \\u0447\\u043b\\u0435\\u043d\\u043e\\u0432\\u0438 \\u043d\\u0430 \\u0426\\u0435\\u043d\\u0442\\u0440\\u0430\\u043b\\u043d\\u0438\\u043e\\u0442 \\u043e\\u0434\\u0431\\u043e\\u0440 \\u043d\\u0430 \\u043f\\u0430\\u0440\\u0442\\u0438\\u0458\\u0430\\u0442\\u0430; - \\u043e\\u0434 \\u043f\\u0440\\u043e\\u0442\\u0435\\u0441\\u0442\\u043e\\u0442 \\u043f\\u0440\\u043e\\u0442\\u0438\\u0432 \\u0443\\u0440\\u0431\\u0430\\u043d\\u0430\\u0442\\u0430 \\u043c\\u0430\\u0444\\u0438\\u0458\\u0430 \\u0432\\u043e \\u043a\\u0430\\u0440\\u043f\\u043e\\u0448 \\u043d\\u0430 \\u0436\\u0438\\u0442\\u0435\\u043b\\u0438\\u0442\\u0435 \\u043d\\u0430 \\u0422\\u0430\\u0444\\u0442\\u0430\\u043b\\u0438\\u045f\\u0435 \\u043d\\u0430 5 \\u0458\\u0443\\u043b\\u0438 (\\u0424\\u043e\\u0442\\u043e: \\u0420\\u0430\\u0434\\u0438\\u043e\\u041c\\u043e\\u0444)\"},{\"@type\":\"WebPage\",\"@id\":\"https:\/\/sdk.mk\/index.php\/rrjeti-i-korrespondenteve\/stevco-llopov-bertisnin-banoret-e-taftalixhes-ne-protesten-kunder-mafias-urbane-ne-karposh\/#webpage\",\"url\":\"https:\/\/sdk.mk\/index.php\/rrjeti-i-korrespondenteve\/stevco-llopov-bertisnin-banoret-e-taftalixhes-ne-protesten-kunder-mafias-urbane-ne-karposh\/\",\"name\":\"\\u201cSTEV\\u00c7O LLOPOV\\u201d, B\\u00cbRTISNIN BANOR\\u00cbT E TAFTALIXHES N\\u00cb PROTEST\\u00cbN KUND\\u00cbR MAFIAS URBANE N\\u00cb KARPOSH - \\u0421\\u0430\\u043a\\u0430\\u043c \\u0414\\u0430 \\u041a\\u0430\\u0436\\u0430\\u043c\",\"isPartOf\":{\"@id\":\"https:\/\/sdk.mk\/#website\"},\"primaryImageOfPage\":{\"@id\":\"https:\/\/sdk.mk\/index.php\/rrjeti-i-korrespondenteve\/stevco-llopov-bertisnin-banoret-e-taftalixhes-ne-protesten-kunder-mafias-urbane-ne-karposh\/#primaryimage\"},\"datePublished\":\"2017-12-28T11:21:24+00:00\",\"dateModified\":\"2017-12-28T11:21:24+00:00\",\"author\":{\"@id\":\"https:\/\/sdk.mk\/#\/schema\/person\/737021aeacbe893f7e2c347186c5c7a1\"},\"inLanguage\":\"mk-MK\",\"potentialAction\":[{\"@type\":\"ReadAction\",\"target\":[\"https:\/\/sdk.mk\/index.php\/rrjeti-i-korrespondenteve\/stevco-llopov-bertisnin-banoret-e-taftalixhes-ne-protesten-kunder-mafias-urbane-ne-karposh\/\"]}]},{\"@type\":\"Person\",\"@id\":\"https:\/\/sdk.mk\/#\/schema\/person\/737021aeacbe893f7e2c347186c5c7a1\",\"name\":\"\\u0424\\u0458\\u043e\\u043b\\u0430 \\u0417\\u043b\\u0430\\u0442\\u043a\\u0443\"}]}<\/script>\n<!-- \/ Yoast SEO Premium plugin. -->","_links":{"self":[{"href":"https:\/\/sdk.mk\/index.php\/wp-json\/wp\/v2\/posts\/48711"}],"collection":[{"href":"https:\/\/sdk.mk\/index.php\/wp-json\/wp\/v2\/posts"}],"about":[{"href":"https:\/\/sdk.mk\/index.php\/wp-json\/wp\/v2\/types\/post"}],"author":[{"embeddable":true,"href":"https:\/\/sdk.mk\/index.php\/wp-json\/wp\/v2\/users\/25"}],"replies":[{"embeddable":true,"href":"https:\/\/sdk.mk\/index.php\/wp-json\/wp\/v2\/comments?post=48711"}],"version-history":[{"count":0,"href":"https:\/\/sdk.mk\/index.php\/wp-json\/wp\/v2\/posts\/48711\/revisions"}],"wp:featuredmedia":[{"embeddable":true,"href":"https:\/\/sdk.mk\/index.php\/wp-json\/wp\/v2\/media\/34858"}],"wp:attachment":[{"href":"https:\/\/sdk.mk\/index.php\/wp-json\/wp\/v2\/media?parent=48711"}],"wp:term":[{"taxonomy":"category","embeddable":true,"href":"https:\/\/sdk.mk\/index.php\/wp-json\/wp\/v2\/categories?post=48711"},{"taxonomy":"post_tag","embeddable":true,"href":"https:\/\/sdk.mk\/index.php\/wp-json\/wp\/v2\/tags?post=48711"}],"curies":[{"name":"wp","href":"https:\/\/api.w.org\/{rel}","templated":true}]}}