{"id":48763,"date":"2017-12-28T15:16:26","date_gmt":"2017-12-28T14:16:26","guid":{"rendered":"https:\/\/sdk.mk\/?p=48763"},"modified":"2017-12-28T15:16:26","modified_gmt":"2017-12-28T14:16:26","slug":"banoret-e-debar-maallos-luftuan-per-te-drejten-e-tyre-per-mbajtesin-e-listes-se-keshilltareve-te-lsdm-per-qendren","status":"publish","type":"post","link":"https:\/\/sdk.mk\/index.php\/rrjeti-i-korrespondenteve\/banoret-e-debar-maallos-luftuan-per-te-drejten-e-tyre-per-mbajtesin-e-listes-se-keshilltareve-te-lsdm-per-qendren\/","title":{"rendered":"BANOR\u00cbT E DEBAR MAALLOS LUFTUAN P\u00cbR T\u00cb DREJT\u00cbN E TYRE P\u00cbR MBAJT\u00cbSIN E LIST\u00cbS S\u00cb K\u00cbSHILLTAR\u00cbVE T\u00cb LSDM P\u00cbR QENDR\u00cbN"},"content":{"rendered":"<div class=\"f52428582a4b906b2d2e2a7d733c7d27\" data-index=\"7\" style=\"float: none; margin:10px 0 10px 0; text-align:center;\">\n<!-- MSP Ads Asynchronous JS Tag - Generated with Revive Adserver v5.4.1 -->\r\n<ins data-revive-zoneid=\"167\" data-revive-id=\"060fdb01f6430ec164d3519234aa4967\"><\/ins>\r\n<script async src=\"\/\/panel.ads.com.mk\/www\/delivery\/asyncjs.php\"><\/script>\n<\/div>\n<p>Nj\u00eb mbajt\u00ebs i list\u00ebs s\u00eb k\u00ebshilltar\u00ebve n\u00eb K\u00ebshillin e Komun\u00ebs s\u00eb Qendr\u00ebs do t\u00eb jet\u00eb an\u00ebtar i iniciativ\u00ebs s\u00eb qytetar\u00ebve \u201cN\u00eb mbrojtje t\u00eb Debar Maallos\u201d. Kjo marr\u00ebveshje \u00ebsht\u00eb arritur mbr\u00ebm\u00eb n\u00eb takimin e kandidatit p\u00ebr kryetar Sasha Bogdaniviq dhe p\u00ebrfaq\u00ebsuesin e LSDM Damjan Man\u00e7evskit, t\u00eb cil\u00ebt platform\u00ebn e iniciativ\u00ebs s\u00eb qytetar\u00ebve e pranuan t\u00ebr\u00ebsisht dhe premtuan se ajo do t\u00eb jet\u00eb pjes\u00eb e programit t\u00eb tyre gjat\u00eb zgjedhjeve lokale.<\/p>\n<p>Platforma e cila \u00e7on drejt nj\u00eb jete m\u00eb cil\u00ebsore dhe paraqet nj\u00eb plan p\u00ebr ndalimin e shkat\u00ebrrimit urbanistik dhe ekologjik dhe q\u00eb jav\u00ebn e kaluar u publikua nga ana jon\u00eb si shenj\u00eb mb\u00ebshtetjeje p\u00ebr ndonj\u00eb kandidat eventual p\u00ebr kryetar t\u00eb Qendr\u00ebs, deri tani, nj\u00eb dit\u00eb para skadimit t\u00eb afatit p\u00ebr kandidim \u00ebsht\u00eb pranuar vet\u00ebm nga LSDM.<\/p>\n<p>P\u00ebrfaq\u00ebsuesit e LSDM shpreh\u00ebn gatishm\u00ebri q\u00eb nj\u00eb an\u00ebtar i iniciativ\u00ebs s\u00eb qytetar\u00ebve t\u00eb jet\u00eb mbajt\u00ebs i list\u00ebs s\u00eb k\u00ebshilltar\u00ebve p\u00ebr komun\u00ebn e Qendr\u00ebs si kandidat i pavarur i koalicionit t\u00eb udh\u00ebhequr nga LSDM\u201d, thon\u00eb nga iniciativa qytetare \u201cN\u00eb mbrojtje t\u00eb Debar Maallos\u201d.<\/p>\n<p>Nga LSDM e kan\u00eb pranuar sugjerimin p\u00ebr mbajt\u00ebs t\u00eb list\u00ebs, Jana Bell\u00e7eva Andreevska si kandidate e pavarur e koalicionit t\u00eb udh\u00ebhequr nga LSDM.<\/p>\n<p>Nga iniciativa e qytetar\u00ebve \u201cN\u00eb mbrojtje t\u00eb Debar Maallos\u201d thon\u00eb se ata mbeten shoqat\u00eb jopartiake e hapur p\u00ebr bashk\u00ebpunim me t\u00eb gjitha subjektet politike, shoqata formale dhe joformale qytetar\u00ebsh dhe individ\u00ebsh t\u00eb cilat ndajn\u00eb vlerat e nj\u00ebjta t\u00eb shprehura n\u00eb k\u00ebt\u00eb platform\u00eb, me nj\u00eb q\u00ebllim t\u00eb p\u00ebrbashk\u00ebt \u201cSh\u00ebndeti para profitit\u201d.<\/p>\n<p>\u201cN\u00eb mbrojtje t\u00eb Debar Maallos\u201d \u00ebsht\u00eb iniciativ\u00eb qytetare e formuar n\u00eb vitin 2015 nga banor\u00ebt e Qendr\u00ebs t\u00eb cil\u00ebt jetojn\u00eb n\u00eb Debar Maallo dhe n\u00eb rrethin\u00eb me nj\u00eb q\u00ebllim t\u00eb p\u00ebrbashk\u00ebt \u2013 p\u00ebrmir\u00ebsimin e cil\u00ebsis\u00eb s\u00eb jet\u00ebs t\u00eb lagjes dhe qytetit.<\/p>\n<p><em><strong>A. ANTEVSKA<\/strong><\/em><\/p>\n\n<div style=\"font-size: 0px; height: 0px; line-height: 0px; margin: 0; padding: 0; clear: both;\"><\/div>","protected":false},"excerpt":{"rendered":"<p>Nj\u00eb mbajt\u00ebs i list\u00ebs s\u00eb k\u00ebshilltar\u00ebve n\u00eb K\u00ebshillin e Komun\u00ebs s\u00eb Qendr\u00ebs do t\u00eb jet\u00eb an\u00ebtar i iniciativ\u00ebs s\u00eb qytetar\u00ebve [&hellip;]<\/p>\n","protected":false},"author":25,"featured_media":37603,"comment_status":"closed","ping_status":"closed","sticky":false,"template":"","format":"standard","meta":{"_mo_disable_npp":"","inline_featured_image":false},"categories":[3095],"tags":[],"imageURL":"https:\/\/sdk.mk\/wp-content\/uploads\/2017\/08\/Debar-Maalo-protest-650x366.jpg","thumbURL":"https:\/\/sdk.mk\/wp-content\/uploads\/2017\/08\/Debar-Maalo-protest-250x141.jpg","categoryNames":["Rrjeti i korrespondent\u00ebve"],"feature_caption":"Platform\u00ebn nga iniciativa e qytetar\u00ebve, e cila u d\u00ebrgua drejt t\u00eb gjith\u00eb kandidat\u00ebve p\u00ebr kryetar\u00eb, e ka pranuar vet\u00ebm LSDM, t\u00eb cil\u00ebt kan\u00eb premtuar se do t\u00eb b\u00ebjn\u00eb pjes\u00eb e programit t\u00eb tyre t\u00eb zgjedhjeve lokale \u2013 Protesta e qytetar\u00ebve p\u00ebr \u00e7lirimin e trotuareve dhe ndalimit t\u00eb nd\u00ebrtimeve t\u00eb reja muajin e kaluar (Foto: SDK.MK)","subtitle":"","views":"9607","source":"Shkup, (SAKAMDAKAZAM.MK)","yoast_head":"<!-- This site is optimized with the Yoast SEO Premium plugin v15.0 - https:\/\/yoast.com\/wordpress\/plugins\/seo\/ -->\n<title>BANOR\u00cbT E DEBAR MAALLOS LUFTUAN P\u00cbR T\u00cb DREJT\u00cbN E TYRE P\u00cbR MBAJT\u00cbSIN E LIST\u00cbS S\u00cb K\u00cbSHILLTAR\u00cbVE T\u00cb LSDM P\u00cbR QENDR\u00cbN - \u0421\u0430\u043a\u0430\u043c \u0414\u0430 \u041a\u0430\u0436\u0430\u043c<\/title>\n<meta name=\"robots\" content=\"index, follow, max-snippet:-1, max-image-preview:large, max-video-preview:-1\" \/>\n<link rel=\"canonical\" href=\"https:\/\/sdk.mk\/index.php\/rrjeti-i-korrespondenteve\/banoret-e-debar-maallos-luftuan-per-te-drejten-e-tyre-per-mbajtesin-e-listes-se-keshilltareve-te-lsdm-per-qendren\/\" \/>\n<meta property=\"og:locale\" content=\"mk_MK\" \/>\n<meta property=\"og:type\" content=\"article\" \/>\n<meta property=\"og:title\" content=\"BANOR\u00cbT E DEBAR MAALLOS LUFTUAN P\u00cbR T\u00cb DREJT\u00cbN E TYRE P\u00cbR MBAJT\u00cbSIN E LIST\u00cbS S\u00cb K\u00cbSHILLTAR\u00cbVE T\u00cb LSDM P\u00cbR QENDR\u00cbN - \u0421\u0430\u043a\u0430\u043c \u0414\u0430 \u041a\u0430\u0436\u0430\u043c\" \/>\n<meta property=\"og:description\" content=\"Nj\u00eb mbajt\u00ebs i list\u00ebs s\u00eb k\u00ebshilltar\u00ebve n\u00eb K\u00ebshillin e Komun\u00ebs s\u00eb Qendr\u00ebs do t\u00eb jet\u00eb an\u00ebtar i iniciativ\u00ebs s\u00eb qytetar\u00ebve [&hellip;]\" \/>\n<meta property=\"og:url\" content=\"https:\/\/sdk.mk\/index.php\/rrjeti-i-korrespondenteve\/banoret-e-debar-maallos-luftuan-per-te-drejten-e-tyre-per-mbajtesin-e-listes-se-keshilltareve-te-lsdm-per-qendren\/\" \/>\n<meta property=\"og:site_name\" content=\"\u0421\u0430\u043a\u0430\u043c \u0414\u0430 \u041a\u0430\u0436\u0430\u043c\" \/>\n<meta property=\"article:published_time\" content=\"2017-12-28T14:16:26+00:00\" \/>\n<meta property=\"og:image\" content=\"https:\/\/sdk.mk\/wp-content\/uploads\/2017\/08\/Debar-Maalo-protest.jpg\" \/>\n\t<meta property=\"og:image:width\" content=\"2048\" \/>\n\t<meta property=\"og:image:height\" content=\"1152\" \/>\n<meta property=\"fb:app_id\" content=\"2407985809428537\" \/>\n<meta name=\"twitter:card\" content=\"summary\" \/>\n<script type=\"application\/ld+json\" class=\"yoast-schema-graph\">{\"@context\":\"https:\/\/schema.org\",\"@graph\":[{\"@type\":\"WebSite\",\"@id\":\"https:\/\/sdk.mk\/#website\",\"url\":\"https:\/\/sdk.mk\/\",\"name\":\"\\u0421\\u0430\\u043a\\u0430\\u043c \\u0414\\u0430 \\u041a\\u0430\\u0436\\u0430\\u043c\",\"description\":\"\\u0417\\u0430 \\u0441\\u043b\\u043e\\u0431\\u043e\\u0434\\u043e\\u0443\\u043c\\u043d\\u0438\",\"potentialAction\":[{\"@type\":\"SearchAction\",\"target\":\"https:\/\/sdk.mk\/?s={search_term_string}\",\"query-input\":\"required name=search_term_string\"}],\"inLanguage\":\"mk-MK\"},{\"@type\":\"ImageObject\",\"@id\":\"https:\/\/sdk.mk\/index.php\/rrjeti-i-korrespondenteve\/banoret-e-debar-maallos-luftuan-per-te-drejten-e-tyre-per-mbajtesin-e-listes-se-keshilltareve-te-lsdm-per-qendren\/#primaryimage\",\"inLanguage\":\"mk-MK\",\"url\":\"https:\/\/sdk.mk\/wp-content\/uploads\/2017\/08\/Debar-Maalo-protest.jpg\",\"width\":2048,\"height\":1152},{\"@type\":\"WebPage\",\"@id\":\"https:\/\/sdk.mk\/index.php\/rrjeti-i-korrespondenteve\/banoret-e-debar-maallos-luftuan-per-te-drejten-e-tyre-per-mbajtesin-e-listes-se-keshilltareve-te-lsdm-per-qendren\/#webpage\",\"url\":\"https:\/\/sdk.mk\/index.php\/rrjeti-i-korrespondenteve\/banoret-e-debar-maallos-luftuan-per-te-drejten-e-tyre-per-mbajtesin-e-listes-se-keshilltareve-te-lsdm-per-qendren\/\",\"name\":\"BANOR\\u00cbT E DEBAR MAALLOS LUFTUAN P\\u00cbR T\\u00cb DREJT\\u00cbN E TYRE P\\u00cbR MBAJT\\u00cbSIN E LIST\\u00cbS S\\u00cb K\\u00cbSHILLTAR\\u00cbVE T\\u00cb LSDM P\\u00cbR QENDR\\u00cbN - \\u0421\\u0430\\u043a\\u0430\\u043c \\u0414\\u0430 \\u041a\\u0430\\u0436\\u0430\\u043c\",\"isPartOf\":{\"@id\":\"https:\/\/sdk.mk\/#website\"},\"primaryImageOfPage\":{\"@id\":\"https:\/\/sdk.mk\/index.php\/rrjeti-i-korrespondenteve\/banoret-e-debar-maallos-luftuan-per-te-drejten-e-tyre-per-mbajtesin-e-listes-se-keshilltareve-te-lsdm-per-qendren\/#primaryimage\"},\"datePublished\":\"2017-12-28T14:16:26+00:00\",\"dateModified\":\"2017-12-28T14:16:26+00:00\",\"author\":{\"@id\":\"https:\/\/sdk.mk\/#\/schema\/person\/737021aeacbe893f7e2c347186c5c7a1\"},\"inLanguage\":\"mk-MK\",\"potentialAction\":[{\"@type\":\"ReadAction\",\"target\":[\"https:\/\/sdk.mk\/index.php\/rrjeti-i-korrespondenteve\/banoret-e-debar-maallos-luftuan-per-te-drejten-e-tyre-per-mbajtesin-e-listes-se-keshilltareve-te-lsdm-per-qendren\/\"]}]},{\"@type\":\"Person\",\"@id\":\"https:\/\/sdk.mk\/#\/schema\/person\/737021aeacbe893f7e2c347186c5c7a1\",\"name\":\"\\u0424\\u0458\\u043e\\u043b\\u0430 \\u0417\\u043b\\u0430\\u0442\\u043a\\u0443\"}]}<\/script>\n<!-- \/ Yoast SEO Premium plugin. -->","_links":{"self":[{"href":"https:\/\/sdk.mk\/index.php\/wp-json\/wp\/v2\/posts\/48763"}],"collection":[{"href":"https:\/\/sdk.mk\/index.php\/wp-json\/wp\/v2\/posts"}],"about":[{"href":"https:\/\/sdk.mk\/index.php\/wp-json\/wp\/v2\/types\/post"}],"author":[{"embeddable":true,"href":"https:\/\/sdk.mk\/index.php\/wp-json\/wp\/v2\/users\/25"}],"replies":[{"embeddable":true,"href":"https:\/\/sdk.mk\/index.php\/wp-json\/wp\/v2\/comments?post=48763"}],"version-history":[{"count":0,"href":"https:\/\/sdk.mk\/index.php\/wp-json\/wp\/v2\/posts\/48763\/revisions"}],"wp:featuredmedia":[{"embeddable":true,"href":"https:\/\/sdk.mk\/index.php\/wp-json\/wp\/v2\/media\/37603"}],"wp:attachment":[{"href":"https:\/\/sdk.mk\/index.php\/wp-json\/wp\/v2\/media?parent=48763"}],"wp:term":[{"taxonomy":"category","embeddable":true,"href":"https:\/\/sdk.mk\/index.php\/wp-json\/wp\/v2\/categories?post=48763"},{"taxonomy":"post_tag","embeddable":true,"href":"https:\/\/sdk.mk\/index.php\/wp-json\/wp\/v2\/tags?post=48763"}],"curies":[{"name":"wp","href":"https:\/\/api.w.org\/{rel}","templated":true}]}}