{"id":48948,"date":"2018-01-01T22:43:28","date_gmt":"2018-01-01T21:43:28","guid":{"rendered":"https:\/\/sdk.mk\/?p=48948"},"modified":"2018-01-01T22:43:28","modified_gmt":"2018-01-01T21:43:28","slug":"thika-te-gjata","status":"publish","type":"post","link":"https:\/\/sdk.mk\/index.php\/dua-te-them\/thika-te-gjata\/","title":{"rendered":"THIKA T\u00cb GJATA"},"content":{"rendered":"<div class=\"f52428582a4b906b2d2e2a7d733c7d27\" data-index=\"7\" style=\"float: none; margin:10px 0 10px 0; text-align:center;\">\n<!-- MSP Ads Asynchronous JS Tag - Generated with Revive Adserver v5.4.1 -->\r\n<ins data-revive-zoneid=\"167\" data-revive-id=\"060fdb01f6430ec164d3519234aa4967\"><\/ins>\r\n<script async src=\"\/\/panel.ads.com.mk\/www\/delivery\/asyncjs.php\"><\/script>\n<\/div>\n<p><span class=\"dropcap color firstcharacter\">1 <\/span>Ky vit po mbaron bashk\u00eb me mbarimin e Nikolla Gruevskit. Besa, na ka malltretuar shum\u00eb. Kishte qen\u00eb i mundimsh\u00ebm largimi i tij. T\u00eb pakt\u00ebn tre vjet kemi pritur q\u00eb t\u00eb shohim fotografin\u00eb, e cila mbase do t\u00eb sh\u00ebnjoj\u00eb fundin e nj\u00eb epoke. Fotografia n\u00eb t\u00eb cil\u00ebn Gruevski largohet nga Kongresi i VMRO-DPMNE-s\u00eb n\u00eb Vallandov\u00eb. Me thikat e vogla pas kurrizit, si\u00e7 e qau hallin nga foltorja. Madje, nga vet\u00eb njer\u00ebzit e tij. Kurse deri vjet n\u00eb k\u00ebt\u00eb koh\u00eb, ai ishte ende i fuqish\u00ebm q\u00eb t\u00eb mund t\u2019i k\u00ebrc\u00ebnonte njer\u00ebzit me net\u00ebt e thikave t\u00eb gjata.<\/p>\n<p>Mir\u00ebpo, lidershipi i ri i VMRO-DPMNE-s\u00eb b\u00ebn t\u00eb qart\u00eb se Gruevski u largua, por ata aktivisht po punojn\u00eb q\u00eb gruevizmi t\u00eb vazhdoj\u00eb. Opozita k\u00ebrkon nga Qeveria q\u00eb t\u00eb ndikoj\u00eb mbi gjykat\u00ebn, p\u00ebr t\u2019i \u00e7liruar nga paraburgimi 36 t\u00eb akuzuarit p\u00ebr sulmin e organizuar t\u00eb Parlamentit, t\u00eb dyshuar p\u00ebr shkeljen terroriste t\u00eb rendit kushtetues. Si n\u00eb koh\u00ebn e gruevizmit. Dhe sipas defter\u00ebve t\u00eb Goc\u00ebs. Deputet\u00ebt e VMRO-DPMNE-s\u00eb k\u00ebrkojn\u00eb nga Zoran Zaevi t\u2019i \u00e7liroj\u00eb ata q\u00eb ishin nisur ta vrasin. Por edhe m\u00eb e tmerrshme \u00ebsht\u00eb q\u00eb nga kryeministri Zoran Zaev k\u00ebrkojn\u00eb ta urdh\u00ebroj\u00eb gjykat\u00ebn q\u00eb t\u2019i \u00e7liroj\u00eb t\u00eb gjith\u00eb ata q\u00eb nis\u00ebn ta shkat\u00ebrrojn\u00eb rendin kushtetues.<\/p>\n<p>Dometh\u00ebn\u00eb, VMRO-DPMNE insiston q\u00eb Zaevi t\u00eb vazhdoj\u00eb me gruevizmin, p\u00ebrndryshe deputet\u00ebt nuk kthehen n\u00eb Parlament. Dhe p\u00ebrpiqet q\u00eb k\u00ebt\u00eb gj\u00eb t\u00eb na e shes\u00eb si konstruktivitet.<\/p>\n<p><span class=\"dropcap color firstcharacter\">2<\/span>Mbi vazhdimin e gruevizmit insiston edhe presidenti Gjorge Ivanov. Po ai Ivanov q\u00eb \u00ebsht\u00eb nj\u00eb nga gjenerator\u00ebt e gruevizmit. Ai president, i cili n\u00eb fillim i falte t\u00eb dyshuarit p\u00ebr krim t\u00eb r\u00ebnd\u00eb, e m\u00eb pas refuzonte t\u2019ia jap\u00eb mandatin Zaevit, p\u00ebr shkak se Gruevski nuk mund t\u00eb mblidhte shumic\u00ebn n\u00eb Parlament, e i mb\u00ebshteste ata q\u00eb b\u00ebnin thashetheme e n\u00eb fund e kryen sulmin e Parlamentit. Edhe n\u00eb fjalimin vjetor n\u00eb Parlament ai vazhdon ta mbroj\u00eb gruevizmin. Me insistimin se n\u00ebse gjykohen ata q\u00eb e sulmuan Parlementin, ajo gj\u00eb do t\u00eb ishte revanshiz\u00ebm politik. Pasi ata kan\u00eb qen\u00eb patriot\u00eb t\u00eb zot\u00ebruar nga emocionet.<\/p>\n<p>Ivanovi vazhdimisht flet p\u00ebr pajtim. Por pajtimi q\u00eb ai ofron \u00ebsht\u00eb \u2013 ose grueviz\u00ebm ose shkat\u00ebrrim i shtetit.<\/p>\n<p><span class=\"dropcap color firstcharacter\">3<\/span>Nuk b\u00ebhet fjal\u00eb p\u00ebr revanshiz\u00ebm. Revanshiz\u00ebm do t\u00eb ket\u00eb n\u00ebse Ivanovi dhe partia e tij arrijn\u00eb ta shesin p\u00ebrrall\u00ebn se n\u00eb 27 prill nuk ka ndodhur asnj\u00eb e tmerrshme. Dhe n\u00ebse askush nga ata nuk e merr d\u00ebnimin q\u00eb meriton p\u00ebr sulmin e organizuar t\u00eb Parlamentit.<\/p>\n<p>E pastaj, vall\u00eb mund t\u00eb mund t\u00eb paramendoni se ku do t\u00eb ishte Maqedonia dhe t\u00eb gjith\u00eb ne tani, n\u00ebse Gjorge Ivanovit dhe njer\u00ebzve t\u00eb tij do t\u2019u kishte dal\u00eb me sukses plani i 27 prillit? Pa t\u00eb shohim, debatoni pak mbi k\u00ebt\u00eb tem\u00eb.<\/p>\n<p><span class=\"dropcap color firstcharacter\">4<\/span> Njohja \u201c VMRO i jav\u00ebs\u201d k\u00ebsaj here i shkon ministrit t\u00eb kultur\u00ebs Robert Allagjizovski, i cili gjen justifikime qesharake se pse nuk ka b\u00ebr\u00eb di\u00e7ka, t\u00eb cil\u00ebn ka premtuar se do ta b\u00ebj\u00eb.<br \/>\nNdaj pyetjes s\u00eb deputet\u00ebve mbi mund\u00ebsin\u00eb p\u00ebr t\u2019i hequr p\u00ebrmendoret e \u201cShkupi 2014\u201d, Allagjozovski, mes tjerash tha se \u201csjellja e \u00e7\u00ebshtjes p\u00ebr heqjen e p\u00ebrmendoreve v\u00eb n\u00eb rrezik aspektet e siguris\u00eb dhe mund\u00ebsin\u00eb p\u00ebr nj\u00eb intervenim t\u00eb till\u00eb\u201d. Dhe shpjegoi se \u201cn\u00eb nj\u00eb situat\u00eb ku i gjith\u00eb qyteti mbytet nga ndotja e tep\u00ebrt e ajrit, nuk do t\u00eb ishte gj\u00eb e men\u00e7ur, sidomos p\u00ebr faktin se do t\u00eb liroheshin grimca t\u00eb d\u00ebmshme.<\/p>\n<p>Pra, grimcat PM e shp\u00ebtuan Qosen nga zhvendosja.<\/p>\n<p>Me sa duket, konkurrenti i radh\u00ebs p\u00ebr \u201cVMRO i jav\u00ebs\u201d do t\u00eb jet\u00eb ministri i financave Dragan Tevdovski, i cili do t\u00eb duhet t\u00eb p\u00ebrgjigjet p\u00ebr \u00e7\u00ebshtjen: \u201cKu \u00ebsht\u00eb num\u00ebratorja q\u00eb duhet t\u00eb num\u00ebroj\u00eb se kur do t\u00eb kthehen parat\u00eb e vjedhura n\u00eb buxhet? Me sa duket, po ec shum\u00eb ngadal\u00eb. Po vjen Viti i Ri, le t\u2019i g\u00ebzohemi pak asaj num\u00ebratoreje. Apo, ajo l\u00ebviz, e ne nuk arrijm\u00eb ta shohim nga grimcat PM?<\/p>\n<p>Jeta erdhi. Ama, pa para nuk jetohet.<\/p>\n<p><em>T\u00eb dashurit e mi, <\/em><\/p>\n<p><em>L\u00ebrjani t\u00eb k\u00ebqijat vitit 2017. Qofshim sh\u00ebndosh\u00eb e mir\u00eb e me gaz pasi edhe 2018 shpejt\u00eb do t\u00eb kaloj\u00eb. Vet\u00ebm edhe nj\u00eb fjalim i Ivanovit dhe ja ku erdhi 2019.<\/em><\/p>\n<p><strong><em>P\u00ebrktheu: Fjolla Zllatku<\/em><\/strong><\/p>\n<p>&nbsp;<\/p>\n\n<div style=\"font-size: 0px; height: 0px; line-height: 0px; margin: 0; padding: 0; clear: both;\"><\/div>","protected":false},"excerpt":{"rendered":"<p>Ky vit po mbaron bashk\u00eb me mbarimin e Nikolla Gruevskit. Besa, na ka malltretuar shum\u00eb. Kishte qen\u00eb i mundimsh\u00ebm largimi [&hellip;]<\/p>\n","protected":false},"author":1,"featured_media":184,"comment_status":"closed","ping_status":"closed","sticky":false,"template":"","format":"standard","meta":{"_mo_disable_npp":"","inline_featured_image":false},"categories":[1825],"tags":[],"imageURL":"https:\/\/sdk.mk\/wp-content\/uploads\/2015\/12\/goran-mihailovski2.jpg","thumbURL":"https:\/\/sdk.mk\/wp-content\/uploads\/2015\/12\/goran-mihailovski2-250x196.jpg","categoryNames":["DUA T\u00cb THEM"],"feature_caption":"","subtitle":"A mund t\u00eb paramendoni se ku do t\u00eb ishte Maqedonia dhe t\u00eb gjith\u00eb ne tani, n\u00ebse Gjorge Ivanovit dhe njer\u00ebzve t\u00eb tij do t\u2019u kishte dal\u00eb me sukses plani i 27 prillit?","views":"10560","source":"","yoast_head":"<!-- This site is optimized with the Yoast SEO Premium plugin v15.0 - https:\/\/yoast.com\/wordpress\/plugins\/seo\/ -->\n<title>THIKA T\u00cb GJATA - \u0421\u0430\u043a\u0430\u043c \u0414\u0430 \u041a\u0430\u0436\u0430\u043c<\/title>\n<meta name=\"robots\" content=\"index, follow, max-snippet:-1, max-image-preview:large, max-video-preview:-1\" \/>\n<link rel=\"canonical\" href=\"https:\/\/sdk.mk\/index.php\/dua-te-them\/thika-te-gjata\/\" \/>\n<meta property=\"og:locale\" content=\"mk_MK\" \/>\n<meta property=\"og:type\" content=\"article\" \/>\n<meta property=\"og:title\" content=\"THIKA T\u00cb GJATA - \u0421\u0430\u043a\u0430\u043c \u0414\u0430 \u041a\u0430\u0436\u0430\u043c\" \/>\n<meta property=\"og:description\" content=\"Ky vit po mbaron bashk\u00eb me mbarimin e Nikolla Gruevskit. Besa, na ka malltretuar shum\u00eb. Kishte qen\u00eb i mundimsh\u00ebm largimi [&hellip;]\" \/>\n<meta property=\"og:url\" content=\"https:\/\/sdk.mk\/index.php\/dua-te-them\/thika-te-gjata\/\" \/>\n<meta property=\"og:site_name\" content=\"\u0421\u0430\u043a\u0430\u043c \u0414\u0430 \u041a\u0430\u0436\u0430\u043c\" \/>\n<meta property=\"article:published_time\" content=\"2018-01-01T21:43:28+00:00\" \/>\n<meta property=\"og:image\" content=\"https:\/\/sdk.mk\/wp-content\/uploads\/2015\/12\/goran-mihailovski2.jpg\" \/>\n\t<meta property=\"og:image:width\" content=\"400\" \/>\n\t<meta property=\"og:image:height\" content=\"313\" \/>\n<meta property=\"fb:app_id\" content=\"2407985809428537\" \/>\n<meta name=\"twitter:card\" content=\"summary\" \/>\n<script type=\"application\/ld+json\" class=\"yoast-schema-graph\">{\"@context\":\"https:\/\/schema.org\",\"@graph\":[{\"@type\":\"WebSite\",\"@id\":\"https:\/\/sdk.mk\/#website\",\"url\":\"https:\/\/sdk.mk\/\",\"name\":\"\\u0421\\u0430\\u043a\\u0430\\u043c \\u0414\\u0430 \\u041a\\u0430\\u0436\\u0430\\u043c\",\"description\":\"\\u0417\\u0430 \\u0441\\u043b\\u043e\\u0431\\u043e\\u0434\\u043e\\u0443\\u043c\\u043d\\u0438\",\"potentialAction\":[{\"@type\":\"SearchAction\",\"target\":\"https:\/\/sdk.mk\/?s={search_term_string}\",\"query-input\":\"required name=search_term_string\"}],\"inLanguage\":\"mk-MK\"},{\"@type\":\"ImageObject\",\"@id\":\"https:\/\/sdk.mk\/index.php\/dua-te-them\/thika-te-gjata\/#primaryimage\",\"inLanguage\":\"mk-MK\",\"url\":\"https:\/\/sdk.mk\/wp-content\/uploads\/2015\/12\/goran-mihailovski2.jpg\",\"width\":400,\"height\":313},{\"@type\":\"WebPage\",\"@id\":\"https:\/\/sdk.mk\/index.php\/dua-te-them\/thika-te-gjata\/#webpage\",\"url\":\"https:\/\/sdk.mk\/index.php\/dua-te-them\/thika-te-gjata\/\",\"name\":\"THIKA T\\u00cb GJATA - \\u0421\\u0430\\u043a\\u0430\\u043c \\u0414\\u0430 \\u041a\\u0430\\u0436\\u0430\\u043c\",\"isPartOf\":{\"@id\":\"https:\/\/sdk.mk\/#website\"},\"primaryImageOfPage\":{\"@id\":\"https:\/\/sdk.mk\/index.php\/dua-te-them\/thika-te-gjata\/#primaryimage\"},\"datePublished\":\"2018-01-01T21:43:28+00:00\",\"dateModified\":\"2018-01-01T21:43:28+00:00\",\"author\":{\"@id\":\"https:\/\/sdk.mk\/#\/schema\/person\/be7cfa6655c47f7195bfdd0ba8144aa2\"},\"inLanguage\":\"mk-MK\",\"potentialAction\":[{\"@type\":\"ReadAction\",\"target\":[\"https:\/\/sdk.mk\/index.php\/dua-te-them\/thika-te-gjata\/\"]}]},{\"@type\":\"Person\",\"@id\":\"https:\/\/sdk.mk\/#\/schema\/person\/be7cfa6655c47f7195bfdd0ba8144aa2\",\"name\":\"\\u0413\\u043e\\u0440\\u0430\\u043d \\u041c\\u0438\\u0445\\u0430\\u0458\\u043b\\u043e\\u0432\\u0441\\u043a\\u0438\"}]}<\/script>\n<!-- \/ Yoast SEO Premium plugin. -->","_links":{"self":[{"href":"https:\/\/sdk.mk\/index.php\/wp-json\/wp\/v2\/posts\/48948"}],"collection":[{"href":"https:\/\/sdk.mk\/index.php\/wp-json\/wp\/v2\/posts"}],"about":[{"href":"https:\/\/sdk.mk\/index.php\/wp-json\/wp\/v2\/types\/post"}],"author":[{"embeddable":true,"href":"https:\/\/sdk.mk\/index.php\/wp-json\/wp\/v2\/users\/1"}],"replies":[{"embeddable":true,"href":"https:\/\/sdk.mk\/index.php\/wp-json\/wp\/v2\/comments?post=48948"}],"version-history":[{"count":0,"href":"https:\/\/sdk.mk\/index.php\/wp-json\/wp\/v2\/posts\/48948\/revisions"}],"wp:featuredmedia":[{"embeddable":true,"href":"https:\/\/sdk.mk\/index.php\/wp-json\/wp\/v2\/media\/184"}],"wp:attachment":[{"href":"https:\/\/sdk.mk\/index.php\/wp-json\/wp\/v2\/media?parent=48948"}],"wp:term":[{"taxonomy":"category","embeddable":true,"href":"https:\/\/sdk.mk\/index.php\/wp-json\/wp\/v2\/categories?post=48948"},{"taxonomy":"post_tag","embeddable":true,"href":"https:\/\/sdk.mk\/index.php\/wp-json\/wp\/v2\/tags?post=48948"}],"curies":[{"name":"wp","href":"https:\/\/api.w.org\/{rel}","templated":true}]}}