{"id":49269,"date":"2018-01-06T21:06:58","date_gmt":"2018-01-06T20:06:58","guid":{"rendered":"https:\/\/sdk.mk\/?p=49269"},"modified":"2018-01-06T21:06:58","modified_gmt":"2018-01-06T20:06:58","slug":"guri-i-rozetes","status":"publish","type":"post","link":"https:\/\/sdk.mk\/index.php\/dua-te-them\/guri-i-rozetes\/","title":{"rendered":"GURI I ROZET\u00cbS"},"content":{"rendered":"<div class=\"f52428582a4b906b2d2e2a7d733c7d27\" data-index=\"7\" style=\"float: none; margin:10px 0 10px 0; text-align:center;\">\n<!-- MSP Ads Asynchronous JS Tag - Generated with Revive Adserver v5.4.1 -->\r\n<ins data-revive-zoneid=\"167\" data-revive-id=\"060fdb01f6430ec164d3519234aa4967\"><\/ins>\r\n<script async src=\"\/\/panel.ads.com.mk\/www\/delivery\/asyncjs.php\"><\/script>\n<\/div>\n<p><span class=\"dropcap color firstcharacter\">1 <\/span>Kam nj\u00eb problem serioz kur p\u00ebrpiqem t\u00eb kuptoj ardhjen e jet\u00ebs n\u00eb Maqedoni. Kjo u b\u00eb ve\u00e7an\u00ebrisht e dukshme n\u00eb euforin\u00eb e pritjes s\u00eb Vitit t\u00eb Ri. Sipas cilit ligj, ligjet n\u00eb Maqedoni nuk vlejn\u00eb para Vitit t\u00eb Ri dhe gjat\u00eb festave? Kuptoj se qeverisja 11 vje\u00e7are e VMRO-DPMNE-s\u00eb me drejt\u00ebsi selektive dhe \u201cbritma e piskama\u201d drejt kund\u00ebrshtar\u00ebve politik\u00eb la pasoja serioze n\u00eb tentimin p\u00ebr t\u00eb kuptuar respektimin e ligjit. Por nga ana tjet\u00ebr, nuk vdiq\u00ebm s\u00eb dali n\u00ebp\u00ebr rrug\u00eb p\u00ebr plot dy vjet n\u00eb p\u00ebrpjekje p\u00ebr t\u00eb rr\u00ebzuar regjimin vet\u00ebm q\u00eb drejt\u00ebsia selektive e VMRO-DPMNE-s\u00eb dhe mosd\u00ebnimi selektiv t\u00eb z\u00ebvend\u00ebsohej nga anarkia e LSDM-s\u00eb.<\/p>\n<p>Pothuajse t\u00ebr\u00eb muajin para Vitit t\u00eb Ri, ndon\u00ebse e ndaluar me ligj, pihej cigare n\u00eb t\u00eb gjitha kafenet\u00eb, mund t\u00eb parkoheshe mbi trotuare, bar, ishuj p\u00ebr k\u00ebmb\u00ebsor\u00eb dhe rrug\u00eb, dhe p\u00ebr m\u00eb tep\u00ebr n\u00eb m\u00ebnyr\u00eb masive nuk respektohej dh\u00ebnia e llogarive fiskale. Kurse m\u00eb tmerrshmja nga t\u00eb gjitha ishte se nuk d\u00ebnonin as inspeksionet, as policia.<\/p>\n<p>Erdhi jeta. E n\u00ebse fillon t\u00eb dyshosh se kjo anarki substandarde nuk \u00ebsht\u00eb jet\u00eb, t\u00eb p\u00ebrgjigjen vet\u00ebtimthi: \u201cEpo p\u00ebrndryshe, ta kthejm\u00eb VMRO-n\u00eb\u201d.<\/p>\n<p>Jo m\u00ebr. Nuk dua ta kthejm\u00eb VMRO-n\u00eb. Zoti na ruajt. Por ama, as nuk dua t\u00eb b\u00ebni sikur kjo \u00ebsht\u00eb jet\u00eb. Kemi par\u00eb jet\u00eb shum\u00eb m\u00eb t\u00eb mir\u00eb. Dhe nuk e di se pse kjo anarki, p\u00ebr t\u00eb cil\u00ebn t\u00eb gjith\u00eb ne jemi d\u00ebshmitar\u00eb, duhet t\u00eb konsiderohet si kthim i jet\u00ebs? E p\u00ebr m\u00eb tep\u00ebr, kjo duhet t\u00eb vlej\u00eb p\u00ebr t\u00eb gjith\u00eb.<\/p>\n<p>N\u00eb fund t\u00eb fundit, nuk po flasim m\u00eb p\u00ebr qeverisjen e VMRO-DPMNE-s\u00eb. Ajo \u00ebsht\u00eb e kaluar. P\u00ebr m\u00eb tep\u00ebr, e kaluar e hidhur. Po flasim p\u00ebr LSDM-n\u00eb dhe koalicionin n\u00eb pushtet. Dhe po flasim p\u00ebr kthimin e qeverisjes s\u00eb t\u00eb drejt\u00ebs. P\u00ebr kthimin e vlerave t\u00eb qytet\u00ebruara. E jo p\u00ebr shfarosjen e tyre. Tani duket se qeveria po b\u00ebn k\u00ebt\u00eb t\u00eb fundit.<\/p>\n<p><span class=\"dropcap color firstcharacter\">2<\/span>Ligji p\u00ebr ndalimin e pirjes s\u00eb duhanit nuk respektohet pasi nuk ka pasur drejtor t\u00eb Inspektoratit t\u00eb tregut. Dhe inspektor\u00ebt nuk kan\u00eb marr\u00eb rrog\u00eb p\u00ebr plot dy muaj. Po shef t\u00eb policis\u00eb s\u00eb komunikacionit, ka vall\u00eb? Pasi n\u00ebp\u00ebr t\u00ebr\u00eb qytetin, njer\u00ebzit po parkohen si t\u2019u doj\u00eb qejfi. Po llogari fiskale pse nuk japin? Si mund t\u00eb jet\u00eb kjo gj\u00eb m\u00eb mir\u00eb p\u00ebr shtetin? Dhe jet\u00eb p\u00ebr t\u00eb gjith\u00eb? A e din\u00eb ata q\u00eb nuk japin llogari fiskale se po vjedhin nga m\u00ebsueset, mjek\u00ebt, motrat medicinale, edukatoret? Nd\u00ebrsa e nj\u00ebjta vlen edhe p\u00ebr ata q\u00eb nuk k\u00ebrkojn\u00eb llogari fiskale.<br \/>\nParkohen mbi trotuar apo n\u00eb korsin\u00eb e tret\u00eb apo n\u00eb shteg bi\u00e7ikletash, q\u00eb t\u00eb mund t\u00eb kursejn\u00eb 30 denar\u00eb p\u00ebr parking, e nd\u00ebrkoh\u00eb q\u00eb i shohin makinat e tyre se a jan\u00eb n\u00eb rregull apo jo, zhvillojn\u00eb biseda mbi tem\u00ebn se si sh\u00ebndet\u00ebsia qenka e k\u00ebtill\u00eb apo se si shkollimi qenka i atill\u00eb\u2026Po, nga do t\u00eb paguhet ajo sh\u00ebndet\u00ebsi e ai shkollim kur nuk paguhen tatime dhe kur inspeksioni dhe policia nuk d\u00ebnojn\u00eb p\u00ebr shkelje ligji?<\/p>\n<p>Erdhi jeta p\u00ebr t\u00eb gjith\u00eb. Por cil\u00ebsin\u00eb e saj po e nd\u00ebrtojm\u00eb sipas qejfit t\u00eb mafis\u00eb urbane dhe t\u00eb kafeneve. Mbrojtja e interesit publik \u2013 zero. Mir\u00eb q\u00eb na i vodh\u00ebn trotuaret dhe sip\u00ebrfaqet publike p\u00ebr t\u00eb nd\u00ebrtuar zona najloni ku mund t\u00eb pihet cigare, por tani edhe na detyrojn\u00eb t\u00eb paguajm\u00eb tatime.<\/p>\n<p>E edhe n\u00ebse fillon e dyshon se nuk \u00ebsht\u00eb ashtu \u2013 ti nuk ke t\u00eb drejt\u00eb. N\u00ebse k\u00ebrkon llogari fiskale \u2013 t\u00eb shikojn\u00eb shtremb\u00ebr. N\u00ebse insiston q\u00eb t\u00eb respektohet ligjit \u2013 t\u00eb shikojn\u00eb edhe m\u00eb shtremb\u00ebr.<\/p>\n<p><span class=\"dropcap color firstcharacter\">3<\/span>Si do q\u00eb t\u00eb jet\u00eb, e r\u00ebnd\u00ebsishme \u00ebsht\u00eb ta ngopim mir\u00eb administrat\u00ebn dhe t\u00eb blejm\u00eb nj\u00eb vend t\u00eb rehatsh\u00ebm n\u00eb parti. N\u00eb 31 dhjetor kishte nj\u00eb mori marr\u00ebveshjesh t\u00eb mbyllura t\u00eb atyre q\u00eb VMRO-DPMNE i angazhonte si makineri votuese p\u00ebr nj\u00eb koh\u00eb t\u00eb caktuar. N\u00eb 1 janar, LSDM publikoi shpallje p\u00ebr pun\u00ebsime p\u00ebr koh\u00eb t\u00eb caktuar. Nj\u00eb grup ngjit\u00ebsish t\u00eb posterave z\u00ebvend\u00ebsohet me nj\u00eb grup tjet\u00ebr. Dhe kjo b\u00ebhet me rit\u00ebm t\u00eb koordinuar, me marr\u00ebveshje tre ose gjasht\u00eb mujore, q\u00eb t\u00eb mbahen n\u00ebn kontroll. Nj\u00eb grup inkasator\u00ebsh t\u00eb patarinave do t\u00eb z\u00ebvend\u00ebsohen me nj\u00eb grup inkasator\u00ebsh t\u00eb tjer\u00eb. Nj\u00eb grup edukatoresh n\u00eb \u00e7erdhe do t\u00eb nd\u00ebrrohen me nj\u00eb grup tjet\u00ebr. Vet\u00ebm n\u00eb Pyjet e Maqedonis\u00eb vihet re nj\u00eb progres cil\u00ebsor. Do t\u00eb pun\u00ebsohen 200 druprer\u00ebs. Q\u00eb t\u2019u bashkangjiten atyre 1600 q\u00eb VMRO-DPMNE i pun\u00ebsonte me lotari. Dikush do t\u00eb duhet t\u00eb punoj\u00eb edhe n\u00eb pyje. Administrata do t\u00eb duhet t\u00eb haj\u00eb buk\u00eb.<br \/>\nVet\u00ebm inspektor\u00eb ekologjik\u00eb nuk pun\u00ebsuan. Pasi nuk ka se pse t\u2019i k\u00ebrkojn\u00eb ndot\u00ebsit q\u00eb e shnd\u00ebrruan shtetin n\u00eb kamp p\u00ebrq\u00ebndrimi. Sepse n\u00ebse i gjejn\u00eb, do t\u00eb duhet t\u2019i d\u00ebnojn\u00eb. Kurse jeta ka ardhur p\u00ebr t\u00eb gjith\u00eb.<\/p>\n<p><span class=\"dropcap color firstcharacter\">4<\/span>Kryetari i Parlamentit Talat Xhaferi tashm\u00eb p\u00ebr gjysm\u00eb muaj nuk ka caktuar seanc\u00eb. Dhe ashtu n\u00eb m\u00ebnyr\u00eb serioze i zvog\u00ebloi t\u00eb ardhurat e deputet\u00ebve t\u00eb brendsh\u00ebm q\u00eb marrin para n\u00ebn pretekstin e shpenzimeve t\u00eb udh\u00ebtimit.<br \/>\nSipas llogarive t\u00eb rrjetit hulumtues SKUP, deputet\u00ebt marrin nga 3.800 deri n\u00eb 4.200 euro p\u00ebr p\u00ebrdorimin e veturave t\u00eb tyre p\u00ebr t\u00eb ardhur n\u00eb seanca n\u00eb Shkup. Kjo \u00ebsht\u00eb tri her\u00eb m\u00eb shum\u00eb se sa rrogat e tyre.<\/p>\n<p>Kjo do t\u00eb thot\u00eb se deputeti n\u00eb rolin e shoferit t\u00eb vetes s\u00eb vet, fiton tri her\u00eb m\u00eb shum\u00eb se sa deputeti n\u00eb rolin e deputetit. Gj\u00eb q\u00eb do t\u00eb thot\u00eb se deputeti si njeri i p\u00ebrzgjedhur nga populli q\u00eb duhet t\u2019i p\u00ebrfaq\u00ebsoj\u00eb interesat e popullit, t\u00eb sjell\u00eb ligje dhe ta kontrolloj\u00eb qeverin\u00eb vlen tri her\u00eb m\u00eb pak se sa puna e shoferit t\u00eb deputetit. Bashkarisht, deputeti-shofer dhe deputeti-deputet fitojn\u00eb kat\u00ebr rroga n\u00eb muaj. Gjat\u00eb dy mandateve si deputete Sillvana Boneva gjasht\u00eb her\u00eb i ka r\u00ebn\u00eb rrotull bot\u00ebs duke udh\u00ebtuar nga Shkupi nderi n\u00eb Strumic\u00eb. K\u00ebta t\u00eb rinjt\u00eb shum\u00eb shpejt\u00eb po e b\u00ebjn\u00eb rrethin e par\u00eb.<\/p>\n<p>Ting\u00ebllon kot, por funksionon tashm\u00eb p\u00ebr 26 vjet. Sepse ashtu ishte ligji. Dhe k\u00ebt\u00eb gj\u00eb e thon\u00eb deputet\u00ebt q\u00eb i ndryshojn\u00eb ligjet dhe q\u00eb mund ta ndryshojn\u00eb dhe Kushtetut\u00ebn. Madje edhe emrin e shtetit.<\/p>\n<p><em>P\u00ebrktheu: Fjolla Zllatku <\/em><\/p>\n\n<div style=\"font-size: 0px; height: 0px; line-height: 0px; margin: 0; padding: 0; clear: both;\"><\/div>","protected":false},"excerpt":{"rendered":"<p>Kam nj\u00eb problem serioz kur p\u00ebrpiqem t\u00eb kuptoj ardhjen e jet\u00ebs n\u00eb Maqedoni. Kjo u b\u00eb ve\u00e7an\u00ebrisht e dukshme n\u00eb [&hellip;]<\/p>\n","protected":false},"author":1,"featured_media":184,"comment_status":"closed","ping_status":"closed","sticky":false,"template":"","format":"standard","meta":{"_mo_disable_npp":"","inline_featured_image":false},"categories":[1825],"tags":[],"imageURL":"https:\/\/sdk.mk\/wp-content\/uploads\/2015\/12\/goran-mihailovski2.jpg","thumbURL":"https:\/\/sdk.mk\/wp-content\/uploads\/2015\/12\/goran-mihailovski2-250x196.jpg","categoryNames":["DUA T\u00cb THEM"],"feature_caption":"","subtitle":"Jo m\u00ebr. Nuk dua ta kthejm\u00eb VMRO-n\u00eb. Zoti na rujt\u00eb. Por ama, as nuk dua t\u00eb b\u00ebni sikur kjo \u00ebsht\u00eb jet\u00eb. Kemi par\u00eb jet\u00eb shum\u00eb m\u00eb t\u00eb mir\u00eb.","views":"6119","source":"","yoast_head":"<!-- This site is optimized with the Yoast SEO Premium plugin v15.0 - https:\/\/yoast.com\/wordpress\/plugins\/seo\/ -->\n<title>GURI I ROZET\u00cbS - \u0421\u0430\u043a\u0430\u043c \u0414\u0430 \u041a\u0430\u0436\u0430\u043c<\/title>\n<meta name=\"robots\" content=\"index, follow, max-snippet:-1, max-image-preview:large, max-video-preview:-1\" \/>\n<link rel=\"canonical\" href=\"https:\/\/sdk.mk\/index.php\/dua-te-them\/guri-i-rozetes\/\" \/>\n<meta property=\"og:locale\" content=\"mk_MK\" \/>\n<meta property=\"og:type\" content=\"article\" \/>\n<meta property=\"og:title\" content=\"GURI I ROZET\u00cbS - \u0421\u0430\u043a\u0430\u043c \u0414\u0430 \u041a\u0430\u0436\u0430\u043c\" \/>\n<meta property=\"og:description\" content=\"Kam nj\u00eb problem serioz kur p\u00ebrpiqem t\u00eb kuptoj ardhjen e jet\u00ebs n\u00eb Maqedoni. Kjo u b\u00eb ve\u00e7an\u00ebrisht e dukshme n\u00eb [&hellip;]\" \/>\n<meta property=\"og:url\" content=\"https:\/\/sdk.mk\/index.php\/dua-te-them\/guri-i-rozetes\/\" \/>\n<meta property=\"og:site_name\" content=\"\u0421\u0430\u043a\u0430\u043c \u0414\u0430 \u041a\u0430\u0436\u0430\u043c\" \/>\n<meta property=\"article:published_time\" content=\"2018-01-06T20:06:58+00:00\" \/>\n<meta property=\"og:image\" content=\"https:\/\/sdk.mk\/wp-content\/uploads\/2015\/12\/goran-mihailovski2.jpg\" \/>\n\t<meta property=\"og:image:width\" content=\"400\" \/>\n\t<meta property=\"og:image:height\" content=\"313\" \/>\n<meta property=\"fb:app_id\" content=\"2407985809428537\" \/>\n<meta name=\"twitter:card\" content=\"summary\" \/>\n<script type=\"application\/ld+json\" class=\"yoast-schema-graph\">{\"@context\":\"https:\/\/schema.org\",\"@graph\":[{\"@type\":\"WebSite\",\"@id\":\"https:\/\/sdk.mk\/#website\",\"url\":\"https:\/\/sdk.mk\/\",\"name\":\"\\u0421\\u0430\\u043a\\u0430\\u043c \\u0414\\u0430 \\u041a\\u0430\\u0436\\u0430\\u043c\",\"description\":\"\\u0417\\u0430 \\u0441\\u043b\\u043e\\u0431\\u043e\\u0434\\u043e\\u0443\\u043c\\u043d\\u0438\",\"potentialAction\":[{\"@type\":\"SearchAction\",\"target\":\"https:\/\/sdk.mk\/?s={search_term_string}\",\"query-input\":\"required name=search_term_string\"}],\"inLanguage\":\"mk-MK\"},{\"@type\":\"ImageObject\",\"@id\":\"https:\/\/sdk.mk\/index.php\/dua-te-them\/guri-i-rozetes\/#primaryimage\",\"inLanguage\":\"mk-MK\",\"url\":\"https:\/\/sdk.mk\/wp-content\/uploads\/2015\/12\/goran-mihailovski2.jpg\",\"width\":400,\"height\":313},{\"@type\":\"WebPage\",\"@id\":\"https:\/\/sdk.mk\/index.php\/dua-te-them\/guri-i-rozetes\/#webpage\",\"url\":\"https:\/\/sdk.mk\/index.php\/dua-te-them\/guri-i-rozetes\/\",\"name\":\"GURI I ROZET\\u00cbS - \\u0421\\u0430\\u043a\\u0430\\u043c \\u0414\\u0430 \\u041a\\u0430\\u0436\\u0430\\u043c\",\"isPartOf\":{\"@id\":\"https:\/\/sdk.mk\/#website\"},\"primaryImageOfPage\":{\"@id\":\"https:\/\/sdk.mk\/index.php\/dua-te-them\/guri-i-rozetes\/#primaryimage\"},\"datePublished\":\"2018-01-06T20:06:58+00:00\",\"dateModified\":\"2018-01-06T20:06:58+00:00\",\"author\":{\"@id\":\"https:\/\/sdk.mk\/#\/schema\/person\/be7cfa6655c47f7195bfdd0ba8144aa2\"},\"inLanguage\":\"mk-MK\",\"potentialAction\":[{\"@type\":\"ReadAction\",\"target\":[\"https:\/\/sdk.mk\/index.php\/dua-te-them\/guri-i-rozetes\/\"]}]},{\"@type\":\"Person\",\"@id\":\"https:\/\/sdk.mk\/#\/schema\/person\/be7cfa6655c47f7195bfdd0ba8144aa2\",\"name\":\"\\u0413\\u043e\\u0440\\u0430\\u043d \\u041c\\u0438\\u0445\\u0430\\u0458\\u043b\\u043e\\u0432\\u0441\\u043a\\u0438\"}]}<\/script>\n<!-- \/ Yoast SEO Premium plugin. -->","_links":{"self":[{"href":"https:\/\/sdk.mk\/index.php\/wp-json\/wp\/v2\/posts\/49269"}],"collection":[{"href":"https:\/\/sdk.mk\/index.php\/wp-json\/wp\/v2\/posts"}],"about":[{"href":"https:\/\/sdk.mk\/index.php\/wp-json\/wp\/v2\/types\/post"}],"author":[{"embeddable":true,"href":"https:\/\/sdk.mk\/index.php\/wp-json\/wp\/v2\/users\/1"}],"replies":[{"embeddable":true,"href":"https:\/\/sdk.mk\/index.php\/wp-json\/wp\/v2\/comments?post=49269"}],"version-history":[{"count":0,"href":"https:\/\/sdk.mk\/index.php\/wp-json\/wp\/v2\/posts\/49269\/revisions"}],"wp:featuredmedia":[{"embeddable":true,"href":"https:\/\/sdk.mk\/index.php\/wp-json\/wp\/v2\/media\/184"}],"wp:attachment":[{"href":"https:\/\/sdk.mk\/index.php\/wp-json\/wp\/v2\/media?parent=49269"}],"wp:term":[{"taxonomy":"category","embeddable":true,"href":"https:\/\/sdk.mk\/index.php\/wp-json\/wp\/v2\/categories?post=49269"},{"taxonomy":"post_tag","embeddable":true,"href":"https:\/\/sdk.mk\/index.php\/wp-json\/wp\/v2\/tags?post=49269"}],"curies":[{"name":"wp","href":"https:\/\/api.w.org\/{rel}","templated":true}]}}