{"id":49711,"date":"2018-01-12T17:43:24","date_gmt":"2018-01-12T16:43:24","guid":{"rendered":"https:\/\/sdk.mk\/?p=49711"},"modified":"2018-01-12T19:49:21","modified_gmt":"2018-01-12T18:49:21","slug":"shkoi-shteti","status":"publish","type":"post","link":"https:\/\/sdk.mk\/index.php\/dua-te-them\/shkoi-shteti\/","title":{"rendered":"SHKOI SHTETI"},"content":{"rendered":"<div class=\"f52428582a4b906b2d2e2a7d733c7d27\" data-index=\"7\" style=\"float: none; margin:10px 0 10px 0; text-align:center;\">\n<!-- MSP Ads Asynchronous JS Tag - Generated with Revive Adserver v5.4.1 -->\r\n<ins data-revive-zoneid=\"167\" data-revive-id=\"060fdb01f6430ec164d3519234aa4967\"><\/ins>\r\n<script async src=\"\/\/panel.ads.com.mk\/www\/delivery\/asyncjs.php\"><\/script>\n<\/div>\n<p><span class=\"dropcap color firstcharacter\"><strong>1<\/strong> <\/span>N\u00eb k\u00ebt\u00eb dit\u00eb, 12 janar, n\u00eb vitin 1991 u botua kolumna e par\u00eb \u201cSakam da Kazham\u201d n\u00eb gazet\u00ebn \u201cVe\u00e7er\u201d.<\/p>\n<p>Nuk mund t\u00eb kujtoj mir\u00eb se sa her\u00eb deri m\u00eb tani n\u00eb 27 vjet\u00ebt e fundit \u201cna ka shkuar shteti\u201d. Si\u00e7 po thon\u00eb t\u00eb gjith\u00eb tani: Kuku, kuku, na shkoi shteti! Sepse u soll ligji p\u00ebr gjuh\u00ebt. Kuku, kuku, mbet\u00ebm pa shtet! Kush e di \u00e7\u2019pazari \u00ebsht\u00eb b\u00ebr\u00eb me Greqin\u00eb. Mir\u00eb q\u00eb nuk kemi pun\u00eb, as rrog\u00eb, as kultur\u00eb e as disiplin\u00eb, po tani edhe emrin do t\u00eb na e marrin. Vet\u00ebm fshatarizmin do ta mbajm\u00eb me konsensus. Gjat\u00eb 27 vjet\u00ebve t\u00eb ekzistenc\u00ebs s\u00eb kolumn\u00ebs, t\u00eb pakt\u00ebn \u00e7do t\u00eb premte t\u00eb dyt\u00eb apo t\u00eb tret\u00eb n\u00eb t\u00eb ka pasur ndonj\u00eb muhabet mbi emrin, apo shqiptar\u00ebt, t\u00eb cilat jan\u00eb tema q\u00eb pashmangshm\u00ebrisht \u00e7ojn\u00eb drejt shkat\u00ebrrimit t\u00eb shtetit.<\/p>\n<p>Gjat\u00eb 27 vjet\u00ebve gjithmon\u00eb dikush tjet\u00ebr na e ka pasur fajin p\u00ebr shkat\u00ebrrimin e shtetit ton\u00eb, dhe fakti se personi q\u00eb vjen n\u00eb pushtet e vjedh shtetin, dhe fakti tjet\u00ebr q\u00eb me qindra njer\u00ebz jan\u00eb shp\u00ebrngulur, apo se mij\u00ebra nga ata q\u00eb kan\u00eb mbetur n\u00eb shtet kan\u00eb pasaporta bullgare, nuk qenka aspak shkat\u00ebrrim i shtetit.<\/p>\n<p>Shum\u00eb m\u00eb intereson se \u00e7far\u00eb vlere ka ligji p\u00ebr gjuh\u00ebt p\u00ebr ata me pasaporta bullgare. Sa do t\u2019u c\u00ebnohet patriotizmi kur t\u00eb ikin nga shteti? R\u00ebnd\u00ebsi ka q\u00eb kan\u00eb rezerv\u00eb. Dhe shum\u00eb m\u00eb intereson se \u00e7far\u00eb vlere ka ky ligj p\u00ebr ndonj\u00eb shqiptar n\u00eb momentin kur t\u2019i shfaqet ndonj\u00eb polic me fjal\u00ebn \u201cpolic\u201d t\u00eb shkruar n\u00eb dy gjuh\u00eb mbi m\u00ebng\u00eb. Dhe kur t\u00eb mund ta informoj\u00eb n\u00eb gjuh\u00ebn shqipe se n\u00eb gjith\u00eb territorin e qytetit t\u00eb Shkupit ka vet\u00ebm dy ekipe t\u00eb krim-inspektor\u00ebve. Me siguri q\u00eb at\u00ebher\u00eb, vjedhjen e sht\u00ebpis\u00eb do ta p\u00ebrballoj\u00eb m\u00eb leht\u00eb. Sepse do t\u00eb kuptoj\u00eb se \u00e7far\u00eb po i thot\u00eb polici, i cili vjen p\u00ebr k\u00ebqyrje \u00a0dy dit\u00eb pas vjedhjes. Ja k\u00ebshtu \u00ebsht\u00eb kjo puna e patriotizmit.<\/p>\n<p>Besoj se profesionist\u00ebt q\u00eb kan\u00eb v\u00ebrejtje n\u00eb lidhje me ligjin, e kan\u00eb lexuar at\u00eb dhe din\u00eb p\u00ebr \u00e7far\u00eb flasin. P\u00ebr m\u00eb tep\u00ebr, mbi k\u00ebt\u00eb ligj \u00ebsht\u00eb debatuar me muaj t\u00eb t\u00ebr\u00eb, kishte gjithsej tre lexime n\u00eb Parlament bashk\u00eb me komisione, transmetime direkte n\u00eb programin e parlamentit, debate televizive. Nd\u00ebrsa ne q\u00eb shp\u00eblajm\u00eb goj\u00ebt n\u00ebp\u00ebt rrjetet sociale nuk e kemi haberin se \u00e7far\u00eb do t\u00eb thot\u00eb tamam ligji, pasi askush nuk \u00ebsht\u00eb ulur ta lexoj\u00eb, por e kemi pranuar historin\u00eb e VMRO-DPMNE-s\u00eb se na shkoi shteti. Historin\u00eb e asaj VMRO-DPMNE, deputet\u00ebt e t\u00eb cil\u00ebs d\u00ebrguan amandamente t\u00eb ligjit por hoq\u00ebn dor\u00eb nga mbrojtja e tyre. Pasi tani mbrojtja e portier\u00ebve dhe dhunuesve t\u00eb sulmit t\u00eb organizuar t\u00eb Parlementit m\u00eb 27 prill \u00ebsht\u00eb m\u00eb e r\u00ebnd\u00ebsishme p\u00ebr ta se sa mbrojtja e ligjit.<br \/>\nE ja pra si shkoi shteti.<\/p>\n<p><span class=\"dropcap color firstcharacter\">2<\/span> Por shkoi edhe kolumna. \u201cSakam da kazham\u201d sot feston 27 vjet. Nd\u00ebrsa tashm\u00eb dy vjet \u00ebsht\u00eb n\u00eb dygjuh\u00eb. E shteti ende nuk ka shkuar askund.<\/p>\n<p>N\u00eb Mars gjet\u00ebn uj\u00eb. E te ne ende k\u00ebrkojn\u00eb aj\u00ebr p\u00ebr t\u00eb marr\u00eb frym\u00eb.<\/p>\n<p><span class=\"dropcap color firstcharacter\">3<\/span> Britanik\u00ebt n\u00eb vitin 1999 na dhuruan furr\u00eb p\u00ebr djegien e mbeturinave mjek\u00ebsore. Por furra nuk paska qen\u00eb e p\u00ebrfunduar pasi na \u00ebsht\u00eb dashur t\u00eb blinim filtra q\u00eb kan\u00eb kushtuar 200.000 funta. Por gjithsesi ky ka qen\u00eb nj\u00eb hap i madh teknologjik n\u00eb raport me gjendjen e kaluar, pasi para dhurimit t\u00eb furr\u00ebs, mbeturinat mjek\u00ebsore ndizeshin n\u00ebp\u00ebr livadhe 5 kilometra larg qendr\u00ebs s\u00eb kryeqytetit.<\/p>\n<p>Gazeta e Londr\u00ebs \u201cThe Guardian\u201d n\u00eb vitin 2001 shkroi mbi furr\u00ebn e dhuruar q\u00eb p\u00ebrdoret pa filtra dhe l\u00ebshon materie toksike.<\/p>\n<p>Nd\u00ebrsa ne, n\u00eb vitin 2018 u vet\u00ebdij\u00ebsuam se furra e deponis\u00eb s\u00eb Drisll\u00ebs do ta helmoj\u00eb Shkupin. Nd\u00ebrkoh\u00eb deponin\u00eb ua dham\u00eb italian\u00ebve q\u00eb duhej t\u00eb blinin gjasht\u00eb furra. E ata, as furrat nuk i soll\u00ebn, as filtrat nuk i vendos\u00ebn.<br \/>\nKjo do t\u00eb thot\u00eb se asnj\u00eb qeveri deri tani nuk ka gjetur 200.000 funta p\u00ebr plot 19 vjet n\u00eb m\u00ebnyr\u00eb q\u00eb t\u00eb mos helmohet qyteti n\u00eb t\u00eb cilin jetojn\u00eb kryeministri dhe t\u00eb gjith\u00eb ministrat, me gjith\u00eb f\u00ebmij\u00ebt e tyre. Pasi sa p\u00ebr qytetar\u00ebt, si\u00e7 duket, nuk m\u00ebrziten fort. Besa, 200.000 funta jan\u00eb gjetur shum\u00eb her\u00eb deri tani, por jo p\u00ebr filtra. Jan\u00eb gjetur p\u00ebr ndryshim t\u00eb pllakave t\u00eb sheshit, p\u00ebr g\u00ebrmime t\u00eb shumta, p\u00ebr fasada me buk\u00ebpeshku (stiropor), p\u00ebr asfaltim t\u00eb trotuareve, p\u00ebr qindra p\u00ebrmendore, p\u00ebr drita mbi fasadat, p\u00ebr gardhe hekuri, p\u00ebr pallate t\u00eb k\u00ebtilla apo t\u00eb atilla, dhe p\u00ebr shum\u00eb pun\u00eb t\u00eb tjera m\u00eb me prioritet se sa ajri dhe dheu i past\u00ebr.<\/p>\n<p>Dhe ngaq\u00eb kemi pasur pun\u00eb m\u00eb t\u00eb men\u00e7ura se sa t\u00eb harxhojm\u00eb 200.000 funta, ne p\u00ebr 19 vjet jetojm\u00eb n\u00eb dhom\u00eb gazi. Por, dikush tjet\u00ebr na e mori shtetin.<\/p>\n<p><span class=\"dropcap color firstcharacter\">4<\/span> Po ata prind\u00ebr q\u00eb para Vitit t\u00eb Ri n\u00eb Fejsbuk u organizuan vet\u00eb q\u00eb t\u00eb mos i l\u00ebshojn\u00eb f\u00ebmij\u00ebt n\u00eb shkoll\u00eb sepse ajri ishte shum\u00eb i ndotur, vet\u00ebm dhjet\u00eb dit\u00eb m\u00eb pas u organizuan vet\u00eb dhe i mblodh\u00ebn 7.000 f\u00ebmij\u00eb n\u00eb t\u00eb ashtuquajturin kortezh p\u00ebr dit\u00ebn n\u00eb prag t\u00eb Krishtlindjeve, q\u00eb t\u00eb k\u00ebndonin \u201ck\u00ebng\u00eb p\u00ebr Zotin\u201d dhe t\u00eb sh\u00ebtisnin n\u00eb po at\u00eb aj\u00ebr t\u00eb ndotur.<\/p>\n<p>Mir\u00eb k\u00ebta q\u00eb i l\u00ebshuan f\u00ebmij\u00ebt t\u00eb sh\u00ebtisin, jemi shtet i lir\u00eb, e le t\u00eb sh\u00ebtisin ku t\u00eb duan. Por, nga nj\u00ebra an\u00eb, pse kryetar\u00ebt e komunave i pranuan f\u00ebmij\u00ebt n\u00eb Komun\u00eb? I zuri populizmi fetar, dhe me shk\u00eblqim n\u00eb sy socialdemokrat\u00ebt fest\u00ebdash\u00ebs t\u00eb m\u00ebdhenj e shkel\u00ebn Kushtetut\u00ebn, n\u00eb t\u00eb cil\u00ebn thuhet se feja dhe shteti jan\u00eb t\u00eb ndara. M\u00eb pas, kur kuptuan se vet\u00eb e kan\u00eb shkelur Kushtetut\u00ebn, t\u00eb cil\u00ebn jan\u00eb zgjedhur q\u00eb ta mbrojn\u00eb, i akuzuan f\u00ebmij\u00ebt se ata paskan dashur vet\u00eb t\u00eb k\u00ebndojn\u00eb n\u00eb Komun\u00eb.<\/p>\n<p>Arsimtar\u00ebt t\u00eb mos i p\u00ebrmendim fare. Ata ashtu si\u00e7 ishin besnik\u00eb ndaj VMRO-DPMNE-s\u00eb dhe e pranuan m\u00ebsimin fetar q\u00eb ta paraqesin si m\u00ebsim t\u00eb tradit\u00ebs, po k\u00ebshtu tani do t\u2019i jen\u00eb besnik\u00eb edhe LSDM-s\u00eb. Edhe nj\u00eb her\u00eb do t\u00eb na shesin fe me pretekstin se \u00ebsht\u00eb tradit\u00eb.<\/p>\n<p>Megjithat\u00eb, momenti m\u00eb emocionues, p\u00ebrve\u00e7 zbulimit se vet\u00ebm kryetari i Prilepit e kupton se \u00e7far\u00eb \u00ebsht\u00eb shtet laik dhe se \u00e7far\u00eb jan\u00eb fet\u00eb e \u00e7far\u00eb traditat, ishte momenti kur f\u00ebmij\u00ebt me vet\u00eb iniciativ\u00eb shkuan q\u00eb t\u00eb k\u00ebndonin p\u00ebr Zotin n\u00eb qendr\u00ebn tregtare City Mall. K\u00ebtu e nderuan besimin mbi Atin, Birin dhe Mall-in e shenjt\u00eb t\u00eb qendr\u00ebs tregtare CityMall. Q\u00eb n\u00ebse na shkon shteti, t\u00eb pakt\u00ebn Mek Donallds-in t\u00eb na e kthej\u00eb.<br \/>\nK\u00ebto jan\u00eb vlerat tradicionale q\u00eb do t\u2019i mbajm\u00eb me konsensus, si\u00e7 do t\u00eb mbajm\u00eb fshatarizmin si m\u00eb lart\u00eb.<\/p>\n<p><span class=\"dropcap color firstcharacter\">5<\/span> N\u00eb Mars gjet\u00ebn uj\u00eb. Nd\u00ebrkoh\u00eb n\u00eb Maqedoni ende k\u00ebrkojn\u00eb aj\u00ebr p\u00ebr t\u00eb marr\u00eb frym\u00eb.<br \/>\nK\u00ebshtu filloi dhe viti i 28-t\u00eb i \u201cSakam da Kazham\u201d. Dhe i mbushi t\u00eb 18-at e saj n\u00eb shekullin 21.<\/p>\n<p>&nbsp;<\/p>\n\n<div style=\"font-size: 0px; height: 0px; line-height: 0px; margin: 0; padding: 0; clear: both;\"><\/div>","protected":false},"excerpt":{"rendered":"<p>N\u00eb k\u00ebt\u00eb dit\u00eb, 12 janar, n\u00eb vitin 1991 u botua kolumna e par\u00eb \u201cSakam da Kazham\u201d n\u00eb gazet\u00ebn \u201cVe\u00e7er\u201d. Nuk [&hellip;]<\/p>\n","protected":false},"author":1,"featured_media":184,"comment_status":"closed","ping_status":"closed","sticky":false,"template":"","format":"standard","meta":{"_mo_disable_npp":"","inline_featured_image":false},"categories":[1825],"tags":[],"imageURL":"https:\/\/sdk.mk\/wp-content\/uploads\/2015\/12\/goran-mihailovski2.jpg","thumbURL":"https:\/\/sdk.mk\/wp-content\/uploads\/2015\/12\/goran-mihailovski2-250x196.jpg","categoryNames":["DUA T\u00cb THEM"],"feature_caption":"","subtitle":"N\u00eb Mars gjet\u00ebn uj\u00eb. E te ne ende k\u00ebrkojn\u00eb aj\u00ebr p\u00ebr t\u00eb marr\u00eb frym\u00eb.","views":"3503","source":"","yoast_head":"<!-- This site is optimized with the Yoast SEO Premium plugin v15.0 - https:\/\/yoast.com\/wordpress\/plugins\/seo\/ -->\n<title>SHKOI SHTETI - \u0421\u0430\u043a\u0430\u043c \u0414\u0430 \u041a\u0430\u0436\u0430\u043c<\/title>\n<meta name=\"robots\" content=\"index, follow, max-snippet:-1, max-image-preview:large, max-video-preview:-1\" \/>\n<link rel=\"canonical\" href=\"https:\/\/sdk.mk\/index.php\/dua-te-them\/shkoi-shteti\/\" \/>\n<meta property=\"og:locale\" content=\"mk_MK\" \/>\n<meta property=\"og:type\" content=\"article\" \/>\n<meta property=\"og:title\" content=\"SHKOI SHTETI - \u0421\u0430\u043a\u0430\u043c \u0414\u0430 \u041a\u0430\u0436\u0430\u043c\" \/>\n<meta property=\"og:description\" content=\"N\u00eb k\u00ebt\u00eb dit\u00eb, 12 janar, n\u00eb vitin 1991 u botua kolumna e par\u00eb \u201cSakam da Kazham\u201d n\u00eb gazet\u00ebn \u201cVe\u00e7er\u201d. Nuk [&hellip;]\" \/>\n<meta property=\"og:url\" content=\"https:\/\/sdk.mk\/index.php\/dua-te-them\/shkoi-shteti\/\" \/>\n<meta property=\"og:site_name\" content=\"\u0421\u0430\u043a\u0430\u043c \u0414\u0430 \u041a\u0430\u0436\u0430\u043c\" \/>\n<meta property=\"article:published_time\" content=\"2018-01-12T16:43:24+00:00\" \/>\n<meta property=\"article:modified_time\" content=\"2018-01-12T18:49:21+00:00\" \/>\n<meta property=\"og:image\" content=\"https:\/\/sdk.mk\/wp-content\/uploads\/2015\/12\/goran-mihailovski2.jpg\" \/>\n\t<meta property=\"og:image:width\" content=\"400\" \/>\n\t<meta property=\"og:image:height\" content=\"313\" \/>\n<meta property=\"fb:app_id\" content=\"2407985809428537\" \/>\n<meta name=\"twitter:card\" content=\"summary\" \/>\n<script type=\"application\/ld+json\" class=\"yoast-schema-graph\">{\"@context\":\"https:\/\/schema.org\",\"@graph\":[{\"@type\":\"WebSite\",\"@id\":\"https:\/\/sdk.mk\/#website\",\"url\":\"https:\/\/sdk.mk\/\",\"name\":\"\\u0421\\u0430\\u043a\\u0430\\u043c \\u0414\\u0430 \\u041a\\u0430\\u0436\\u0430\\u043c\",\"description\":\"\\u0417\\u0430 \\u0441\\u043b\\u043e\\u0431\\u043e\\u0434\\u043e\\u0443\\u043c\\u043d\\u0438\",\"potentialAction\":[{\"@type\":\"SearchAction\",\"target\":\"https:\/\/sdk.mk\/?s={search_term_string}\",\"query-input\":\"required name=search_term_string\"}],\"inLanguage\":\"mk-MK\"},{\"@type\":\"ImageObject\",\"@id\":\"https:\/\/sdk.mk\/index.php\/dua-te-them\/shkoi-shteti\/#primaryimage\",\"inLanguage\":\"mk-MK\",\"url\":\"https:\/\/sdk.mk\/wp-content\/uploads\/2015\/12\/goran-mihailovski2.jpg\",\"width\":400,\"height\":313},{\"@type\":\"WebPage\",\"@id\":\"https:\/\/sdk.mk\/index.php\/dua-te-them\/shkoi-shteti\/#webpage\",\"url\":\"https:\/\/sdk.mk\/index.php\/dua-te-them\/shkoi-shteti\/\",\"name\":\"SHKOI SHTETI - \\u0421\\u0430\\u043a\\u0430\\u043c \\u0414\\u0430 \\u041a\\u0430\\u0436\\u0430\\u043c\",\"isPartOf\":{\"@id\":\"https:\/\/sdk.mk\/#website\"},\"primaryImageOfPage\":{\"@id\":\"https:\/\/sdk.mk\/index.php\/dua-te-them\/shkoi-shteti\/#primaryimage\"},\"datePublished\":\"2018-01-12T16:43:24+00:00\",\"dateModified\":\"2018-01-12T18:49:21+00:00\",\"author\":{\"@id\":\"https:\/\/sdk.mk\/#\/schema\/person\/be7cfa6655c47f7195bfdd0ba8144aa2\"},\"inLanguage\":\"mk-MK\",\"potentialAction\":[{\"@type\":\"ReadAction\",\"target\":[\"https:\/\/sdk.mk\/index.php\/dua-te-them\/shkoi-shteti\/\"]}]},{\"@type\":\"Person\",\"@id\":\"https:\/\/sdk.mk\/#\/schema\/person\/be7cfa6655c47f7195bfdd0ba8144aa2\",\"name\":\"\\u0413\\u043e\\u0440\\u0430\\u043d \\u041c\\u0438\\u0445\\u0430\\u0458\\u043b\\u043e\\u0432\\u0441\\u043a\\u0438\"}]}<\/script>\n<!-- \/ Yoast SEO Premium plugin. -->","_links":{"self":[{"href":"https:\/\/sdk.mk\/index.php\/wp-json\/wp\/v2\/posts\/49711"}],"collection":[{"href":"https:\/\/sdk.mk\/index.php\/wp-json\/wp\/v2\/posts"}],"about":[{"href":"https:\/\/sdk.mk\/index.php\/wp-json\/wp\/v2\/types\/post"}],"author":[{"embeddable":true,"href":"https:\/\/sdk.mk\/index.php\/wp-json\/wp\/v2\/users\/1"}],"replies":[{"embeddable":true,"href":"https:\/\/sdk.mk\/index.php\/wp-json\/wp\/v2\/comments?post=49711"}],"version-history":[{"count":0,"href":"https:\/\/sdk.mk\/index.php\/wp-json\/wp\/v2\/posts\/49711\/revisions"}],"wp:featuredmedia":[{"embeddable":true,"href":"https:\/\/sdk.mk\/index.php\/wp-json\/wp\/v2\/media\/184"}],"wp:attachment":[{"href":"https:\/\/sdk.mk\/index.php\/wp-json\/wp\/v2\/media?parent=49711"}],"wp:term":[{"taxonomy":"category","embeddable":true,"href":"https:\/\/sdk.mk\/index.php\/wp-json\/wp\/v2\/categories?post=49711"},{"taxonomy":"post_tag","embeddable":true,"href":"https:\/\/sdk.mk\/index.php\/wp-json\/wp\/v2\/tags?post=49711"}],"curies":[{"name":"wp","href":"https:\/\/api.w.org\/{rel}","templated":true}]}}