{"id":50783,"date":"2018-01-27T17:44:40","date_gmt":"2018-01-27T16:44:40","guid":{"rendered":"https:\/\/sdk.mk\/?p=50783"},"modified":"2018-01-27T17:44:40","modified_gmt":"2018-01-27T16:44:40","slug":"optimizem-cinik","status":"publish","type":"post","link":"https:\/\/sdk.mk\/index.php\/dua-te-them\/optimizem-cinik\/","title":{"rendered":"OPTIMIZ\u00cbM CINIK"},"content":{"rendered":"<div class=\"f52428582a4b906b2d2e2a7d733c7d27\" data-index=\"7\" style=\"float: none; margin:10px 0 10px 0; text-align:center;\">\n<!-- MSP Ads Asynchronous JS Tag - Generated with Revive Adserver v5.4.1 -->\r\n<ins data-revive-zoneid=\"167\" data-revive-id=\"060fdb01f6430ec164d3519234aa4967\"><\/ins>\r\n<script async src=\"\/\/panel.ads.com.mk\/www\/delivery\/asyncjs.php\"><\/script>\n<\/div>\n<p><span class=\"dropcap color firstcharacter\">1<\/span>Takimi i kryeministrave t\u00eb Greqis\u00eb dhe Maqedonis\u00eb, Aleksis Cipras dhe Zoran Zaev dukej shum\u00eb i bukur. Nuk kemi par\u00eb ndonj\u00ebher\u00eb nj\u00eb ton t\u00eb k\u00ebtill\u00eb n\u00eb takimet e politikan\u00ebve nga Maqedonia dhe Greqia. T\u00eb qeshur, pa konflikt, t\u00eb gatsh\u00ebm p\u00ebr bashk\u00ebpunim\u2026Dhe gjith\u00e7ka n\u00eb frym\u00ebn e autostrad\u00ebs \u201cMiq\u00ebsia\u201d.<br \/>\nAma, nuk e di se pse akoma kam frik\u00eb. \u00c7far\u00eb n\u00ebse kjo p\u00ebrpjekje p\u00ebr zgjidhje t\u00eb \u00e7\u00ebshtjes s\u00eb emrit nuk ka sukses?<\/p>\n<p>Ministri i pun\u00ebve t\u00eb jashtme, Nikolla Dimitrov thot\u00eb se \u00ebsht\u00eb nj\u00eb optimist i shqet\u00ebsuar. Ndonj\u00ebher\u00eb e p\u00ebrdor termin \u201coptimist i kujdessh\u00ebm\u201d. Un\u00eb nuk dua t\u00eb jem pesimist, sepse ndjehem i lodhur s\u00eb prituri dhe thjesht nuk d\u00ebshiroj t\u00eb mendoj se nuk do t\u00eb b\u00ebhet m\u00eb mir\u00eb.<\/p>\n<p>Un\u00eb jam nj\u00eb optimist cinik. Cinizmi ekziston pasi n\u00ebse nuk mbyllen negociatat tani, ne do t\u00eb duhet t\u2019ia nisim nga fillimi. E kur m\u00eb kujtohet se \u00e7far\u00eb fillimesh do t\u00eb mund t\u00eb na prisnin m\u00eb vine nd\u00ebr mend Palestina, Kurdistani\u2026Bosnja.<\/p>\n<p>N\u00eb nj\u00ebr\u00ebn nga fotografit\u00eb kemi Zaevin dhe Cipras, fytyra t\u00eb reja, politikan\u00eb t\u00eb ri, t\u00eb buz\u00ebqeshur dhe me humor t\u00eb mir\u00eb. N\u00eb fotografin\u00eb tjet\u00ebr i shohim grek\u00ebt, t\u00eb mbledhur me mij\u00ebra n\u00eb sheshin e Selanikut, duke th\u00ebrritur \u201cNuk e japim emrin\u201d. N\u00eb nj\u00ebr\u00ebn nga fotografit\u00eb shfaqet lajm\u00ebrimi p\u00ebr relaksim t\u00eb marr\u00ebdh\u00ebnieve. N\u00eb tjetr\u00ebn nj\u00eb lajm\u00ebrim p\u00ebr tubim t\u00eb ri n\u00eb Athin\u00eb, pasi \u201cpo k\u00ebrc\u00ebnohet integriteti territorial\u201d.<\/p>\n<p>Ata nuk e japin emrin. E k\u00ebrc\u00ebnimi qenkemi ne. Ne, me 9.000 ushtar\u00eb e k\u00ebrc\u00ebnojm\u00eb Greqin\u00eb, q\u00eb ka 90.000 ushtar\u00eb. Ne, me \u00e7izmet e ushtris\u00eb dhurat\u00eb nga Sllovakia me afat skadence dhe me qebet n\u00eb t\u00eb cilat akoma mbahen inicialet \u201cJNA\u201d. Tanket dhe avion\u00ebt, m\u00eb mir\u00eb mos t\u2019i num\u00ebrojm\u00eb fare. Apo tre anijet n\u00eb qend\u00ebr t\u00eb Shkupit, q\u00eb n\u00eb realitet jan\u00eb shum\u00eb t\u00eb rrezikshme at\u00ebher\u00eb kur bllokohen n\u00eb derdhjen e Vardarit n\u00eb detin Egje. Bashk\u00eb me gjinjt\u00eb e n\u00ebn\u00ebs s\u00eb Aleksandrit, nga statuja n\u00eb shat\u00ebrvanin e sheshit q\u00eb mban emrin e babait t\u00eb Luft\u00ebtarit mbi kal\u00eb.<\/p>\n<p>Pyes veten, kush jan\u00eb ata njer\u00ebz q\u00eb mblidhen n\u00ebp\u00ebr sheshet e qyteteve greke e q\u00eb na urrejn\u00eb kaq shum\u00eb? Mos jan\u00eb po ata q\u00eb na japin dhoma me qira n\u00eb Halkidiki, ata n\u00eb tavernat e t\u00eb cil\u00ebve ham\u00eb, e te t\u00eb cil\u00ebt b\u00ebjm\u00eb pazarin n\u00eb dyqanet e Selanikut dhe Florin\u00ebs?<\/p>\n<p>Mir\u00eb. Nuk jan\u00eb n\u00eb num\u00ebr aq t\u00eb madh krahasuar me vitin 1992 kur n\u00eb Selanik u mblodh\u00ebn miliona njer\u00ebz n\u00eb protest\u00eb kund\u00ebr Maqedonis\u00eb. Por gjithsesi\u2026Ve\u00e7 kur m\u00eb kujtohet se at\u00ebher\u00eb na vun\u00eb embargo. Mu at\u00ebher\u00eb kur e kishim pun\u00ebn pisk. Kur n\u00eb veri t\u00eb shtetit shp\u00ebrthenin luft\u00ebra. Donin t\u00eb na vdisnin.<\/p>\n<p>Sa i keq duhet t\u00eb jesh, sa i mallkuar, q\u00eb t\u00eb d\u00ebshirosh t\u00eb vdes\u00eb fqinji yt?<br \/>\nAmerikan\u00ebt e tejkaluan bllokad\u00ebn. Na d\u00ebrguan anije me grur\u00eb nga porti i Selanikut. Grur\u00eb. Q\u00eb t\u00eb kishim buk\u00eb.<\/p>\n<p>\u00c7\u2019do t\u00eb b\u00ebjm\u00eb n\u00ebse ata njer\u00ebz b\u00ebhen p\u00ebrs\u00ebri faktor p\u00ebr marrje vendimesh n\u00eb Greqi?<\/p>\n<p><span class=\"dropcap color firstcharacter\">2<\/span>Nd\u00ebrkoh\u00eb q\u00eb kryeministri Zaev nd\u00ebrton miq\u00ebsi me Greqin\u00eb n\u00eb Davos, e p\u00ebrqafohet me Bullgarin\u00eb, n\u00eb Maqedoni nuk po ndodh asgj\u00eb e re. Vazhdon shpikja e vendeve t\u00eb reja t\u00eb pun\u00ebs p\u00ebr kuadrot partiake p\u00ebr t\u00eb cilat paguajm\u00eb t\u00eb gjith\u00eb ne.<br \/>\nKur shikon shpallje n\u00eb MEPSO, ku k\u00ebrkohet nj\u00eb kopjues me rrog\u00eb prej 25.000 denar\u00ebve, pyet vete: Po mir\u00eb, ne q\u00eb krijojm\u00eb firma private, mos jemi budallenj? E do t\u00eb t\u00eb d\u00ebrgojn\u00eb inspeksione, do t\u00eb t\u00eb shpikin tatime t\u00eb reja, do t\u00eb t\u00eb d\u00ebnojn\u00eb me lloj lloj pretekstesh\u2026<\/p>\n<p>T\u00eb pasur jan\u00eb ata q\u00eb gjithsej n\u00eb vit kan\u00eb p\u00ebrfituar 16.000 euro. Aq sa dhe shpenzimet vjetore t\u00eb rrug\u00ebs s\u00eb nj\u00eb deputeti. Shteti num\u00ebron 1 p\u00ebrqind njer\u00ebz t\u00eb pasur, bashk\u00eb me oligark\u00ebt. Dhe do t\u2019ua rris\u00eb tatimet, q\u00eb t\u00eb ket\u00eb para p\u00ebr t\u00eb paguar kopjuesit.<\/p>\n<p>Kopjuesi kopjon p\u00ebr 25.000 denar\u00eb n\u00eb muaj. Edhe parkuesi i makinave n\u00eb Komisionin rregullator parkon makina p\u00ebr 30.000 denar\u00eb. Edhe punonj\u00ebsja p\u00ebr protokoll n\u00eb ELEM ka nj\u00eb pun\u00eb, p\u00ebr 30.000 denar\u00eb. I mir\u00ebpret mysafir\u00ebt dhe i p\u00ebrcjell nga hyrja te ashensori dhe anasjelltas.<\/p>\n<p>Pra, t\u00eb gjith\u00eb q\u00eb aspirojn\u00eb t\u00eb p\u00ebrfitojn\u00eb m\u00eb shum\u00eb se nj\u00eb milion denar\u00eb honorar, ta din\u00eb se tatimi m\u00eb i lart\u00eb do t\u2019u shkoj\u00eb atyre q\u00eb merren me pun\u00eb t\u00eb k\u00ebtilla tejet t\u00eb r\u00ebnd\u00ebsishme dhe fisnike n\u00eb firmat shtet\u00ebrore.<\/p>\n<p>N\u00eb ato vende nuk pranohen njer\u00ebz sipas cil\u00ebsis\u00eb, aft\u00ebsive apo dijes. N\u00eb ato vende nuk mund t\u00eb ket\u00eb qasje gjithkush. Deri te kopjuesi dhe portieri arrihet vet\u00ebm n\u00ebp\u00ebrmes privilegjit partiak. Q\u00eb kur jan\u00eb p\u00ebrcaktuar zgjedhjet, ka qen\u00eb e qart\u00eb se kush do t\u00eb pun\u00ebsohet si kopjues n\u00eb firm\u00eb shtet\u00ebrore n\u00ebse fitojm\u00eb.<\/p>\n<p>Si e duron Zaevi k\u00ebt\u00eb gj\u00eb? Si e duron z\u00ebvend\u00ebs kryeministri Ko\u00e7o Angjushev? T\u00eb dy vijn\u00eb nga biznesi. A ekziston n\u00eb firma punonj\u00ebs protokolli dhe kopjues? Dhe at\u00eb, me nj\u00eb rrog\u00eb kaq t\u00eb lart\u00eb? A do t\u00eb kishin shpikur vende pune t\u00eb k\u00ebtilla, vet\u00ebm p\u00ebr t\u2019i pun\u00ebsuar f\u00ebmij\u00ebt e tyre? Apo f\u00ebmij\u00ebt e kush\u00ebrinjve?<\/p>\n<p>Logjika e Zaevit si biznesmen dhe logjika e Zaevit si lider i partis\u00eb jan\u00eb n\u00eb kund\u00ebrshti me nj\u00ebra tjetr\u00ebn. Pasi nga tatimet e firm\u00ebs s\u00eb tij paguhen ushtar\u00ebt partiak\u00eb<em>. <\/em><\/p>\n<p><span class=\"dropcap color firstcharacter\">3<\/span> E kur majtisti Branimir Jovanoviq, i cili punon n\u00eb Ministrin\u00eb e financave, do t\u00eb na qortoj\u00eb: \u201cDoni sh\u00ebndet\u00ebsi dhe arsim cil\u00ebsor, por nuk doni t\u00eb paguani tatim\u201d, p\u00ebrgjigja \u00ebsht\u00eb kjo: \u201cShikoje nj\u00ebher\u00eb shpalljen n\u00eb MEPSO. Dhe shiko se sa arg\u00ebtues \u00ebsht\u00eb sistematizimi i vendeve t\u00eb pun\u00ebs n\u00eb institucionet publike dhe nd\u00ebrmarrjes shtet\u00ebrore\u201d.<br \/>\nKur paguajm\u00eb tatime, ne nuk e dime n\u00ebse parat\u00eb tona do t\u00eb p\u00ebrfundojn\u00eb te kopjuesi, te parkuesi, te punonj\u00ebsja e protokollt, apo te deputet\u00ebt p\u00ebr shpenzime udh\u00ebtimesh. Si\u00e7 e shoh un\u00eb, deri m\u00eb tani duket se parat\u00eb kan\u00eb shkuar te kopjuesi. Meq\u00eb n\u00eb sh\u00ebndet\u00ebsi, nuk kam par\u00eb ndonj\u00eb ndryshim. As n\u00eb arsim. Rroga e specializant\u00ebve t\u00eb sh\u00ebndetit publik \u00ebsht\u00eb 23.000 denar\u00eb. Nd\u00ebrsa rroga nism\u00ebtare e arsimtar\u00ebve \u00ebsht\u00eb 19.000 denar\u00eb.<\/p>\n<p>Ne nuk paguajm\u00eb p\u00ebr t\u00eb mir\u00ebn e p\u00ebrgjithshme. Ne paguajm\u00eb p\u00ebr kuadrot partiake, pa marr\u00eb parasysh se si quhet partia n\u00eb pushtet.<\/p>\n<p>Dhe, po. Un\u00eb nuk dua q\u00eb VMRO-DPMNE t\u00eb kthehet n\u00eb pushet.<\/p>\n<p><span class=\"dropcap color firstcharacter\">4<\/span>Kur ve\u00e7m\u00eb kemi hapur tem\u00ebn e parkuesit n\u00eb Komisionin rregullativ, t\u00eb rikutojm\u00eb se ai komision rregullativ ka llogaritur se n\u00eb faturat e reja t\u00eb ujit do t\u00eb duhet t\u00eb paguhet edhe p\u00ebrqindje p\u00ebr impiantet e pastrimit. B\u00ebhet fjal\u00eb p\u00ebr ato impiante pastrimi q\u00eb i nd\u00ebrtojm\u00eb me parat\u00eb e t\u00eb huajve. Pasi ne parat\u00eb tona i harxhojm\u00eb p\u00ebr rrogat e parkuesve.<br \/>\nP\u00ebrndryshe, po ai Komision rregullativ ka llogaritur se \u00e7mimi i ujit duhet t\u00eb ulet. Por faturat do t\u00eb jen\u00eb m\u00eb t\u00eb larta. Dometh\u00ebn\u00eb, do t\u00eb pim\u00eb uj\u00eb m\u00eb t\u00eb lir\u00eb, por do ta paguajm\u00eb m\u00eb shtrenjt\u00eb.<\/p>\n<p>K\u00ebsaj pune i thon\u00eb \u2013 grop\u00eb n\u00eb uj\u00eb.<\/p>\n<p>&nbsp;<\/p>\n<p><strong><em>P\u00ebrktheu: Fjolla Zllatku <\/em><\/strong><\/p>\n<p>&nbsp;<\/p>\n\n<div style=\"font-size: 0px; height: 0px; line-height: 0px; margin: 0; padding: 0; clear: both;\"><\/div>","protected":false},"excerpt":{"rendered":"<p>Takimi i kryeministrave t\u00eb Greqis\u00eb dhe Maqedonis\u00eb, Aleksis Cipras dhe Zoran Zaev dukej shum\u00eb i bukur. Nuk kemi par\u00eb ndonj\u00ebher\u00eb [&hellip;]<\/p>\n","protected":false},"author":1,"featured_media":184,"comment_status":"closed","ping_status":"closed","sticky":false,"template":"","format":"standard","meta":{"_mo_disable_npp":"","inline_featured_image":false},"categories":[1825],"tags":[],"imageURL":"https:\/\/sdk.mk\/wp-content\/uploads\/2015\/12\/goran-mihailovski2.jpg","thumbURL":"https:\/\/sdk.mk\/wp-content\/uploads\/2015\/12\/goran-mihailovski2-250x196.jpg","categoryNames":["DUA T\u00cb THEM"],"feature_caption":"","subtitle":"Logjika e Zaevit si biznesmen dhe logjika e Zaevit si lider i partis\u00eb jan\u00eb n\u00eb kund\u00ebrshti me nj\u00ebra tjetr\u00ebn. Pasi nga tatimet e firm\u00ebs s\u00eb tij paguhen ushtar\u00ebt partiak\u00eb.","views":"5824","source":"","yoast_head":"<!-- This site is optimized with the Yoast SEO Premium plugin v15.0 - https:\/\/yoast.com\/wordpress\/plugins\/seo\/ -->\n<title>OPTIMIZ\u00cbM CINIK - \u0421\u0430\u043a\u0430\u043c \u0414\u0430 \u041a\u0430\u0436\u0430\u043c<\/title>\n<meta name=\"robots\" content=\"index, follow, max-snippet:-1, max-image-preview:large, max-video-preview:-1\" \/>\n<link rel=\"canonical\" href=\"https:\/\/sdk.mk\/index.php\/dua-te-them\/optimizem-cinik\/\" \/>\n<meta property=\"og:locale\" content=\"mk_MK\" \/>\n<meta property=\"og:type\" content=\"article\" \/>\n<meta property=\"og:title\" content=\"OPTIMIZ\u00cbM CINIK - \u0421\u0430\u043a\u0430\u043c \u0414\u0430 \u041a\u0430\u0436\u0430\u043c\" \/>\n<meta property=\"og:description\" content=\"Takimi i kryeministrave t\u00eb Greqis\u00eb dhe Maqedonis\u00eb, Aleksis Cipras dhe Zoran Zaev dukej shum\u00eb i bukur. Nuk kemi par\u00eb ndonj\u00ebher\u00eb [&hellip;]\" \/>\n<meta property=\"og:url\" content=\"https:\/\/sdk.mk\/index.php\/dua-te-them\/optimizem-cinik\/\" \/>\n<meta property=\"og:site_name\" content=\"\u0421\u0430\u043a\u0430\u043c \u0414\u0430 \u041a\u0430\u0436\u0430\u043c\" \/>\n<meta property=\"article:published_time\" content=\"2018-01-27T16:44:40+00:00\" \/>\n<meta property=\"og:image\" content=\"https:\/\/sdk.mk\/wp-content\/uploads\/2015\/12\/goran-mihailovski2.jpg\" \/>\n\t<meta property=\"og:image:width\" content=\"400\" \/>\n\t<meta property=\"og:image:height\" content=\"313\" \/>\n<meta property=\"fb:app_id\" content=\"2407985809428537\" \/>\n<meta name=\"twitter:card\" content=\"summary\" \/>\n<script type=\"application\/ld+json\" class=\"yoast-schema-graph\">{\"@context\":\"https:\/\/schema.org\",\"@graph\":[{\"@type\":\"WebSite\",\"@id\":\"https:\/\/sdk.mk\/#website\",\"url\":\"https:\/\/sdk.mk\/\",\"name\":\"\\u0421\\u0430\\u043a\\u0430\\u043c \\u0414\\u0430 \\u041a\\u0430\\u0436\\u0430\\u043c\",\"description\":\"\\u0417\\u0430 \\u0441\\u043b\\u043e\\u0431\\u043e\\u0434\\u043e\\u0443\\u043c\\u043d\\u0438\",\"potentialAction\":[{\"@type\":\"SearchAction\",\"target\":\"https:\/\/sdk.mk\/?s={search_term_string}\",\"query-input\":\"required name=search_term_string\"}],\"inLanguage\":\"mk-MK\"},{\"@type\":\"ImageObject\",\"@id\":\"https:\/\/sdk.mk\/index.php\/dua-te-them\/optimizem-cinik\/#primaryimage\",\"inLanguage\":\"mk-MK\",\"url\":\"https:\/\/sdk.mk\/wp-content\/uploads\/2015\/12\/goran-mihailovski2.jpg\",\"width\":400,\"height\":313},{\"@type\":\"WebPage\",\"@id\":\"https:\/\/sdk.mk\/index.php\/dua-te-them\/optimizem-cinik\/#webpage\",\"url\":\"https:\/\/sdk.mk\/index.php\/dua-te-them\/optimizem-cinik\/\",\"name\":\"OPTIMIZ\\u00cbM CINIK - \\u0421\\u0430\\u043a\\u0430\\u043c \\u0414\\u0430 \\u041a\\u0430\\u0436\\u0430\\u043c\",\"isPartOf\":{\"@id\":\"https:\/\/sdk.mk\/#website\"},\"primaryImageOfPage\":{\"@id\":\"https:\/\/sdk.mk\/index.php\/dua-te-them\/optimizem-cinik\/#primaryimage\"},\"datePublished\":\"2018-01-27T16:44:40+00:00\",\"dateModified\":\"2018-01-27T16:44:40+00:00\",\"author\":{\"@id\":\"https:\/\/sdk.mk\/#\/schema\/person\/be7cfa6655c47f7195bfdd0ba8144aa2\"},\"inLanguage\":\"mk-MK\",\"potentialAction\":[{\"@type\":\"ReadAction\",\"target\":[\"https:\/\/sdk.mk\/index.php\/dua-te-them\/optimizem-cinik\/\"]}]},{\"@type\":\"Person\",\"@id\":\"https:\/\/sdk.mk\/#\/schema\/person\/be7cfa6655c47f7195bfdd0ba8144aa2\",\"name\":\"\\u0413\\u043e\\u0440\\u0430\\u043d \\u041c\\u0438\\u0445\\u0430\\u0458\\u043b\\u043e\\u0432\\u0441\\u043a\\u0438\"}]}<\/script>\n<!-- \/ Yoast SEO Premium plugin. -->","_links":{"self":[{"href":"https:\/\/sdk.mk\/index.php\/wp-json\/wp\/v2\/posts\/50783"}],"collection":[{"href":"https:\/\/sdk.mk\/index.php\/wp-json\/wp\/v2\/posts"}],"about":[{"href":"https:\/\/sdk.mk\/index.php\/wp-json\/wp\/v2\/types\/post"}],"author":[{"embeddable":true,"href":"https:\/\/sdk.mk\/index.php\/wp-json\/wp\/v2\/users\/1"}],"replies":[{"embeddable":true,"href":"https:\/\/sdk.mk\/index.php\/wp-json\/wp\/v2\/comments?post=50783"}],"version-history":[{"count":0,"href":"https:\/\/sdk.mk\/index.php\/wp-json\/wp\/v2\/posts\/50783\/revisions"}],"wp:featuredmedia":[{"embeddable":true,"href":"https:\/\/sdk.mk\/index.php\/wp-json\/wp\/v2\/media\/184"}],"wp:attachment":[{"href":"https:\/\/sdk.mk\/index.php\/wp-json\/wp\/v2\/media?parent=50783"}],"wp:term":[{"taxonomy":"category","embeddable":true,"href":"https:\/\/sdk.mk\/index.php\/wp-json\/wp\/v2\/categories?post=50783"},{"taxonomy":"post_tag","embeddable":true,"href":"https:\/\/sdk.mk\/index.php\/wp-json\/wp\/v2\/tags?post=50783"}],"curies":[{"name":"wp","href":"https:\/\/api.w.org\/{rel}","templated":true}]}}