{"id":54915,"date":"2018-03-23T18:14:50","date_gmt":"2018-03-23T17:14:50","guid":{"rendered":"https:\/\/sdk.mk\/?p=54915"},"modified":"2018-03-23T18:15:38","modified_gmt":"2018-03-23T17:15:38","slug":"kali-eshte-shendoshe","status":"publish","type":"post","link":"https:\/\/sdk.mk\/index.php\/dua-te-them\/kali-eshte-shendoshe\/","title":{"rendered":"KALI \u00cbSHT\u00cb I SH\u00cbNDOSH\u00cb"},"content":{"rendered":"<div class=\"f52428582a4b906b2d2e2a7d733c7d27\" data-index=\"7\" style=\"float: none; margin:10px 0 10px 0; text-align:center;\">\n<!-- MSP Ads Asynchronous JS Tag - Generated with Revive Adserver v5.4.1 -->\r\n<ins data-revive-zoneid=\"167\" data-revive-id=\"060fdb01f6430ec164d3519234aa4967\"><\/ins>\r\n<script async src=\"\/\/panel.ads.com.mk\/www\/delivery\/asyncjs.php\"><\/script>\n<\/div>\n<p><span class=\"dropcap color firstcharacter\">1<\/span> Nuk \u00ebsht\u00eb se nuk e dinim q\u00eb Nikolla Gruevski dhe Ali Ahmeti, q\u00eb t\u00eb mund t\u00eb mbajn\u00eb vendin e tyre n\u00eb qeveri jan\u00eb marr\u00eb vesh p\u00ebr pun\u00eb t\u00eb ndryshme t\u00eb f\u00eblliqura. Mes tjerash, edhe q\u00eb t\u00eb nd\u00ebrprisnin regjistrimin e popullat\u00ebs n\u00eb vitin 2011. Megjithat\u00eb, kur k\u00ebto dyshime do t\u2019i konfirmoj\u00eb PSP me an\u00eb t\u00eb hetimit, b\u00ebhet i qart\u00eb dimensioni i v\u00ebrtet\u00eb i marr\u00ebveshjeve brutale mes partner\u00ebve besnik\u00eb shum\u00ebvje\u00e7ar\u00eb.<\/p>\n<p>\u00cbsht\u00eb shum\u00eb e r\u00ebnd\u00ebsishme t\u00eb zbulojm\u00eb se \u00e7far\u00eb lloj marr\u00ebveshjesh i kan\u00eb lidhur Gruevskin dhe Ahmetin p\u00ebr pushtet. Dhe e r\u00ebnd\u00ebsishme \u00ebsht\u00eb t\u00eb zbulojm\u00eb n\u00ebse kan\u00eb r\u00ebn\u00eb dakord q\u00eb t\u00eb mos ket\u00eb regjistrim popullate. Q\u00eb ata t\u00eb sundojn\u00eb t\u00eb lumtur dhe t\u00eb g\u00ebzuar. E t\u2019ia ushqejn\u00eb nacionalizmat nj\u00ebri-tjerit. Megjithat\u00eb, akoma m\u00eb e r\u00ebnd\u00ebsishme \u00ebsht\u00eb se \u00e7far\u00eb b\u00ebn tani Ali Ahmeti. Vall\u00eb, akoma do t\u00eb na mbajn\u00eb peng t\u00eb gjith\u00ebve me nacionaliz\u00ebm q\u00eb t\u00eb mos bjer\u00eb koalicioni? E t\u00eb na kthehet VMRO-DPMNE. E Ahmeti ta ket\u00eb m\u00eb t\u00eb leht\u00eb t\u00eb sundoj\u00eb.<\/p>\n<p>N\u00eb zgjedhjet e fundit, LSDM i fitoi votat e shqiptar\u00ebve n\u00eb d\u00ebm t\u00eb BDI-s\u00eb, e cila i humbi ato. Zaevi nuk i fitoi ato vota p\u00ebr ta ushqyer nacionalizmin e Ahmetit, pas t\u00eb cilit, n\u00eb fakt, fshihet banditizmi i BDI-s\u00eb.<\/p>\n<p><span class=\"dropcap color firstcharacter\">2<\/span> Z\u00ebvend\u00ebskryeministri Bujar Osmani, n\u00eb mbrojtje t\u00eb Ligjit p\u00ebr p\u00ebrdorimin e gjuh\u00ebve, tha: \u201cNuk mund t\u00eb keni qytetar\u00eb besnik\u00eb p\u00ebrderisa ata nuk e kuptojn\u00eb shtetin\u201d. Por nuk mund t\u00eb keni as shtet, n\u00eb qoft\u00eb se shteti b\u00ebn gjith\u00e7ka q\u00eb qytetar\u00ebt e tij t\u00eb mos e kuptojn\u00eb. Dhe jo vet\u00ebm kaq. Por shteti b\u00ebn gjith\u00e7ka q\u00eb qytetar\u00ebt t\u00eb mos kuptohen mes vete.<\/p>\n<p>Problemi nuk q\u00ebndron te fakti se secili e flet gjuh\u00ebn e vet. Problemi \u00ebsht\u00eb se a do t\u00eb kuptohemi kur flasim. Dhe p\u00ebrfundimisht \u2013 a do t\u00eb kemi jet\u00eb m\u00eb t\u00eb mir\u00eb n\u00eb shtetin ton\u00eb duke folur n\u00eb gjuh\u00ebt me t\u00eb cilat nuk kuptohemi.<br \/>\nCili \u00ebsht\u00eb interesi i p\u00ebrbashk\u00ebt i qytetar\u00ebve t\u00eb Republik\u00ebs s\u00eb Maqedonis\u00eb?<\/p>\n<p>Interesi i p\u00ebrbashk\u00ebt \u00ebsht\u00eb t\u00eb mund t\u00eb jetojm\u00eb mir\u00eb, t\u00eb punojm\u00eb dhe n\u00eb m\u00ebnyr\u00eb t\u00eb ndershme t\u00eb p\u00ebrfitojm\u00eb rrog\u00ebn ton\u00eb dhe t\u00eb gjith\u00eb n\u00eb m\u00ebnyr\u00eb t\u00eb barabart\u00eb t\u2019i paguajm\u00eb tatimet, por edhe d\u00ebnimet n\u00eb rastet kur na z\u00eb karrotreci. Interesi i p\u00ebrbashk\u00ebt \u00ebsht\u00eb t\u00eb mos ket\u00eb individ\u00eb apo bashk\u00ebsi t\u00eb privilegjuara.<\/p>\n<p>N\u00eb p\u00ebrpjekjet p\u00ebr shtetit ashtu si\u00e7 e duan qytetar\u00ebt, BDI nuk e tregoi interesin e nj\u00ebjt\u00eb. Nuk tregoi se lufton kund\u00ebr individ\u00ebve dhe bashk\u00ebsive t\u00eb privilegjuara. Sidomos jo kund\u00ebr individ\u00ebve t\u00eb privilegjuar.<\/p>\n<p>P\u00ebr \u00e7far\u00eb integrimi flasim kur mbajm\u00eb k\u00ebt\u00eb lloj koncepti p\u00ebr shtetin dhe p\u00ebr kushtet p\u00ebr besnik\u00ebrin\u00eb ndaj tij? P\u00ebr disa vjet, n\u00eb Maqedoni as shqiptar\u00ebt nuk do t\u00eb din\u00eb maqedonisht, as maqedonasit nuk do t\u00eb din\u00eb shqip. Dhe nuk e kuptoj se ku duket fryma evropiane n\u00eb k\u00ebt\u00eb mes. Dhe \u00e7far\u00eb do t\u00eb thot\u00eb evropian n\u00eb m\u00ebnyr\u00ebn e k\u00ebtill\u00eb t\u00eb t\u00eb kuptuarit t\u00eb shtetit. P\u00ebrve\u00e7 pun\u00ebs kur shqiptar\u00ebt, kur do t\u00eb shkojn\u00eb p\u00ebr t\u00eb punuar n\u00eb Evrop\u00eb, do t\u00eb m\u00ebsojn\u00eb suedisht, gjermanisht dhe holandisht. Por nd\u00ebrkoh\u00eb q\u00eb mbajn\u00eb pasaport\u00ebn maqedonase, nuk do ta din\u00eb gjuh\u00ebn maqedonase. Sepse, \u00ebsht\u00eb e qart\u00eb se nuk u duhet.<\/p>\n<p><span class=\"dropcap color firstcharacter\">3<\/span> Kjo \u00ebsht\u00eb ajo duhanpirje presdienciale. Presidenti i m\u00ebparsh\u00ebm i Amerik\u00ebs, Bill Klinton u b\u00eb i famsh\u00ebm me deklarat\u00ebn: Pija duhan, por nuk e thithja brenda. Kurse kryeministri Zoran Zaev me gatishm\u00ebri ia ktheu: Pija duhan, por n\u00eb nj\u00eb restorant t\u00eb hapur nga t\u00eb treja an\u00ebt. Ndon\u00ebse, n\u00eb foto shihet qart\u00ebsisht se n\u00eb restorant ka t\u00eb pakt\u00ebn dy an\u00eb t\u00eb mbyllura. Po, nejse. Kush do t\u00eb merret me num\u00ebrimin e mureve tani.<\/p>\n<p>Shum\u00eb m\u00eb interesante nga ajo se si duket nj\u00eb restorant pa tre mure \u00ebsht\u00eb m\u00ebnyra se si kryeministri b\u00ebri thirrje q\u00eb t\u00eb respektohen ligjet, madje edhe ai p\u00ebr ndalim t\u00eb pirjes s\u00eb duhanit n\u00eb hap\u00ebsira t\u00eb mbyllura. Zaevi tha: \u201cApeloj q\u00eb t\u00eb gjith\u00eb ta respektojm\u00eb ligjin, tani ai \u00ebsht\u00eb p\u00ebrshtatur n\u00eb p\u00ebrputhje me kushtet e tarracave t\u00eb objekteve\u201d.<\/p>\n<p>Me an\u00eb t\u00eb k\u00ebtij apeli, kryeministri dha nj\u00eb definicion t\u00eb sakt\u00eb t\u00eb prioriteteve t\u00eb Qeveris\u00eb. N\u00ebse dikush shkel ligjin \u2013 ndryshoni ligjin. Dhe b\u00ebjeni shkeljen legale.<\/p>\n<p>Me an\u00eb t\u00eb k\u00ebsaj deklarate, kryeministri tha se Qeveria nuk e ka p\u00ebrshtatur ligjin n\u00eb m\u00ebnyr\u00eb q\u00eb t\u00eb ruaj\u00eb sh\u00ebndetin e qytetar\u00ebve, por q\u00eb t\u00eb ruaj\u00eb kafexhinjt\u00eb q\u00eb kan\u00eb uzurpuar hap\u00ebsir\u00ebn publike dhe q\u00eb prej tarracave kan\u00eb krijuar nd\u00ebrtime t\u00eb forta, n\u00eb m\u00ebnyr\u00eb q\u00eb t\u00eb mund ta legalizojn\u00eb shkeljen e m\u00ebparshme t\u00eb ligjit p\u00ebr ndalim t\u00eb pirjes s\u00eb duhanit.<\/p>\n<p>Eeee\u2026 Kjo histori tragjike e kafexhinjve t\u00eb Maqedonis\u00eb. Pa shikoi ato n\u00eb Oh\u00ebr. Jan\u00eb p\u00ebr t\u00eb ardhur keq. N\u00eb fillim u rebeluan kund\u00ebr kryeministrit, pasi ai kishte dashur t\u2019ua rris\u00eb \u00e7mimet p\u00ebr vendosjen e tavolinave dhe karrigeve n\u00eb trotuaret dhe bregun e Liqenit. Nd\u00ebrsa tani, kryeministri do t\u2019u paguaj\u00eb d\u00ebmshp\u00ebrblim sepse Liqeni ua p\u00ebrmbyti nd\u00ebrtimet e paligjshme. Kompanit\u00eb e sigurimit nuk sigurojn\u00eb nd\u00ebrtime t\u00eb paligjshme. Por p\u00ebr k\u00ebt\u00eb arsye, Komuna do t\u2019u paguaj\u00eb nga parat\u00eb e p\u00ebrbashk\u00ebta t\u00eb qytetar\u00ebve.<\/p>\n<p>P\u00ebr m\u00eb tep\u00ebr q\u00eb aq shpejt sa dol\u00ebn komisionet p\u00ebr v\u00ebrtetim t\u00eb d\u00ebmit n\u00eb terren, nuk do t\u00eb habitesha n\u00ebse parat\u00eb tashm\u00eb kan\u00eb mb\u00ebrritur n\u00eb fatur\u00eb. P\u00ebr p\u00ebrmbytjen n\u00eb Stajkovci me muaj b\u00ebnin hesape me t\u00eb prekurit nga fatkeq\u00ebsia. Kurse, p\u00ebr kafexhinjt\u00eb nuk prit\u00ebn as sa t\u00eb qet\u00ebsohej Liqeni, por menj\u00ebher\u00eb formuan shtab p\u00ebr kriza.<\/p>\n<p><span class=\"dropcap color firstcharacter\">4<\/span> Ministri grek p\u00ebr pun\u00eb t\u00eb jashtme Nikos Koxijas, nuk arriti ta heq\u00eb p\u00ebrmendoren e Luft\u00ebtarit mbi kal\u00eb. Q\u00eb nuk do t\u00eb thot\u00eb se beteja p\u00ebr mbajtjen e tij n\u00eb sheshin kryesor, Maqedonia, n\u00eb Shkup do t\u00eb ndaloj\u00eb.<\/p>\n<p>N\u00eb fillim nj\u00eb grup qytetar\u00ebsh me performans\u00eb artistike mbronte p\u00ebrmendoren e nj\u00eb luft\u00ebtari t\u00eb panjohur t\u00eb hipur mbi nj\u00eb kal\u00eb t\u00eb panjohur. M\u00eb pas, nj\u00eb grup tuiterxhinjsh tallej me mbrojt\u00ebsit e kalor\u00ebsit duke th\u00ebn\u00eb se kishte ardhur nj\u00eb vin\u00e7 nga Bullgaria p\u00ebr ta hequr p\u00ebrmendoren. Mbrojt\u00ebsit u mobilizuan n\u00eb mbrojtje t\u00eb p\u00ebrmendores. E gjet\u00ebn vin\u00e7in dhe e fotografuan. Me dimensione precize dhe me sh\u00ebnim t\u00eb fotografis\u00eb i zbuluan pikat e dob\u00ebta t\u00eb vin\u00e7it. Te frigoriferi dhe gomat. M\u00eb pas, lajmin p\u00ebr heqjen e lajm\u00ebruar e transmetuan disa media. Me tituj katastrofal\u00eb, se si kishte ardhur vin\u00e7i p\u00ebr ekzekutimin e Aleksandrit. Cilit Aleksand\u00ebr? A nuk do ta hiqnin luft\u00ebtarin? Kanal 5- a u paraqit drejtp\u00ebrs\u00ebdrejti me nj\u00eb raportues para kalit. Kur vin\u00e7i nuk u duk n\u00eb shesh, mbrojt\u00ebsit shpall\u00ebn fitore. Kurse Qeveria, q\u00eb t\u00eb mos mbetej mbrapa, duhej t\u2019i bashkangjitej histeris\u00eb. K\u00ebshtu zyrtarisht lajm\u00ebruan se kali nuk do t\u00eb shkoj\u00eb gj\u00ebkundi. Por, kjo nuk \u00ebsht\u00eb e gjitha. Disa media than\u00eb se nj\u00eb pjes\u00eb e qytetar\u00ebve nuk i besojn\u00eb Qeveris\u00eb dhe, pavar\u00ebsisht motit t\u00eb ftoht\u00eb dhe bor\u00ebs, mbeten t\u00eb vendosur te q\u00ebllimi p\u00ebr ta mbrojtur kalor\u00ebsin. Gj\u00eb pas s\u00eb cil\u00ebs tuiterxhinjt\u00eb lajm\u00ebruan se kishin informacion t\u00eb gabuar. Vin\u00e7i i Bullgaris\u00eb nuk kishte qen\u00eb p\u00ebr heqjen e kalor\u00ebsit por p\u00ebr t\u00eb atin e kalor\u00ebsit nga ana tjet\u00ebr e Vardarit.<\/p>\n<p>N\u00eb momente t\u00eb k\u00ebtilla arg\u00ebtuese, pyes veten: Si m\u00eb shkoi jeta n\u00eb k\u00ebt\u00eb shtet jonormal?<br \/>\nKjo nuk \u00ebsht\u00eb Monti Pajton. Kjo \u00ebsht\u00eb Monti Pajton me steroide nga m\u00eb t\u00eb fuqishmet t\u00eb kombinuara me aluminin me t\u00eb cilin na sp\u00ebrkasin amerikan\u00ebt n\u00eb m\u00ebnyr\u00eb q\u00eb t\u00eb mos e duam Putinin.<\/p>\n<p><span class=\"dropcap color firstcharacter\">5<\/span> Dhe nd\u00ebrkoh\u00eb q\u00eb debatonim sa sa leht\u00eb do t\u00eb hiqet Luft\u00ebtari mbi kal\u00eb, askush nuk vuri re se p\u00ebr 10 dit\u00eb me radh\u00eb nuk po gjendjen m\u00ebnyr\u00eb p\u00ebr ta hequr shk\u00ebmbin n\u00eb rajonin e Velesit, q\u00eb ka bllokuar rrug\u00ebn rajonale drejt Qendr\u00ebs.<\/p>\n<p>T\u00eb marrim steroidet apo t\u00eb presim q\u00eb shk\u00ebmbi t\u00eb largohet n\u00eb m\u00ebnyr\u00eb t\u00eb natyrshme? T\u00eb shkat\u00ebrrohet vet\u00eb. Pasi Maqedonia \u00ebsht\u00eb e p\u00ebrjetshme. Ka koh\u00eb t\u00eb pres\u00eb.<\/p>\n<p><span class=\"dropcap color firstcharacter\">6<\/span> Mbr\u00ebm\u00eb shkova n\u00eb nj\u00eb shoq\u00ebri tuitap. Ime shoqe m\u00eb pyet: P\u00ebr \u00e7far\u00eb \u00ebsht\u00eb tuitapi? I them: P\u00ebr Presp\u00ebn. Ajo insiston: \u00c7far\u00eb p\u00ebr Presp\u00ebn? Them: Nga ta di, si duket UNDP dhe Zvicra po e shp\u00ebtojn\u00eb Presp\u00ebn, e tani kan\u00eb vendosur t\u2019u bashkangjiten edhe holandez\u00ebt.<\/p>\n<p>Nga kush ta shp\u00ebtojn\u00eb? Nga ne?<\/p>\n<p>E, kjo \u00ebsht\u00eb Maqedonia. T\u00eb gjith\u00eb p\u00ebrpiqen t\u00eb na shp\u00ebtojn\u00eb. T\u00eb na shp\u00ebtojn\u00eb nga vetja jon\u00eb. Na, do t\u2019u dor\u00ebzohemi ne atyre.<\/p>\n<p><em>P\u00ebrktheu: Fjolla Zllatku<\/em><\/p>\n\n<div style=\"font-size: 0px; height: 0px; line-height: 0px; margin: 0; padding: 0; clear: both;\"><\/div>","protected":false},"excerpt":{"rendered":"<p>Nuk \u00ebsht\u00eb se nuk e dinim q\u00eb Nikolla Gruevski dhe Ali Ahmeti, q\u00eb t\u00eb mund t\u00eb mbajn\u00eb vendin e tyre [&hellip;]<\/p>\n","protected":false},"author":9,"featured_media":184,"comment_status":"closed","ping_status":"closed","sticky":false,"template":"","format":"standard","meta":{"_mo_disable_npp":"","inline_featured_image":false},"categories":[1825],"tags":[],"imageURL":"https:\/\/sdk.mk\/wp-content\/uploads\/2015\/12\/goran-mihailovski2.jpg","thumbURL":"https:\/\/sdk.mk\/wp-content\/uploads\/2015\/12\/goran-mihailovski2-250x196.jpg","categoryNames":["DUA T\u00cb THEM"],"feature_caption":"","subtitle":"Kjo \u00ebsht\u00eb ajo duhanpirje presidenciale.","views":"2849","source":"","yoast_head":"<!-- This site is optimized with the Yoast SEO Premium plugin v15.0 - https:\/\/yoast.com\/wordpress\/plugins\/seo\/ -->\n<title>KALI \u00cbSHT\u00cb I SH\u00cbNDOSH\u00cb - \u0421\u0430\u043a\u0430\u043c \u0414\u0430 \u041a\u0430\u0436\u0430\u043c<\/title>\n<meta name=\"robots\" content=\"index, follow, max-snippet:-1, max-image-preview:large, max-video-preview:-1\" \/>\n<link rel=\"canonical\" href=\"https:\/\/sdk.mk\/index.php\/dua-te-them\/kali-eshte-shendoshe\/\" \/>\n<meta property=\"og:locale\" content=\"mk_MK\" \/>\n<meta property=\"og:type\" content=\"article\" \/>\n<meta property=\"og:title\" content=\"KALI \u00cbSHT\u00cb I SH\u00cbNDOSH\u00cb - \u0421\u0430\u043a\u0430\u043c \u0414\u0430 \u041a\u0430\u0436\u0430\u043c\" \/>\n<meta property=\"og:description\" content=\"Nuk \u00ebsht\u00eb se nuk e dinim q\u00eb Nikolla Gruevski dhe Ali Ahmeti, q\u00eb t\u00eb mund t\u00eb mbajn\u00eb vendin e tyre [&hellip;]\" \/>\n<meta property=\"og:url\" content=\"https:\/\/sdk.mk\/index.php\/dua-te-them\/kali-eshte-shendoshe\/\" \/>\n<meta property=\"og:site_name\" content=\"\u0421\u0430\u043a\u0430\u043c \u0414\u0430 \u041a\u0430\u0436\u0430\u043c\" \/>\n<meta property=\"article:published_time\" content=\"2018-03-23T17:14:50+00:00\" \/>\n<meta property=\"article:modified_time\" content=\"2018-03-23T17:15:38+00:00\" \/>\n<meta property=\"og:image\" content=\"https:\/\/sdk.mk\/wp-content\/uploads\/2015\/12\/goran-mihailovski2.jpg\" \/>\n\t<meta property=\"og:image:width\" content=\"400\" \/>\n\t<meta property=\"og:image:height\" content=\"313\" \/>\n<meta property=\"fb:app_id\" content=\"2407985809428537\" \/>\n<meta name=\"twitter:card\" content=\"summary\" \/>\n<script type=\"application\/ld+json\" class=\"yoast-schema-graph\">{\"@context\":\"https:\/\/schema.org\",\"@graph\":[{\"@type\":\"WebSite\",\"@id\":\"https:\/\/sdk.mk\/#website\",\"url\":\"https:\/\/sdk.mk\/\",\"name\":\"\\u0421\\u0430\\u043a\\u0430\\u043c \\u0414\\u0430 \\u041a\\u0430\\u0436\\u0430\\u043c\",\"description\":\"\\u0417\\u0430 \\u0441\\u043b\\u043e\\u0431\\u043e\\u0434\\u043e\\u0443\\u043c\\u043d\\u0438\",\"potentialAction\":[{\"@type\":\"SearchAction\",\"target\":\"https:\/\/sdk.mk\/?s={search_term_string}\",\"query-input\":\"required name=search_term_string\"}],\"inLanguage\":\"mk-MK\"},{\"@type\":\"ImageObject\",\"@id\":\"https:\/\/sdk.mk\/index.php\/dua-te-them\/kali-eshte-shendoshe\/#primaryimage\",\"inLanguage\":\"mk-MK\",\"url\":\"https:\/\/sdk.mk\/wp-content\/uploads\/2015\/12\/goran-mihailovski2.jpg\",\"width\":400,\"height\":313},{\"@type\":\"WebPage\",\"@id\":\"https:\/\/sdk.mk\/index.php\/dua-te-them\/kali-eshte-shendoshe\/#webpage\",\"url\":\"https:\/\/sdk.mk\/index.php\/dua-te-them\/kali-eshte-shendoshe\/\",\"name\":\"KALI \\u00cbSHT\\u00cb I SH\\u00cbNDOSH\\u00cb - \\u0421\\u0430\\u043a\\u0430\\u043c \\u0414\\u0430 \\u041a\\u0430\\u0436\\u0430\\u043c\",\"isPartOf\":{\"@id\":\"https:\/\/sdk.mk\/#website\"},\"primaryImageOfPage\":{\"@id\":\"https:\/\/sdk.mk\/index.php\/dua-te-them\/kali-eshte-shendoshe\/#primaryimage\"},\"datePublished\":\"2018-03-23T17:14:50+00:00\",\"dateModified\":\"2018-03-23T17:15:38+00:00\",\"author\":{\"@id\":\"https:\/\/sdk.mk\/#\/schema\/person\/3e8217f71bc38bd7c592f30c69e10e5a\"},\"inLanguage\":\"mk-MK\",\"potentialAction\":[{\"@type\":\"ReadAction\",\"target\":[\"https:\/\/sdk.mk\/index.php\/dua-te-them\/kali-eshte-shendoshe\/\"]}]},{\"@type\":\"Person\",\"@id\":\"https:\/\/sdk.mk\/#\/schema\/person\/3e8217f71bc38bd7c592f30c69e10e5a\",\"name\":\"\\u041c\\u0438\\u0440\\u043e\\u0441\\u043b\\u0430\\u0432 \\u0418\\u043b\\u0438\\u043e\\u0441\\u043a\\u0438\"}]}<\/script>\n<!-- \/ Yoast SEO Premium plugin. -->","_links":{"self":[{"href":"https:\/\/sdk.mk\/index.php\/wp-json\/wp\/v2\/posts\/54915"}],"collection":[{"href":"https:\/\/sdk.mk\/index.php\/wp-json\/wp\/v2\/posts"}],"about":[{"href":"https:\/\/sdk.mk\/index.php\/wp-json\/wp\/v2\/types\/post"}],"author":[{"embeddable":true,"href":"https:\/\/sdk.mk\/index.php\/wp-json\/wp\/v2\/users\/9"}],"replies":[{"embeddable":true,"href":"https:\/\/sdk.mk\/index.php\/wp-json\/wp\/v2\/comments?post=54915"}],"version-history":[{"count":0,"href":"https:\/\/sdk.mk\/index.php\/wp-json\/wp\/v2\/posts\/54915\/revisions"}],"wp:featuredmedia":[{"embeddable":true,"href":"https:\/\/sdk.mk\/index.php\/wp-json\/wp\/v2\/media\/184"}],"wp:attachment":[{"href":"https:\/\/sdk.mk\/index.php\/wp-json\/wp\/v2\/media?parent=54915"}],"wp:term":[{"taxonomy":"category","embeddable":true,"href":"https:\/\/sdk.mk\/index.php\/wp-json\/wp\/v2\/categories?post=54915"},{"taxonomy":"post_tag","embeddable":true,"href":"https:\/\/sdk.mk\/index.php\/wp-json\/wp\/v2\/tags?post=54915"}],"curies":[{"name":"wp","href":"https:\/\/api.w.org\/{rel}","templated":true}]}}