{"id":56858,"date":"2018-04-21T13:13:54","date_gmt":"2018-04-21T11:13:54","guid":{"rendered":"https:\/\/sdk.mk\/?p=56858"},"modified":"2018-04-21T13:13:54","modified_gmt":"2018-04-21T11:13:54","slug":"fantazi-ciklike","status":"publish","type":"post","link":"https:\/\/sdk.mk\/index.php\/dua-te-them\/fantazi-ciklike\/","title":{"rendered":"FANTAZI CIKLIKE"},"content":{"rendered":"<div class=\"f52428582a4b906b2d2e2a7d733c7d27\" data-index=\"7\" style=\"float: none; margin:10px 0 10px 0; text-align:center;\">\n<!-- MSP Ads Asynchronous JS Tag - Generated with Revive Adserver v5.4.1 -->\r\n<ins data-revive-zoneid=\"167\" data-revive-id=\"060fdb01f6430ec164d3519234aa4967\"><\/ins>\r\n<script async src=\"\/\/panel.ads.com.mk\/www\/delivery\/asyncjs.php\"><\/script>\n<\/div>\n<p><span class=\"dropcap color firstcharacter\">1<\/span>\u201cMarr\u00ebveshja e sotme hap nj\u00eb port\u00eb t\u00eb re mund\u00ebsish, hap mund\u00ebsi p\u00ebr bashk\u00ebpunim t\u00eb ri me Evrop\u00ebn dhe brenda saj, megjithat\u00eb tani vjen puna e v\u00ebshtir\u00eb. Ne jemi k\u00ebtu q\u00eb t\u00eb ndihmojm\u00eb te p\u00ebrpjekjet tuaja, e ardhmja \u00ebsht\u00eb n\u00eb duart tuaja dhe n\u00eb duart e t\u00eb gjith\u00eb qytetar\u00ebve t\u00eb Republik\u00ebs s\u00eb Maqedonis\u00eb. Mir\u00ebsevini n\u00eb familjen ton\u00eb t\u00eb zgjeruar\u201d.<br \/>\nKy nuk \u00ebsht\u00eb nj\u00eb fragment nga deklarata e p\u00ebrfaq\u00ebsueses s\u00eb lart\u00eb t\u00eb BE-s\u00eb p\u00ebr siguri dhe politik\u00eb t\u00eb jashtme, Federika Mogerini n\u00eb Parlamentin e Maqedonis\u00eb m\u00eb 19 prill, 2018. Kjo deklarat\u00eb daton plot 17 vjet m\u00eb par\u00eb, nga 9 prilli i vitit 2001, deklarat\u00eb e ministres suedeze p\u00ebr pun\u00eb t\u00eb jashtme, Ana Lind. Si p\u00ebrfaq\u00ebsuese e Suedis\u00eb, e cila at\u00ebher\u00eb ishte kryesuese e BE me Unionin, e n\u00ebnshkroi Marr\u00ebveshjen p\u00ebr asociacion dhe stabilizim me kryeministrin e at\u00ebhersh\u00ebm t\u00eb Maqedonis\u00eb, Ljub\u00e7o Georgievski n\u00eb Luksemburg. At\u00ebher\u00eb kur kryeministri i Luksemburgut ishte Zhan Klod Junker, kryetari aktual i Komisionit Evropian.<\/p>\n<p>Stabilizimi vazhdon akoma. Nd\u00ebrsa asociacioni akoma nuk ka nisur.<\/p>\n<p>Shikoni, edhe e ndjera Ana Lind, ashtu si Mogerini tani, na paska th\u00ebn\u00eb se tek tani na vjen pun\u00eb e v\u00ebshtir\u00eb. E ka th\u00ebn\u00eb, e shkreta, po askush s\u2019e b\u00ebri hesap.<\/p>\n<p>Eh, sa histori t\u00eb bukur na kishin p\u00ebrgatitur q\u00eb n\u00eb vitin 2001, kur Ana Lind dhe Ljub\u00e7o Georgievski fotografoheshin me gota shampanje n\u00eb Luksenburg. Me demek, do t\u00eb shkojm\u00eb n\u00eb BE, do t\u00eb na pranojn\u00eb n\u00eb NATO, do t\u00eb jemi shembull p\u00ebr raporte t\u00eb mir\u00ebfillta nd\u00ebretnike, do t\u00eb nd\u00ebrtojm\u00eb ekonomi t\u00eb nj\u00eb demokracie t\u00eb tipit per\u00ebndimor\u2026<\/p>\n<p>N\u00eb n\u00ebnshkrimin e asaj marr\u00ebveshjeje, p\u00ebrve\u00e7 Lind, kan\u00eb marr\u00eb pjes\u00eb edhe eurokomesari i at\u00ebhersh\u00ebm p\u00ebr politik\u00eb t\u00eb jashtme, Kris Paten dhe p\u00ebrfaq\u00ebsuesi i lart\u00eb i at\u00ebhersh\u00ebm p\u00ebr siguri dhe politik\u00eb t\u00eb jashtme t\u00eb BE, Havier Sollana. Treshja evropiane deklaroi at\u00eb koh\u00eb: \u201cMaqedonia \u00ebsht\u00eb model q\u00eb duhet ta ndjekin edhe shtetet e tjera t\u00eb rajonit, njer\u00ebzit n\u00eb Maqedoni e din\u00eb se kan\u00eb ardhm\u00ebri p\u00ebr t\u00eb cil\u00ebn ia vlen t\u00eb luftohet.\u201d.<\/p>\n<p>Dhe kjo gj\u00eb \u00ebsht\u00eb fakt. P\u00ebr shembull, Kroacia e ndoqi shembullin e Maqedonis\u00eb. Marr\u00ebveshjen p\u00ebr asociacion dhe stabilizim e n\u00ebnshkroi pas nesh. Nd\u00ebrsa hyri n\u00eb BE n\u00eb vitin 2013. Nd\u00ebrkoh\u00eb, qytetar\u00ebt e Maqedonis\u00eb, ngaq\u00eb dinin aq shum\u00eb t\u00eb luftonin p\u00ebr t\u00eb ardhmen, p\u00ebr plot 11 vjet e votuan Gruevskin.<\/p>\n<p>Dhe nuk jan\u00eb vet\u00ebm deklaratat e burokrat\u00ebve t\u00eb BE-s\u00eb ato q\u00eb kan\u00eb mbetur po t\u00eb nj\u00ebjtat prej para 17 vjet\u00ebsh. Ja nj\u00eb deklarat\u00eb t\u00eb nj\u00eb kryeministri t\u00eb Maqedonis\u00eb: \u201cNe e kuptojm\u00eb marr\u00ebveshjen si nj\u00eb premtim p\u00ebr m\u00eb shum\u00eb demokraci, m\u00eb shum\u00eb reforma dhe m\u00eb shum\u00eb zhvillim multietnik. Marr\u00ebveshja \u00ebsht\u00eb sfid\u00eb e madhe dhe p\u00ebr pak koh\u00eb do t\u00eb\u00a0 arrijm\u00eb shum\u00eb rezultate\u201d.<\/p>\n<p>Kjo deklarat\u00eb nuk \u00ebsht\u00eb deklarat\u00eb e Zoran Zaevit e dh\u00ebn\u00eb dje. Kjo \u00ebsht\u00eb deklarat\u00eb e Ljub\u00e7o Georgievskit e dh\u00ebn\u00eb m\u00eb 9 prill t\u00eb vitit 2001.<\/p>\n<p><span class=\"dropcap color firstcharacter\">2<\/span>F\u00ebmij\u00ebt e lindur m\u00eb prill t\u00eb vitit 2001, kur Ana Lind dha deklarat\u00ebn mbi p\u00ebrparimin e Maqedonis\u00eb, n\u00eb prill t\u00eb 2019 do t\u00eb mbushin 18 vjet dhe do t\u00eb votojn\u00eb n\u00eb zgjedhjet presidenciale.<br \/>\nM\u00eb 19 prill t\u00eb vitit 2017, Federika Mogerini iu drejtua po k\u00ebsaj gjenerate q\u00eb \u00ebsht\u00eb n\u00eb prag t\u00eb s\u00eb drejt\u00ebs p\u00ebr t\u00eb votuar. Si\u00e7 tha, e frym\u00ebzuar nga vajza e tij tinejxhere, rrug\u00ebn e Maqedonis\u00eb drejt BE-s\u00eb e krahasoi me nj\u00eb video loj\u00eb. \u201cKur t\u00eb keni p\u00ebrfunduar nj\u00eb nivel, kaloni n\u00eb nivel t\u00eb ri, por merrni bonus.\u201d Q\u00ebllimi i v\u00ebrtet\u00eb nuk jan\u00eb institucionet, por p\u00ebrmir\u00ebsimi i standardeve t\u00eb qytetar\u00ebve\u201d, tha Mogerini.<\/p>\n<p>Loja quhet \u201cFantazi ciklike\u201d. Vjen deri n\u00eb nj\u00eb nivel dhe fiton bonus. M\u00eb pas, n\u00eb nivelin tjet\u00ebr t\u00eb marrin dy bonuse. Dhe p\u00ebrs\u00ebri fillon nga fillimi, por nga nj\u00eb nivel akoma m\u00eb t\u00eb ul\u00ebt. Megjithat\u00eb, ti p\u00ebrs\u00ebri g\u00ebzohesh. Pasi, t\u00eb kan\u00eb dh\u00ebn\u00eb mund\u00ebsi p\u00ebr t\u00eb filluar nga e para. Dhe p\u00ebr m\u00eb tep\u00ebr, \u00ebsht\u00eb e r\u00ebnd\u00ebsishme t\u00eb jesh n\u00eb loj\u00eb. Gjegj\u00ebsisht \u2013 \u00ebsht\u00eb e r\u00ebnd\u00ebsishme t\u00eb luajn\u00eb me ty.<\/p>\n<p>K\u00ebshtu, pra na vijn\u00eb gjeneratat e reja t\u00eb votuesve.<\/p>\n<p><span class=\"dropcap color firstcharacter\">3<\/span>Dje n\u00eb Maqedoni n\u00eb erdhi Ramush Haradinaj, p\u00ebr t\u00eb cilin sh\u00ebrbimet e huaja thon\u00eb se \u00ebsht\u00eb komandant i U\u00c7K-s\u00eb. U takua me Kolin Pauellin dhe bashk\u00eb pinin kafe n\u00eb Aleksandar Pallas. Nuk \u00ebsht\u00eb p\u00ebr t\u2019u \u00e7uditur. U\u00c7K n\u00eb nj\u00eb nga \u201ckomunikatat\u201d e saj, na porositi q\u00eb t\u00eb mos i k\u00ebrkonim n\u00ebp\u00ebr male, se ata do t\u00eb vinin n\u00eb qytet\u201d.<br \/>\nKy lajm nuk \u00ebsht\u00eb nga kjo e enjte, 19 prill. Ky \u00ebsht\u00eb fragment nga kolumna \u201cSakam Da Kazham\u201d e publikuar m\u00eb 14 prill t\u00eb vitit 2001.<\/p>\n<p>Pas 17 vjet\u00ebsh, komandant\u00ebt e U\u00c7K-s\u00eb kan\u00eb p\u00ebrparuar. Ata tani as me shkop nuk mund t\u2019i detyrosh t\u00eb shkojn\u00eb n\u00eb mal, madje as p\u00ebr piknik. Aq rehat e kan\u00eb n\u00ebp\u00ebr ministrit\u00eb dhe vendet e drejtor\u00ebve.<\/p>\n<p>Ne i g\u00ebzohemi edhe k\u00ebtij fakti.<\/p>\n<p><span class=\"dropcap color firstcharacter\">4<\/span>\u00c7\u2019nuk ka ndodhur, \u00e7\u2019nuk ka kaluar, \u00e7\u2019nuk kemi par\u00eb\u2026Por, e dini se \u00e7far\u00eb \u00ebsht\u00eb e re? Q\u00eb \u00e7do kthimi nga fillimi i g\u00ebzohemi sikur t\u00eb ishte hera e par\u00eb.<\/p>\n<p>Kush e di se pse \u00ebsht\u00eb mir\u00eb kjo?<\/p>\n<p><em>P\u00ebrktheu: Fjolla Zllatku <\/em><\/p>\n\n<div style=\"font-size: 0px; height: 0px; line-height: 0px; margin: 0; padding: 0; clear: both;\"><\/div>","protected":false},"excerpt":{"rendered":"<p>\u201cMarr\u00ebveshja e sotme hap nj\u00eb port\u00eb t\u00eb re mund\u00ebsish, hap mund\u00ebsi p\u00ebr bashk\u00ebpunim t\u00eb ri me Evrop\u00ebn dhe brenda saj, [&hellip;]<\/p>\n","protected":false},"author":1,"featured_media":184,"comment_status":"closed","ping_status":"closed","sticky":false,"template":"","format":"standard","meta":{"_mo_disable_npp":"","inline_featured_image":false},"categories":[1825],"tags":[],"imageURL":"https:\/\/sdk.mk\/wp-content\/uploads\/2015\/12\/goran-mihailovski2.jpg","thumbURL":"https:\/\/sdk.mk\/wp-content\/uploads\/2015\/12\/goran-mihailovski2-250x196.jpg","categoryNames":["DUA T\u00cb THEM"],"feature_caption":"","subtitle":"E di \u00e7far\u00eb ka t\u00eb re? Q\u00eb \u00e7do kthimi nga fillimi, ne i g\u00ebzohemi sikur t\u00eb ishte hera e par\u00eb.","views":"4744","source":"","yoast_head":"<!-- This site is optimized with the Yoast SEO Premium plugin v15.0 - https:\/\/yoast.com\/wordpress\/plugins\/seo\/ -->\n<title>FANTAZI CIKLIKE - \u0421\u0430\u043a\u0430\u043c \u0414\u0430 \u041a\u0430\u0436\u0430\u043c<\/title>\n<meta name=\"robots\" content=\"index, follow, max-snippet:-1, max-image-preview:large, max-video-preview:-1\" \/>\n<link rel=\"canonical\" href=\"https:\/\/sdk.mk\/index.php\/dua-te-them\/fantazi-ciklike\/\" \/>\n<meta property=\"og:locale\" content=\"mk_MK\" \/>\n<meta property=\"og:type\" content=\"article\" \/>\n<meta property=\"og:title\" content=\"FANTAZI CIKLIKE - \u0421\u0430\u043a\u0430\u043c \u0414\u0430 \u041a\u0430\u0436\u0430\u043c\" \/>\n<meta property=\"og:description\" content=\"\u201cMarr\u00ebveshja e sotme hap nj\u00eb port\u00eb t\u00eb re mund\u00ebsish, hap mund\u00ebsi p\u00ebr bashk\u00ebpunim t\u00eb ri me Evrop\u00ebn dhe brenda saj, [&hellip;]\" \/>\n<meta property=\"og:url\" content=\"https:\/\/sdk.mk\/index.php\/dua-te-them\/fantazi-ciklike\/\" \/>\n<meta property=\"og:site_name\" content=\"\u0421\u0430\u043a\u0430\u043c \u0414\u0430 \u041a\u0430\u0436\u0430\u043c\" \/>\n<meta property=\"article:published_time\" content=\"2018-04-21T11:13:54+00:00\" \/>\n<meta property=\"og:image\" content=\"https:\/\/sdk.mk\/wp-content\/uploads\/2015\/12\/goran-mihailovski2.jpg\" \/>\n\t<meta property=\"og:image:width\" content=\"400\" \/>\n\t<meta property=\"og:image:height\" content=\"313\" \/>\n<meta property=\"fb:app_id\" content=\"2407985809428537\" \/>\n<meta name=\"twitter:card\" content=\"summary\" \/>\n<script type=\"application\/ld+json\" class=\"yoast-schema-graph\">{\"@context\":\"https:\/\/schema.org\",\"@graph\":[{\"@type\":\"WebSite\",\"@id\":\"https:\/\/sdk.mk\/#website\",\"url\":\"https:\/\/sdk.mk\/\",\"name\":\"\\u0421\\u0430\\u043a\\u0430\\u043c \\u0414\\u0430 \\u041a\\u0430\\u0436\\u0430\\u043c\",\"description\":\"\\u0417\\u0430 \\u0441\\u043b\\u043e\\u0431\\u043e\\u0434\\u043e\\u0443\\u043c\\u043d\\u0438\",\"potentialAction\":[{\"@type\":\"SearchAction\",\"target\":\"https:\/\/sdk.mk\/?s={search_term_string}\",\"query-input\":\"required name=search_term_string\"}],\"inLanguage\":\"mk-MK\"},{\"@type\":\"ImageObject\",\"@id\":\"https:\/\/sdk.mk\/index.php\/dua-te-them\/fantazi-ciklike\/#primaryimage\",\"inLanguage\":\"mk-MK\",\"url\":\"https:\/\/sdk.mk\/wp-content\/uploads\/2015\/12\/goran-mihailovski2.jpg\",\"width\":400,\"height\":313},{\"@type\":\"WebPage\",\"@id\":\"https:\/\/sdk.mk\/index.php\/dua-te-them\/fantazi-ciklike\/#webpage\",\"url\":\"https:\/\/sdk.mk\/index.php\/dua-te-them\/fantazi-ciklike\/\",\"name\":\"FANTAZI CIKLIKE - \\u0421\\u0430\\u043a\\u0430\\u043c \\u0414\\u0430 \\u041a\\u0430\\u0436\\u0430\\u043c\",\"isPartOf\":{\"@id\":\"https:\/\/sdk.mk\/#website\"},\"primaryImageOfPage\":{\"@id\":\"https:\/\/sdk.mk\/index.php\/dua-te-them\/fantazi-ciklike\/#primaryimage\"},\"datePublished\":\"2018-04-21T11:13:54+00:00\",\"dateModified\":\"2018-04-21T11:13:54+00:00\",\"author\":{\"@id\":\"https:\/\/sdk.mk\/#\/schema\/person\/be7cfa6655c47f7195bfdd0ba8144aa2\"},\"inLanguage\":\"mk-MK\",\"potentialAction\":[{\"@type\":\"ReadAction\",\"target\":[\"https:\/\/sdk.mk\/index.php\/dua-te-them\/fantazi-ciklike\/\"]}]},{\"@type\":\"Person\",\"@id\":\"https:\/\/sdk.mk\/#\/schema\/person\/be7cfa6655c47f7195bfdd0ba8144aa2\",\"name\":\"\\u0413\\u043e\\u0440\\u0430\\u043d \\u041c\\u0438\\u0445\\u0430\\u0458\\u043b\\u043e\\u0432\\u0441\\u043a\\u0438\"}]}<\/script>\n<!-- \/ Yoast SEO Premium plugin. -->","_links":{"self":[{"href":"https:\/\/sdk.mk\/index.php\/wp-json\/wp\/v2\/posts\/56858"}],"collection":[{"href":"https:\/\/sdk.mk\/index.php\/wp-json\/wp\/v2\/posts"}],"about":[{"href":"https:\/\/sdk.mk\/index.php\/wp-json\/wp\/v2\/types\/post"}],"author":[{"embeddable":true,"href":"https:\/\/sdk.mk\/index.php\/wp-json\/wp\/v2\/users\/1"}],"replies":[{"embeddable":true,"href":"https:\/\/sdk.mk\/index.php\/wp-json\/wp\/v2\/comments?post=56858"}],"version-history":[{"count":0,"href":"https:\/\/sdk.mk\/index.php\/wp-json\/wp\/v2\/posts\/56858\/revisions"}],"wp:featuredmedia":[{"embeddable":true,"href":"https:\/\/sdk.mk\/index.php\/wp-json\/wp\/v2\/media\/184"}],"wp:attachment":[{"href":"https:\/\/sdk.mk\/index.php\/wp-json\/wp\/v2\/media?parent=56858"}],"wp:term":[{"taxonomy":"category","embeddable":true,"href":"https:\/\/sdk.mk\/index.php\/wp-json\/wp\/v2\/categories?post=56858"},{"taxonomy":"post_tag","embeddable":true,"href":"https:\/\/sdk.mk\/index.php\/wp-json\/wp\/v2\/tags?post=56858"}],"curies":[{"name":"wp","href":"https:\/\/api.w.org\/{rel}","templated":true}]}}