{"id":57928,"date":"2018-05-05T20:18:41","date_gmt":"2018-05-05T18:18:41","guid":{"rendered":"https:\/\/sdk.mk\/?p=57928"},"modified":"2018-05-05T20:18:41","modified_gmt":"2018-05-05T18:18:41","slug":"profesor-dhe-burg","status":"publish","type":"post","link":"https:\/\/sdk.mk\/index.php\/dua-te-them\/profesor-dhe-burg\/","title":{"rendered":"PROFESOR DHE BURG"},"content":{"rendered":"<div class=\"f52428582a4b906b2d2e2a7d733c7d27\" data-index=\"7\" style=\"float: none; margin:10px 0 10px 0; text-align:center;\">\n<!-- MSP Ads Asynchronous JS Tag - Generated with Revive Adserver v5.4.1 -->\r\n<ins data-revive-zoneid=\"167\" data-revive-id=\"060fdb01f6430ec164d3519234aa4967\"><\/ins>\r\n<script async src=\"\/\/panel.ads.com.mk\/www\/delivery\/asyncjs.php\"><\/script>\n<\/div>\n<p><span class=\"dropcap color firstcharacter\">1<\/span>\u00c7far\u00eb ndjenje t\u00eb jet\u00eb, vall\u00eb, t\u00eb flesh me xhelatin? Me shum\u00eb siguri, \u00ebsht\u00eb ndjenja e nj\u00ebjt\u00eb si kur ke p\u00ebr president Gjorge Ivanovin dhe nd\u00ebrkoh\u00eb je i detyruar t\u00eb negociosh me t\u00eb.<br \/>\nNuk m\u00eb besohet q\u00eb Zoran Zaevi \u00ebsht\u00eb kaq naiv, sa t\u00eb kujtoj\u00eb se mund t\u00eb merret vesh me presidentin ashtu si\u00e7 merren vesh mes vete bashk\u00ebpun\u00ebtor\u00ebt. Ata t\u00eb dy nuk bashk\u00ebpunojn\u00eb dot, pasi presidenti nuk punon p\u00ebr interesat e shtetit. Punon p\u00ebr interesin e tij personal. Q\u00eb t\u00eb mos p\u00ebrfundoj\u00eb n\u00eb burg. Andaj do t\u2019i shfryt\u00ebzoj\u00eb t\u00eb gjitha instrumentet e mundshme politike t\u00eb mbetura deri n\u00eb fund t\u00eb mandatit t\u00eb tij t\u00eb dyt\u00eb n\u00eb prillin e vitit tjet\u00ebr, q\u00eb t\u00eb shp\u00ebtoj\u00eb.<\/p>\n<p>Nj\u00eb nga k\u00ebto instrumente \u00ebsht\u00eb ambasadori i Maqedonis\u00eb n\u00eb SHBA, Vasko Naumovski, i cili, jo vet\u00ebm q\u00eb nuk ka marr\u00eb pjes\u00eb n\u00eb p\u00ebrgatitjen e vizit\u00ebs s\u00eb z\u00ebvend\u00ebs kryeministres dhe ministres p\u00ebr mbrojtje, Radmilla Sheqerinska n\u00eb Pentagon, por e ka bojkotuar t\u00ebr\u00ebsisht at\u00eb. Edhe ai, nuk \u00ebsht\u00eb aq budalla sa t\u00eb mos e dij\u00eb se po b\u00ebn nj\u00eb skandal t\u00eb madh q\u00eb n\u00eb fotofinishin e hyrjes n\u00eb NATO nuk \u00ebsht\u00eb dukur te sekretari i mbrojtjes s\u00eb partnerit m\u00eb t\u00eb fuqish\u00ebm t\u00eb NATO-s. Ky nuk \u00ebsht\u00eb nj\u00eb skandal. \u00cbsht\u00eb nj\u00eb sjellje antishtet\u00ebrore. Kur Xhejms Matisi i \u201cduartrokiste Maqedonis\u00eb p\u00ebr rezistenc\u00ebn e suksesshme ndaj ndikimit t\u00eb keq rus mbi Ballkanin\u201d, Putini mund t\u2019i duartrokas\u00eb Gjorge Ivanovit p\u00ebr rezistenc\u00ebn e suksesshme ndaj ndikimit per\u00ebndimor mbi Ballkanin, mes tjerash duke d\u00ebrguar nj\u00eb ambasador t\u00eb till\u00eb n\u00eb zemr\u00ebn e rivalit t\u00eb tij m\u00eb t\u00eb madh.<\/p>\n<p>\u0410 do t\u00eb b\u00ebj\u00eb tani kalkulime Zaevi edhe me nj\u00eb njeri si Vasko Naumovski? Nuk mund ta revokoj\u00eb, pasi e revokon vet\u00ebm ai q\u00eb e p\u00ebrcakton, q\u00eb \u00ebsht\u00eb presidenti. Mir\u00ebpo, shefi i diplomacis\u00eb, Nikolla Dimitrov mund ta th\u00ebrras\u00eb n\u00eb konsultime n\u00eb Shkup. Dhe konsultimet le t\u00eb zgjasin deri n\u00eb fund t\u00eb mandatit t\u00eb Ivanovit. Mund ta kishte p\u00ebrmbledhur n\u00eb Shkup q\u00eb kur filloi t\u2019i pengoj\u00eb negociatat e qeveris\u00eb s\u00eb re me Greqin\u00eb. K\u00ebshtu pra, Zaevi nuk ka ndonj\u00eb dobi nga fakti se kemi Vasko Naumovskin q\u00eb e p\u00ebrfaq\u00ebson Maqedonin\u00eb n\u00eb SHBA. Atje ai b\u00ebn vet\u00ebm d\u00ebm.<\/p>\n<p><span class=\"dropcap color firstcharacter\">2<\/span>Ivanovi tani do t\u00eb b\u00ebj\u00eb pazar edhe p\u00ebr Dimitar Bogoevin. Ai e ka krejt\u00ebsisht t\u00eb qart\u00eb se p\u00ebr nj\u00eb mandat t\u00eb p\u00ebrs\u00ebritur t\u00eb guvernatorit t\u00eb tanish\u00ebm t\u00eb Bank\u00ebs popullore t\u00eb Maqedonis\u00eb, nuk ekziston nj\u00eb marr\u00ebveshje politike dhe nuk mund t\u00eb kaloj\u00eb te shumica e Parlamentit. Por, \u00ebsht\u00eb i p\u00ebrgatitur madje edhe t\u00eb shkaktoj\u00eb nj\u00eb kriz\u00eb t\u00eb re, vet\u00ebm q\u00eb t\u00eb shp\u00ebtoj\u00eb. T\u00eb shp\u00ebtoj\u00eb nga hetimi. Hetim p\u00ebr 12 prillin 2016, kur fali t\u00eb dyshuarit p\u00ebr krime t\u00eb r\u00ebnda dhe sidomos p\u00ebr 27 prillin e 2017, kur p\u00ebrgatitej t\u00eb shpall\u00eb gjendje t\u00eb jasht\u00ebzakonshme q\u00eb t\u2019i shp\u00ebtoj\u00eb kriminel\u00ebt q\u00eb sulmuan Parlamentin.<br \/>\nKush mund ta shp\u00ebtoj\u00eb Ivanovin? Hristijan Mickovski? Nikolla Gruevski? Sasho Mijallkovi? Vlladimir Putini? Ilhan Alievi i Azerbejxhanit?<\/p>\n<p>A e di Ivanovi se m\u00ebnyrat e vetme me an\u00eb t\u00eb t\u00eb cilave mund t\u00eb tentoj\u00eb t\u00eb shp\u00ebtoj\u00eb veten jan\u00eb keqp\u00ebrdorime t\u00eb ingerencave q\u00eb ka si president deri n\u00eb fund t\u00eb mandatit t\u00eb tij. Pasi k\u00ebto ingerenca jan\u00eb gj\u00ebja e vetme q\u00eb ka p\u00ebr t\u00eb b\u00ebr\u00eb pazar. Prillin e vitit tjet\u00ebr, kur t\u2019i ket\u00eb p\u00ebrfunduar kriza politike, zgjedhja e tij do t\u00eb jet\u00eb profesor fakulteti ose burgu. Dhe meq\u00eb n\u00eb burg nuk ka d\u00ebshir\u00eb t\u00eb shkoj\u00eb, do t\u00eb p\u00ebrpiqet ta blej\u00eb lirin\u00eb e vet me shantazhet presidenciale.<\/p>\n<p><span class=\"dropcap color firstcharacter\">3<\/span>Zaev m\u00eb s\u00eb fund filloi t\u00eb flas\u00eb dhe p\u00ebr nj\u00eb plan B. N\u00ebse nuk na pranojn\u00eb n\u00eb NATO dhe nuk i fillojm\u00eb negociatat me BE, ai do ta sillka Evrop\u00ebn n\u00eb Maqedoni.<br \/>\nMe mahnit entuziazmi i Zaevit. Si do ta sjell\u00eb Evrop\u00ebn? Do ta v\u00ebr\u00eb n\u00eb nj\u00eb thes, do ta ngarkoj\u00eb mbi shpin\u00eb, do t\u2019i hip\u00eb trenit nga Bullgaria dhe diku nga Deve Bairi, do ta shkarkoj\u00eb te hekurudhat n\u00eb m\u00ebnyr\u00eb q\u00eb t\u00eb p\u00ebrhapet n\u00ebp\u00ebr Maqedoni? E v\u00ebshtir\u00eb kjo pun\u00eb, pasi hekurudha nuk ka.<\/p>\n<p>Eh, t\u00eb ishte kaq e leht\u00eb t\u00eb sillej Evropa, deri tani do t\u00eb ishte sjell\u00eb. P\u00ebr m\u00eb tep\u00ebr, \u00e7far\u00eb do t\u00eb thot\u00eb Evrop\u00eb p\u00ebr ne? Nj\u00eb kamzhik q\u00eb duhet t\u00eb na disiplinoj\u00eb? Pasi te ne mbizot\u00ebron politika e mosnd\u00ebshkimit. Mos vall\u00eb \u00ebsht\u00eb nj\u00eb fuqi mbinatyrore q\u00eb duhet t\u00eb na i pastroj\u00eb mbeturinat? Ndonj\u00eb guru q\u00eb do t\u00eb na rregulloj\u00eb sh\u00ebndet\u00ebsin\u00eb, arsimin, gjyq\u00ebsin\u00eb? Ndonj\u00eb supermen q\u00eb do ta disiplinoj\u00eb administrat\u00ebn publike? Ndonj\u00eb superspajdermen q\u00eb do t\u2019i liroj\u00eb trotoaret p\u00ebr k\u00ebmb\u00ebsor\u00eb? Ndonj\u00eb supermakineri q\u00eb ta pastroj\u00eb ajrin? Apo p\u00ebrfundimisht, ndonj\u00eb pluhur magjik q\u00eb do t\u00eb na e japin t\u00eb gjith\u00ebve p\u00ebr ta pir\u00eb e q\u00eb do t\u00eb na b\u00ebj\u00eb t\u2019i ndryshojm\u00eb shprehit\u00eb e t\u00eb b\u00ebhemi qytetar\u00eb t\u00eb p\u00ebrgjegjsh\u00ebm.<\/p>\n<p>Koha po kalon. Ne mbetemi akoma pengje t\u00eb VMRO-DPMNE-s\u00eb n\u00eb t\u00eb gjitha aspektet. Jo vet\u00ebm ngaq\u00eb Ivanovi \u00ebsht\u00eb president dhe na frenon n\u00eb \u00e7do hap. Proceset gjyq\u00ebsore ky\u00e7e pas akuzave t\u00eb PSP-s\u00eb nuk kan\u00eb filluar akoma. As p\u00ebr mashtrimet zgjedhore, as p\u00ebr p\u00ebrgjimet. Nd\u00ebrkoh\u00eb, zgjedhjet e ardhshme parlamentare jan\u00eb pas dy vjet e gjysm\u00eb. Kjo do t\u00eb thot\u00eb se Zaevi ka vet\u00ebm edhe nj\u00eb vit q\u00eb t\u00eb tregoj\u00eb rezultate. Si p\u00ebr planin A, ashtu dhe p\u00ebr planin B. Na mbetet vet\u00ebm edhe nj\u00eb vit q\u00eb Evropa t\u00eb vij\u00eb te ne. P\u00ebrndryshe do t\u00eb vem\u00eb n\u00eb djall.<\/p>\n<p><span class=\"dropcap color firstcharacter\">4<\/span>Lideri i VMRO-DPMNE-s\u00eb, Hristija Mickoski deklaroi si n\u00eb vijim: \u201cMe keqardhje mund t\u00eb konstatoj se b\u00ebhet fjal\u00eb p\u00ebr nj\u00eb periudh\u00eb t\u00eb v\u00ebshtir\u00eb p\u00ebr Republik\u00ebn e Maqedonis\u00eb, gj\u00eb p\u00ebr t\u00eb cil\u00ebn d\u00ebshmojn\u00eb edhe telefonatat e qytetar\u00ebve n\u00eb emisionet e m\u00ebngjesit\u201d.<br \/>\nP\u00ebrpara se t\u00eb vdes nga t\u00eb qeshurat nga konstatimi i Mickovskit, t\u2019ju p\u00ebrkujtoj se ata qytetar\u00eb jan\u00eb qytetar\u00eb t\u00eb cil\u00ebve VMRO-DPMNE ua paguante telefonat p\u00ebr t\u00eb telefonuar n\u00eb emisionet q\u00eb vet\u00eb i shpiku, q\u00eb t\u00eb transmetohen n\u00eb televizione q\u00eb kjo parti i paguante me parat\u00eb tona.<\/p>\n<p><span class=\"dropcap color firstcharacter\">5<\/span>Kryetari i Komun\u00ebs s\u00eb Aerodromit, Zlatko Marin, i cili t\u00ebr\u00eb fushat\u00ebn parazgjedhore e udh\u00ebhoqi me premtimin se do t\u00eb luftonte kund\u00ebr mafias urbane, p\u00ebr ndryshim t\u00eb planeve urbanistike dhe p\u00ebr m\u00eb tep\u00ebr gjelb\u00ebrim, tani justifikohet se nuk ka mundur t\u00eb ndryshoj\u00eb planet, pasi Komuna p\u00ebrfiton shum\u00eb nga sh\u00ebrbimet komunale p\u00ebr nd\u00ebrtesa t\u00eb reja. Nd\u00ebrsa, qytetar\u00ebve q\u00eb reaguan p\u00ebr prerjen e pem\u00ebve q\u00eb t\u00eb lirohej hap\u00ebsir\u00eb p\u00ebr\u00a0 nd\u00ebrtes\u00eb t\u00eb re, u ktheu p\u00ebrgjigjen q\u00eb \u201cka shum\u00eb sip\u00ebrfaqe t\u00eb gjelbra brenda komun\u00ebs. Qytetar\u00ebt thon\u00eb se nuk ka, por n\u00ebse do t\u00eb\u00a0 dilnit, do t\u2019i shikonit k\u00ebto sip\u00ebrfaqe t\u00eb gjelb\u00ebruara\u201d.<\/p>\n<p>Nuk e di n\u00ebse Zaevi ka nj\u00eb plan B. Por, me shum\u00eb siguri e ka t\u00eb qart\u00eb se me kryetar\u00eb t\u00eb k\u00ebtill\u00eb komunash dhe n\u00eb p\u00ebrgjith\u00ebsi me zyrtar\u00eb t\u00eb k\u00ebtij soji, me siguri do ta humbas\u00eb mb\u00ebshtetjen e qytetar\u00ebve q\u00eb nuk jan\u00eb nga LSDM, por megjithat\u00eb e mb\u00ebshtet\u00ebn n\u00eb zgjedhjet e kaluara. Kurse ata t\u00eb VMRO-s\u00eb me siguri nuk do t\u2019i fitoj\u00eb.<\/p>\n<p><em>P\u00ebrktheu: Fjolla Zllatku <\/em><\/p>\n<p>&nbsp;<\/p>\n\n<div style=\"font-size: 0px; height: 0px; line-height: 0px; margin: 0; padding: 0; clear: both;\"><\/div>","protected":false},"excerpt":{"rendered":"<p>\u00c7far\u00eb ndjenje t\u00eb jet\u00eb, vall\u00eb, t\u00eb flesh me xhelatin? Me shum\u00eb siguri, \u00ebsht\u00eb ndjenja e nj\u00ebjt\u00eb si kur ke p\u00ebr [&hellip;]<\/p>\n","protected":false},"author":1,"featured_media":184,"comment_status":"closed","ping_status":"closed","sticky":false,"template":"","format":"standard","meta":{"_mo_disable_npp":"","inline_featured_image":false},"categories":[1825],"tags":[],"imageURL":"https:\/\/sdk.mk\/wp-content\/uploads\/2015\/12\/goran-mihailovski2.jpg","thumbURL":"https:\/\/sdk.mk\/wp-content\/uploads\/2015\/12\/goran-mihailovski2-250x196.jpg","categoryNames":["DUA T\u00cb THEM"],"feature_caption":"","subtitle":"Na mbetet vet\u00ebm edhe nj\u00eb vit q\u00eb Evropa t\u00eb vij\u00eb te ne. P\u00ebrndryshe do t\u00eb vem\u00eb n\u00eb djall.","views":"5442","source":"","yoast_head":"<!-- This site is optimized with the Yoast SEO Premium plugin v15.0 - https:\/\/yoast.com\/wordpress\/plugins\/seo\/ -->\n<title>PROFESOR DHE BURG - \u0421\u0430\u043a\u0430\u043c \u0414\u0430 \u041a\u0430\u0436\u0430\u043c<\/title>\n<meta name=\"robots\" content=\"index, follow, max-snippet:-1, max-image-preview:large, max-video-preview:-1\" \/>\n<link rel=\"canonical\" href=\"https:\/\/sdk.mk\/index.php\/dua-te-them\/profesor-dhe-burg\/\" \/>\n<meta property=\"og:locale\" content=\"mk_MK\" \/>\n<meta property=\"og:type\" content=\"article\" \/>\n<meta property=\"og:title\" content=\"PROFESOR DHE BURG - \u0421\u0430\u043a\u0430\u043c \u0414\u0430 \u041a\u0430\u0436\u0430\u043c\" \/>\n<meta property=\"og:description\" content=\"\u00c7far\u00eb ndjenje t\u00eb jet\u00eb, vall\u00eb, t\u00eb flesh me xhelatin? Me shum\u00eb siguri, \u00ebsht\u00eb ndjenja e nj\u00ebjt\u00eb si kur ke p\u00ebr [&hellip;]\" \/>\n<meta property=\"og:url\" content=\"https:\/\/sdk.mk\/index.php\/dua-te-them\/profesor-dhe-burg\/\" \/>\n<meta property=\"og:site_name\" content=\"\u0421\u0430\u043a\u0430\u043c \u0414\u0430 \u041a\u0430\u0436\u0430\u043c\" \/>\n<meta property=\"article:published_time\" content=\"2018-05-05T18:18:41+00:00\" \/>\n<meta property=\"og:image\" content=\"https:\/\/sdk.mk\/wp-content\/uploads\/2015\/12\/goran-mihailovski2.jpg\" \/>\n\t<meta property=\"og:image:width\" content=\"400\" \/>\n\t<meta property=\"og:image:height\" content=\"313\" \/>\n<meta property=\"fb:app_id\" content=\"2407985809428537\" \/>\n<meta name=\"twitter:card\" content=\"summary\" \/>\n<script type=\"application\/ld+json\" class=\"yoast-schema-graph\">{\"@context\":\"https:\/\/schema.org\",\"@graph\":[{\"@type\":\"WebSite\",\"@id\":\"https:\/\/sdk.mk\/#website\",\"url\":\"https:\/\/sdk.mk\/\",\"name\":\"\\u0421\\u0430\\u043a\\u0430\\u043c \\u0414\\u0430 \\u041a\\u0430\\u0436\\u0430\\u043c\",\"description\":\"\\u0417\\u0430 \\u0441\\u043b\\u043e\\u0431\\u043e\\u0434\\u043e\\u0443\\u043c\\u043d\\u0438\",\"potentialAction\":[{\"@type\":\"SearchAction\",\"target\":\"https:\/\/sdk.mk\/?s={search_term_string}\",\"query-input\":\"required name=search_term_string\"}],\"inLanguage\":\"mk-MK\"},{\"@type\":\"ImageObject\",\"@id\":\"https:\/\/sdk.mk\/index.php\/dua-te-them\/profesor-dhe-burg\/#primaryimage\",\"inLanguage\":\"mk-MK\",\"url\":\"https:\/\/sdk.mk\/wp-content\/uploads\/2015\/12\/goran-mihailovski2.jpg\",\"width\":400,\"height\":313},{\"@type\":\"WebPage\",\"@id\":\"https:\/\/sdk.mk\/index.php\/dua-te-them\/profesor-dhe-burg\/#webpage\",\"url\":\"https:\/\/sdk.mk\/index.php\/dua-te-them\/profesor-dhe-burg\/\",\"name\":\"PROFESOR DHE BURG - \\u0421\\u0430\\u043a\\u0430\\u043c \\u0414\\u0430 \\u041a\\u0430\\u0436\\u0430\\u043c\",\"isPartOf\":{\"@id\":\"https:\/\/sdk.mk\/#website\"},\"primaryImageOfPage\":{\"@id\":\"https:\/\/sdk.mk\/index.php\/dua-te-them\/profesor-dhe-burg\/#primaryimage\"},\"datePublished\":\"2018-05-05T18:18:41+00:00\",\"dateModified\":\"2018-05-05T18:18:41+00:00\",\"author\":{\"@id\":\"https:\/\/sdk.mk\/#\/schema\/person\/be7cfa6655c47f7195bfdd0ba8144aa2\"},\"inLanguage\":\"mk-MK\",\"potentialAction\":[{\"@type\":\"ReadAction\",\"target\":[\"https:\/\/sdk.mk\/index.php\/dua-te-them\/profesor-dhe-burg\/\"]}]},{\"@type\":\"Person\",\"@id\":\"https:\/\/sdk.mk\/#\/schema\/person\/be7cfa6655c47f7195bfdd0ba8144aa2\",\"name\":\"\\u0413\\u043e\\u0440\\u0430\\u043d \\u041c\\u0438\\u0445\\u0430\\u0458\\u043b\\u043e\\u0432\\u0441\\u043a\\u0438\"}]}<\/script>\n<!-- \/ Yoast SEO Premium plugin. -->","_links":{"self":[{"href":"https:\/\/sdk.mk\/index.php\/wp-json\/wp\/v2\/posts\/57928"}],"collection":[{"href":"https:\/\/sdk.mk\/index.php\/wp-json\/wp\/v2\/posts"}],"about":[{"href":"https:\/\/sdk.mk\/index.php\/wp-json\/wp\/v2\/types\/post"}],"author":[{"embeddable":true,"href":"https:\/\/sdk.mk\/index.php\/wp-json\/wp\/v2\/users\/1"}],"replies":[{"embeddable":true,"href":"https:\/\/sdk.mk\/index.php\/wp-json\/wp\/v2\/comments?post=57928"}],"version-history":[{"count":0,"href":"https:\/\/sdk.mk\/index.php\/wp-json\/wp\/v2\/posts\/57928\/revisions"}],"wp:featuredmedia":[{"embeddable":true,"href":"https:\/\/sdk.mk\/index.php\/wp-json\/wp\/v2\/media\/184"}],"wp:attachment":[{"href":"https:\/\/sdk.mk\/index.php\/wp-json\/wp\/v2\/media?parent=57928"}],"wp:term":[{"taxonomy":"category","embeddable":true,"href":"https:\/\/sdk.mk\/index.php\/wp-json\/wp\/v2\/categories?post=57928"},{"taxonomy":"post_tag","embeddable":true,"href":"https:\/\/sdk.mk\/index.php\/wp-json\/wp\/v2\/tags?post=57928"}],"curies":[{"name":"wp","href":"https:\/\/api.w.org\/{rel}","templated":true}]}}