{"id":59104,"date":"2018-05-19T13:47:33","date_gmt":"2018-05-19T11:47:33","guid":{"rendered":"https:\/\/sdk.mk\/?p=59104"},"modified":"2018-05-19T13:47:33","modified_gmt":"2018-05-19T11:47:33","slug":"karrote-per-zaevin","status":"publish","type":"post","link":"https:\/\/sdk.mk\/index.php\/dua-te-them\/karrote-per-zaevin\/","title":{"rendered":"KARROT\u00cb P\u00cbR ZAEVIN"},"content":{"rendered":"<div class=\"f52428582a4b906b2d2e2a7d733c7d27\" data-index=\"7\" style=\"float: none; margin:10px 0 10px 0; text-align:center;\">\n<!-- MSP Ads Asynchronous JS Tag - Generated with Revive Adserver v5.4.1 -->\r\n<ins data-revive-zoneid=\"167\" data-revive-id=\"060fdb01f6430ec164d3519234aa4967\"><\/ins>\r\n<script async src=\"\/\/panel.ads.com.mk\/www\/delivery\/asyncjs.php\"><\/script>\n<\/div>\n<p><span class=\"dropcap color firstcharacter\">1<\/span>Jeta n\u00eb Maqedoni \u00ebsht\u00eb kaq emocionuese. Sot flem\u00eb si maqedonas e n\u00eb m\u00ebngjes gdhihemi t\u00eb gjith\u00eb si ilindenas. Dhe at\u00eb, pa asnj\u00eb shkrepje plumbi. Pa topin e qershis\u00eb. Madje madje, pa stilolaps n\u00eb dor\u00eb.<\/p>\n<p>Padyshim q\u00eb propozimi m\u00eb i ri p\u00ebr zgjidhje t\u00eb t\u00ebr\u00ebsishme t\u00eb \u00e7\u00ebshtjes s\u00eb emrit \u2013 \u201cRepublika e Maqedonis\u00eb Ilindenase\u201d \u2013 akoma nuk \u00ebsht\u00eb miratuar zyrtarisht dhe nuk e dim\u00eb n\u00ebse \u00ebsht\u00eb vendosur p\u00ebr shqyrtim, por s\u2019b\u00ebhet fjal\u00eb se \u00ebsht\u00eb nj\u00eb vendim interesant p\u00ebr t\u00eb nxitur llomotitje si n\u00eb Maqedoni, ashtu dhe n\u00eb Greqi. Sido q\u00eb t\u00eb jet\u00eb, gjithmon\u00eb kur ekziston ndonj\u00eb propozim \u201ckreativ\u201d ndizen debate dhe diskutime. Dhe k\u00ebshtu, si\u00e7 licitohej me opsionet: E ep\u00ebrme, E poshtme, E Vardarit, Shkupi, n\u00eb pallat, pa pallat, me viz\u00eb, para-Republik\u00eb, pas-Republik\u00eb, tani do t\u00eb b\u00ebjm\u00eb simulime gjuh\u00ebsore mbi tem\u00ebn: Ilinden. P\u00ebr shembull, si do t\u00eb quhet gjuha, si do t\u00eb p\u00ebrkthehet emri n\u00eb anglisht, si do t\u00eb quhet kombi, si do t\u00eb na quajn\u00eb grek\u00ebt, p\u00ebr sa koh\u00eb do t\u00eb duhet t\u2019i ndryshojm\u00eb pasaportat q\u00eb t\u00eb mund t\u00eb shkojm\u00eb p\u00ebr pushime n\u00eb Greqi pa fletushka, a do t\u00eb ndryshohet himni, a do t\u00eb duhet t\u00eb paguajm\u00eb p\u00ebrs\u00ebri p\u00ebr targa t\u00eb reja regjistrimi\u2026Eheee, nj\u00eb mori temash.<\/p>\n<p>Aq shum\u00eb do t\u00eb nxehen debatet, sa secili do t\u00eb ket\u00eb nj\u00eb mendim. Duke filluar nga ata t\u00eb cil\u00ebt q\u00eb n\u00eb vitin 1995 kan\u00eb kuptuar se Maqedonia negocion p\u00ebr ndryshim t\u00eb emrit, e deri te ata q\u00eb mbajn\u00eb q\u00ebndrimin se mbi emrin nuk mund t\u00eb negociohet. Madje edhe ata q\u00eb tashm\u00eb kan\u00eb negociuar mbi emrin dhe mbi n\u00ebnshtet\u00ebsit\u00eb e reja, e s\u00eb largu tregojn\u00eb se si mbrohet identiteti, besa dhe dinjiteti, kan\u00eb di\u00e7ka p\u00ebr t\u00eb th\u00ebn\u00eb kund\u00ebr ides\u00eb s\u00eb re.<\/p>\n<p>N\u00eb t\u00eb v\u00ebrtet\u00eb, gjithmon\u00eb kur paraqitet nj\u00eb propozim interesant, madje edhe \u201ctv\u00ebrdokorn\u00ebt\u201d zbuten. Grek\u00ebve nuk u doli e suksesshme embargoja, nuk u doli i suksessh\u00ebm bllokimi i kufijve, me viza, me ngjit\u00ebse mbi makina, me thyerjen e xhamave t\u00eb veturave n\u00ebp\u00ebr plazhe, me d\u00ebrgimin e ankesave gjithkund ku jemi t\u00eb p\u00ebrfaq\u00ebsuar me emrin kushtetues\u2026Kujt t\u2019i vej\u00eb mendja, vall\u00eb, se do t\u00eb na kapnin te kreativiteti?<\/p>\n<p>E kur t\u00eb shuhet pasioni i diskutimeve, do t\u00eb fillojn\u00eb t\u00eb rrjedhin djers\u00eb t\u00eb ftohta. Ngaq\u00eb do t\u00eb na kujtohet pyetja e par\u00eb \u2013 \u00c7far\u00eb n\u00ebse edhe k\u00ebsaj here nuk arrijm\u00eb t\u00eb gjejm\u00eb zgjidhje? Dhe mbetemi vet\u00eb, as n\u00eb NATO, as n\u00eb BE?<\/p>\n<p><span class=\"dropcap color firstcharacter\">2<\/span>Kryeministri Zaev tha se \u201cn\u00eb rast se, mos e dh\u00ebnt\u00eb zoti, arrihet nj\u00eb vendim, ai nuk do t\u00eb \u00e7oj\u00eb drejt destabilizimit t\u00eb shtetit. Ne po nd\u00ebrtojm\u00eb dhe do t\u00eb vazhdojm\u00eb s\u00eb nd\u00ebrtuari miq\u00ebsi\u201d.<br \/>\nEpo, un\u00eb nuk jam shum\u00eb i sigurt se nuk do t\u00eb ket\u00eb destabilizim. P\u00ebr ne q\u00eb mbet\u00ebm k\u00ebtu dhe nuk kemi nj\u00eb atdhe rezerv\u00eb, destabilizimi m\u00eb i madh do t\u00eb jet\u00eb n\u00ebse na kthehej ajo q\u00eb kishim para 11 vjet\u00ebsh.<\/p>\n<p>As kryeministria e Britanis\u00eb s\u00eb madhe, Tereza Mej nuk erdhi n\u00eb Shkup n\u00eb nj\u00eb vizit\u00eb disaor\u00ebshe pas samitit t\u00eb BE-s\u00eb n\u00eb Sofje, q\u00eb t\u2019ia liroj\u00eb vendin Maqedonis\u00eb, pasi Britania e Madhe t\u00eb braktis\u00eb BE-n\u00eb. As p\u00ebr emrin nuk u duk fort e interesuar. Haptazi u shpreh se p\u00ebrse kishte ardhur: \u201c\u00cbsht\u00eb e r\u00ebnd\u00ebsishme q\u00eb t\u00eb gjith\u00eb t\u00eb bashkohemi n\u00eb menxhimin dhe kund\u00ebrv\u00ebnien ndaj ndikimeve t\u00eb jashtme t\u00eb Rusis\u00eb n\u00eb k\u00ebto shtete\u201d. M\u00eb e qart\u00eb, s\u2019b\u00ebhet.<\/p>\n<p>Pavar\u00ebsisht optimizmit t\u00eb madh t\u00eb Zaevit se gjith\u00e7ka do t\u00eb shkoj\u00eb mir\u00eb, dhe pavar\u00ebsisht t\u00eb gjitha l\u00ebvdatave dhe mb\u00ebshtetjeve t\u00eb loj\u00ebtar\u00ebve kryesor\u00eb t\u00eb BE-s\u00eb dhe NATO-s, dhe pavar\u00ebsisht buz\u00ebqeshjes s\u00eb kryeministrit grek, Aleksis Cipras, p\u00ebrs\u00ebri pyes veten: \u00c7\u2019e mir\u00eb mund t\u2019i ndodh\u00eb vall\u00eb, Maqedonis\u00eb, n\u00ebse mbetet jasht\u00eb BE-s\u00eb dhe NATO-s?<\/p>\n<p><strong>\u00a0<\/strong><span class=\"dropcap color firstcharacter\">3<\/span>N\u00ebse ve\u00e7m\u00eb e zgjidhim pun\u00ebn me Maqedonin\u00eb Ilindenase, n\u00eb rrug\u00ebn drejt BE-s\u00eb dhe NATO-s do t\u00eb duhet ta durojm\u00eb dhe Amdi Bajramin n\u00eb Qeveri. Besa, azilant\u00ebt q\u00eb ai sillte n\u00ebp\u00ebrmjet agjencive t\u00eb dyshimta nga Shutka, tashm\u00eb jan\u00eb n\u00eb BE dhe n\u00eb NATO, prandaj dhe Zaevi vendosi q\u00eb ta p\u00ebrforcoj\u00eb qeverin\u00eb me zgjerimin e koalicionit dhe at\u00eb me partin\u00eb e Amdi Bajramit.<br \/>\nMir\u00eb q\u00eb e d\u00ebgjuam n\u00eb bomba se si i nxirrte listat e votuesve t\u00eb ndjer\u00eb n\u00eb Shutk\u00eb dhe n\u00eb vendin e tyre \u00e7onte votues t\u00eb rrem\u00eb q\u00eb t\u00eb votojn\u00eb p\u00ebr VMRO-DPMNE-n\u00eb, por i shohim dhe videot e fushat\u00ebs zgjedhore t\u00eb zgjedhjeve t\u00eb 11 dhjetorit 2016. Mir\u00eb q\u00eb Zaevit ia tregon karrot\u00ebn, dhe i thot\u00eb se \u201cme k\u00ebt\u00eb karrot\u00eb do ta kap Zajko Kokorajkon\u201d, por m\u00eb pas n\u00eb protestat e VMRO-DPMNE-s\u00eb para KSHZ-s\u00eb b\u00ebrtiste \u201cshum\u00eb shpejt do t\u2019i vij\u00eb varrimi\u201d. Revolucioner\u00ebve t\u00eb larm\u00eb t\u00eb cil\u00ebt e mb\u00ebshtesnin Zaevin q\u00eb t\u00eb ngulmoj\u00eb me bombat n\u00eb luft\u00ebn kund\u00ebr regjimit, p\u00ebrfaq\u00ebsues i t\u00eb cilit ishte vet\u00eb Amdiu, u tregonte gishtin e mes\u00ebm dhe u b\u00ebrtiste: \u201cVdisni, vdisni!\u201d<\/p>\n<p>E mir\u00eb, e dim\u00eb se politika \u00ebsht\u00eb kurv\u00eb. Edhe Zaevi e di k\u00ebt\u00eb gj\u00eb. Madje m\u00eb mir\u00eb se ne. Pasi, nuk na i l\u00ebshoi t\u00eb gjitha bombat. \u00c7far\u00eb mbrojt\u00ebsi i t\u00eb drejtave t\u00eb Rom\u00ebve \u00ebsht\u00eb partneri i tij i koalicionit, Amdi Bajrami. Dhe n\u00ebse Rom\u00ebt intergrohen n\u00eb shoq\u00ebrin\u00eb demokratike me metod\u00ebn \u201cnj\u00eb nga nj\u00eb t\u00eb gjith\u00eb p\u00ebr veshi do t\u2019i t\u00ebrheqim\u201d.<\/p>\n<p>Mir\u00ebpo, kur ve\u00e7m\u00eb Zaevi ka vendosur t\u00eb sillet k\u00ebshtu me Amdi Bajramin, m\u00eb duhet ta lus q\u00eb t\u00eb p\u00ebrmbahet, dhe n\u00eb zgjedhjet e ardhme t\u00eb mos e marr\u00eb me vete dhe t\u00eb mos e l\u00ebr\u00eb t\u00eb flas\u00eb n\u00ebp\u00ebr tubime. Akoma m\u00eb vjen p\u00ebr t\u00eb vjell\u00eb kur kujtoj sken\u00ebn e Amdiut me bund\u00eb q\u00eb gjoja thoshte ndonj\u00eb anekdot\u00eb, e Nikolla Gruevski, Sasho Mijallkovi, Trajko Veljanoski, Vllatko Gjor\u00e7evi, Elizabeta Kan\u00e7eska-Mileska, Antonio Milloshoski dhe t\u00eb tjer\u00eb t\u00eb VMRO-s\u00eb zg\u00ebrdhihenshin. Nj\u00eb sken\u00eb e till\u00eb, k\u00ebsaj here, me personalitetet e LSDM-s\u00eb q\u00eb zg\u00ebrdhihen, zor se do t\u00eb durohet n\u00eb \u201cMaqedonin\u00eb Ilindenase\u201d.<\/p>\n<p>Kurse Zaevi, e h\u00ebngri q\u00eb e h\u00ebngri karrot\u00ebn.<\/p>\n<p><span class=\"dropcap color firstcharacter\">4<\/span>K\u00ebshtu, pak \u201chistorike\u201d ishte java q\u00eb shkoi, sa q\u00eb nevojitej q\u00eb p\u00ebr jav\u00ebn tjet\u00ebr, t\u00eb pakt\u00ebn p\u00ebr tani , t\u00eb lajm\u00ebroheshin t\u00eb pakt\u00ebn edhe dy ngjarje historike. T\u00eb h\u00ebn\u00ebn, m\u00eb 21 maj, do t\u00eb jet\u00eb gjykimi i par\u00eb i rastit \u201cMitmarrje\u201d n\u00eb t\u00eb cilin \u00ebsht\u00eb akuzuar kryeministri i tanish\u00ebm Zoran Zaev. Kurse t\u00eb m\u00ebrkur\u00ebn me 23 maj, do t\u00eb bjer\u00eb dhe gjykimi i par\u00eb nga rastet e shumta t\u00eb PSP-s\u00eb p\u00ebr ish kryeministrin Nikolla Gruevski p\u00ebr mercedesin prej 600.000 eurove.<br \/>\nNj\u00ebra nga gjykimet e shumta t\u00eb Gruevskit p\u00ebrputhet pik\u00ebrisht me Dit\u00ebn e vlleh\u00ebve, 23 Maj. Nuk e di n\u00ebse ka dashur historia, apo fati, por n\u00ebse \u00ebsht\u00eb e v\u00ebrtet\u00eb se me emrin \u201cMaqedonia Ilindense\u201d do t\u00eb hym\u00eb n\u00eb BE dhe NATO, le t\u00eb thot\u00eb dikush se vlleh\u00ebt jan\u00eb kurnac\u00eb.<\/p>\n<p>&nbsp;<\/p>\n<p><em>P\u00ebrktheu: Fjolla Zllatku <\/em><\/p>\n\n<div style=\"font-size: 0px; height: 0px; line-height: 0px; margin: 0; padding: 0; clear: both;\"><\/div>","protected":false},"excerpt":{"rendered":"<p>Jeta n\u00eb Maqedoni \u00ebsht\u00eb kaq emocionuese. Sot flem\u00eb si maqedonas e n\u00eb m\u00ebngjes gdhihemi t\u00eb gjith\u00eb si ilindenas. Dhe at\u00eb, [&hellip;]<\/p>\n","protected":false},"author":1,"featured_media":184,"comment_status":"closed","ping_status":"closed","sticky":false,"template":"","format":"standard","meta":{"_mo_disable_npp":"","inline_featured_image":false},"categories":[1825],"tags":[],"imageURL":"https:\/\/sdk.mk\/wp-content\/uploads\/2015\/12\/goran-mihailovski2.jpg","thumbURL":"https:\/\/sdk.mk\/wp-content\/uploads\/2015\/12\/goran-mihailovski2-250x196.jpg","categoryNames":["DUA T\u00cb THEM"],"feature_caption":"","subtitle":"\u00c7\u2019e mir\u00eb mund t\u2019i ndodh\u00eb vall\u00eb, Maqedonis\u00eb, n\u00ebse mbetet jasht\u00eb BE-s\u00eb dhe NATO-s?","views":"4694","source":"","yoast_head":"<!-- This site is optimized with the Yoast SEO Premium plugin v15.0 - https:\/\/yoast.com\/wordpress\/plugins\/seo\/ -->\n<title>KARROT\u00cb P\u00cbR ZAEVIN - \u0421\u0430\u043a\u0430\u043c \u0414\u0430 \u041a\u0430\u0436\u0430\u043c<\/title>\n<meta name=\"robots\" content=\"index, follow, max-snippet:-1, max-image-preview:large, max-video-preview:-1\" \/>\n<link rel=\"canonical\" href=\"https:\/\/sdk.mk\/index.php\/dua-te-them\/karrote-per-zaevin\/\" \/>\n<meta property=\"og:locale\" content=\"mk_MK\" \/>\n<meta property=\"og:type\" content=\"article\" \/>\n<meta property=\"og:title\" content=\"KARROT\u00cb P\u00cbR ZAEVIN - \u0421\u0430\u043a\u0430\u043c \u0414\u0430 \u041a\u0430\u0436\u0430\u043c\" \/>\n<meta property=\"og:description\" content=\"Jeta n\u00eb Maqedoni \u00ebsht\u00eb kaq emocionuese. Sot flem\u00eb si maqedonas e n\u00eb m\u00ebngjes gdhihemi t\u00eb gjith\u00eb si ilindenas. Dhe at\u00eb, [&hellip;]\" \/>\n<meta property=\"og:url\" content=\"https:\/\/sdk.mk\/index.php\/dua-te-them\/karrote-per-zaevin\/\" \/>\n<meta property=\"og:site_name\" content=\"\u0421\u0430\u043a\u0430\u043c \u0414\u0430 \u041a\u0430\u0436\u0430\u043c\" \/>\n<meta property=\"article:published_time\" content=\"2018-05-19T11:47:33+00:00\" \/>\n<meta property=\"og:image\" content=\"https:\/\/sdk.mk\/wp-content\/uploads\/2015\/12\/goran-mihailovski2.jpg\" \/>\n\t<meta property=\"og:image:width\" content=\"400\" \/>\n\t<meta property=\"og:image:height\" content=\"313\" \/>\n<meta property=\"fb:app_id\" content=\"2407985809428537\" \/>\n<meta name=\"twitter:card\" content=\"summary\" \/>\n<script type=\"application\/ld+json\" class=\"yoast-schema-graph\">{\"@context\":\"https:\/\/schema.org\",\"@graph\":[{\"@type\":\"WebSite\",\"@id\":\"https:\/\/sdk.mk\/#website\",\"url\":\"https:\/\/sdk.mk\/\",\"name\":\"\\u0421\\u0430\\u043a\\u0430\\u043c \\u0414\\u0430 \\u041a\\u0430\\u0436\\u0430\\u043c\",\"description\":\"\\u0417\\u0430 \\u0441\\u043b\\u043e\\u0431\\u043e\\u0434\\u043e\\u0443\\u043c\\u043d\\u0438\",\"potentialAction\":[{\"@type\":\"SearchAction\",\"target\":\"https:\/\/sdk.mk\/?s={search_term_string}\",\"query-input\":\"required name=search_term_string\"}],\"inLanguage\":\"mk-MK\"},{\"@type\":\"ImageObject\",\"@id\":\"https:\/\/sdk.mk\/index.php\/dua-te-them\/karrote-per-zaevin\/#primaryimage\",\"inLanguage\":\"mk-MK\",\"url\":\"https:\/\/sdk.mk\/wp-content\/uploads\/2015\/12\/goran-mihailovski2.jpg\",\"width\":400,\"height\":313},{\"@type\":\"WebPage\",\"@id\":\"https:\/\/sdk.mk\/index.php\/dua-te-them\/karrote-per-zaevin\/#webpage\",\"url\":\"https:\/\/sdk.mk\/index.php\/dua-te-them\/karrote-per-zaevin\/\",\"name\":\"KARROT\\u00cb P\\u00cbR ZAEVIN - \\u0421\\u0430\\u043a\\u0430\\u043c \\u0414\\u0430 \\u041a\\u0430\\u0436\\u0430\\u043c\",\"isPartOf\":{\"@id\":\"https:\/\/sdk.mk\/#website\"},\"primaryImageOfPage\":{\"@id\":\"https:\/\/sdk.mk\/index.php\/dua-te-them\/karrote-per-zaevin\/#primaryimage\"},\"datePublished\":\"2018-05-19T11:47:33+00:00\",\"dateModified\":\"2018-05-19T11:47:33+00:00\",\"author\":{\"@id\":\"https:\/\/sdk.mk\/#\/schema\/person\/be7cfa6655c47f7195bfdd0ba8144aa2\"},\"inLanguage\":\"mk-MK\",\"potentialAction\":[{\"@type\":\"ReadAction\",\"target\":[\"https:\/\/sdk.mk\/index.php\/dua-te-them\/karrote-per-zaevin\/\"]}]},{\"@type\":\"Person\",\"@id\":\"https:\/\/sdk.mk\/#\/schema\/person\/be7cfa6655c47f7195bfdd0ba8144aa2\",\"name\":\"\\u0413\\u043e\\u0440\\u0430\\u043d \\u041c\\u0438\\u0445\\u0430\\u0458\\u043b\\u043e\\u0432\\u0441\\u043a\\u0438\"}]}<\/script>\n<!-- \/ Yoast SEO Premium plugin. -->","_links":{"self":[{"href":"https:\/\/sdk.mk\/index.php\/wp-json\/wp\/v2\/posts\/59104"}],"collection":[{"href":"https:\/\/sdk.mk\/index.php\/wp-json\/wp\/v2\/posts"}],"about":[{"href":"https:\/\/sdk.mk\/index.php\/wp-json\/wp\/v2\/types\/post"}],"author":[{"embeddable":true,"href":"https:\/\/sdk.mk\/index.php\/wp-json\/wp\/v2\/users\/1"}],"replies":[{"embeddable":true,"href":"https:\/\/sdk.mk\/index.php\/wp-json\/wp\/v2\/comments?post=59104"}],"version-history":[{"count":0,"href":"https:\/\/sdk.mk\/index.php\/wp-json\/wp\/v2\/posts\/59104\/revisions"}],"wp:featuredmedia":[{"embeddable":true,"href":"https:\/\/sdk.mk\/index.php\/wp-json\/wp\/v2\/media\/184"}],"wp:attachment":[{"href":"https:\/\/sdk.mk\/index.php\/wp-json\/wp\/v2\/media?parent=59104"}],"wp:term":[{"taxonomy":"category","embeddable":true,"href":"https:\/\/sdk.mk\/index.php\/wp-json\/wp\/v2\/categories?post=59104"},{"taxonomy":"post_tag","embeddable":true,"href":"https:\/\/sdk.mk\/index.php\/wp-json\/wp\/v2\/tags?post=59104"}],"curies":[{"name":"wp","href":"https:\/\/api.w.org\/{rel}","templated":true}]}}