{"id":59590,"date":"2018-05-26T17:10:41","date_gmt":"2018-05-26T15:10:41","guid":{"rendered":"https:\/\/sdk.mk\/?p=59590"},"modified":"2018-05-26T17:10:41","modified_gmt":"2018-05-26T15:10:41","slug":"festedashes-te-emocionuar","status":"publish","type":"post","link":"https:\/\/sdk.mk\/index.php\/dua-te-them\/festedashes-te-emocionuar\/","title":{"rendered":"FEST\u00cbDASH\u00cbS T\u00cb EMOCIONUAR"},"content":{"rendered":"<div class=\"f52428582a4b906b2d2e2a7d733c7d27\" data-index=\"7\" style=\"float: none; margin:10px 0 10px 0; text-align:center;\">\n<!-- MSP Ads Asynchronous JS Tag - Generated with Revive Adserver v5.4.1 -->\r\n<ins data-revive-zoneid=\"167\" data-revive-id=\"060fdb01f6430ec164d3519234aa4967\"><\/ins>\r\n<script async src=\"\/\/panel.ads.com.mk\/www\/delivery\/asyncjs.php\"><\/script>\n<\/div>\n<p><span class=\"dropcap color firstcharacter\">1<\/span> Mir\u00ebmengjes, o popull i Maqedonis\u00eb, t\u00eb dashur bashk\u00ebvendas. A pushuat? Apo do t\u00eb flini edhe pak? Edhe nja dhjet\u00eb vjet, apo ndoshta dhe pak m\u00eb shum\u00eb.<\/p>\n<p>Vall\u00eb, pas 23 vjet\u00ebve negocimi me Greqin\u00eb erdhi koha p\u00ebr t\u2019u zgjuar dhe m\u00eb n\u00eb fund na u b\u00eb e qart\u00eb se rezultimi i fundit nga necogiatat q\u00eb zhvillohen me nd\u00ebrmjet\u00ebsimin e Methju Nimic-it n\u00eb OKB \u00ebsht\u00eb \u2013 ndryshimi i emrit t\u00eb shtetit? Dhe se n\u00eb shtator t\u00eb vitit 1995, kur u n\u00ebnshkrua Marr\u00ebvshja e p\u00ebrkohshme n\u00eb Nju Jork, ne negocionim me Greqin\u00eb q\u00eb ta bindim se nuk duhet t\u00eb na ndryshohet emri. Por, negociatat jan\u00eb rreth k\u00ebsaj \u00e7\u00ebshtjeje: q\u00eb n\u00ebse e ndryshojm\u00eb, si ta ndryshojm\u00eb.<\/p>\n<p>Ne, nga viti 1995 refuzojm\u00eb t\u00eb p\u00ebrballemi me problemin. Dhe duke mos e zgjidhur, shpresojm\u00eb se problemi do t\u00eb zhduket vetvetiu. Por, nuk mund t\u00eb zhduket, pasi Greqia nuk ka problem. P\u00ebrkundrazi. Nga pavar\u00ebsimi jon\u00eb n\u00eb vitin 1991 e deri m\u00eb tani, Greqia b\u00ebnte \u00e7\u2019mos q\u00eb problemi t\u00eb mos zhduket, por t\u00eb zhdukemi ne. Dhe, t\u00eb them t\u00eb drejt\u00ebn, akoma mendoj se po luajn\u00eb pandershm\u00ebrisht. Nuk u besoj. Por, a do t\u00eb thot\u00eb kjo meq\u00eb ata jan\u00eb t\u00eb k\u00ebqinj, ne duhet t\u00eb vazhdojm\u00eb t\u00eb jetojm\u00eb pa nj\u00eb perspektiv\u00eb evropiane? P\u00ebr inat? P\u00ebr inatin e kujt? T\u00eb vetes.<\/p>\n<p>Vet\u00eb ndryshimi i emrit \u00ebsht\u00eb padrejt\u00ebsi. I vulosur n\u00eb vitin 2011 madje me vul\u00ebn e Gjykat\u00ebs nd\u00ebrkomb\u00ebtare t\u00eb Hag\u00ebs. Por, a do t\u00eb ndryshoj\u00eb vall\u00eb di\u00e7ka fakti se p\u00ebr 23 vjet negociohet parreshtur p\u00ebr ndryshimin e emrit, e nd\u00ebrkoh\u00eb themi \u201cEmrin nuk e ndryshojm\u00eb\u201d? A do ta rregulloj\u00eb vall\u00eb, kjo gj\u00eb, k\u00ebt\u00eb padrejt\u00ebsi?<\/p>\n<p>Ekzaltimi rreth ndryshimit t\u00eb emrit rritet sidomos gjat\u00eb fundjavave t\u00eb zgjatura, si\u00e7 \u00ebsht\u00eb kjo. Kur dhjet\u00ebra mij\u00ebta qytetar\u00eb t\u00eb Maqedonis\u00eb shp\u00ebrngulen n\u00eb plazhe dhe i okupojn\u00eb tavernat e Maqedonis\u00eb s\u00eb tyre. Kur dhjet\u00ebra mij\u00ebra nacionalist\u00eb nga Maqedonia e tyre nisen n\u00eb kund\u00ebrsulm drejt kazinove t\u00eb Gjevegjlis\u00eb dhe ordinancave stomatologjike t\u00eb Manastirit, parukerive, salloneve kozmetike dhe dyqaneve. Si nj\u00ebra pal\u00eb e fest\u00ebdash\u00ebsve, si tjetra e mbrojn\u00eb emrin. Dhe askush nuk mund as t\u2019ua ndaloj\u00eb e as t\u2019u hidh\u00ebrohet p\u00ebr k\u00ebt\u00eb. Me parat\u00eb e tyre mund t\u00eb b\u00ebjn\u00eb \u00e7\u2019t\u00eb duan. Jet\u00eb p\u00ebr t\u00eb gjith\u00eb. Jeta \u00ebsht\u00eb nj\u00eb.<\/p>\n<p>K\u00ebshtu q\u00eb, grek\u00ebt nuk kan\u00eb problem me ne. Nuk kemi as ne problem me grek\u00ebt. Ne kemi problem me NATO-n dhe BE-n\u00eb. Dhe ky \u00ebsht\u00eb tashm\u00eb nj\u00eb problem i madh.<\/p>\n<p><span class=\"dropcap color firstcharacter\">2<\/span> Po v\u00eb re se po rriten emocionet edhe rreth faktit se n\u00eb pragun e fundjav\u00ebs s\u00eb festave, lideri i ri i VMRO-DPMNE-s\u00eb, Hristijan Mickoski, jo vet\u00ebm q\u00eb nuk \u00ebsht\u00eb shfaqur, por edhe ka inicuar nj\u00eb duel n\u00eb TV me kryeministrin Zoran Zaev. Thon\u00eb se ky paska qen\u00eb nj\u00eb hap i madh demokratik, p\u00ebrkund\u00ebr Nikolla Gruvskit, i cili refuzonte t\u00eb shfaqet n\u00eb duale televizive.<\/p>\n<p>Besa, \u00ebsht\u00eb demokraci e fort\u00eb kur lideri i opozit\u00ebs mbron qeverisjen perfekte t\u00eb paraardh\u00ebsit t\u00eb tij. Kur Hristijan Mickoski sillet sikur gjat\u00eb 12 vjet\u00ebve t\u00eb fundit t\u00eb kishte jetuar n\u00eb nj\u00eb Maqedoni tjet\u00ebr, n\u00eb t\u00eb cil\u00ebn nuk ka qen\u00eb kryeminist\u00ebr Nikolla Gruevski. N\u00eb nj\u00eb Maqedoni ku nuk ka pasur grabitje partiake, vjedhje t\u00eb pamas\u00eb s\u00eb buxhetit, shkelje t\u00eb madhe t\u00eb t\u00eb drejtave bazore t\u00eb njeriut me an\u00eb t\u00eb p\u00ebrgjimeve masive&#8230;N\u00eb ndonj\u00eb Maqedoni, n\u00eb t\u00eb cil\u00ebn partia ku ai \u00ebsht\u00eb kryetar nuk ka marr\u00eb pjes\u00eb n\u00eb sulm t\u00eb organizuar t\u00eb Parlamentit, gjat\u00eb t\u00eb cilit \u201cn\u00ebse do t\u00eb kishin dashur ta vrisnin, do ta kishin vrar\u00eb\u201d liderin e shumic\u00ebs parlamentare.<\/p>\n<p>Hristijan Mickoski nga Maqedonia paralele tregon se \u00e7far\u00eb i duhet popullit. E madje, kur e thot\u00eb dhe me ton agresiv, duke u tallur me dialektin e Strumic\u00ebs s\u00eb Zaevit, arrin ta teleportoj\u00eb edhe shikuesin n\u00eb at\u00eb Maqedonin\u00eb e tij. N\u00eb t\u00eb cil\u00ebn nuk ka qeverisur partia e tij. Ajo parti, udh\u00ebheq\u00ebsia e kaluar e s\u00eb cil\u00ebs po zvarritet n\u00ebp\u00ebr gjykata, kush p\u00ebr vjedhje t\u00eb parave, kush p\u00ebr vjedhje t\u00eb votave, kush p\u00ebr dhun\u00eb\u2026<\/p>\n<p>Pse duhet t\u00eb g\u00ebzohemi se Mickoski \u00ebsht\u00eb shfaqur n\u00eb debat? Gj\u00ebja q\u00eb tha ai nuk \u00ebsht\u00eb aspak m\u00eb e ndryshme se sa ajo q\u00eb b\u00ebnte Gruvski. Sinqerisht, as nuk prisja q\u00eb t\u00eb k\u00ebrkonte falje p\u00ebr ato \u00e7far\u00eb ka b\u00ebr\u00eb gjat\u00eb 11 vjet\u00ebve t\u00eb fundit. Jo. Ndoshta, prisja t\u00eb mos p\u00ebrmende m\u00ebnyrat e qeversijes s\u00eb Gruevskit me Maqedonin\u00eb. Por, jo. Ai nuk dha as shenj\u00ebn m\u00eb t\u00eb vog\u00ebl se ishte i vet\u00ebdijsh\u00ebm p\u00ebr krimet q\u00eb ka b\u00ebr\u00eb Gruevski n\u00eb partin\u00eb e tij.<\/p>\n<p><span class=\"dropcap color firstcharacter\">3<\/span> Prandaj, nga ana tjet\u00ebr, Ivan Mir\u00e7evski, drejtori i Kanal 5, televizioni i cili ishte nj\u00eb nga shtyllat kryesore t\u00eb shoq\u00ebris\u00eb kriminele, n\u00eb em\u00ebr t\u00eb t\u00eb gjith\u00eb t\u00eb pun\u00ebsuarve u k\u00ebrkoi falje \u201ct\u00eb gjith\u00eb atyre q\u00eb u \u00ebsht\u00eb b\u00ebr\u00eb padrejt\u00ebsi\u201d. Pasi, n\u00eb koh\u00ebn e VMRO-DPMNE-s\u00eb i jan\u00eb t\u00ebrhequr ingerencat.<\/p>\n<p>Padrejt\u00ebsi?! Po ju na helmuat me krime p\u00ebr 11 vjet. Ingerenca?! Kush ia mori, e kush ia ktheu? A nuk e kan\u00eb pronarin e nj\u00ebjt\u00eb. At\u00eb q\u00eb e d\u00ebgjuam te bisedat e p\u00ebrgjuara se si vet\u00eb ofrohej ta nd\u00ebrpres\u00eb rrym\u00ebn, q\u00eb t\u00eb mos shfaqet n\u00eb lajme ajo q\u00eb nuk i p\u00eblqen qeveris\u00eb. N\u00ebse tani pronari i thot\u00eb Mir\u00e7evskit ta nd\u00ebrpres\u00eb rrym\u00ebn, vall\u00eb, nuk do ta nd\u00ebrpres\u00eb? Ngaq\u00eb k\u00ebrkoi falje?<\/p>\n<p>Udh\u00ebheq\u00ebsia e atij televizioni nuk ishte e mitur n\u00eb koh\u00ebn e Gruevskit. Jet\u00ebt e tyre nuk ishin n\u00eb rrezik. P\u00ebrkundrazi. Ata ua rrezikuan jet\u00ebt mij\u00ebra qytetar\u00ebve. Ata ishin t\u00eb zhytur deri n\u00eb fyt n\u00eb krimet e qeveris\u00eb. Me vet\u00ebdije dhe me q\u00ebllim. Paguheshin p\u00ebr k\u00ebt\u00eb. Ata i \u00e7onin qytetar\u00ebt drejt \u00e7menduris\u00eb, ata th\u00ebrrisnin krajon\u00eb p\u00ebr mobilizimin e mbrojtjes s\u00eb qeveris\u00eb, ata organizonin malverzime kund\u00ebr atyre q\u00eb nuk mendojn\u00eb nj\u00ebsoj si ta, fshihnin ngjarje t\u00eb cilat qeveria nuk donte t\u00eb publikoheshin\u2026Nj\u00ebmb\u00ebdhjet\u00eb vjet n\u00eb at\u00eb television na k\u00ebrc\u00ebnoheshin me pllaka varri\u2026<\/p>\n<p>E tani duan t\u00eb k\u00ebrkojn\u00eb falje. Ta zbardhin faqen. Dhe tani \u2013 \u201cVet\u00ebm e v\u00ebrteta\u201d. Pasi e kan\u00eb kuptuar esenc\u00ebn e jet\u00ebs n\u00eb Maqedoni. Nj\u00ebmb\u00ebdhjet\u00eb vjet u rrinin gatitu VMRO-DPMNE-s\u00eb, tani do t\u00eb jen\u00eb sh\u00ebrbyes t\u00eb LSDM-s\u00eb. Nuk \u00ebsht\u00eb e r\u00ebnd\u00ebsishme p\u00ebrgjegj\u00ebsia q\u00eb kan\u00eb ndaj publikut. E r\u00ebnd\u00ebsishme \u00ebsht\u00eb se si t\u2019ua lundrojn\u00eb jahtat.<\/p>\n<p><span class=\"dropcap color firstcharacter\">4<\/span> Por edhe LSDM, si parti qeveris\u00ebse, duket se nuk ka problem t\u2019i pranoj\u00eb sh\u00ebrbimet e mediave me \u201cingerenca t\u00eb kthyera\u201d. Ndyshimi i v\u00ebrtet\u00eb do t\u00eb ndodh\u00eb at\u00ebher\u00eb kur qeveria do t\u00eb t\u00ebrhiqet nga sh\u00ebrbimet mediatike q\u00eb jan\u00eb n\u00eb d\u00ebm t\u00eb popullit. Por, si\u00e7 duket ajo jet\u00eb akoma nuk ka ardhur.<\/p>\n<p><span class=\"dropcap color firstcharacter\">5<\/span> N\u00ebse nuk e keni t\u00eb qart\u00eb se si ministri ndihm\u00ebs i MPB, Gjoko Popouvski ka marr\u00eb 9 vjet burg p\u00ebr blerjen e mbi 300 automjeteve policore dhe pse \u00ebsht\u00eb gjykuar p\u00ebr gjasht\u00eb vjet e gjysm\u00eb p\u00ebr blerjen e mercedesit prej 600.00 eurosh q\u00eb e ka dashur Greuvski, nd\u00ebrkoh\u00eb q\u00eb vet\u00eb Greuvski ka marr\u00eb dy vjet, d\u00ebgjoni p\u00ebrs\u00ebri \u201cbomb\u00ebn\u201d e Nikolla Gruevskit dhe Mile Janakieskit. T\u00eb kujtoheni pas se si ka menduar t\u2019i ndryshoj\u00eb fasadat e nd\u00ebrtesave t\u00eb EVN-s\u00eb dhe t\u00eb Na-Ma-s t\u00eb vjet\u00ebr t\u00eb Sheshit Maqedoni, sepse ashtu ka dashur. Edhe pse Mile i thot\u00eb shefit se kjo gj\u00eb \u00ebsht\u00eb e paligjshme, Gruevski insiston q\u00eb t\u00eb shkruaj\u00eb nj\u00eb mendim dhe t\u00eb rregullojn\u00eb nj\u00eb pun\u00ebtore n\u00eb administrat\u00ebn e qytetit.<\/p>\n<p>\u201cA bre Mile, k\u00ebt\u00eb q\u00eb thua ti, duhet ta thon\u00eb ata, ata duhet ta n\u00ebnshkruajn\u00eb n\u00eb fund, ashtu? Mendimi \u00ebsht\u00eb kot. Asnj\u00eb p\u00ebrgjegj\u00ebsi nuk mban dikush p\u00ebr mendimin q\u00eb ka dh\u00ebn\u00eb\u201d, d\u00ebgjohet z\u00ebri i Gruevskit.<\/p>\n<p>Dhe vazhdon m\u00eb tek: \u201cJu nuk keni faj, ju jepni mendim. Nes\u00ebr, n\u00ebse ngrihet ndonj\u00eb akuz\u00eb do t\u00eb thuash \u2013 mire, ne mendonim ashtu, n\u00ebse ka qen\u00eb e paligjshme ata nuk \u00ebsht\u00eb dashur ta b\u00ebjn\u00eb, por mendimi yn\u00eb ishte ky. E tani, pyeteni gruan se pse ka vepruar ashtu. Nuk \u00ebsht\u00eb dashur ta d\u00ebgjoj\u00eb mendimin.<\/p>\n<p>Gruevski paska dashur fasada t\u00eb stilit neoklasik dhe barok n\u00eb sheshin e Maqedonis\u00eb. Gruevski pask dashur Mercedes me televizor\u00eb t\u00eb vegj\u00ebl. Gruevski paska dashur syze t\u00eb shtrenjta p\u00ebr diell. Gruvski ka dashur t\u00eb fitoj\u00eb gjithmon\u00eb n\u00eb zgjedhje. Gruevski ka dashur t\u00eb din\u00eb se \u00e7far\u00eb flasin n\u00eb telefon edhe bashk\u00ebpun\u00ebtor\u00ebt e tij m\u00eb t\u00eb af\u00ebrt, edhe kund\u00ebrshtar\u00ebt e tij, edhe gazetar\u00ebt, edhe gjysma e shtetit. Gruevski ka dashur t\u00eb hakmerret me dinamit\u2026T\u00eb tjer\u00ebt vet\u00ebm ia kan\u00eb plot\u00ebsuar d\u00ebshirat.<\/p>\n<p>E tani, nj\u00eb nga ata q\u00eb plot\u00ebsonin \u201cD\u00ebshir\u00ebtoren e Gruvskit\u201d mori d\u00ebnim 15 vjet burg dhe paraburgim deri n\u00eb ardhje ne fuqi t\u00eb gjykimit. Nd\u00ebrsa Gruvski mori 2 vjet dhe nuk erdhi q\u00eb ta d\u00ebgjonte gjykimin. Sepse, thjesht, nuk deshi.<\/p>\n<p><em>P\u00ebrktheu: Fjolla Zllatku<\/em><\/p>\n\n<div style=\"font-size: 0px; height: 0px; line-height: 0px; margin: 0; padding: 0; clear: both;\"><\/div>","protected":false},"excerpt":{"rendered":"<p>Mir\u00ebmengjes, o popull i Maqedonis\u00eb, t\u00eb dashur bashk\u00ebvendas. A pushuat? Apo do t\u00eb flini edhe pak? Edhe nja dhjet\u00eb vjet, [&hellip;]<\/p>\n","protected":false},"author":9,"featured_media":184,"comment_status":"closed","ping_status":"closed","sticky":false,"template":"","format":"standard","meta":{"_mo_disable_npp":"","inline_featured_image":false},"categories":[1825],"tags":[],"imageURL":"https:\/\/sdk.mk\/wp-content\/uploads\/2015\/12\/goran-mihailovski2.jpg","thumbURL":"https:\/\/sdk.mk\/wp-content\/uploads\/2015\/12\/goran-mihailovski2-250x196.jpg","categoryNames":["DUA T\u00cb THEM"],"feature_caption":"","subtitle":"Nj\u00eb nga ata q\u00eb plot\u00ebsonin \u201cD\u00ebshir\u00ebtoren e Gruvskit\u201d mori d\u00ebnim 15 vjet burg dhe paraburgim deri n\u00eb ardhje n\u00eb fuqi t\u00eb gjykimit. Nd\u00ebrsa Gruvski mori 2 vjet dhe nuk erdhi q\u00eb ta d\u00ebgjonte gjykimin. Sepse, thjesht, deshi.","views":"4968","source":"\u0421\u043a\u043e\u043f\u0458\u0435, (\u0421\u0410\u041a\u0410\u041c\u0414\u0410\u041a\u0410\u0416\u0410\u041c.\u041c\u041a)","yoast_head":"<!-- This site is optimized with the Yoast SEO Premium plugin v15.0 - https:\/\/yoast.com\/wordpress\/plugins\/seo\/ -->\n<title>FEST\u00cbDASH\u00cbS T\u00cb EMOCIONUAR - \u0421\u0430\u043a\u0430\u043c \u0414\u0430 \u041a\u0430\u0436\u0430\u043c<\/title>\n<meta name=\"robots\" content=\"index, follow, max-snippet:-1, max-image-preview:large, max-video-preview:-1\" \/>\n<link rel=\"canonical\" href=\"https:\/\/sdk.mk\/index.php\/dua-te-them\/festedashes-te-emocionuar\/\" \/>\n<meta property=\"og:locale\" content=\"mk_MK\" \/>\n<meta property=\"og:type\" content=\"article\" \/>\n<meta property=\"og:title\" content=\"FEST\u00cbDASH\u00cbS T\u00cb EMOCIONUAR - \u0421\u0430\u043a\u0430\u043c \u0414\u0430 \u041a\u0430\u0436\u0430\u043c\" \/>\n<meta property=\"og:description\" content=\"Mir\u00ebmengjes, o popull i Maqedonis\u00eb, t\u00eb dashur bashk\u00ebvendas. A pushuat? Apo do t\u00eb flini edhe pak? Edhe nja dhjet\u00eb vjet, [&hellip;]\" \/>\n<meta property=\"og:url\" content=\"https:\/\/sdk.mk\/index.php\/dua-te-them\/festedashes-te-emocionuar\/\" \/>\n<meta property=\"og:site_name\" content=\"\u0421\u0430\u043a\u0430\u043c \u0414\u0430 \u041a\u0430\u0436\u0430\u043c\" \/>\n<meta property=\"article:published_time\" content=\"2018-05-26T15:10:41+00:00\" \/>\n<meta property=\"og:image\" content=\"https:\/\/sdk.mk\/wp-content\/uploads\/2015\/12\/goran-mihailovski2.jpg\" \/>\n\t<meta property=\"og:image:width\" content=\"400\" \/>\n\t<meta property=\"og:image:height\" content=\"313\" \/>\n<meta property=\"fb:app_id\" content=\"2407985809428537\" \/>\n<meta name=\"twitter:card\" content=\"summary\" \/>\n<script type=\"application\/ld+json\" class=\"yoast-schema-graph\">{\"@context\":\"https:\/\/schema.org\",\"@graph\":[{\"@type\":\"WebSite\",\"@id\":\"https:\/\/sdk.mk\/#website\",\"url\":\"https:\/\/sdk.mk\/\",\"name\":\"\\u0421\\u0430\\u043a\\u0430\\u043c \\u0414\\u0430 \\u041a\\u0430\\u0436\\u0430\\u043c\",\"description\":\"\\u0417\\u0430 \\u0441\\u043b\\u043e\\u0431\\u043e\\u0434\\u043e\\u0443\\u043c\\u043d\\u0438\",\"potentialAction\":[{\"@type\":\"SearchAction\",\"target\":\"https:\/\/sdk.mk\/?s={search_term_string}\",\"query-input\":\"required name=search_term_string\"}],\"inLanguage\":\"mk-MK\"},{\"@type\":\"ImageObject\",\"@id\":\"https:\/\/sdk.mk\/index.php\/dua-te-them\/festedashes-te-emocionuar\/#primaryimage\",\"inLanguage\":\"mk-MK\",\"url\":\"https:\/\/sdk.mk\/wp-content\/uploads\/2015\/12\/goran-mihailovski2.jpg\",\"width\":400,\"height\":313},{\"@type\":\"WebPage\",\"@id\":\"https:\/\/sdk.mk\/index.php\/dua-te-them\/festedashes-te-emocionuar\/#webpage\",\"url\":\"https:\/\/sdk.mk\/index.php\/dua-te-them\/festedashes-te-emocionuar\/\",\"name\":\"FEST\\u00cbDASH\\u00cbS T\\u00cb EMOCIONUAR - \\u0421\\u0430\\u043a\\u0430\\u043c \\u0414\\u0430 \\u041a\\u0430\\u0436\\u0430\\u043c\",\"isPartOf\":{\"@id\":\"https:\/\/sdk.mk\/#website\"},\"primaryImageOfPage\":{\"@id\":\"https:\/\/sdk.mk\/index.php\/dua-te-them\/festedashes-te-emocionuar\/#primaryimage\"},\"datePublished\":\"2018-05-26T15:10:41+00:00\",\"dateModified\":\"2018-05-26T15:10:41+00:00\",\"author\":{\"@id\":\"https:\/\/sdk.mk\/#\/schema\/person\/3e8217f71bc38bd7c592f30c69e10e5a\"},\"inLanguage\":\"mk-MK\",\"potentialAction\":[{\"@type\":\"ReadAction\",\"target\":[\"https:\/\/sdk.mk\/index.php\/dua-te-them\/festedashes-te-emocionuar\/\"]}]},{\"@type\":\"Person\",\"@id\":\"https:\/\/sdk.mk\/#\/schema\/person\/3e8217f71bc38bd7c592f30c69e10e5a\",\"name\":\"\\u041c\\u0438\\u0440\\u043e\\u0441\\u043b\\u0430\\u0432 \\u0418\\u043b\\u0438\\u043e\\u0441\\u043a\\u0438\"}]}<\/script>\n<!-- \/ Yoast SEO Premium plugin. -->","_links":{"self":[{"href":"https:\/\/sdk.mk\/index.php\/wp-json\/wp\/v2\/posts\/59590"}],"collection":[{"href":"https:\/\/sdk.mk\/index.php\/wp-json\/wp\/v2\/posts"}],"about":[{"href":"https:\/\/sdk.mk\/index.php\/wp-json\/wp\/v2\/types\/post"}],"author":[{"embeddable":true,"href":"https:\/\/sdk.mk\/index.php\/wp-json\/wp\/v2\/users\/9"}],"replies":[{"embeddable":true,"href":"https:\/\/sdk.mk\/index.php\/wp-json\/wp\/v2\/comments?post=59590"}],"version-history":[{"count":0,"href":"https:\/\/sdk.mk\/index.php\/wp-json\/wp\/v2\/posts\/59590\/revisions"}],"wp:featuredmedia":[{"embeddable":true,"href":"https:\/\/sdk.mk\/index.php\/wp-json\/wp\/v2\/media\/184"}],"wp:attachment":[{"href":"https:\/\/sdk.mk\/index.php\/wp-json\/wp\/v2\/media?parent=59590"}],"wp:term":[{"taxonomy":"category","embeddable":true,"href":"https:\/\/sdk.mk\/index.php\/wp-json\/wp\/v2\/categories?post=59590"},{"taxonomy":"post_tag","embeddable":true,"href":"https:\/\/sdk.mk\/index.php\/wp-json\/wp\/v2\/tags?post=59590"}],"curies":[{"name":"wp","href":"https:\/\/api.w.org\/{rel}","templated":true}]}}