{"id":60149,"date":"2018-06-03T08:25:57","date_gmt":"2018-06-03T06:25:57","guid":{"rendered":"https:\/\/sdk.mk\/?p=60149"},"modified":"2018-06-03T09:26:26","modified_gmt":"2018-06-03T07:26:26","slug":"maqedonia-e-kafeve","status":"publish","type":"post","link":"https:\/\/sdk.mk\/index.php\/dua-te-them\/maqedonia-e-kafeve\/","title":{"rendered":"MAQEDONIA E KAFEVE"},"content":{"rendered":"<div class=\"f52428582a4b906b2d2e2a7d733c7d27\" data-index=\"7\" style=\"float: none; margin:10px 0 10px 0; text-align:center;\">\n<!-- MSP Ads Asynchronous JS Tag - Generated with Revive Adserver v5.4.1 -->\r\n<ins data-revive-zoneid=\"167\" data-revive-id=\"060fdb01f6430ec164d3519234aa4967\"><\/ins>\r\n<script async src=\"\/\/panel.ads.com.mk\/www\/delivery\/asyncjs.php\"><\/script>\n<\/div>\n<p><span class=\"dropcap color firstcharacter\">1<\/span> Nd\u00ebrkoh\u00eb q\u00eb prisja telefonat\u00ebn e Ciprasit, q\u00eb \u00ebsht\u00eb nj\u00eb tjet\u00ebr pritje historike nga t\u00eb shumtat q\u00eb kam p\u00ebrjetuar n\u00eb Maqedoni, lexova nj\u00eb tuit, q\u00eb thoshte se n\u00ebse duam ta bindim Qeverin\u00eb t\u00eb mos e nd\u00ebrtoj\u00eb gasp\u00ebr\u00e7ues n\u00ebp\u00ebr malin Vodno, i cili do ta shkat\u00ebrroj\u00eb gjysm\u00ebn e malit, \u00ebsht\u00eb m\u00eb mir\u00eb t\u2019i bindim kafexhinjt\u00eb q\u00eb t\u00eb ankohen se p\u00ebr shkak t\u00eb gasp\u00ebr\u00e7uesit do t\u2019u bien t\u00eb ardhurat. Dhe p\u00ebrnj\u00ebher\u00eb mu kujtua se emri \u201cerga omnes\u201d m\u00eb i p\u00ebrshtatsh\u00ebm do t\u00eb ishte \u201cRepublika e Maqedonis\u00eb s\u00eb Kafeve\u201d. Pse? Pasi kafeneja \u00ebsht\u00eb institucioni i vet\u00ebm i respektuar n\u00eb k\u00ebt\u00eb shtet.<\/p>\n<p>Ligji i par\u00eb reformues q\u00eb solli qeveria e Zaevit ishte p\u00ebr legalizimin e uzurpimit t\u00eb trotuareve me tarraca najloni p\u00ebr duhanpir\u00ebsit. Pse? Sepse kafexhinjt\u00eb jan\u00eb ankuar se kan\u00eb pasur r\u00ebnie t\u00eb t\u00eb ardhurave. Qytetar\u00ebt t\u00eb cil\u00ebve u \u00ebsht\u00eb kufizuar e drejta e l\u00ebvizjeve n\u00eb trotuar nuk jan\u00eb institucion.<\/p>\n<p>Kryetari i Shkupit, Petre Shilegov i ndaloi veturat n\u00eb Vodno, por shum\u00eb shpejt u t\u00ebrhoq. Pse? Sepse kafexhinjt\u00eb ishin ankuar se nuk durohet biznesi ashtu.<\/p>\n<p>Kryetari i Ohrit, Jovan Stojanoski, urdh\u00ebroi se do t\u00eb k\u00ebrkoj\u00eb m\u00eb tep\u00ebr p\u00ebr vendosjen e tavolinave dhe karrigeve n\u00eb trotuare dhe shesh, por kafexhinjt\u00eb u ankuan se nuk kan\u00eb t\u00eb ardhura t\u00eb mira \u2013 dhe k\u00ebshtu kryetari u dor\u00ebzua. Jo vet\u00ebm q\u00eb hoqi dor\u00eb, por d\u00ebrgoi menj\u00ebher\u00eb ekipe ekspert\u00ebsh p\u00ebr t\u00eb llogaritur d\u00ebmet, pasi dallg\u00ebt ia kishin shkat\u00ebrruar tarracat e paligjshme kafexhinjve t\u00eb Ohrit, nd\u00ebrsa ata nuk kan\u00eb qen\u00eb t\u00eb siguruar, pasi jan\u00eb nd\u00ebrtime t\u00eb paligjshme. Dhe akoma nuk u vijn\u00eb mendt\u00eb. Banor\u00ebt e Ohrit po e sfidojn\u00eb liqenin. Futen gjithmon\u00eb e m\u00eb thell\u00eb me tavolina dhe karrige n\u00eb uj\u00eb.<\/p>\n<p>Kaluan dy muaj q\u00eb kur Shilegov-i lajm\u00ebroi se do t\u00eb sh\u00ebnoj\u00eb me lenta se deri ku mund t\u00eb vendosen tavolinat n\u00ebp\u00ebr hap\u00ebsirat publike t\u00eb Shkupit, dhe ja ku \u00ebsht\u00eb, akoma duke bler\u00eb boj\u00eb. Kryetari i Qendr\u00ebs, Sasho Bogdanoviq, \u00e7do jav\u00eb lajm\u00ebron se jav\u00ebn e ardhshme do t\u2019i rr\u00ebnoj\u00eb tarracat e paligjshme n\u00eb trotuare -dhe ja ku \u00ebsht\u00eb, akoma duke u k\u00ebrc\u00ebnuar. Edhe trotuaret po e presin Ciprasin.<\/p>\n<p>P\u00ebr pak do t\u00eb mbesnim pa guvernator\u00ebt \u00eb Bank\u00ebs popullore t\u00eb Maqedonis\u00eb, por askush n\u00eb qeveri nuk u shqet\u00ebsua p\u00ebr at\u00eb institucion sa q\u00eb u shqet\u00ebsua p\u00ebr t\u00eb ardhurat e kafexhinjve.<\/p>\n<p>Institucioni president i shtetit n\u00eb trajt\u00ebn dhe vepr\u00ebn e Gjorge Ivanovit, i cili \u00ebsht\u00eb d\u00ebm p\u00ebr veten e vet dhe kush e di se \u00e7far\u00eb tjet\u00ebr do t\u00eb shpik\u00eb deri sot nj\u00eb vit, nuk \u00ebsht\u00eb shqet\u00ebsim p\u00ebr qeverin\u00eb e Zaevit, aq sa jan\u00eb shqet\u00ebsuese t\u00eb ardhurat e kafexhinjve. Asnj\u00eb institucion shtet\u00ebror i Maqedonis\u00eb nuk duhet t\u00eb funksionoj\u00eb n\u00eb m\u00ebnyr\u00eb t\u00eb p\u00ebrkryer, por kafenet\u00eb duhet patjet\u00ebr t\u00eb funksionojn\u00eb si\u00e7 duhet. Pasi pronar\u00ebt e kafeneve nuk guxojn\u00eb t\u00eb vuajn\u00eb p\u00ebr shkak t\u00eb jet\u00ebve t\u00eb t\u00eb tjer\u00ebve. Dhe p\u00ebr arsye se kafeneja \u00ebsht\u00eb institucion i nj\u00eb interesi t\u00eb lart\u00eb shtet\u00ebror.<br \/>\nPrandaj, t\u00eb dashur miq \u2013 \u201cRepublika e Maqedonis\u00eb s\u00eb Kafeve\u201d. Erga omnes. Dhe pa p\u00ebrkthim.<\/p>\n<p><span class=\"dropcap color firstcharacter\">2<\/span>Dhe tani, kur vmrovcat do t\u00eb ngren\u00eb krye p\u00ebr ndryshimin e emrit dhe do ta lart\u00ebsojn\u00eb Gjorge Ivanovin, se ai nuk ka pranuar erga omnes, le t\u00eb kujtohen se kush po i shp\u00ebton dy t\u00eb arratisurit n\u00eb Greqi t\u00eb cil\u00ebt u amnestuan nga po ai Ivanov, t\u00eb akuzuar p\u00ebr p\u00ebrgjim ilegal t\u00eb mij\u00ebra qytetar\u00ebve, q\u00eb solli deri te kriza m\u00eb e madhe politike e shtetit nga e cila akoma nuk mund t\u00eb dalim.<\/p>\n<p>Pa shikoni pak k\u00ebt\u00eb perversitet politik. Vmrovcat po i shp\u00ebton gjykata e Greqis\u00eb me faktin se ka refuzuar t\u2019i ekstradoj\u00eb q\u00eb t\u00eb gjykohen n\u00eb Maqedoni. Patriot\u00eb t\u00eb maskuar n\u00eb bullgar\u00eb, pasi me pasaport\u00eb bullgare kan\u00eb dashur t\u00eb fluturojn\u00eb nga aeroporti \u201cMaqedonia\u201d n\u00eb Selanik. Kan\u00eb problem me minoritete dhe religjione t\u00eb tjera, kurse nj\u00ebri ka zgjedhur em\u00ebr turk. Lideri Hristijan Mickoski akoma kur flet p\u00ebr Greqin\u00eb thot\u00eb \u201cfqinji jon\u00eb i jugut\u201d. N\u00eb MTV akoma sipas shprehis\u00eb s\u00eb vjet\u00ebr thon\u00eb \u201cfqinji jon\u00eb i jugut\u201d.<\/p>\n<p>Por kur duheshin shp\u00ebtuar vmrovcat q\u00eb t\u00eb mos u zbuloheshin krimet q\u00eb i kan\u00eb b\u00ebr\u00eb, t\u00eb p\u00ebrgatitur i referohen vendimit t\u00eb organeve gjykuese n\u00eb Athin\u00eb. \u00c7far\u00eb fqinji i jugut, bre. Me frik\u00eb dhe respekt thon\u00eb \u2013 Gjykata supreme e Greqis\u00eb. Na thon\u00eb Gjykata supreme e fqinjit ton\u00eb jugor. Na th\u00ebrrasin Gjykata supreme e fqinjit ton\u00eb jugor. K\u00ebrkojn\u00eb azil p\u00ebr te fqinji jon\u00eb i jugut. K\u00ebrkojn\u00eb azil p\u00ebr Greqi. K\u00ebto jan\u00eb standarde t\u00eb dyfishta vmroike t\u00eb patriotizmit.<\/p>\n<p><span class=\"dropcap color firstcharacter\">3<\/span> Kjo \u00ebsht\u00eb historia e nj\u00ebjt\u00eb si me standardet e dyfishta t\u00eb VMRO-s\u00eb p\u00ebr prioritet. Pasi n\u00eb dit\u00ebn e nj\u00ebjt\u00eb kur Qeveria e Japonis\u00eb dhuroi dy makina ambulance n\u00eb Shtip, me vler\u00eb prej 42 mij\u00eb eurove, Qeveria e Maqedonis\u00eb publikoi shpallje p\u00ebr servisim t\u00eb mercedesit q\u00eb ka dashur Gruevski, i cili do t\u00eb na kushtoj\u00eb 27.000 euro n\u00eb vit. E kur t\u00eb diskutoni n\u00ebse dy vjet burg p\u00ebr kryeministrin e m\u00ebparsh\u00ebm jan\u00eb pak ose shum\u00eb, mbani mend se t\u00eb gjith\u00eb duhet t\u00eb vazhdojm\u00eb t\u00eb harxhojm\u00eb q\u00eb t\u2019i servisojm\u00eb krimet e tyre. Dhe m\u00eb pas t\u00eb shesim me \u00e7mim, q\u00eb t\u00eb mund t\u00eb kemi ndonj\u00eb qar t\u00eb pakt\u00ebn.<\/p>\n<p><span class=\"dropcap color firstcharacter\">4<\/span> Prandaj, derisa lideri i ri i VMRO-DPMNE-s\u00eb Hristijan Mickoski nuk thot\u00eb se t\u00eb pakt\u00ebn \u00ebsht\u00eb i vet\u00ebdijsh\u00ebm p\u00ebr zullumet q\u00eb i b\u00ebn Gruevski n\u00eb em\u00ebr t\u00eb partis\u00eb me familjen, th\u00ebrritjen e tij \u201cMaqedonia do t\u00eb fitoj\u00eb\u201d, e kuptoj si k\u00ebrc\u00ebnim. K\u00eb do ta mund\u00eb Maqedonia? Pam\u00eb se si fitonte Maqedonia p\u00ebr 11 vjet. Edhe i d\u00ebgjuam. Pam\u00eb se si fitonte Maqedonia m\u00eb 27 prill vitin e kaluar. Paramendoni at\u00ebher\u00eb t\u00eb kishin pasur sukses me sulmin e Parlamentit. \u00c7far\u00eb alamet fitoreje do t\u00eb kishte qen\u00eb ajo. Do t\u00eb shkoj\u00eb Mickovski drejt fitores s\u00eb Maqedonis\u00eb me program t\u00eb ri. Me emrin: \u201cDhiata e re\u201d.<\/p>\n<p>Dhiat\u00eb e re. Bib\u00ebl e vjet\u00ebr.<\/p>\n<p><em>P\u00ebrktheu: Fjolla Zllatku<\/em><\/p>\n\n<div style=\"font-size: 0px; height: 0px; line-height: 0px; margin: 0; padding: 0; clear: both;\"><\/div>","protected":false},"excerpt":{"rendered":"<p>Nd\u00ebrkoh\u00eb q\u00eb prisja telefonat\u00ebn e Ciprasit, q\u00eb \u00ebsht\u00eb nj\u00eb tjet\u00ebr pritje historike nga t\u00eb shumtat q\u00eb kam p\u00ebrjetuar n\u00eb Maqedoni, [&hellip;]<\/p>\n","protected":false},"author":9,"featured_media":184,"comment_status":"closed","ping_status":"closed","sticky":false,"template":"","format":"standard","meta":{"_mo_disable_npp":"","inline_featured_image":false},"categories":[1825],"tags":[],"imageURL":"https:\/\/sdk.mk\/wp-content\/uploads\/2015\/12\/goran-mihailovski2.jpg","thumbURL":"https:\/\/sdk.mk\/wp-content\/uploads\/2015\/12\/goran-mihailovski2-250x196.jpg","categoryNames":["DUA T\u00cb THEM"],"feature_caption":"","subtitle":"Dhiat\u00eb e re. Bib\u00ebl e vjet\u00ebr.","views":"6743","source":"","yoast_head":"<!-- This site is optimized with the Yoast SEO Premium plugin v15.0 - https:\/\/yoast.com\/wordpress\/plugins\/seo\/ -->\n<title>MAQEDONIA E KAFEVE - \u0421\u0430\u043a\u0430\u043c \u0414\u0430 \u041a\u0430\u0436\u0430\u043c<\/title>\n<meta name=\"robots\" content=\"index, follow, max-snippet:-1, max-image-preview:large, max-video-preview:-1\" \/>\n<link rel=\"canonical\" href=\"https:\/\/sdk.mk\/index.php\/dua-te-them\/maqedonia-e-kafeve\/\" \/>\n<meta property=\"og:locale\" content=\"mk_MK\" \/>\n<meta property=\"og:type\" content=\"article\" \/>\n<meta property=\"og:title\" content=\"MAQEDONIA E KAFEVE - \u0421\u0430\u043a\u0430\u043c \u0414\u0430 \u041a\u0430\u0436\u0430\u043c\" \/>\n<meta property=\"og:description\" content=\"Nd\u00ebrkoh\u00eb q\u00eb prisja telefonat\u00ebn e Ciprasit, q\u00eb \u00ebsht\u00eb nj\u00eb tjet\u00ebr pritje historike nga t\u00eb shumtat q\u00eb kam p\u00ebrjetuar n\u00eb Maqedoni, [&hellip;]\" \/>\n<meta property=\"og:url\" content=\"https:\/\/sdk.mk\/index.php\/dua-te-them\/maqedonia-e-kafeve\/\" \/>\n<meta property=\"og:site_name\" content=\"\u0421\u0430\u043a\u0430\u043c \u0414\u0430 \u041a\u0430\u0436\u0430\u043c\" \/>\n<meta property=\"article:published_time\" content=\"2018-06-03T06:25:57+00:00\" \/>\n<meta property=\"article:modified_time\" content=\"2018-06-03T07:26:26+00:00\" \/>\n<meta property=\"og:image\" content=\"https:\/\/sdk.mk\/wp-content\/uploads\/2015\/12\/goran-mihailovski2.jpg\" \/>\n\t<meta property=\"og:image:width\" content=\"400\" \/>\n\t<meta property=\"og:image:height\" content=\"313\" \/>\n<meta property=\"fb:app_id\" content=\"2407985809428537\" \/>\n<meta name=\"twitter:card\" content=\"summary\" \/>\n<script type=\"application\/ld+json\" class=\"yoast-schema-graph\">{\"@context\":\"https:\/\/schema.org\",\"@graph\":[{\"@type\":\"WebSite\",\"@id\":\"https:\/\/sdk.mk\/#website\",\"url\":\"https:\/\/sdk.mk\/\",\"name\":\"\\u0421\\u0430\\u043a\\u0430\\u043c \\u0414\\u0430 \\u041a\\u0430\\u0436\\u0430\\u043c\",\"description\":\"\\u0417\\u0430 \\u0441\\u043b\\u043e\\u0431\\u043e\\u0434\\u043e\\u0443\\u043c\\u043d\\u0438\",\"potentialAction\":[{\"@type\":\"SearchAction\",\"target\":\"https:\/\/sdk.mk\/?s={search_term_string}\",\"query-input\":\"required name=search_term_string\"}],\"inLanguage\":\"mk-MK\"},{\"@type\":\"ImageObject\",\"@id\":\"https:\/\/sdk.mk\/index.php\/dua-te-them\/maqedonia-e-kafeve\/#primaryimage\",\"inLanguage\":\"mk-MK\",\"url\":\"https:\/\/sdk.mk\/wp-content\/uploads\/2015\/12\/goran-mihailovski2.jpg\",\"width\":400,\"height\":313},{\"@type\":\"WebPage\",\"@id\":\"https:\/\/sdk.mk\/index.php\/dua-te-them\/maqedonia-e-kafeve\/#webpage\",\"url\":\"https:\/\/sdk.mk\/index.php\/dua-te-them\/maqedonia-e-kafeve\/\",\"name\":\"MAQEDONIA E KAFEVE - \\u0421\\u0430\\u043a\\u0430\\u043c \\u0414\\u0430 \\u041a\\u0430\\u0436\\u0430\\u043c\",\"isPartOf\":{\"@id\":\"https:\/\/sdk.mk\/#website\"},\"primaryImageOfPage\":{\"@id\":\"https:\/\/sdk.mk\/index.php\/dua-te-them\/maqedonia-e-kafeve\/#primaryimage\"},\"datePublished\":\"2018-06-03T06:25:57+00:00\",\"dateModified\":\"2018-06-03T07:26:26+00:00\",\"author\":{\"@id\":\"https:\/\/sdk.mk\/#\/schema\/person\/3e8217f71bc38bd7c592f30c69e10e5a\"},\"inLanguage\":\"mk-MK\",\"potentialAction\":[{\"@type\":\"ReadAction\",\"target\":[\"https:\/\/sdk.mk\/index.php\/dua-te-them\/maqedonia-e-kafeve\/\"]}]},{\"@type\":\"Person\",\"@id\":\"https:\/\/sdk.mk\/#\/schema\/person\/3e8217f71bc38bd7c592f30c69e10e5a\",\"name\":\"\\u041c\\u0438\\u0440\\u043e\\u0441\\u043b\\u0430\\u0432 \\u0418\\u043b\\u0438\\u043e\\u0441\\u043a\\u0438\"}]}<\/script>\n<!-- \/ Yoast SEO Premium plugin. -->","_links":{"self":[{"href":"https:\/\/sdk.mk\/index.php\/wp-json\/wp\/v2\/posts\/60149"}],"collection":[{"href":"https:\/\/sdk.mk\/index.php\/wp-json\/wp\/v2\/posts"}],"about":[{"href":"https:\/\/sdk.mk\/index.php\/wp-json\/wp\/v2\/types\/post"}],"author":[{"embeddable":true,"href":"https:\/\/sdk.mk\/index.php\/wp-json\/wp\/v2\/users\/9"}],"replies":[{"embeddable":true,"href":"https:\/\/sdk.mk\/index.php\/wp-json\/wp\/v2\/comments?post=60149"}],"version-history":[{"count":0,"href":"https:\/\/sdk.mk\/index.php\/wp-json\/wp\/v2\/posts\/60149\/revisions"}],"wp:featuredmedia":[{"embeddable":true,"href":"https:\/\/sdk.mk\/index.php\/wp-json\/wp\/v2\/media\/184"}],"wp:attachment":[{"href":"https:\/\/sdk.mk\/index.php\/wp-json\/wp\/v2\/media?parent=60149"}],"wp:term":[{"taxonomy":"category","embeddable":true,"href":"https:\/\/sdk.mk\/index.php\/wp-json\/wp\/v2\/categories?post=60149"},{"taxonomy":"post_tag","embeddable":true,"href":"https:\/\/sdk.mk\/index.php\/wp-json\/wp\/v2\/tags?post=60149"}],"curies":[{"name":"wp","href":"https:\/\/api.w.org\/{rel}","templated":true}]}}