{"id":60582,"date":"2018-06-09T15:58:10","date_gmt":"2018-06-09T13:58:10","guid":{"rendered":"https:\/\/sdk.mk\/?p=60582"},"modified":"2018-06-09T15:58:10","modified_gmt":"2018-06-09T13:58:10","slug":"drejt-per-kocani","status":"publish","type":"post","link":"https:\/\/sdk.mk\/index.php\/dua-te-them\/drejt-per-kocani\/","title":{"rendered":"DREJT P\u00cbR KO\u00c7ANI"},"content":{"rendered":"<div class=\"f52428582a4b906b2d2e2a7d733c7d27\" data-index=\"7\" style=\"float: none; margin:10px 0 10px 0; text-align:center;\">\n<!-- MSP Ads Asynchronous JS Tag - Generated with Revive Adserver v5.4.1 -->\r\n<ins data-revive-zoneid=\"167\" data-revive-id=\"060fdb01f6430ec164d3519234aa4967\"><\/ins>\r\n<script async src=\"\/\/panel.ads.com.mk\/www\/delivery\/asyncjs.php\"><\/script>\n<\/div>\n<p><span class=\"dropcap color firstcharacter\">1<\/span>Erdhi edhe nj\u00eb e premte tjet\u00ebr. Telefoni, t\u00eb pakt\u00ebn tani q\u00eb po flasim, nuk ka r\u00ebn\u00eb akoma, as te Ciprasi, as te Zaevi, dhe un\u00eb them me vete \u2013 le t\u00eb mos e c\u00ebnoj procesin negociues n\u00eb k\u00ebt\u00eb faz\u00eb delikate, sepse tema \u00ebsht\u00eb mjaft e ndjeshme. A t\u00eb p\u00ebrgatis dy versione \u2013 nj\u00eb me emrin e zgjidhur dhe nj\u00eb tjet\u00ebr me t\u00eb pazgjidhur? Ka nj\u00eb jav\u00eb q\u00eb presim nj\u00eb telefonat\u00eb si tinejxher\u00eb t\u00eb krisur. Nd\u00ebrkoh\u00eb q\u00eb telefoni nuk bie.<\/p>\n<p>N\u00ebse do t\u00eb d\u00ebgjonim fjal\u00ebt e z\u00ebvend\u00ebs kryeministrit Bujar Osmani, do t\u00eb besonim q\u00eb nga arritja e marr\u00ebveshjes me Greqin\u00eb na ndajn\u00eb or\u00eb dhe minuta. Kryeministrit Zaev se \u00e7\u2019iu zbut ky optimizmi. Nga \u201cm\u00eb pak se nj\u00eb or\u00eb\u201d u b\u00eb \u201cm\u00eb pak se nj\u00eb dit\u00eb\u201d. \u00c7\u2019kishin qen\u00eb k\u00ebto dit\u00eb, dit\u00eb pritjeje t\u00eb p\u00ebrvuajtur. Nd\u00ebrkoh\u00eb ministri i pun\u00ebve t\u00eb jashtme Nikolla Dimitrov u harrua fare. Thot\u00eb nuk duhet t\u00eb nxitojm\u00eb kaq shum\u00eb. T\u00eb mos b\u00ebhet si kryengritja e parakohshme e Ilindenit e vitit 1903, e cila rezultoi me Republik\u00ebn e Krushev\u00ebs q\u00eb zgjati vet\u00ebm 12 dit\u00eb. Q\u00eb prap\u00eb se prap\u00eb \u00ebsht\u00eb dhjet\u00eb dit\u00eb m\u00eb shum\u00eb se propozimi p\u00ebr zgjidhjen \u201cMaqedonia e Ilindenit\u201d, q\u00eb nuk zgjati as dy dit\u00eb.<\/p>\n<p>Vet\u00ebm se ta dini q\u00eb edhe n\u00ebse marr\u00ebveshja do t\u00eb ndodhte gjat\u00eb koh\u00ebs q\u00eb ju po lexoni k\u00ebt\u00eb tekst, kjo nuk n\u00ebnkupton fundin e pritjes s\u00eb afateve t\u00eb procesit. Tek at\u00ebhere do t\u00eb kemi afate p\u00ebr t\u2019u shqet\u00ebsuar.<\/p>\n<p>S\u00eb pari marr\u00ebveshja do t\u00eb duhet t\u00eb kaloj\u00eb n\u00eb Parlament. M\u00eb pas do t\u00eb presim transmetime t\u00eb drejtp\u00ebrdrejta e pas k\u00ebsaj Talat Xhaferi do t\u2019i mbledh\u00eb deputet\u00ebt n\u00ebp\u00ebr korridore q\u00eb t\u00eb siguroj\u00eb kuorumin, e m\u00eb pas disa nga partner\u00ebt m\u00eb t\u00eb vegj\u00ebl t\u00eb koalicionit t\u00eb LSDM do t\u00eb hiqen si patriot\u00eb principiel\u00eb\u2026<\/p>\n<p>M\u00eb pas, ajo q\u00eb \u00ebsht\u00eb votuar do t\u00eb duhet t\u00eb kaloj\u00eb nga Gjorge Ivanovi p\u00ebr t\u2019u n\u00ebnshkruar. E m\u00eb pas, n\u00eb t\u00eb gjitha televizionet do t\u00eb dalin analist\u00eb dhe ekspert\u00eb q\u00eb do t\u00eb teoritizojn\u00eb mbi tem\u00ebn se a \u00ebsht\u00eb e mundur dhe n\u00ebse po, si mund t\u00eb shmanget n\u00ebnshkrimi i presidentit, e m\u00eb pas ai do t\u00eb jap\u00eb deklarata, do t\u00eb pres\u00eb afate\u2026<\/p>\n<p>Dhe pastaj na pret referendumi. Nd\u00ebrkoh\u00eb q\u00eb Parlamenti akoma nuk do t\u00eb ket\u00eb zgjedhur an\u00ebtar\u00ebt e KSHZ-s\u00eb. K\u00ebshtu, partit\u00eb do t\u00eb bien dakort n\u00eb lidhje me an\u00ebtar\u00ebt dhe rrjedhimisht edhe p\u00ebr ta do t\u00eb duhet t\u00eb sigurohet kuorumi q\u00eb t\u00eb votohen e do t\u00eb duhet t\u00eb shpiket \u00e7\u00ebshtja e referendumit sipas modelit t\u00eb vitit 1991 \u2013 a doni shtet t\u00eb pavarur, por jo dhe aq t\u00eb pavarur, e m\u00eb pas prap\u00eb analiza, e pas tyre fushata \u201cpro\u201d dhe \u201ckund\u00ebr\u201d dhe dalja e dit\u00ebs s\u00eb referendumit\u2026<\/p>\n<p>Pastaj vjen votimi n\u00eb Parlamentin e Greqis\u00eb. E do t\u00eb presim n\u00ebse partia \u201cGrek\u00eb t\u00eb pavarur\u201d e cila \u00ebsht\u00eb partia qeveris\u00ebse do t\u00eb vazhdoj\u00eb megjithat\u00eb ta mb\u00ebshtes\u00eb Ciprasin, apo partia opozitare \u201cPotami\u201d do t\u00eb jet\u00eb ajo e cila do ta shp\u00ebtoj\u00eb marr\u00ebveshjen. Se k\u00ebshtu si ka vajtur puna, jemi b\u00ebr\u00eb edhe ekspret\u00eb t\u00eb politik\u00ebs s\u00eb brendshme greke.<\/p>\n<p>Dhe, imagjinoni se marr\u00ebveshja \u00ebsht\u00eb arritur. Do t\u00eb duhet t\u00eb na pranojn\u00eb n\u00eb NATO. Dhe ja dhe nj\u00eb pritje tjet\u00ebr q\u00eb pranimi t\u00eb kaloj\u00eb ratifikimin n\u00eb parlamentet e 29 shteteve. Kush do t\u2019i pres\u00eb t\u00eb gjitha ato ratifikime. Vall\u00eb edhe p\u00ebr datat e tyre do t\u00eb duhet t\u00eb shqet\u00ebsohemi?<\/p>\n<p>Dhe aty nga fundi, ndonj\u00eb politikan i Holand\u00ebs, Franc\u00ebs, Portugalis\u00eb, Belgjik\u00ebs, Malt\u00ebs apo Luksenburgut, do t\u2019i referohet ndonj\u00eb \u201cnon-paper\u201d-i, duke th\u00ebn\u00eb se Maqedonis\u00eb nuk duhet t\u2019I miratohen negociatat me BE-n\u00eb, pasi nuk \u00ebsht\u00eb akoma gati.<\/p>\n<p>Andaj, nuk \u00ebsht\u00eb as \u201cm\u00eb pak se nj\u00eb or\u00eb\u201d, as \u201cm\u00eb pak se nj\u00eb dit\u00eb\u201d.<\/p>\n<p><span class=\"dropcap color firstcharacter\">2<\/span>Problemet nuk mbarojn\u00eb kurr\u00eb. Andaj, le t\u00eb relaksohemi pak. T\u00eb shkojm\u00eb pak n\u00eb plazh. Afatet e emrit mund t\u00eb presin, por afati i administrat\u00ebs p\u00ebr t\u2019i p\u00ebrdorur pushimet e vitit t\u00eb kaluar \u00ebsht\u00eb deri n\u00eb fund t\u00eb qershorit. \u00cbsht\u00eb koha t\u2019i mbyllim profilet e fejsbukut p\u00ebr statuse politike, t\u00eb fillojm\u00eb t\u00eb fotografohemi me bikini pran\u00eb sofrave apo n\u00eb radh\u00ebt e ndonj\u00eb kufiri. E, me siguri edhe nikoqir\u00ebt e mir\u00eb t\u00eb Nea Mudanj\u00ebs dhe Katerinit i kan\u00eb rregulluar shtret\u00ebrit, i kan\u00eb ndrequr kondicioner\u00ebt n\u00ebp\u00ebr dhomat me qira pas ngopjes nga e britura \u201cMaqedonia \u00ebsht\u00eb greke\u201d n\u00eb protesta.<br \/>\nK\u00ebshtu ashtu, ideja e nj\u00ebjt\u00eb na bashkon. Kemi projekt t\u00eb p\u00ebrbashk\u00ebt kufitar. Ne japim emrin. Ata nuk e japin.<\/p>\n<p><span class=\"dropcap color firstcharacter\">3<\/span>Dhe k\u00ebshtu deri sa \u201ckrijohen rrethana q\u00eb t\u00eb zhvillohen bisedat telefonike\u201d si\u00e7 tha Zaevi. Enti shtet\u00ebror p\u00ebr statistika publikoi se prodhimi bruto i shtetit n\u00eb \u00e7erekun e par\u00eb t\u00eb k\u00ebtij viti \u00ebsht\u00eb rritur p\u00ebr 0.1 p\u00ebrqindE dim\u00eb se VMRO-DPMNE ka faj p\u00ebr stagnimin e ekonomis\u00eb. Dhe t\u00eb gjitha gj\u00ebrat q\u00eb Gruevski me familjen kan\u00eb shkat\u00ebrruar p\u00ebr 11 vjet nuk rregullohen kaq leht\u00eb. Por, m\u00eb intereson, a ka vall\u00eb ndonj\u00eb afat kur VMRO-DPMNE do t\u00eb pushoj\u00eb se qeni fajtore p\u00ebr Qeverin\u00eb? Sepse n\u00eb koh\u00ebn e VMRO-DPMNE-s\u00eb p\u00ebr gjith\u00e7ka kishte faj Branko. Dhe akoma nuk i ka skaduar afati i fajit.<br \/>\nPor, n\u00ebse \u00ebsht\u00eb ngush\u00ebllim, sipas t\u00eb dh\u00ebnave t\u00eb Entit shtet\u00ebror t\u00eb statistik\u00ebs, n\u00eb ato 0,1 p\u00ebrqind rritje t\u00eb tre muajve t\u00eb par\u00eb, rritje m\u00eb e madhe nga 12, 1 \u00ebsht\u00eb n\u00eb sektoret e artit, arg\u00ebtimit dhe rekreacionit.<\/p>\n<p>Epo, me t\u00eb v\u00ebrtet\u00eb ka ardhur jet\u00eb e re.<\/p>\n<p><span class=\"dropcap color firstcharacter\">4<\/span>Kush e di, ndoshta \u201cve\u00e7 t\u00eb kaloj\u00eb emri\u201d, e sekretari gjeneral Dragi Rashkoski do ta mbroj\u00eb dhe doktoratur\u00ebn e dyt\u00eb me t\u00eb cil\u00ebn \u00ebsht\u00eb krenuar n\u00eb biografin\u00eb e web faqes zyrtare t\u00eb Qeveris\u00eb. E ndoshta edhe do ta z\u00ebvend\u00ebsojn\u00eb, n\u00ebse nuk jep vet\u00eb dor\u00ebheqje, pasi n\u00eb disa shtete, kur i kapin se kan\u00eb g\u00ebnjyer, zyrtar\u00ebt shtet\u00ebror\u00eb japin dor\u00ebheqje vet\u00eb.<\/p>\n<p>Deklarata e z\u00ebdh\u00ebn\u00ebsit Mile Boshnjakovski se \u00ebsht\u00eb e v\u00ebrtet\u00eb se Rashkoski nuk ka doktoratur\u00eb, por se biografia \u00ebsht\u00eb e sakt\u00eb, \u00ebsht\u00eb sikur ta kishte shkruar Trampi n\u00eb tuiter pas zgjimit.Si mund t\u00eb jet\u00eb e sakt\u00eb biografia kur Rashkoski thot\u00eb se ka dy doktoratura. E ne nuk e dim\u00eb as n\u00ebse ka shkruar tez\u00ebn, pasi n\u00eb fakultet vet\u00ebm ia kan\u00eb miratuar, asgj\u00eb tjet\u00ebr. E n\u00ebse miratimi i tez\u00ebs do t\u00eb thot\u00eb marrje e doktoratur\u00ebs, at\u00ebhere ndoshta biografia me t\u00eb v\u00ebrtet\u00eb nuk \u00ebsht\u00eb e rreme.<\/p>\n<p>Po ai Rashkoski refuzoi ta publikonte biografin\u00eb e drejtorit te trupit shtet\u00ebror t\u00eb kontrollit t\u00eb ila\u00e7eve Rober Bekiroski, pasi kjo paska qen\u00eb c\u00ebnim i privat\u00ebsis\u00eb s\u00eb tij. Profesionalizmi i atij q\u00eb nuk kontrollon ila\u00e7et q\u00eb ne marrim \u00ebsht\u00eb pun\u00eb private? Pun\u00eb private \u00ebsht\u00eb fakti se na g\u00ebnjejn\u00eb p\u00ebr parat\u00eb tona.<\/p>\n<p>Rashkoski nuk guxon t\u00eb bjer\u00eb. Edhe po ta ndryshoj\u00eb Zaevi, ai do t\u00eb shp\u00ebtoj\u00eb me aq sa mundet. N\u00ebse nuk \u00ebshte sekretar gjeneral, do t\u00eb b\u00ebhet koordinator nacional. P\u00ebr di\u00e7ka. P\u00ebr shembull, koordinator nacional p\u00ebr kontroll t\u00eb biografive private.<\/p>\n<p><span class=\"dropcap color firstcharacter\">5<\/span>Me 800.000 euro dhurat\u00eb nga Bashkimi Evropian n\u00ebp\u00ebrmjet nj\u00eb projekti t\u00eb UNDP-s\u00eb n\u00eb Z\u00ebrnovci u nd\u00ebrtua ura n\u00eb Bregallnic\u00eb, e cila u shkat\u00ebrrua n\u00eb p\u00ebrmbytjet e shkurtit t\u00eb vitit 2015. Kryetari i Z\u00ebrnovcit, Bllazhe Stankov shprehu mir\u00ebnjohjen \u00eb tij dhe tha se banor\u00ebt kan\u00eb qen\u00eb t\u00eb duruar, por ama durimi ka treguar frytet, pasi tani, pas tre vjet\u00ebsh durimi dhe sorrollatjeje, do t\u00eb mund t\u00eb shkojn\u00eb drejt n\u00eb Ko\u00e7ani.<\/p>\n<p>Lidhja e Ko\u00e7anit me Z\u00ebrnovcin nuk \u00ebsht\u00eb hapi i vet\u00ebm i madh q\u00eb ndodhi gjat\u00eb k\u00ebsaj jave n\u00eb rrug\u00ebn drejt BE-s\u00eb dhe NATO-s. Edhe MPB p\u00ebrve\u00e7 linj\u00ebs fikse, hapi dhe nj\u00eb num\u00ebr celulari ku mund t\u00eb prenotoj\u00eb fotografim p\u00ebr pasaport\u00eb dhe let\u00ebr njoftim.<\/p>\n<p>P\u00ebrndryshe, tani jemi qershor 2018.<\/p>\n<p><em>P\u00ebrktheu: Fjolla Zllatku <\/em><\/p>\n<p>&nbsp;<\/p>\n<p>&nbsp;<\/p>\n<p>&nbsp;<\/p>\n\n<div style=\"font-size: 0px; height: 0px; line-height: 0px; margin: 0; padding: 0; clear: both;\"><\/div>","protected":false},"excerpt":{"rendered":"<p>Erdhi edhe nj\u00eb e premte tjet\u00ebr. Telefoni, t\u00eb pakt\u00ebn tani q\u00eb po flasim, nuk ka r\u00ebn\u00eb akoma, as te Ciprasi, [&hellip;]<\/p>\n","protected":false},"author":1,"featured_media":184,"comment_status":"closed","ping_status":"closed","sticky":false,"template":"","format":"standard","meta":{"_mo_disable_npp":"","inline_featured_image":false},"categories":[1825],"tags":[],"imageURL":"https:\/\/sdk.mk\/wp-content\/uploads\/2015\/12\/goran-mihailovski2.jpg","thumbURL":"https:\/\/sdk.mk\/wp-content\/uploads\/2015\/12\/goran-mihailovski2-250x196.jpg","categoryNames":["DUA T\u00cb THEM"],"feature_caption":"","subtitle":"Dragi Rashkoski \u2013coordinator nacional i kontrollit t\u00eb biografive private","views":"4678","source":"","yoast_head":"<!-- This site is optimized with the Yoast SEO Premium plugin v15.0 - https:\/\/yoast.com\/wordpress\/plugins\/seo\/ -->\n<title>DREJT P\u00cbR KO\u00c7ANI - \u0421\u0430\u043a\u0430\u043c \u0414\u0430 \u041a\u0430\u0436\u0430\u043c<\/title>\n<meta name=\"robots\" content=\"index, follow, max-snippet:-1, max-image-preview:large, max-video-preview:-1\" \/>\n<link rel=\"canonical\" href=\"https:\/\/sdk.mk\/index.php\/dua-te-them\/drejt-per-kocani\/\" \/>\n<meta property=\"og:locale\" content=\"mk_MK\" \/>\n<meta property=\"og:type\" content=\"article\" \/>\n<meta property=\"og:title\" content=\"DREJT P\u00cbR KO\u00c7ANI - \u0421\u0430\u043a\u0430\u043c \u0414\u0430 \u041a\u0430\u0436\u0430\u043c\" \/>\n<meta property=\"og:description\" content=\"Erdhi edhe nj\u00eb e premte tjet\u00ebr. Telefoni, t\u00eb pakt\u00ebn tani q\u00eb po flasim, nuk ka r\u00ebn\u00eb akoma, as te Ciprasi, [&hellip;]\" \/>\n<meta property=\"og:url\" content=\"https:\/\/sdk.mk\/index.php\/dua-te-them\/drejt-per-kocani\/\" \/>\n<meta property=\"og:site_name\" content=\"\u0421\u0430\u043a\u0430\u043c \u0414\u0430 \u041a\u0430\u0436\u0430\u043c\" \/>\n<meta property=\"article:published_time\" content=\"2018-06-09T13:58:10+00:00\" \/>\n<meta property=\"og:image\" content=\"https:\/\/sdk.mk\/wp-content\/uploads\/2015\/12\/goran-mihailovski2.jpg\" \/>\n\t<meta property=\"og:image:width\" content=\"400\" \/>\n\t<meta property=\"og:image:height\" content=\"313\" \/>\n<meta property=\"fb:app_id\" content=\"2407985809428537\" \/>\n<meta name=\"twitter:card\" content=\"summary\" \/>\n<script type=\"application\/ld+json\" class=\"yoast-schema-graph\">{\"@context\":\"https:\/\/schema.org\",\"@graph\":[{\"@type\":\"WebSite\",\"@id\":\"https:\/\/sdk.mk\/#website\",\"url\":\"https:\/\/sdk.mk\/\",\"name\":\"\\u0421\\u0430\\u043a\\u0430\\u043c \\u0414\\u0430 \\u041a\\u0430\\u0436\\u0430\\u043c\",\"description\":\"\\u0417\\u0430 \\u0441\\u043b\\u043e\\u0431\\u043e\\u0434\\u043e\\u0443\\u043c\\u043d\\u0438\",\"potentialAction\":[{\"@type\":\"SearchAction\",\"target\":\"https:\/\/sdk.mk\/?s={search_term_string}\",\"query-input\":\"required name=search_term_string\"}],\"inLanguage\":\"mk-MK\"},{\"@type\":\"ImageObject\",\"@id\":\"https:\/\/sdk.mk\/index.php\/dua-te-them\/drejt-per-kocani\/#primaryimage\",\"inLanguage\":\"mk-MK\",\"url\":\"https:\/\/sdk.mk\/wp-content\/uploads\/2015\/12\/goran-mihailovski2.jpg\",\"width\":400,\"height\":313},{\"@type\":\"WebPage\",\"@id\":\"https:\/\/sdk.mk\/index.php\/dua-te-them\/drejt-per-kocani\/#webpage\",\"url\":\"https:\/\/sdk.mk\/index.php\/dua-te-them\/drejt-per-kocani\/\",\"name\":\"DREJT P\\u00cbR KO\\u00c7ANI - \\u0421\\u0430\\u043a\\u0430\\u043c \\u0414\\u0430 \\u041a\\u0430\\u0436\\u0430\\u043c\",\"isPartOf\":{\"@id\":\"https:\/\/sdk.mk\/#website\"},\"primaryImageOfPage\":{\"@id\":\"https:\/\/sdk.mk\/index.php\/dua-te-them\/drejt-per-kocani\/#primaryimage\"},\"datePublished\":\"2018-06-09T13:58:10+00:00\",\"dateModified\":\"2018-06-09T13:58:10+00:00\",\"author\":{\"@id\":\"https:\/\/sdk.mk\/#\/schema\/person\/be7cfa6655c47f7195bfdd0ba8144aa2\"},\"inLanguage\":\"mk-MK\",\"potentialAction\":[{\"@type\":\"ReadAction\",\"target\":[\"https:\/\/sdk.mk\/index.php\/dua-te-them\/drejt-per-kocani\/\"]}]},{\"@type\":\"Person\",\"@id\":\"https:\/\/sdk.mk\/#\/schema\/person\/be7cfa6655c47f7195bfdd0ba8144aa2\",\"name\":\"\\u0413\\u043e\\u0440\\u0430\\u043d \\u041c\\u0438\\u0445\\u0430\\u0458\\u043b\\u043e\\u0432\\u0441\\u043a\\u0438\"}]}<\/script>\n<!-- \/ Yoast SEO Premium plugin. -->","_links":{"self":[{"href":"https:\/\/sdk.mk\/index.php\/wp-json\/wp\/v2\/posts\/60582"}],"collection":[{"href":"https:\/\/sdk.mk\/index.php\/wp-json\/wp\/v2\/posts"}],"about":[{"href":"https:\/\/sdk.mk\/index.php\/wp-json\/wp\/v2\/types\/post"}],"author":[{"embeddable":true,"href":"https:\/\/sdk.mk\/index.php\/wp-json\/wp\/v2\/users\/1"}],"replies":[{"embeddable":true,"href":"https:\/\/sdk.mk\/index.php\/wp-json\/wp\/v2\/comments?post=60582"}],"version-history":[{"count":0,"href":"https:\/\/sdk.mk\/index.php\/wp-json\/wp\/v2\/posts\/60582\/revisions"}],"wp:featuredmedia":[{"embeddable":true,"href":"https:\/\/sdk.mk\/index.php\/wp-json\/wp\/v2\/media\/184"}],"wp:attachment":[{"href":"https:\/\/sdk.mk\/index.php\/wp-json\/wp\/v2\/media?parent=60582"}],"wp:term":[{"taxonomy":"category","embeddable":true,"href":"https:\/\/sdk.mk\/index.php\/wp-json\/wp\/v2\/categories?post=60582"},{"taxonomy":"post_tag","embeddable":true,"href":"https:\/\/sdk.mk\/index.php\/wp-json\/wp\/v2\/tags?post=60582"}],"curies":[{"name":"wp","href":"https:\/\/api.w.org\/{rel}","templated":true}]}}