{"id":61780,"date":"2018-06-21T12:14:13","date_gmt":"2018-06-21T10:14:13","guid":{"rendered":"https:\/\/sdk.mk\/?p=61780"},"modified":"2018-06-21T12:14:13","modified_gmt":"2018-06-21T10:14:13","slug":"jovan-xhambaz-eshte-vetmi-punesuar-cili-futet-pa-trokitur-te-kryetaret-e-ohrit","status":"publish","type":"post","link":"https:\/\/sdk.mk\/index.php\/histori-te-parrefyera\/jovan-xhambaz-eshte-vetmi-punesuar-cili-futet-pa-trokitur-te-kryetaret-e-ohrit\/","title":{"rendered":"JOVAN XHAMBAZ \u00cbSHT\u00cb I VETMI I PUN\u00cbSUAR I CILI FUTET PA TROKITUR TE KRYETAR\u00cbT E OHRIT"},"content":{"rendered":"<div class=\"f52428582a4b906b2d2e2a7d733c7d27\" data-index=\"7\" style=\"float: none; margin:10px 0 10px 0; text-align:center;\">\n<!-- MSP Ads Asynchronous JS Tag - Generated with Revive Adserver v5.4.1 -->\r\n<ins data-revive-zoneid=\"167\" data-revive-id=\"060fdb01f6430ec164d3519234aa4967\"><\/ins>\r\n<script async src=\"\/\/panel.ads.com.mk\/www\/delivery\/asyncjs.php\"><\/script>\n<\/div>\n<p>Nga m\u00ebvet\u00ebsimi i Maqedonis\u00eb, me qytetin e Ohrit udh\u00ebhiqnin gjasht\u00eb kryetar\u00eb, nd\u00ebrsa te pes\u00eb nga ata, vet\u00ebm Jovan Xhambaz, i pun\u00ebsuar n\u00eb Komun\u00eb, ka hyr\u00eb pa trokitur n\u00eb zyrat e tyre. N\u00eb udh\u00ebheq\u00ebsin\u00eb lokale punon nga viti 1996, e konsiderojn\u00eb si ikon\u00eb t\u00eb qytetit dhe t\u00eb Komun\u00ebs. M\u00eb s\u00eb shumti kryen detyrime t\u00eb pun\u00ebs dhe dor\u00ebzime materialesh q\u00eb lidhen me pun\u00ebn e K\u00ebshillit t\u00eb qytetit.<\/p>\n<p>Jovani (50) ka probleme kognitive, por thot\u00eb se kurr\u00eb p\u00ebr pun\u00ebn e tij nuk ka qen\u00eb i d\u00ebnuar p\u00ebrve\u00e7 nj\u00eb rasti kur ka marr\u00eb nj\u00eb paralajm\u00ebrim pa arsye dhe n\u00eb at\u00eb koh\u00eb kryetar i qytetit ka qen\u00eb Nikolla Bakra\u00e7evski.<\/p>\n<p>\u201cU pun\u00ebsova n\u00eb vitin 1996 n\u00eb Fondin p\u00ebr pun\u00eb komunale. Pas ndonj\u00eb viti, kryetari i at\u00ebhersh\u00ebm Aleksandar Petrevski me mori n\u00ebn udh\u00ebheq\u00ebsin\u00eb\u00a0 e tij lokale. Kryeja pun\u00eb nga m\u00eb t\u00eb ndryshmet t\u00eb interesit t\u00eb administrat\u00ebs lokale. Un\u00eb jam link mes t\u00eb pun\u00ebsuarve n\u00eb zyr\u00eb. Sjell materiale, dokumente. T\u00eb gjith\u00eb sillen me respekt kundrejt meje. Askush deri m\u00eb tani nuk m\u00eb ka ofenduar. Kjo m\u00eb b\u00ebn q\u00eb t\u2019i kryej edhe m\u00eb me p\u00ebrgjegjshm\u00ebri pun\u00ebt. Vjet, me d\u00ebnuan pa arsye. Kjo m\u00eb preku, por nuk mbaj inat ndaj personit q\u00eb e ka b\u00ebr\u00eb. Un\u00eb e di se nuk isha fajtor\u201d, thot\u00eb Jovan Xhambaz.<\/p>\n<p>Shum\u00eb t\u00eb pun\u00ebsuar n\u00eb udh\u00ebheq\u00ebsin\u00eb lokale n\u00eb Oh\u00ebr, madje edhe ata me funksionet m\u00eb t\u00eb larta, thon\u00eb se Jovani \u00ebsht\u00eb i vetmi i pun\u00ebsuar i cili futet pa trokitur te zyrat e kryetar\u00ebve t\u00eb Ohrit. Kjo \u00ebsht\u00eb p\u00ebr shkak t\u00eb respektit q\u00eb ata kan\u00eb ndaj tij.<\/p>\n<p>\u201cMbase paksa e teprojn\u00eb, por \u00ebsht\u00eb e v\u00ebrtet\u00eb se pa asnj\u00eb lloj problemi kam hyr\u00eb n\u00eb zyrat e kryetar\u00ebve t\u00eb Ohrit, te t\u00eb cil\u00ebt dihet se si duhet hyr\u00eb. Nevojitet nj\u00eb lajm\u00ebrim paraprak, leje nga sekretaresha e cila e di se kush \u00ebsht\u00eb n\u00eb at\u00eb moment te kryetari. Shum\u00eb leht\u00eb futesha te kryetari i kaluar, Aleksandar Petrevski. Pa asnj\u00eb lajm\u00ebrim mundesha t\u00eb shkoj te ai q\u00eb t\u2019i \u00e7oj ndonj\u00eb dokument, t\u2019i k\u00ebrkoj pak ndihm\u00eb n\u00ebse m\u00eb nevojitet. Asnj\u00ebher\u00eb nuk m\u00eb refuzoi dhe nuk m\u00eb ktheu nga dera e zyr\u00ebs.<\/p>\n<p>Un\u00eb jam shum\u00eb mir\u00ebnjoh\u00ebs p\u00ebr k\u00ebt\u00eb gj\u00eb dhe n\u00eb ve\u00e7anti q\u00eb m\u00eb solli deri te nd\u00ebrtesa e Komun\u00ebs. Edhe un\u00eb jam njeri. Nuk e harroj mir\u00ebsin\u00eb. Ishte situat\u00eb e ngjashme kur n\u00eb krye t\u00eb qytetit ishte Nikolla Bakra\u00e7evski\u201d, thot\u00eb Xhambaz p\u00ebr komunikimin e tij me kryetar\u00ebt e Ohrit.<\/p>\n<p>P\u00ebr Xhambazin \u00e7do dit\u00eb pune \u00ebsht\u00eb sfid\u00eb e re.<\/p>\n<p>\u201cI g\u00ebzohem \u00e7do m\u00ebngjesi, lindjes s\u00eb diellit. Kjo m\u00eb p\u00ebrmbush me shpres\u00eb, i jam mir\u00ebnjoh\u00ebs Zotit q\u00eb m\u00eb dha edhe nj\u00eb dit\u00eb. Kjo ndjenj\u00eb m\u00eb mban p\u00ebrgjat\u00eb t\u00ebr\u00eb dit\u00ebs. Dua t\u00eb jem i dobish\u00ebm ndaj t\u00eb pun\u00ebsuarve t\u00eb Komun\u00ebs. Shkoj aty ku duhet q\u00eb t\u00eb kryej pun\u00eb. E di se ia kam dal\u00eb kur shoh n\u00eb fytyrat e tyre se jan\u00eb t\u00eb k\u00ebnaqur nga ajo q\u00eb kam b\u00ebr\u00eb. K\u00ebshtu punoj tashm\u00eb p\u00ebr 22 vjet. Dhe rrog\u00ebn e kam t\u00eb mir\u00eb. T\u00eb mjaftueshme p\u00ebr nj\u00eb jet\u00eb t\u00eb denj\u00eb. Nuk k\u00ebrkoj shum\u00eb. Dua vet\u00ebm t\u00eb jetoj si njer\u00ebzit e tjer\u00eb\u201d, thot\u00eb Jovani.<\/p>\n<p>Viteve t\u00eb fundit, Xhambazi p\u00ebrballet edhe me nj\u00eb tjet\u00ebr problem ekzistencial.<\/p>\n<p>\u201cJetoj i vet\u00ebm n\u00eb banes\u00ebn e n\u00ebn\u00ebs sime. Por, ai nuk \u00ebsht\u00eb n\u00eb emrin tim. Tani u lajm\u00ebruan disa familjar\u00eb q\u00eb duan t\u00eb ma marrin. Po luftoj q\u00eb ta mbaj. N\u00ebse e marrin do t\u00eb mbes n\u00eb rrug\u00eb. M\u00eb ndihmojn\u00eb njer\u00ebz t\u00eb mir\u00eb, ekzistojn\u00eb njer\u00ebz t\u00eb till\u00eb n\u00eb Komun\u00eb. Nga ata k\u00ebrkoj k\u00ebshilla. Shumica jan\u00eb t\u00eb gatsh\u00ebm t\u00eb m\u00eb ndihmojn\u00eb sa her\u00eb q\u00eb t\u00eb kem nevoj\u00eb. Nuk mbaj inat me nj\u00eb pjes\u00eb t\u00eb familjar\u00ebve q\u00eb donin q\u00eb banesa t\u00eb ishte e tyrja\u201d, thot\u00eb ai pa hidh\u00ebrime.<\/p>\n<p><strong>D. \u00c7UBRIQ<\/strong><\/p>\n<p>&nbsp;<\/p>\n\n<div style=\"font-size: 0px; height: 0px; line-height: 0px; margin: 0; padding: 0; clear: both;\"><\/div>","protected":false},"excerpt":{"rendered":"<p>Nga m\u00ebvet\u00ebsimi i Maqedonis\u00eb, me qytetin e Ohrit udh\u00ebhiqnin gjasht\u00eb kryetar\u00eb, nd\u00ebrsa te pes\u00eb nga ata, vet\u00ebm Jovan Xhambaz, i [&hellip;]<\/p>\n","protected":false},"author":25,"featured_media":59487,"comment_status":"closed","ping_status":"closed","sticky":false,"template":"","format":"standard","meta":{"_mo_disable_npp":"","inline_featured_image":false},"categories":[3085,3095],"tags":[],"imageURL":"https:\/\/sdk.mk\/wp-content\/uploads\/2018\/05\/Jovce-pred-pultot-kade-gradonacalnicite-odrrzuvaat-presovi-650x469.jpg","thumbURL":"https:\/\/sdk.mk\/wp-content\/uploads\/2018\/05\/Jovce-pred-pultot-kade-gradonacalnicite-odrrzuvaat-presovi-250x181.jpg","categoryNames":["Histori t\u00eb parr\u00ebfyera","Rrjeti i korrespondent\u00ebve"],"feature_caption":"Jovan Xhambaz n\u00eb udh\u00ebheq\u00ebsin\u00eb lokale punon nga viti 1996, nd\u00ebrsa e konsiderojn\u00eb si ikon\u00eb t\u00eb qytetit dhe t\u00eb Komun\u00ebs (Foto: SDK.MK)","subtitle":"","views":"7037","source":"Oh\u00ebr, (SAKAMDAKAZAM)","yoast_head":"<!-- This site is optimized with the Yoast SEO Premium plugin v15.0 - https:\/\/yoast.com\/wordpress\/plugins\/seo\/ -->\n<title>JOVAN XHAMBAZ \u00cbSHT\u00cb I VETMI I PUN\u00cbSUAR I CILI FUTET PA TROKITUR TE KRYETAR\u00cbT E OHRIT - \u0421\u0430\u043a\u0430\u043c \u0414\u0430 \u041a\u0430\u0436\u0430\u043c<\/title>\n<meta name=\"robots\" content=\"index, follow, max-snippet:-1, max-image-preview:large, max-video-preview:-1\" \/>\n<link rel=\"canonical\" href=\"https:\/\/sdk.mk\/index.php\/histori-te-parrefyera\/jovan-xhambaz-eshte-vetmi-punesuar-cili-futet-pa-trokitur-te-kryetaret-e-ohrit\/\" \/>\n<meta property=\"og:locale\" content=\"mk_MK\" \/>\n<meta property=\"og:type\" content=\"article\" \/>\n<meta property=\"og:title\" content=\"JOVAN XHAMBAZ \u00cbSHT\u00cb I VETMI I PUN\u00cbSUAR I CILI FUTET PA TROKITUR TE KRYETAR\u00cbT E OHRIT - \u0421\u0430\u043a\u0430\u043c \u0414\u0430 \u041a\u0430\u0436\u0430\u043c\" \/>\n<meta property=\"og:description\" content=\"Nga m\u00ebvet\u00ebsimi i Maqedonis\u00eb, me qytetin e Ohrit udh\u00ebhiqnin gjasht\u00eb kryetar\u00eb, nd\u00ebrsa te pes\u00eb nga ata, vet\u00ebm Jovan Xhambaz, i [&hellip;]\" \/>\n<meta property=\"og:url\" content=\"https:\/\/sdk.mk\/index.php\/histori-te-parrefyera\/jovan-xhambaz-eshte-vetmi-punesuar-cili-futet-pa-trokitur-te-kryetaret-e-ohrit\/\" \/>\n<meta property=\"og:site_name\" content=\"\u0421\u0430\u043a\u0430\u043c \u0414\u0430 \u041a\u0430\u0436\u0430\u043c\" \/>\n<meta property=\"article:published_time\" content=\"2018-06-21T10:14:13+00:00\" \/>\n<meta property=\"og:image\" content=\"https:\/\/sdk.mk\/wp-content\/uploads\/2018\/05\/Jovce-pred-pultot-kade-gradonacalnicite-odrrzuvaat-presovi.jpg\" \/>\n\t<meta property=\"og:image:width\" content=\"882\" \/>\n\t<meta property=\"og:image:height\" content=\"637\" \/>\n<meta property=\"fb:app_id\" content=\"2407985809428537\" \/>\n<meta name=\"twitter:card\" content=\"summary\" \/>\n<script type=\"application\/ld+json\" class=\"yoast-schema-graph\">{\"@context\":\"https:\/\/schema.org\",\"@graph\":[{\"@type\":\"WebSite\",\"@id\":\"https:\/\/sdk.mk\/#website\",\"url\":\"https:\/\/sdk.mk\/\",\"name\":\"\\u0421\\u0430\\u043a\\u0430\\u043c \\u0414\\u0430 \\u041a\\u0430\\u0436\\u0430\\u043c\",\"description\":\"\\u0417\\u0430 \\u0441\\u043b\\u043e\\u0431\\u043e\\u0434\\u043e\\u0443\\u043c\\u043d\\u0438\",\"potentialAction\":[{\"@type\":\"SearchAction\",\"target\":\"https:\/\/sdk.mk\/?s={search_term_string}\",\"query-input\":\"required name=search_term_string\"}],\"inLanguage\":\"mk-MK\"},{\"@type\":\"ImageObject\",\"@id\":\"https:\/\/sdk.mk\/index.php\/histori-te-parrefyera\/jovan-xhambaz-eshte-vetmi-punesuar-cili-futet-pa-trokitur-te-kryetaret-e-ohrit\/#primaryimage\",\"inLanguage\":\"mk-MK\",\"url\":\"https:\/\/sdk.mk\/wp-content\/uploads\/2018\/05\/Jovce-pred-pultot-kade-gradonacalnicite-odrrzuvaat-presovi.jpg\",\"width\":882,\"height\":637,\"caption\":\"dav\"},{\"@type\":\"WebPage\",\"@id\":\"https:\/\/sdk.mk\/index.php\/histori-te-parrefyera\/jovan-xhambaz-eshte-vetmi-punesuar-cili-futet-pa-trokitur-te-kryetaret-e-ohrit\/#webpage\",\"url\":\"https:\/\/sdk.mk\/index.php\/histori-te-parrefyera\/jovan-xhambaz-eshte-vetmi-punesuar-cili-futet-pa-trokitur-te-kryetaret-e-ohrit\/\",\"name\":\"JOVAN XHAMBAZ \\u00cbSHT\\u00cb I VETMI I PUN\\u00cbSUAR I CILI FUTET PA TROKITUR TE KRYETAR\\u00cbT E OHRIT - \\u0421\\u0430\\u043a\\u0430\\u043c \\u0414\\u0430 \\u041a\\u0430\\u0436\\u0430\\u043c\",\"isPartOf\":{\"@id\":\"https:\/\/sdk.mk\/#website\"},\"primaryImageOfPage\":{\"@id\":\"https:\/\/sdk.mk\/index.php\/histori-te-parrefyera\/jovan-xhambaz-eshte-vetmi-punesuar-cili-futet-pa-trokitur-te-kryetaret-e-ohrit\/#primaryimage\"},\"datePublished\":\"2018-06-21T10:14:13+00:00\",\"dateModified\":\"2018-06-21T10:14:13+00:00\",\"author\":{\"@id\":\"https:\/\/sdk.mk\/#\/schema\/person\/737021aeacbe893f7e2c347186c5c7a1\"},\"inLanguage\":\"mk-MK\",\"potentialAction\":[{\"@type\":\"ReadAction\",\"target\":[\"https:\/\/sdk.mk\/index.php\/histori-te-parrefyera\/jovan-xhambaz-eshte-vetmi-punesuar-cili-futet-pa-trokitur-te-kryetaret-e-ohrit\/\"]}]},{\"@type\":\"Person\",\"@id\":\"https:\/\/sdk.mk\/#\/schema\/person\/737021aeacbe893f7e2c347186c5c7a1\",\"name\":\"\\u0424\\u0458\\u043e\\u043b\\u0430 \\u0417\\u043b\\u0430\\u0442\\u043a\\u0443\"}]}<\/script>\n<!-- \/ Yoast SEO Premium plugin. -->","_links":{"self":[{"href":"https:\/\/sdk.mk\/index.php\/wp-json\/wp\/v2\/posts\/61780"}],"collection":[{"href":"https:\/\/sdk.mk\/index.php\/wp-json\/wp\/v2\/posts"}],"about":[{"href":"https:\/\/sdk.mk\/index.php\/wp-json\/wp\/v2\/types\/post"}],"author":[{"embeddable":true,"href":"https:\/\/sdk.mk\/index.php\/wp-json\/wp\/v2\/users\/25"}],"replies":[{"embeddable":true,"href":"https:\/\/sdk.mk\/index.php\/wp-json\/wp\/v2\/comments?post=61780"}],"version-history":[{"count":0,"href":"https:\/\/sdk.mk\/index.php\/wp-json\/wp\/v2\/posts\/61780\/revisions"}],"wp:featuredmedia":[{"embeddable":true,"href":"https:\/\/sdk.mk\/index.php\/wp-json\/wp\/v2\/media\/59487"}],"wp:attachment":[{"href":"https:\/\/sdk.mk\/index.php\/wp-json\/wp\/v2\/media?parent=61780"}],"wp:term":[{"taxonomy":"category","embeddable":true,"href":"https:\/\/sdk.mk\/index.php\/wp-json\/wp\/v2\/categories?post=61780"},{"taxonomy":"post_tag","embeddable":true,"href":"https:\/\/sdk.mk\/index.php\/wp-json\/wp\/v2\/tags?post=61780"}],"curies":[{"name":"wp","href":"https:\/\/api.w.org\/{rel}","templated":true}]}}