{"id":62490,"date":"2018-06-30T15:38:49","date_gmt":"2018-06-30T13:38:49","guid":{"rendered":"https:\/\/sdk.mk\/?p=62490"},"modified":"2018-06-30T15:38:49","modified_gmt":"2018-06-30T13:38:49","slug":"taks-fri-2","status":"publish","type":"post","link":"https:\/\/sdk.mk\/index.php\/dua-te-them\/taks-fri-2\/","title":{"rendered":"TAKS FRI"},"content":{"rendered":"<div class=\"f52428582a4b906b2d2e2a7d733c7d27\" data-index=\"7\" style=\"float: none; margin:10px 0 10px 0; text-align:center;\">\n<!-- MSP Ads Asynchronous JS Tag - Generated with Revive Adserver v5.4.1 -->\r\n<ins data-revive-zoneid=\"167\" data-revive-id=\"060fdb01f6430ec164d3519234aa4967\"><\/ins>\r\n<script async src=\"\/\/panel.ads.com.mk\/www\/delivery\/asyncjs.php\"><\/script>\n<\/div>\n<p><span class=\"dropcap color firstcharacter\">\u00a01<\/span>Ashtu \u00ebsht\u00eb. Evropa \u00ebsht\u00eb nj\u00eb lavire Babilonase q\u00eb gjithmon\u00eb i shikon interesat e veta. Ashtu \u00ebsht\u00eb. Nuk jam i k\u00ebnaqur me dat\u00ebn e kusht\u00ebzuar, apo sido ta quani, p\u00ebr fillim t\u00eb negociatave me BE. Ashtu \u00ebsht\u00eb. Nuk jam i k\u00ebnaqur as nga Maqedonia Veriore. \u00cbsht\u00eb frustruese dhe fyese t\u00eb t\u00eb thon\u00eb se n\u00ebse d\u00ebshiron t\u00eb kesh jet\u00eb m\u00eb t\u00eb mir\u00eb do t\u00eb duhet ta ndryshosh emrin e shtetit t\u00ebnd. Ashtu \u00ebsht\u00eb. Dhe m\u00eb z\u00eb mllefi. \u00c7\u00ebshtja q\u00eb kishim me Greqin\u00eb ishte jasht\u00eb logjik\u00ebs q\u00eb nga fillimet e saj. Nj\u00ebsoj sikurse FYROM, q\u00eb \u00ebsht\u00eb nj\u00eb shpikje idiote me t\u00eb cil\u00ebn u b\u00ebm\u00eb an\u00ebtare t\u00eb OKB&#8230;<br \/>\nK\u00ebshtu duket, pra e gjith\u00eb kjo pun\u00eb, kur problemit q\u00eb d\u00ebshiron t\u00eb zgjidh\u00ebsh i qasesh vet\u00ebm me emocione, jo me intelekt.<\/p>\n<p>Tani mbajm\u00eb m\u00ebri ndaj presidentit francez, Makron, p\u00ebr shkak t\u00eb dat\u00ebs s\u00eb kusht\u00ebzuar t\u00eb negocimit. Ndaj Holand\u00ebs, e cila nga pavar\u00ebsimi deri m\u00eb tani \u00ebsht\u00eb donatori m\u00eb i madh i Maqedonis\u00eb. E ndaj Danimark\u00ebs. Kujtoj si ministri danez i pun\u00ebve t\u00eb jashtme, Ufe Eleman Jensen, n\u00eb vitin 1993 i prishi marr\u00ebdh\u00ebniet me Greqin\u00eb p\u00ebr hir t\u00eb Maqedonis\u00eb. Madje, deri n\u00eb at\u00eb pik\u00eb, sa grek\u00ebt bojkotonin prodhimet daneze. Nd\u00ebrkoh\u00eb ne donim t\u2019i falnim emrin e nj\u00eb rruge.<\/p>\n<p>Me gjith\u00eb k\u00ebto hidh\u00ebrime, mos na del n\u00eb fund si ajo fjala e urt\u00eb popullore: \u201cE mori inat fshatin dhe ia preu vetes\u201d.<\/p>\n<p>Qenkemi vendosur n\u00eb pozicion inferior kundrejt Greqis\u00eb. Gjasme deri tani pask\u00ebshim qen\u00eb t\u00eb barabart\u00eb? Ata n\u00eb BE dhe NATO, ne \u2013 jasht\u00eb. Un\u00eb personalisht njoh shumic\u00ebn e atyre q\u00eb tani jan\u00eb shum\u00eb emotiv\u00eb ndaj Maqedonis\u00eb Veriore dhe dat\u00ebs s\u00eb kusht\u00ebzuar, por q\u00eb n\u00eb m\u00ebnyr\u00eb q\u00eb t\u2019ua kthenin 5 eurot e \u00a0\u201ctaks fri\u201d-s\u00eb n\u00eb Evzoni, e shkruanin vet\u00eb FYROM-in n\u00eb formular.<\/p>\n<p>Ashtu \u00ebsht\u00eb. Nuk \u00ebsht\u00eb fer. Jeta nuk \u00ebsht\u00eb fer. Por, vall\u00eb, t\u00eb jet\u00eb fer t\u00eb mos dim\u00eb akoma se kush dha urdh\u00ebrin q\u00eb t\u00eb sulmohej Parlamenti m\u00eb 27 prill vitin e kaluar? T\u00eb jet\u00eb fer q\u00eb kriminel\u00ebt p\u00ebr t\u00eb cil\u00ebt d\u00ebgjuam n\u00eb bombat e q\u00eb e rob\u00ebruan shtetin, t\u00eb mos jen\u00eb gjykuar akoma? T\u00eb jet\u00eb fer q\u00eb t\u00eb mos dihet akoma se kush ka dh\u00ebn\u00eb urdh\u00ebrin p\u00ebr p\u00ebrgjim? T\u00eb jet\u00eb fer q\u00eb administrata shtet\u00ebrore t\u00eb vazhdoj\u00eb t\u00eb jet\u00eb edhe m\u00eb tej fole e klient\u00ebve partiak\u00eb? T\u00eb jet\u00eb fer q\u00eb Gjorge Ivanovi t\u00eb mos mbaj\u00eb as\u00e7far\u00eb p\u00ebrgjegj\u00ebsie p\u00ebr faljet dhe rolin e tij n\u00eb sulmin e organizuar t\u00eb Parlamentit?<\/p>\n<p>K\u00ebto jan\u00eb kushtet q\u00eb duhen p\u00ebrmbushur n\u00eb m\u00ebnyr\u00eb q\u00eb n\u00eb qershor 2019, Maqedonia t\u00eb filloj\u00eb me negociatat p\u00ebr t\u00eb hyr\u00eb n\u00eb BE:<\/p>\n<ul>\n<li><em>Reforma n\u00eb gjyq\u00ebsi dhe hetime proaktive, akuza dhe gjykime p\u00ebrfundimtare mbi rastet e korrupsionit dhe krimit t\u00eb organizuar, duke p\u00ebrfshir\u00eb dhe ato t\u00eb nivelit m\u00eb t\u00eb lart\u00eb.<\/em><\/li>\n<li><em>Reforma n\u00eb sh\u00ebrbimet e zbulimit dhe siguris\u00eb<\/em><\/li>\n<li><em>Reforma n\u00eb administrat\u00ebn publike<\/em><\/li>\n<li><em>Gjithashtu K\u00ebshilli i BE-s\u00eb k\u00ebrkon dhe pastrim t\u00eb veprave t\u00eb paligjshme t\u00eb zbuluara nga bisedat e p\u00ebrgjuara, nd\u00ebrkoh\u00eb q\u00eb duhet t\u00eb v\u00ebrtetohet edhe p\u00ebrgjegj\u00ebsia p\u00ebr sulmin e Parlamentit m\u00eb 27 prill t\u00eb vitit t\u00eb kaluar. <\/em><\/li>\n<\/ul>\n<p>\u00c7far\u00eb dallimi kan\u00eb k\u00ebto kushte nga ajo q\u00eb ne, si qytetar\u00eb, duam me t\u00eb v\u00ebrtet\u00eb?<\/p>\n<p><span class=\"dropcap color firstcharacter\">2<\/span>K\u00ebto kushte nuk jan\u00eb aspak ndryshe nga ajo q\u00eb ne, si qytetar\u00eb, imagjinojm\u00eb dhe presim nga shteti ku duam t\u00eb jetojm\u00eb. Gjat\u00eb 12 muajve t\u00eb ardhsh\u00ebm deri n\u00eb dat\u00ebn e fillimit t\u00eb negocimit dhe m\u00eb tej. Ama, k\u00ebto kushte jan\u00eb shum\u00eb m\u00eb ndryshe nga ajo q\u00eb d\u00ebshiron udh\u00ebheq\u00ebsia e vjet\u00ebr e VMRO-DPMNE-s\u00eb. Besa, edhe e reja.<\/p>\n<p>Kjo dat\u00eb kusht\u00ebzuese p\u00ebr ta vjen si p\u00ebrballje me realitetin. Vjen koha p\u00ebr burg. Prandaj b\u00ebjn\u00eb gjith\u00eb k\u00ebt\u00eb zallamahi. Prandaj p\u00ebrhapin aq shum\u00eb pesimiz\u00ebm. Prandaj thon\u00eb se BE do t\u00eb shkat\u00ebrrohet. Dhe se NATO \u00ebsht\u00eb organizat\u00eb terroriste. E madje edhe tallen me dredhi duke pyetur: \u201cCilin shtet do ta bombardojm\u00eb s\u00eb pari?\u201d. Her\u00eb \u00ebsht\u00eb kusht\u00ebzuese, her\u00eb jo. Prandaj thon\u00eb se kjo \u00ebsht\u00eb disfat\u00eb. Se data nuk \u00ebsht\u00eb dat\u00eb. Se do t\u00eb zhdukemi.<\/p>\n<p>Ata do t\u00eb b\u00ebrtasin edhe m\u00eb shum\u00eb. Prandaj Gjorge Ivanovi do t\u00eb b\u00ebj\u00eb akoma m\u00eb shum\u00eb pengesa n\u00eb \u201cudh\u00ebn e pastruar drejt BE-s\u00eb\u201d, si\u00e7 e quajti Johanes Han.<\/p>\n<p>Pasi, ata e kuptojn\u00eb se lig\u00ebsit\u00eb e tyre nuk do t\u00eb harrohen ndonj\u00ebher\u00eb. Mendonin se nd\u00ebrkoh\u00eb q\u00eb merremi me \u00e7\u00ebshtjen e emrit, si ne, si BE-ja do t\u2019i harronim. Nd\u00ebrsa, tani erdhi momenti kur duhet t\u00eb merret vendimi. Ose burg p\u00ebr ta, ose burg p\u00ebr Maqedonin\u00eb.<\/p>\n<p>\u00c7far\u00eb do t\u00eb zgjedhim?<\/p>\n<p><span class=\"dropcap color firstcharacter\">3<\/span>Mir\u00ebpo, tani koha p\u00ebr vendim i ka ardhur edhe Zaevit. Nuk ka shum\u00eb koh\u00eb, as hap\u00ebsir\u00eb p\u00ebr tregti me VMRO-DPMNE-n\u00eb dhe Gjorge Ivanovin p\u00ebr falje t\u00eb krimeve. Edhe njer\u00ebzit e tij t\u00eb LSDM-s\u00eb duhet p\u00ebrfundimisht t\u2019ia nisin pun\u00ebs.<br \/>\nTre persona ishin t\u00eb z\u00ebn\u00eb me emrin. Po t\u00eb tjer\u00ebt, \u00e7far\u00eb b\u00ebnin? Ishin t\u00eb z\u00ebn\u00eb me ligje p\u00ebr duhanpirje dhe me mbanin llogari p\u00ebr interesat e kafexhinjve. Mblidhnin fiskalet e pagesave rrugore p\u00ebr t\u00eb arsyetuar shpenzimet e rrug\u00ebs. E me vendime q\u00eb nuk mund t\u2019i zbatojn\u00eb n\u00eb jet\u00ebn e tyre as p\u00ebr nj\u00eb jav\u00eb.<\/p>\n<p>Kaloi nj\u00eb vit i t\u00ebr\u00eb duke u arsyetuar se e gjith\u00eb administrata qenka e VMRO-s\u00eb dhe se ata t\u00eb BDI-s\u00eb nuk b\u00ebkan fare. Mund t\u00eb jet\u00eb dhe ashtu, por un\u00eb nuk kam par\u00eb ende se k\u00ebta t\u00eb LSDM-s\u00eb jan\u00eb di\u00e7ka e ve\u00e7ant\u00eb. Apo se t\u00eb pakt\u00ebn jan\u00eb kapur pas shansit p\u00ebr ta ndryshuar Maqedonin\u00eb, p\u00ebr ta shnd\u00ebrruar n\u00eb nj\u00eb shtet t\u00eb denj\u00eb p\u00ebr BE-n\u00eb. Pa kushte nga jasht\u00eb.<\/p>\n<p>Mjaft m\u00eb me planet virtuale \u201c3-6-9\u201d. Z\u00ebvend\u00ebs kryeministrit Bujar Osmani tashm\u00eb nuk i vlen as \u201cPlani 18\u201d. Pasi Brukseli na i shkurtoi shifrat. \u201cPlani 12\u201d \u00ebsht\u00eb n\u00eb fuqi tani. Dhe nuk ka arsyetime p\u00ebr k\u00ebrkes\u00ebn e m\u00ebtejme t\u00eb arsyetimeve.<\/p>\n<p><span class=\"dropcap color firstcharacter\">4<\/span>Ata q\u00eb reagojn\u00eb emocionalisht ndaj dat\u00ebs s\u00eb kusht\u00ebzuar dhe ndaj ndryshimit t\u00eb emrit thon\u00eb: \u201cBE nuk na duhet, do ta rregullojm\u00eb vet\u00eb shtetin\u201d.<br \/>\nI bukur \u00ebsht\u00eb ky egocentriz\u00ebm, sikur t\u00eb ishim ajo fuqi bot\u00ebrore e cila duhet vet\u00ebm t\u00eb vendos\u00eb t\u2019i pastroj\u00eb plehrat dhe t\u00eb marr\u00eb hapin me grupin e 7 shteteve m\u00eb t\u00eb zhvilluara. Plus q\u00eb Rusia, BE dhe NATO do t\u00eb luajn\u00eb ashtu si\u00e7 ne kemi vendosur.<\/p>\n<p>Nga ku e kan\u00eb iden\u00eb se vet\u00eb do ta rregulluakemi shtetin? Kur ne s\u2019kemi b\u00ebr\u00eb gj\u00eb prej gj\u00ebje vet\u00eb nga 1941 e deri tani? Mos t\u00eb shkojm\u00eb m\u00eb her\u00ebt? Pse do t\u00eb kishin ardhur t\u00eb na rregullonin t\u00eb tjer\u00eb, n\u00ebse ne paskemi mundur ta b\u00ebjm\u00eb vet\u00eb? Vet\u00ebm brenda nj\u00eb jave, Amerika ka shqyrtuar \u00e7\u00ebshtjen e Maqedonis\u00eb plot tri her\u00eb n\u00eb nivel m\u00eb t\u00eb lart\u00eb. Ministri gjerman i Evrop\u00ebs, Mihael Rot, u ndesh me francez\u00ebt rreth emrit, e p\u00ebr m\u00eb tep\u00ebr q\u00eb duket se Angela Merkel shqet\u00ebsohet m\u00eb shum\u00eb p\u00ebr Maqedonin\u00eb se sa vet\u00eb Gjorge Ivanovi.<\/p>\n<p>N\u00eb fakt, e v\u00ebrteta e hidhur \u00ebsht\u00eb q\u00eb as SHBA, as Gjermania, as Franca, as Holanda, as Rusia apo Turqia nuk vendosin p\u00ebr ne. As p\u00ebr Greqin\u00eb. Vendosin p\u00ebr veten e tyre. Ata jan\u00eb miq t\u00eb Maqedonis\u00eb deri n\u00eb at\u00eb pik\u00eb ku interesat e Maqedonis\u00eb p\u00ebrputhen me interesat e tyre. Nd\u00ebrsa tani na thon\u00eb me dashamir\u00ebsi: \u201cInteresi jon\u00eb \u00ebsht\u00eb q\u00eb ju t\u00eb jeni n\u00eb NATO dhe BE. \u00cbsht\u00eb mir\u00eb t\u00eb p\u00ebrfitoni nga kjo.\u201d<\/p>\n<p>A thua se integrimi n\u00eb NATO varet nga n\u00ebnshkrimi i Gjorge Ivanovit. E nga romantizmi jon\u00eb nacional p\u00ebr emrin apo nga ofendimi yn\u00eb nga shkaku se na kan\u00eb vendosur kushte p\u00ebr dat\u00eb.<\/p>\n<p>BE dhe NATO porosit\u00ebn shum\u00eb qart\u00eb: Gjeni se kush e organizoi sulmin n\u00eb Parlament. Futini n\u00eb burg vjedh\u00ebsit dhe ata q\u00eb p\u00ebrgjuan gjysm\u00ebn e shtetit. \u00c7lironi gjyq\u00ebsin\u00eb nga var\u00ebsia partiake. Mbushjani oraret e pun\u00ebs administrat\u00ebs q\u00eb t\u00eb mos ket\u00eb koh\u00eb t\u00eb mendoj\u00eb vet\u00ebm p\u00ebr partin\u00eb q\u00eb e ka vendosur. E pasi e kap\u00ebrcyet penges\u00ebn m\u00eb t\u00eb madhe q\u00eb t\u00eb pastrohej rruga drejt BE \u2013 \u00e7\u00ebshtjen e emrit me Greqin\u00eb \u2013 p\u00ebrvishni m\u00ebng\u00ebt.<\/p>\n<p>E k\u00ebshtu, t\u00eb fyer e t\u00eb p\u00ebrbuzur nisuni p\u00ebr plazh. E kur t\u00eb ktheheni, mos harroni ta k\u00ebrkoni t\u2019ju kthehet \u201ctaks fri\u201d-ja n\u00eb Evzoni. Keni koh\u00eb, t\u00eb pakt\u00ebn deri n\u00eb fund t\u00eb shtatorit, q\u00eb t\u00eb shkruani me krenari FYROM te formulari.<\/p>\n<p><em>P\u00ebrktheu: Fjolla Zllatku <\/em><\/p>\n<p>&nbsp;<\/p>\n\n<div style=\"font-size: 0px; height: 0px; line-height: 0px; margin: 0; padding: 0; clear: both;\"><\/div>","protected":false},"excerpt":{"rendered":"<p>Ashtu \u00ebsht\u00eb. Evropa \u00ebsht\u00eb nj\u00eb lavire Babilonase q\u00eb gjithmon\u00eb i shikon interesat e veta. Ashtu \u00ebsht\u00eb. Nuk jam i k\u00ebnaqur [&hellip;]<\/p>\n","protected":false},"author":1,"featured_media":184,"comment_status":"closed","ping_status":"closed","sticky":false,"template":"","format":"standard","meta":{"_mo_disable_npp":"","inline_featured_image":false},"categories":[1825],"tags":[],"imageURL":"https:\/\/sdk.mk\/wp-content\/uploads\/2015\/12\/goran-mihailovski2.jpg","thumbURL":"https:\/\/sdk.mk\/wp-content\/uploads\/2015\/12\/goran-mihailovski2-250x196.jpg","categoryNames":["DUA T\u00cb THEM"],"feature_caption":"","subtitle":"E mori inat fshatin dhe ia preu vetes.","views":"4566","source":"","yoast_head":"<!-- This site is optimized with the Yoast SEO Premium plugin v15.0 - https:\/\/yoast.com\/wordpress\/plugins\/seo\/ -->\n<title>TAKS FRI - \u0421\u0430\u043a\u0430\u043c \u0414\u0430 \u041a\u0430\u0436\u0430\u043c<\/title>\n<meta name=\"robots\" content=\"index, follow, max-snippet:-1, max-image-preview:large, max-video-preview:-1\" \/>\n<link rel=\"canonical\" href=\"https:\/\/sdk.mk\/index.php\/dua-te-them\/taks-fri-2\/\" \/>\n<meta property=\"og:locale\" content=\"mk_MK\" \/>\n<meta property=\"og:type\" content=\"article\" \/>\n<meta property=\"og:title\" content=\"TAKS FRI - \u0421\u0430\u043a\u0430\u043c \u0414\u0430 \u041a\u0430\u0436\u0430\u043c\" \/>\n<meta property=\"og:description\" content=\"Ashtu \u00ebsht\u00eb. Evropa \u00ebsht\u00eb nj\u00eb lavire Babilonase q\u00eb gjithmon\u00eb i shikon interesat e veta. Ashtu \u00ebsht\u00eb. Nuk jam i k\u00ebnaqur [&hellip;]\" \/>\n<meta property=\"og:url\" content=\"https:\/\/sdk.mk\/index.php\/dua-te-them\/taks-fri-2\/\" \/>\n<meta property=\"og:site_name\" content=\"\u0421\u0430\u043a\u0430\u043c \u0414\u0430 \u041a\u0430\u0436\u0430\u043c\" \/>\n<meta property=\"article:published_time\" content=\"2018-06-30T13:38:49+00:00\" \/>\n<meta property=\"og:image\" content=\"https:\/\/sdk.mk\/wp-content\/uploads\/2015\/12\/goran-mihailovski2.jpg\" \/>\n\t<meta property=\"og:image:width\" content=\"400\" \/>\n\t<meta property=\"og:image:height\" content=\"313\" \/>\n<meta property=\"fb:app_id\" content=\"2407985809428537\" \/>\n<meta name=\"twitter:card\" content=\"summary\" \/>\n<script type=\"application\/ld+json\" class=\"yoast-schema-graph\">{\"@context\":\"https:\/\/schema.org\",\"@graph\":[{\"@type\":\"WebSite\",\"@id\":\"https:\/\/sdk.mk\/#website\",\"url\":\"https:\/\/sdk.mk\/\",\"name\":\"\\u0421\\u0430\\u043a\\u0430\\u043c \\u0414\\u0430 \\u041a\\u0430\\u0436\\u0430\\u043c\",\"description\":\"\\u0417\\u0430 \\u0441\\u043b\\u043e\\u0431\\u043e\\u0434\\u043e\\u0443\\u043c\\u043d\\u0438\",\"potentialAction\":[{\"@type\":\"SearchAction\",\"target\":\"https:\/\/sdk.mk\/?s={search_term_string}\",\"query-input\":\"required name=search_term_string\"}],\"inLanguage\":\"mk-MK\"},{\"@type\":\"ImageObject\",\"@id\":\"https:\/\/sdk.mk\/index.php\/dua-te-them\/taks-fri-2\/#primaryimage\",\"inLanguage\":\"mk-MK\",\"url\":\"https:\/\/sdk.mk\/wp-content\/uploads\/2015\/12\/goran-mihailovski2.jpg\",\"width\":400,\"height\":313},{\"@type\":\"WebPage\",\"@id\":\"https:\/\/sdk.mk\/index.php\/dua-te-them\/taks-fri-2\/#webpage\",\"url\":\"https:\/\/sdk.mk\/index.php\/dua-te-them\/taks-fri-2\/\",\"name\":\"TAKS FRI - \\u0421\\u0430\\u043a\\u0430\\u043c \\u0414\\u0430 \\u041a\\u0430\\u0436\\u0430\\u043c\",\"isPartOf\":{\"@id\":\"https:\/\/sdk.mk\/#website\"},\"primaryImageOfPage\":{\"@id\":\"https:\/\/sdk.mk\/index.php\/dua-te-them\/taks-fri-2\/#primaryimage\"},\"datePublished\":\"2018-06-30T13:38:49+00:00\",\"dateModified\":\"2018-06-30T13:38:49+00:00\",\"author\":{\"@id\":\"https:\/\/sdk.mk\/#\/schema\/person\/be7cfa6655c47f7195bfdd0ba8144aa2\"},\"inLanguage\":\"mk-MK\",\"potentialAction\":[{\"@type\":\"ReadAction\",\"target\":[\"https:\/\/sdk.mk\/index.php\/dua-te-them\/taks-fri-2\/\"]}]},{\"@type\":\"Person\",\"@id\":\"https:\/\/sdk.mk\/#\/schema\/person\/be7cfa6655c47f7195bfdd0ba8144aa2\",\"name\":\"\\u0413\\u043e\\u0440\\u0430\\u043d \\u041c\\u0438\\u0445\\u0430\\u0458\\u043b\\u043e\\u0432\\u0441\\u043a\\u0438\"}]}<\/script>\n<!-- \/ Yoast SEO Premium plugin. -->","_links":{"self":[{"href":"https:\/\/sdk.mk\/index.php\/wp-json\/wp\/v2\/posts\/62490"}],"collection":[{"href":"https:\/\/sdk.mk\/index.php\/wp-json\/wp\/v2\/posts"}],"about":[{"href":"https:\/\/sdk.mk\/index.php\/wp-json\/wp\/v2\/types\/post"}],"author":[{"embeddable":true,"href":"https:\/\/sdk.mk\/index.php\/wp-json\/wp\/v2\/users\/1"}],"replies":[{"embeddable":true,"href":"https:\/\/sdk.mk\/index.php\/wp-json\/wp\/v2\/comments?post=62490"}],"version-history":[{"count":0,"href":"https:\/\/sdk.mk\/index.php\/wp-json\/wp\/v2\/posts\/62490\/revisions"}],"wp:featuredmedia":[{"embeddable":true,"href":"https:\/\/sdk.mk\/index.php\/wp-json\/wp\/v2\/media\/184"}],"wp:attachment":[{"href":"https:\/\/sdk.mk\/index.php\/wp-json\/wp\/v2\/media?parent=62490"}],"wp:term":[{"taxonomy":"category","embeddable":true,"href":"https:\/\/sdk.mk\/index.php\/wp-json\/wp\/v2\/categories?post=62490"},{"taxonomy":"post_tag","embeddable":true,"href":"https:\/\/sdk.mk\/index.php\/wp-json\/wp\/v2\/tags?post=62490"}],"curies":[{"name":"wp","href":"https:\/\/api.w.org\/{rel}","templated":true}]}}