{"id":6305,"date":"2016-06-01T09:23:08","date_gmt":"2016-06-01T07:23:08","guid":{"rendered":"http:\/\/sdk.mk\/\/?p=6305"},"modified":"2016-06-01T09:23:08","modified_gmt":"2016-06-01T07:23:08","slug":"falje-sektare","status":"publish","type":"post","link":"https:\/\/sdk.mk\/index.php\/dua-te-them\/falje-sektare\/","title":{"rendered":"FALJE SEKTARE"},"content":{"rendered":"<div class=\"f52428582a4b906b2d2e2a7d733c7d27\" data-index=\"7\" style=\"float: none; margin:10px 0 10px 0; text-align:center;\">\n<!-- MSP Ads Asynchronous JS Tag - Generated with Revive Adserver v5.4.1 -->\r\n<ins data-revive-zoneid=\"167\" data-revive-id=\"060fdb01f6430ec164d3519234aa4967\"><\/ins>\r\n<script async src=\"\/\/panel.ads.com.mk\/www\/delivery\/asyncjs.php\"><\/script>\n<\/div>\n<p><span class=\"dropcap dropcap3\">1<\/span>Ky revolucion i larm\u00eb doli super. Manifestim i bukur kulturoro-arg\u00ebtues q\u00eb po zgjat tanim\u00eb mbi 40 dit\u00eb. \u00c7atalli \u00ebsht\u00eb super inovacion. Pothuaj nj\u00eb shpikje po aq e mir\u00eb revolucionere dhe po aq efektive sa dhe druri i gdhendur n\u00eb fillimin e shekullit q\u00eb e festojm\u00eb si Topin e qershis\u00eb (Creshovo Top\u00e7e). Dhe bluzat me fytyrat e prokuroreve speciale jan\u00eb super. Dhe rrug\u00ebt duken m\u00eb bukur kur jan\u00eb t\u00eb ngjyrosura. Edhe muzika \u00ebsht\u00eb super. Edhe atmosfera \u00ebsht\u00eb super&#8230;nj\u00ebri me f\u00ebmij\u00eb, tjetri me qenin e vet&#8230;G\u00ebzim. Arg\u00ebtim&#8230;<\/p>\n<p>E nd\u00ebrsa demonstruesit po rr\u00ebnojn\u00eb regjimin me performansa artistike \u00e7do dit\u00eb n\u00eb or\u00ebn gjasht\u00eb, njeriu i par\u00eb i regjimit, ish kryeministri dhe lideri i partis\u00eb n\u00eb pushtet VMRO-DPMNE, Nikolla Gruevski, u paraqit me nj\u00eb mega intervist\u00eb n\u00eb disa episoda, n\u00eb m\u00ebnyr\u00eb q\u00eb t\u00eb zgjas\u00eb dhe t\u00eb jet\u00eb n\u00eb lajme \u00e7do dit\u00eb. N\u00eb at\u00eb intervist\u00eb Gruevski tha q\u00eb mbledhjet e atyre q\u00eb e kan\u00eb organizuar Revolucionin e larm\u00eb ngjajn\u00eb me seanca t\u00eb ndonj\u00eb sekte. Dhe se nuk i besohej kur i thonin q\u00eb n\u00eb ato seanca sektar\u00ebt hidheshin \u00a0mbi programin e partis\u00eb s\u00eb tij. Dhe se i kishin detyruar t\u00eb th\u00ebrrasin nj\u00ebz\u00ebri: \u201cKjo qeveri nuk b\u00ebn\u201d.<\/p>\n<p>Dhe pastaj, artist\u00ebt e Revolucionit t\u00eb larm\u00eb filluan me t\u00eb v\u00ebrtet\u00eb t\u00eb hidhen mbi programin e VMRO-DPMNE. P\u00ebr m\u00eb tep\u00ebr, tallen me ish kryeministrin. Sepse, p\u00ebr dallim nga ai, ata kan\u00eb sens humori. Dhe shpikin ide t\u00eb reja, performansa artistike gjithmon\u00eb m\u00eb t\u00eb reja dhe m\u00eb t\u00eb bukura p\u00ebr rr\u00ebnimin e regjimit.<\/p>\n<p>Qeshni, qeshni&#8230;Edhe un\u00eb p\u00ebr vete kujtoj se kam sens humori, por nuk e kemi pun\u00ebn p\u00ebr t\u00eb qeshur. Gj\u00ebja e ardhme q\u00eb do t\u00eb b\u00ebj\u00eb Gruevski \u00ebsht\u00eb t\u2019i ndaloj\u00eb k\u00ebta \u201csektar\u00eb\u201d q\u00eb k\u00ebrcejn\u00eb mbi programin e tij. A nuk besoni? Epo, mos besoni, por me k\u00ebt\u00eb intervist\u00eb Gruevski e lajm\u00ebroi edhe at\u00eb hap. Vet\u00ebm dat\u00ebn nuk e tregoi, por edhe ajo mund t\u00eb parashikohet. Futuni n\u00eb Google dhe k\u00ebrkoni se \u00e7far\u00eb ka ndodhur pas \u00e7do fjalimi dramatik e festiv t\u00eb Gruevskit pas \u00e7donj\u00ebrit nga t\u00eb cil\u00ebt, intervista \u00ebsht\u00eb emetuar nj\u00ebqind her\u00eb. Gjith\u00e7ka q\u00eb ka lajm\u00ebruar e ka realizuar.<\/p>\n<p>P\u00ebrderisa qeshni dhe i ngjyrosni rrug\u00ebt, nj\u00eb ligj p\u00ebr ndalim t\u00eb \u201csektar\u00ebve\u201d do t\u00eb jet\u00eb sjell\u00eb. Vendimi p\u00ebr k\u00ebt\u00eb \u00ebsht\u00eb marr\u00eb akoma para se ta l\u00ebn\u00eb Aleksandar Pandovin n\u00eb tubim t\u00eb l\u00ebvizjes GDOM t\u00eb k\u00ebrkoj\u00eb ndalimin e organizatave joqeveritare. Ligji tashm\u00eb mund t\u00eb jet\u00eb shkruar. Dhe nuk \u00ebsht\u00eb aspak e r\u00ebnd\u00ebsishme se a jan\u00eb shembujt q\u00eb Gruevski jep n\u00ebp\u00ebr intervista qesharak\u00eb apo serioz\u00eb dhe se me \u00e7far\u00eb justifikimi do t\u2019a kaloj\u00eb n\u00eb Parlament propozimin e ligjit.<\/p>\n<p>Seriozisht, pse nuk i besoni Gruevskit? Pse nuk besonit se Gjyqi Kushtetues mund t\u00eb sillte gjykim q\u00eb t\u2019i lejoj\u00eb presidentit t\u00eb fal\u00eb \u00e7dolloj krimineli? Thoshit me vete q\u00eb kjo ishte e pamundur, apo jo? Pse nuk besonit q\u00eb Gjorge Ivanovi do t\u00eb shfryt\u00ebzonte at\u00eb t\u00eb drejt\u00eb me gjith\u00eb kapacitetin e tij intelektual? Ju t\u00eb pakt\u00ebn k\u00ebtu jeni, nuk jeni nj\u00eb Johanes Han q\u00eb nuk do t\u00eb mund t\u00eb besonte q\u00eb di\u00e7ka e till\u00eb mund t\u00eb ndodh\u00eb, e t\u00eb \u00e7uditet se si b\u00ebhet q\u00eb ta g\u00ebnjej\u00eb nj\u00eb president. Pse nuk besoni q\u00eb ministri i pun\u00ebve t\u00eb brendshme Mitko \u00c7avkov, do t\u00eb th\u00ebrriste n\u00eb bisedat informative p\u00ebr pjes\u00ebmarrje n\u00eb protesta sepse policia e tij i incizon demonstruesit?<\/p>\n<p>Nuk besonit as n\u00eb Shkupin 2014, e tani po e ngjyrosni.<\/p>\n<p>Dhe pse mendoni q\u00eb Gruevski \u00ebsht\u00eb qesharak kur lajm\u00ebron ndalim t\u00eb organizatave joqeveritare p\u00ebr t\u00eb cilat i kan\u00eb th\u00ebn\u00eb se sillen n\u00eb m\u00ebnyr\u00eb t\u00eb \u00e7uditshme? Nuk \u00ebsht\u00eb aspak qesharak. Ai ka fuqin\u00eb. Ai mban n\u00eb dor\u00eb gjith\u00eb sistemin. Nga Gjyqi Kushtetues deri tek pastrueset e shkollave fillore. Dhe nuk pash\u00eb q\u00eb dikush nga ky sistem gjat\u00eb t\u00ebre k\u00ebtyre 40 dit\u00ebve t\u00eb refuzoj\u00eb t\u2019i bindet.<\/p>\n<p>P\u00ebrfundimisht, vall\u00eb mendoni q\u00eb nuk do t\u00eb guxoj\u00eb t\u00eb b\u00ebj\u00eb at\u00eb sepse bashk\u00ebsia nd\u00ebrkomb\u00ebtare nuk do t\u2019ia lejoj\u00eb? Kurse faljet ia lejuan, apo? Ja ku kaluan dy muaj e gjysm\u00eb, e ai deri dje b\u00ebnte pazar me SHBA dhe BE q\u00eb Gjole pjes\u00ebrisht t\u00eb shfuqizonte vendimin p\u00ebr falje. Poashtu, do t\u00eb b\u00ebj\u00eb pazar dhe p\u00ebr heqjen e ndalimit t\u00eb joqeveritareve. Kur koha blihet, \u00e7do dit\u00eb \u00ebsht\u00eb e vyer.<\/p>\n<p>K\u00ebshtu q\u00eb, puna nuk \u00ebsht\u00eb as p\u00ebr t\u00eb qeshur. Me t\u00eb th\u00ebn\u00eb t\u00eb drejt\u00ebn, nuk \u00ebsht\u00eb as p\u00ebr t\u00eb qar\u00eb. \u00cbsht\u00eb p\u00ebr t\u2019ia pasur frik\u00ebn.<\/p>\n<p><span class=\"dropcap dropcap3\">2<\/span> Paramendoni sikur nuk jetoni n\u00eb Maqedoni, ku secili njeh secilin dhe secili p\u00ebr secilin ka di\u00e7ka p\u00ebr t\u00eb th\u00ebn\u00eb. Paramendoni sikur nuk e dini se kush jan\u00eb Uranija Pirovska, Gordan Kallaxhiev dhe Mirjana Naj\u00e7evska.<\/p>\n<p>Vini nga diku dhe lexoni lajm q\u00eb policia i ka th\u00ebrritur n\u00eb bised\u00eb informative lider\u00ebt e Komitetit p\u00ebr t\u00eb drejta t\u00eb njeriut t\u00eb Helsinkit. P\u00ebrs\u00ebris, nuk po flasim p\u00ebr ndonj\u00eb Uranija, Gordan apo Mirjana. Po flasim p\u00ebr lider\u00eb dhe aktivist\u00eb t\u00eb nj\u00eb organizate nd\u00ebrkomb\u00ebtare me renome e cila lufton p\u00ebr mbrojtjen e t\u00eb drejtave humane. E k\u00ebta aktivist\u00eb jan\u00eb th\u00ebrritur n\u00eb stacionin policor n\u00eb bised\u00eb informative se paskan hedhur mbeturina gjat\u00eb protestave.<\/p>\n<p>\u00c7far\u00eb do t\u00eb mendonit p\u00ebr k\u00ebt\u00eb shtet kur do t\u00eb lexonit nj\u00eb lajm t\u00eb k\u00ebtill\u00eb? Sigurisht q\u00eb \u00ebsht\u00eb shtet kandidat p\u00ebr BE.<\/p>\n<p><span class=\"dropcap dropcap3\">3<\/span> M\u00eb intereson shum\u00eb se \u00e7far\u00eb kan\u00eb menduar ata t\u00eb Misionit t\u00eb Bashkimit Evropian n\u00eb Shkup kur kan\u00eb vendosur q\u00eb n\u00eb \u00a0po t\u00eb njejt\u00ebn tavolin\u00eb t\u00eb ulen organizatat joqeveritare, q\u00eb protestojn\u00eb kund\u00ebr qeveris\u00eb dhe organizata joqeveritare GDOM, q\u00eb proteston p\u00ebr mb\u00ebshtetje t\u00eb qeveris\u00eb dhe kund\u00ebr oganizatave t\u00eb tjera joqeveritare.<\/p>\n<p>Para vet\u00ebm nj\u00eb viti, Aleksandar Pandov nga kontraprotesta e GDOM n\u00eb Shkup, k\u00ebrkoi q\u00eb Gjyqi Kushtetues t\u2019i ndaloj\u00eb organizatat joqeveritare dhe t\u2019a shuaj\u00eb shoq\u00ebrin\u00eb civile, dhe at\u00eb misioni i BE n\u00eb Shkup e ftoi n\u00eb debat. K\u00ebt\u00eb k\u00ebrkes\u00eb Pandovi e tha publikisht, n\u00eb transmetim televiziv. Pastaj, dhe nj\u00ebher\u00eb publikisht, an\u00ebtar\u00eb t\u00eb tjer\u00eb t\u00eb GDOM k\u00ebrkonin plumba gome, kurse disa dhe plumba t\u00eb v\u00ebrtet\u00eb p\u00ebr demonstruesit e Protestoj dhe thirrnin p\u00ebr lin\u00e7 t\u00eb aktivist\u00ebve t\u00eb sektorit civil antiqqeveritar.<\/p>\n<p>Jam shum\u00eb i interesuar t\u00eb di n\u00ebse Holanda, si kryesues i BE, edhe n\u00eb shtetin e saj do t\u00eb zgjidhte kriz\u00eb me negociata me organizata ekstreme t\u00eb djathta q\u00eb publikisht k\u00ebrkojn\u00eb ndalim t\u00eb liris\u00eb s\u00eb t\u00eb shprehurit dhe vdekje p\u00ebr t\u00eb gjith\u00eb ata q\u00eb protestojn\u00eb dhe mendojn\u00eb ndryshe.<\/p>\n<p>M\u00eb intereson t\u00eb di edhe at\u00eb se si ambasadori i BE n\u00eb Maqedonis\u00eb, Aivo Orav e ka paramenduar ngjarjen ku 40 organizata civile do t\u00eb duhet t\u00eb aktrojn\u00eb normalitet e t\u00eb debatojn\u00eb bashk\u00eb me xhelatin e tyre. Mos vall\u00eb sipas BE, k\u00ebrkesa e GDOM p\u00ebr ndalim t\u00eb atyre 40 organizatave civile \u00ebsht\u00eb po aq legjitime sa dhe ekzistenca e tyre? Mos vall\u00eb n\u00eb demokraci, e drejta p\u00ebr protest\u00eb kund\u00ebr pushtetit \u00ebsht\u00eb nj\u00ebsoj si e drejta e ekstremist\u00ebve proqeveritar\u00eb t\u00eb t\u00eb vrasin p\u00ebr k\u00ebt\u00eb shkak?<\/p>\n<p><span class=\"dropcap dropcap3\">4<\/span> Realisht, debati \u00ebsht\u00eb super gj\u00eb dhe ndihmon p\u00ebr p\u00ebrforcimin e kapaciteteve demokratike dhe krijimin e nj\u00eb shoq\u00ebrie t\u00eb sh\u00ebndosh\u00eb. P\u00ebr shembull, n\u00eb Norvegji dhe Suedi ndihmon jasht\u00ebzakonisht shum\u00eb.<\/p>\n<p>Ama, ja si do t\u00eb dukej n\u00eb Maqedoni debati i organizuar nga BE ku do t\u00eb mernin pjes\u00eb organizatat civile, t\u00eb cilat nj\u00eb vit e gjysm\u00eb protestojn\u00eb kund\u00ebr regjimit t\u00eb k\u00ebsaj qeverie dhe organizata, e cila publikisht deklaron q\u00eb do t\u2019i zhduk\u00eb ata me t\u00eb cil\u00ebt duhet t\u00eb debatoj\u00eb.<\/p>\n<p>Do t\u00eb ulen nj\u00eb pale n\u00eb nj\u00eb an\u00eb, pala tjet\u00ebr n\u00eb an\u00ebn tjet\u00ebr, mes tyre do t\u00eb fotografohen ambasador\u00ebt e BE. Secila pal\u00eb do t\u2019i thot\u00eb argumentet e saj, q\u00ebndrimet pro dhe kund\u00ebr. Do t\u00eb ket\u00eb diskutim t\u00eb nxeht\u00eb, n\u00eb m\u00ebnyr\u00ebn m\u00eb demokratike, me fuqin\u00eb e argumenteve. N\u00eb fund, misioni i BE do t\u00eb lajm\u00ebroj\u00eb q\u00eb p\u00ebrsh\u00ebndet debatin q\u00eb shkon drejt dialogut. Dhe k\u00ebshtu, n\u00eb m\u00ebnyr\u00ebn m\u00eb evropiane t\u00eb mundur, debati do t\u00eb mbaroj\u00eb.<\/p>\n<p>Kur t\u00eb dalin jasht\u00eb, organizatat civile antiqeveritare m\u00eb nuk do jen\u00eb legale. Nd\u00ebrsa ata n\u00ebn patronatin e BE kan\u00eb debatuar me GDOM p\u00ebr t\u00eb p\u00ebrforcuar kapacitetet demokratike, Qeveria ka sjell\u00eb ligjin, Parlamenti e ka miratuar, Presidenti e ka n\u00ebnshkruar, kurse Gjyqi Kushtetues ka konfirmuar se ekzistenca e organizatave civile dhe joqeveritare q\u00eb protestojn\u00eb kund\u00ebr pushtetit jan\u00eb jolegale. Qeveria do t\u2019ua bllokoj\u00eb llogarit\u00eb, nd\u00ebrsa an\u00ebtar\u00ebt do t\u2019i d\u00ebnoj\u00eb s\u00eb paku me paraburgim sht\u00ebpiak, p\u00ebrderisa gjyqi do t\u2019i shtyj\u00eb afatet deri n\u00eb pafund\u00ebsi.<\/p>\n<p>BE dhe SHBA n\u00eb komunikat\u00eb t\u00eb p\u00ebrbashk\u00ebt do t\u00eb shprehin \u201cshqet\u00ebsim ekstrem\u201d dhe do t\u2019i b\u00ebjn\u00eb thirrje Qeveris\u00eb urgjentisht ta t\u00ebrheq\u00eb ligjin p\u00ebr ndalim t\u00eb OJQ. Qeveria do t\u00eb shpreh\u00eb mir\u00ebkuptim p\u00ebr shqet\u00ebsimin e BE dhe do t\u00eb thot\u00eb q\u00eb dhe ajo n\u00eb m\u00ebnyr\u00eb t\u00eb devotshme e mb\u00ebshtet sektorin civil dhe nuk \u00ebsht\u00eb dakord me ligjin, por duhet ta respektoj\u00eb sepse Parlamenti e ka sjell\u00eb dhe Gjyqi Kushtetues e ka konfirmuar. Populli ashtu ka vendosur.<\/p>\n<p>N\u00eb nd\u00ebrkoh\u00eb, GDOM, t\u00eb cil\u00ebn BE e ka pranuar si p\u00ebrfaq\u00ebsues legjitim t\u00eb interesave civile legjitime, do t\u00eb b\u00ebj\u00eb lista gjithmon\u00eb e m\u00eb t\u00eb gjata t\u00eb armiqve t\u00eb Maqedonis\u00eb, korrier\u00ebt n\u00eb m\u00ebnyr\u00eb ekskluzive do t\u00eb zbulojn\u00eb se kush \u00ebsht\u00eb n\u00eb list\u00eb dhe do t\u00eb citojn\u00eb nj\u00ebri tjetrin, p\u00ebrfaq\u00ebsuesit m\u00eb t\u00eb dalluar t\u00eb GDOM do t\u00eb k\u00ebrkojn\u00eb pllaka betoni dhe n\u00eb televizionin nacional me gozhda do t\u2019i shpojn\u00eb kokat e atyre q\u00eb mendojn\u00eb ndryshe, nd\u00ebrsa policia dhe gjyqet do t\u00eb punojn\u00eb n\u00eb tre turne p\u00ebr thirrje t\u00eb bisedave informative, p\u00ebr shpalljen e gjobave dhe zgjatjen e paraburgimeve.<\/p>\n<p>\u00c7far\u00eb nuk \u00ebsht\u00eb e qart\u00eb tani n\u00eb lidhje me debatin?<\/p>\n<p>Dhe pse qeshni me Gruevskin dhe intervist\u00ebn e tij? Un\u00eb pres vazhdimin e ri. Q\u00eb t\u00eb zbulojm\u00eb se cili ambasador do t\u00eb shpallet persona non grata.<\/p>\n\n<div style=\"font-size: 0px; height: 0px; line-height: 0px; margin: 0; padding: 0; clear: both;\"><\/div>","protected":false},"excerpt":{"rendered":"<p>1Ky revolucion i larm\u00eb doli super. Manifestim i bukur kulturoro-arg\u00ebtues q\u00eb po zgjat tanim\u00eb mbi 40 dit\u00eb. \u00c7atalli \u00ebsht\u00eb super [&hellip;]<\/p>\n","protected":false},"author":1,"featured_media":0,"comment_status":"open","ping_status":"open","sticky":false,"template":"","format":"standard","meta":{"_mo_disable_npp":"","inline_featured_image":false},"categories":[1825],"tags":[],"imageURL":false,"thumbURL":false,"categoryNames":["DUA T\u00cb THEM"],"feature_caption":"","subtitle":"a:2:{s:11:\"td_subtitle\";s:125:\"Nukekemipun\u00ebnp\u00ebrt\u00ebqeshur.Meth\u00ebn\u00ebt\u00ebdrejt\u00ebnnuk\u00ebsht\u00ebasp\u00ebrt\u00ebqar\u00eb.\u00cbsht\u00ebp\u00ebrt\u2019iapasurfrik\u00ebn.","views":"3534","source":"","yoast_head":"<!-- This site is optimized with the Yoast SEO Premium plugin v15.0 - https:\/\/yoast.com\/wordpress\/plugins\/seo\/ -->\n<title>FALJE SEKTARE - \u0421\u0430\u043a\u0430\u043c \u0414\u0430 \u041a\u0430\u0436\u0430\u043c<\/title>\n<meta name=\"robots\" content=\"index, follow, max-snippet:-1, max-image-preview:large, max-video-preview:-1\" \/>\n<link rel=\"canonical\" href=\"https:\/\/sdk.mk\/index.php\/dua-te-them\/falje-sektare\/\" \/>\n<meta property=\"og:locale\" content=\"mk_MK\" \/>\n<meta property=\"og:type\" content=\"article\" \/>\n<meta property=\"og:title\" content=\"FALJE SEKTARE - \u0421\u0430\u043a\u0430\u043c \u0414\u0430 \u041a\u0430\u0436\u0430\u043c\" \/>\n<meta property=\"og:description\" content=\"1Ky revolucion i larm\u00eb doli super. Manifestim i bukur kulturoro-arg\u00ebtues q\u00eb po zgjat tanim\u00eb mbi 40 dit\u00eb. \u00c7atalli \u00ebsht\u00eb super [&hellip;]\" \/>\n<meta property=\"og:url\" content=\"https:\/\/sdk.mk\/index.php\/dua-te-them\/falje-sektare\/\" \/>\n<meta property=\"og:site_name\" content=\"\u0421\u0430\u043a\u0430\u043c \u0414\u0430 \u041a\u0430\u0436\u0430\u043c\" \/>\n<meta property=\"article:published_time\" content=\"2016-06-01T07:23:08+00:00\" \/>\n<meta property=\"og:image\" content=\"https:\/\/sdk.mk\/wp-content\/uploads\/2015\/12\/goran-mihailovski2.jpg\" \/>\n\t<meta property=\"og:image:width\" content=\"400\" \/>\n\t<meta property=\"og:image:height\" content=\"313\" \/>\n<meta property=\"fb:app_id\" content=\"2407985809428537\" \/>\n<meta name=\"twitter:card\" content=\"summary\" \/>\n<script type=\"application\/ld+json\" class=\"yoast-schema-graph\">{\"@context\":\"https:\/\/schema.org\",\"@graph\":[{\"@type\":\"WebSite\",\"@id\":\"https:\/\/sdk.mk\/#website\",\"url\":\"https:\/\/sdk.mk\/\",\"name\":\"\\u0421\\u0430\\u043a\\u0430\\u043c \\u0414\\u0430 \\u041a\\u0430\\u0436\\u0430\\u043c\",\"description\":\"\\u0417\\u0430 \\u0441\\u043b\\u043e\\u0431\\u043e\\u0434\\u043e\\u0443\\u043c\\u043d\\u0438\",\"potentialAction\":[{\"@type\":\"SearchAction\",\"target\":\"https:\/\/sdk.mk\/?s={search_term_string}\",\"query-input\":\"required name=search_term_string\"}],\"inLanguage\":\"mk-MK\"},{\"@type\":\"WebPage\",\"@id\":\"https:\/\/sdk.mk\/index.php\/dua-te-them\/falje-sektare\/#webpage\",\"url\":\"https:\/\/sdk.mk\/index.php\/dua-te-them\/falje-sektare\/\",\"name\":\"FALJE SEKTARE - \\u0421\\u0430\\u043a\\u0430\\u043c \\u0414\\u0430 \\u041a\\u0430\\u0436\\u0430\\u043c\",\"isPartOf\":{\"@id\":\"https:\/\/sdk.mk\/#website\"},\"datePublished\":\"2016-06-01T07:23:08+00:00\",\"dateModified\":\"2016-06-01T07:23:08+00:00\",\"author\":{\"@id\":\"https:\/\/sdk.mk\/#\/schema\/person\/be7cfa6655c47f7195bfdd0ba8144aa2\"},\"inLanguage\":\"mk-MK\",\"potentialAction\":[{\"@type\":\"ReadAction\",\"target\":[\"https:\/\/sdk.mk\/index.php\/dua-te-them\/falje-sektare\/\"]}]},{\"@type\":\"Person\",\"@id\":\"https:\/\/sdk.mk\/#\/schema\/person\/be7cfa6655c47f7195bfdd0ba8144aa2\",\"name\":\"\\u0413\\u043e\\u0440\\u0430\\u043d \\u041c\\u0438\\u0445\\u0430\\u0458\\u043b\\u043e\\u0432\\u0441\\u043a\\u0438\"}]}<\/script>\n<!-- \/ Yoast SEO Premium plugin. -->","_links":{"self":[{"href":"https:\/\/sdk.mk\/index.php\/wp-json\/wp\/v2\/posts\/6305"}],"collection":[{"href":"https:\/\/sdk.mk\/index.php\/wp-json\/wp\/v2\/posts"}],"about":[{"href":"https:\/\/sdk.mk\/index.php\/wp-json\/wp\/v2\/types\/post"}],"author":[{"embeddable":true,"href":"https:\/\/sdk.mk\/index.php\/wp-json\/wp\/v2\/users\/1"}],"replies":[{"embeddable":true,"href":"https:\/\/sdk.mk\/index.php\/wp-json\/wp\/v2\/comments?post=6305"}],"version-history":[{"count":0,"href":"https:\/\/sdk.mk\/index.php\/wp-json\/wp\/v2\/posts\/6305\/revisions"}],"wp:attachment":[{"href":"https:\/\/sdk.mk\/index.php\/wp-json\/wp\/v2\/media?parent=6305"}],"wp:term":[{"taxonomy":"category","embeddable":true,"href":"https:\/\/sdk.mk\/index.php\/wp-json\/wp\/v2\/categories?post=6305"},{"taxonomy":"post_tag","embeddable":true,"href":"https:\/\/sdk.mk\/index.php\/wp-json\/wp\/v2\/tags?post=6305"}],"curies":[{"name":"wp","href":"https:\/\/api.w.org\/{rel}","templated":true}]}}